{"id":149088,"date":"2025-03-17T12:34:53","date_gmt":"2025-03-17T11:34:53","guid":{"rendered":"https:\/\/www.copealcoy.es\/?p=149088"},"modified":"2025-03-17T12:43:29","modified_gmt":"2025-03-17T11:43:29","slug":"rescatan-a-un-ciclista-en-banyeres-tras-sufrir-un-fuerte-golpe-en-la-cabeza","status":"publish","type":"post","link":"https:\/\/www.copealcoy.es\/es\/rescatan-a-un-ciclista-en-banyeres-tras-sufrir-un-fuerte-golpe-en-la-cabeza\/","title":{"rendered":"Rescatan a un ciclista en Banyeres tras sufrir un fuerte golpe en la cabeza"},"content":{"rendered":"<p style=\"text-align: justify;\">Un ciclista s<strong>ufr\u00eda un accidente ayer domingo a \u00faltima hora de la ma\u00f1ana<\/strong> en la zona del Bike Park, <strong>en las inmediaciones del paraje Penyes Roges de Banyeres de Mariola<\/strong>, y deb\u00eda ser rescatado por los bomberos. As\u00ed lo informaron desde el <a href=\"https:\/\/consorciobomberosalicante.es\/\" target=\"_blank\" rel=\"noopener\"><span style=\"color: #0000ff;\"><strong>Consorcio Provincial<\/strong><\/span><\/a> de Bomberos de la misma Diputaci\u00f3n de Alicante tras las labores de rescate que se llevaron a cabo en la zona.<\/p>\n<p style=\"text-align: justify;\">La intervenci\u00f3n de los mismos bomberos<strong> se iniciaba poco antes de las 13 horas del mediod\u00eda<\/strong> y se prolong\u00f3 por espacio de dos horas. Tras un fuerte golpe en la cabeza, que le produjo al ciclista desorientaci\u00f3n adem\u00e1s de una posible fractura de c\u00fabito y radio en el brazo, la llamada a los servicios de emergencia y la imposibilidad de hacer llegar una ambulancia al lugar por las dificultades de acceso, <strong>obligaron a desplazar una dotaci\u00f3n del parque de Ibi m\u00e1s el equipo de rescate con un helic\u00f3ptero<\/strong>. Una vez localizado <strong>el accidentado era evacuado al parque de San Vicente<\/strong> donde le esperaba una ambulancia del Servicio Vital B\u00e1sico (SVB).<\/p>\n<p style=\"text-align: justify;\">Los hechos se produjeron desde poco antes de las 13 horas. En el operativo<strong> participaron<\/strong> un helic\u00f3ptero, un equipo especial de rescate y una bomba rural pesada con una cabeza y tres bomberos del parque comarcal de Ibi.<\/p>\n<p><em>Imagen: Consorcio Provincial de Bomberos<\/em><\/p>\n","protected":false},"excerpt":{"rendered":"<p>Un ciclista sufr\u00eda un accidente ayer domingo a \u00faltima hora de la ma\u00f1ana en la zona del Bike Park, en&#8230;<\/p>\n","protected":false},"author":1,"featured_media":149090,"comment_status":"open","ping_status":"open","sticky":false,"template":"","format":"standard","meta":{"footnotes":""},"categories":[6909,98,75],"tags":[2155,19320,3871,10640],"class_list":["post-149088","post","type-post","status-publish","format-standard","has-post-thumbnail","hentry","category-actualidad","category-comarcas","category-noticias","tag-banyeres-de-mariola","tag-bomveros-diputacion-de-alicante","tag-ciclista","tag-rescate"],"yoast_head":"<!-- This site is optimized with the Yoast SEO plugin v27.3 - https:\/\/yoast.com\/product\/yoast-seo-wordpress\/ -->\n<title>Rescatan a un ciclista en Banyeres tras sufrir un fuerte golpe en la cabeza - COPE Alcoy<\/title>\n<meta name=\"description\" content=\"Un ciclista sufr\u00eda un accidente ayer domingo a \u00faltima hora de la ma\u00f1ana en la zona del Bike Park, en las inmediaciones del paraje Penyes Roges de Banyeres de Mariola, y deb\u00eda ser rescatado por los bomberos\" \/>\n<meta name=\"robots\" content=\"index, follow, max-snippet:-1, max-image-preview:large, max-video-preview:-1\" \/>\n<link rel=\"canonical\" href=\"https:\/\/www.copealcoy.es\/es\/rescatan-a-un-ciclista-en-banyeres-tras-sufrir-un-fuerte-golpe-en-la-cabeza\/\" \/>\n<meta property=\"og:locale\" content=\"es_ES\" \/>\n<meta property=\"og:type\" content=\"article\" \/>\n<meta property=\"og:title\" content=\"Rescatan a un ciclista en Banyeres tras sufrir un fuerte golpe en la cabeza - COPE Alcoy\" \/>\n<meta property=\"og:description\" content=\"Un ciclista sufr\u00eda un accidente ayer domingo a \u00faltima hora de la ma\u00f1ana en la zona del Bike Park, en las inmediaciones del paraje Penyes Roges de Banyeres de Mariola, y deb\u00eda ser rescatado por los bomberos\" \/>\n<meta property=\"og:url\" content=\"https:\/\/www.copealcoy.es\/es\/rescatan-a-un-ciclista-en-banyeres-tras-sufrir-un-fuerte-golpe-en-la-cabeza\/\" \/>\n<meta property=\"og:site_name\" content=\"COPE Alcoy\" \/>\n<meta property=\"article:published_time\" content=\"2025-03-17T11:34:53+00:00\" \/>\n<meta property=\"article:modified_time\" content=\"2025-03-17T11:43:29+00:00\" \/>\n<meta property=\"og:image\" content=\"https:\/\/www.copealcoy.es\/wp-content\/uploads\/2025\/03\/676_480213367_1047063377456350_3359102616517555959_n.jpg\" \/>\n\t<meta property=\"og:image:width\" content=\"700\" \/>\n\t<meta property=\"og:image:height\" content=\"366\" \/>\n\t<meta property=\"og:image:type\" content=\"image\/jpeg\" \/>\n<meta name=\"author\" content=\"Cope Alcoy\" \/>\n<meta name=\"twitter:label1\" content=\"Escrito por\" \/>\n\t<meta name=\"twitter:data1\" content=\"Cope Alcoy\" \/>\n\t<meta name=\"twitter:label2\" content=\"Tiempo de lectura\" \/>\n\t<meta name=\"twitter:data2\" content=\"2 minutos\" \/>\n<script type=\"application\/ld+json\" class=\"yoast-schema-graph\">{\"@context\":\"https:\\\/\\\/schema.org\",\"@graph\":[{\"@type\":\"Article\",\"@id\":\"https:\\\/\\\/www.copealcoy.es\\\/es\\\/rescatan-a-un-ciclista-en-banyeres-tras-sufrir-un-fuerte-golpe-en-la-cabeza\\\/#article\",\"isPartOf\":{\"@id\":\"https:\\\/\\\/www.copealcoy.es\\\/es\\\/rescatan-a-un-ciclista-en-banyeres-tras-sufrir-un-fuerte-golpe-en-la-cabeza\\\/\"},\"author\":{\"name\":\"Cope Alcoy\",\"@id\":\"https:\\\/\\\/www.copealcoy.es\\\/es\\\/#\\\/schema\\\/person\\\/e777c87fa024e57d40170af9df39882c\"},\"headline\":\"Rescatan a un ciclista en Banyeres tras sufrir un fuerte golpe en la cabeza\",\"datePublished\":\"2025-03-17T11:34:53+00:00\",\"dateModified\":\"2025-03-17T11:43:29+00:00\",\"mainEntityOfPage\":{\"@id\":\"https:\\\/\\\/www.copealcoy.es\\\/es\\\/rescatan-a-un-ciclista-en-banyeres-tras-sufrir-un-fuerte-golpe-en-la-cabeza\\\/\"},\"wordCount\":244,\"commentCount\":0,\"image\":{\"@id\":\"https:\\\/\\\/www.copealcoy.es\\\/es\\\/rescatan-a-un-ciclista-en-banyeres-tras-sufrir-un-fuerte-golpe-en-la-cabeza\\\/#primaryimage\"},\"thumbnailUrl\":\"https:\\\/\\\/www.copealcoy.es\\\/wp-content\\\/uploads\\\/2025\\\/03\\\/676_480213367_1047063377456350_3359102616517555959_n.jpg\",\"keywords\":[\"Banyeres de Mariola\",\"Bomveros Diputaci\u00f3n de Alicante\",\"Ciclista\",\"Rescate\"],\"articleSection\":[\"Actualidad\",\"Comarcas\",\"Noticias\"],\"inLanguage\":\"es\"},{\"@type\":\"WebPage\",\"@id\":\"https:\\\/\\\/www.copealcoy.es\\\/es\\\/rescatan-a-un-ciclista-en-banyeres-tras-sufrir-un-fuerte-golpe-en-la-cabeza\\\/\",\"url\":\"https:\\\/\\\/www.copealcoy.es\\\/es\\\/rescatan-a-un-ciclista-en-banyeres-tras-sufrir-un-fuerte-golpe-en-la-cabeza\\\/\",\"name\":\"Rescatan a un ciclista en Banyeres tras sufrir un fuerte golpe en la cabeza - COPE Alcoy\",\"isPartOf\":{\"@id\":\"https:\\\/\\\/www.copealcoy.es\\\/es\\\/#website\"},\"primaryImageOfPage\":{\"@id\":\"https:\\\/\\\/www.copealcoy.es\\\/es\\\/rescatan-a-un-ciclista-en-banyeres-tras-sufrir-un-fuerte-golpe-en-la-cabeza\\\/#primaryimage\"},\"image\":{\"@id\":\"https:\\\/\\\/www.copealcoy.es\\\/es\\\/rescatan-a-un-ciclista-en-banyeres-tras-sufrir-un-fuerte-golpe-en-la-cabeza\\\/#primaryimage\"},\"thumbnailUrl\":\"https:\\\/\\\/www.copealcoy.es\\\/wp-content\\\/uploads\\\/2025\\\/03\\\/676_480213367_1047063377456350_3359102616517555959_n.jpg\",\"datePublished\":\"2025-03-17T11:34:53+00:00\",\"dateModified\":\"2025-03-17T11:43:29+00:00\",\"author\":{\"@id\":\"https:\\\/\\\/www.copealcoy.es\\\/es\\\/#\\\/schema\\\/person\\\/e777c87fa024e57d40170af9df39882c\"},\"description\":\"Un ciclista sufr\u00eda un accidente ayer domingo a \u00faltima hora de la ma\u00f1ana en la zona del Bike Park, en las inmediaciones del paraje Penyes Roges de Banyeres de Mariola, y deb\u00eda ser rescatado por los bomberos\",\"breadcrumb\":{\"@id\":\"https:\\\/\\\/www.copealcoy.es\\\/es\\\/rescatan-a-un-ciclista-en-banyeres-tras-sufrir-un-fuerte-golpe-en-la-cabeza\\\/#breadcrumb\"},\"inLanguage\":\"es\",\"potentialAction\":[{\"@type\":\"ReadAction\",\"target\":[\"https:\\\/\\\/www.copealcoy.es\\\/es\\\/rescatan-a-un-ciclista-en-banyeres-tras-sufrir-un-fuerte-golpe-en-la-cabeza\\\/\"]}]},{\"@type\":\"ImageObject\",\"inLanguage\":\"es\",\"@id\":\"https:\\\/\\\/www.copealcoy.es\\\/es\\\/rescatan-a-un-ciclista-en-banyeres-tras-sufrir-un-fuerte-golpe-en-la-cabeza\\\/#primaryimage\",\"url\":\"https:\\\/\\\/www.copealcoy.es\\\/wp-content\\\/uploads\\\/2025\\\/03\\\/676_480213367_1047063377456350_3359102616517555959_n.jpg\",\"contentUrl\":\"https:\\\/\\\/www.copealcoy.es\\\/wp-content\\\/uploads\\\/2025\\\/03\\\/676_480213367_1047063377456350_3359102616517555959_n.jpg\",\"width\":700,\"height\":366},{\"@type\":\"BreadcrumbList\",\"@id\":\"https:\\\/\\\/www.copealcoy.es\\\/es\\\/rescatan-a-un-ciclista-en-banyeres-tras-sufrir-un-fuerte-golpe-en-la-cabeza\\\/#breadcrumb\",\"itemListElement\":[{\"@type\":\"ListItem\",\"position\":1,\"name\":\"Portada\",\"item\":\"https:\\\/\\\/www.copealcoy.es\\\/es\\\/\"},{\"@type\":\"ListItem\",\"position\":2,\"name\":\"Rescatan a un ciclista en Banyeres tras sufrir un fuerte golpe en la cabeza\"}]},{\"@type\":\"WebSite\",\"@id\":\"https:\\\/\\\/www.copealcoy.es\\\/es\\\/#website\",\"url\":\"https:\\\/\\\/www.copealcoy.es\\\/es\\\/\",\"name\":\"COPE Alcoy\",\"description\":\"Emisora COPE de radio local con emisi\u00f3n online. Pont de Sant Jordi 8-10 03803 Alcoy\",\"potentialAction\":[{\"@type\":\"SearchAction\",\"target\":{\"@type\":\"EntryPoint\",\"urlTemplate\":\"https:\\\/\\\/www.copealcoy.es\\\/es\\\/?s={search_term_string}\"},\"query-input\":{\"@type\":\"PropertyValueSpecification\",\"valueRequired\":true,\"valueName\":\"search_term_string\"}}],\"inLanguage\":\"es\"},{\"@type\":\"Person\",\"@id\":\"https:\\\/\\\/www.copealcoy.es\\\/es\\\/#\\\/schema\\\/person\\\/e777c87fa024e57d40170af9df39882c\",\"name\":\"Cope Alcoy\",\"image\":{\"@type\":\"ImageObject\",\"inLanguage\":\"es\",\"@id\":\"https:\\\/\\\/secure.gravatar.com\\\/avatar\\\/bb65d0283347e303893ba14f0692005417c1e0e690a325a4c5d8bb2b3943ee14?s=96&d=mm&r=g\",\"url\":\"https:\\\/\\\/secure.gravatar.com\\\/avatar\\\/bb65d0283347e303893ba14f0692005417c1e0e690a325a4c5d8bb2b3943ee14?s=96&d=mm&r=g\",\"contentUrl\":\"https:\\\/\\\/secure.gravatar.com\\\/avatar\\\/bb65d0283347e303893ba14f0692005417c1e0e690a325a4c5d8bb2b3943ee14?s=96&d=mm&r=g\",\"caption\":\"Cope Alcoy\"}}]}<\/script>\n<!-- \/ Yoast SEO plugin. -->","yoast_head_json":{"title":"Rescatan a un ciclista en Banyeres tras sufrir un fuerte golpe en la cabeza - COPE Alcoy","description":"Un ciclista sufr\u00eda un accidente ayer domingo a \u00faltima hora de la ma\u00f1ana en la zona del Bike Park, en las inmediaciones del paraje Penyes Roges de Banyeres de Mariola, y deb\u00eda ser rescatado por los bomberos","robots":{"index":"index","follow":"follow","max-snippet":"max-snippet:-1","max-image-preview":"max-image-preview:large","max-video-preview":"max-video-preview:-1"},"canonical":"https:\/\/www.copealcoy.es\/es\/rescatan-a-un-ciclista-en-banyeres-tras-sufrir-un-fuerte-golpe-en-la-cabeza\/","og_locale":"es_ES","og_type":"article","og_title":"Rescatan a un ciclista en Banyeres tras sufrir un fuerte golpe en la cabeza - COPE Alcoy","og_description":"Un ciclista sufr\u00eda un accidente ayer domingo a \u00faltima hora de la ma\u00f1ana en la zona del Bike Park, en las inmediaciones del paraje Penyes Roges de Banyeres de Mariola, y deb\u00eda ser rescatado por los bomberos","og_url":"https:\/\/www.copealcoy.es\/es\/rescatan-a-un-ciclista-en-banyeres-tras-sufrir-un-fuerte-golpe-en-la-cabeza\/","og_site_name":"COPE Alcoy","article_published_time":"2025-03-17T11:34:53+00:00","article_modified_time":"2025-03-17T11:43:29+00:00","og_image":[{"width":700,"height":366,"url":"https:\/\/www.copealcoy.es\/wp-content\/uploads\/2025\/03\/676_480213367_1047063377456350_3359102616517555959_n.jpg","type":"image\/jpeg"}],"author":"Cope Alcoy","twitter_misc":{"Escrito por":"Cope Alcoy","Tiempo de lectura":"2 minutos"},"schema":{"@context":"https:\/\/schema.org","@graph":[{"@type":"Article","@id":"https:\/\/www.copealcoy.es\/es\/rescatan-a-un-ciclista-en-banyeres-tras-sufrir-un-fuerte-golpe-en-la-cabeza\/#article","isPartOf":{"@id":"https:\/\/www.copealcoy.es\/es\/rescatan-a-un-ciclista-en-banyeres-tras-sufrir-un-fuerte-golpe-en-la-cabeza\/"},"author":{"name":"Cope Alcoy","@id":"https:\/\/www.copealcoy.es\/es\/#\/schema\/person\/e777c87fa024e57d40170af9df39882c"},"headline":"Rescatan a un ciclista en Banyeres tras sufrir un fuerte golpe en la cabeza","datePublished":"2025-03-17T11:34:53+00:00","dateModified":"2025-03-17T11:43:29+00:00","mainEntityOfPage":{"@id":"https:\/\/www.copealcoy.es\/es\/rescatan-a-un-ciclista-en-banyeres-tras-sufrir-un-fuerte-golpe-en-la-cabeza\/"},"wordCount":244,"commentCount":0,"image":{"@id":"https:\/\/www.copealcoy.es\/es\/rescatan-a-un-ciclista-en-banyeres-tras-sufrir-un-fuerte-golpe-en-la-cabeza\/#primaryimage"},"thumbnailUrl":"https:\/\/www.copealcoy.es\/wp-content\/uploads\/2025\/03\/676_480213367_1047063377456350_3359102616517555959_n.jpg","keywords":["Banyeres de Mariola","Bomveros Diputaci\u00f3n de Alicante","Ciclista","Rescate"],"articleSection":["Actualidad","Comarcas","Noticias"],"inLanguage":"es"},{"@type":"WebPage","@id":"https:\/\/www.copealcoy.es\/es\/rescatan-a-un-ciclista-en-banyeres-tras-sufrir-un-fuerte-golpe-en-la-cabeza\/","url":"https:\/\/www.copealcoy.es\/es\/rescatan-a-un-ciclista-en-banyeres-tras-sufrir-un-fuerte-golpe-en-la-cabeza\/","name":"Rescatan a un ciclista en Banyeres tras sufrir un fuerte golpe en la cabeza - COPE Alcoy","isPartOf":{"@id":"https:\/\/www.copealcoy.es\/es\/#website"},"primaryImageOfPage":{"@id":"https:\/\/www.copealcoy.es\/es\/rescatan-a-un-ciclista-en-banyeres-tras-sufrir-un-fuerte-golpe-en-la-cabeza\/#primaryimage"},"image":{"@id":"https:\/\/www.copealcoy.es\/es\/rescatan-a-un-ciclista-en-banyeres-tras-sufrir-un-fuerte-golpe-en-la-cabeza\/#primaryimage"},"thumbnailUrl":"https:\/\/www.copealcoy.es\/wp-content\/uploads\/2025\/03\/676_480213367_1047063377456350_3359102616517555959_n.jpg","datePublished":"2025-03-17T11:34:53+00:00","dateModified":"2025-03-17T11:43:29+00:00","author":{"@id":"https:\/\/www.copealcoy.es\/es\/#\/schema\/person\/e777c87fa024e57d40170af9df39882c"},"description":"Un ciclista sufr\u00eda un accidente ayer domingo a \u00faltima hora de la ma\u00f1ana en la zona del Bike Park, en las inmediaciones del paraje Penyes Roges de Banyeres de Mariola, y deb\u00eda ser rescatado por los bomberos","breadcrumb":{"@id":"https:\/\/www.copealcoy.es\/es\/rescatan-a-un-ciclista-en-banyeres-tras-sufrir-un-fuerte-golpe-en-la-cabeza\/#breadcrumb"},"inLanguage":"es","potentialAction":[{"@type":"ReadAction","target":["https:\/\/www.copealcoy.es\/es\/rescatan-a-un-ciclista-en-banyeres-tras-sufrir-un-fuerte-golpe-en-la-cabeza\/"]}]},{"@type":"ImageObject","inLanguage":"es","@id":"https:\/\/www.copealcoy.es\/es\/rescatan-a-un-ciclista-en-banyeres-tras-sufrir-un-fuerte-golpe-en-la-cabeza\/#primaryimage","url":"https:\/\/www.copealcoy.es\/wp-content\/uploads\/2025\/03\/676_480213367_1047063377456350_3359102616517555959_n.jpg","contentUrl":"https:\/\/www.copealcoy.es\/wp-content\/uploads\/2025\/03\/676_480213367_1047063377456350_3359102616517555959_n.jpg","width":700,"height":366},{"@type":"BreadcrumbList","@id":"https:\/\/www.copealcoy.es\/es\/rescatan-a-un-ciclista-en-banyeres-tras-sufrir-un-fuerte-golpe-en-la-cabeza\/#breadcrumb","itemListElement":[{"@type":"ListItem","position":1,"name":"Portada","item":"https:\/\/www.copealcoy.es\/es\/"},{"@type":"ListItem","position":2,"name":"Rescatan a un ciclista en Banyeres tras sufrir un fuerte golpe en la cabeza"}]},{"@type":"WebSite","@id":"https:\/\/www.copealcoy.es\/es\/#website","url":"https:\/\/www.copealcoy.es\/es\/","name":"COPE Alcoy","description":"Emisora COPE de radio local con emisi\u00f3n online. Pont de Sant Jordi 8-10 03803 Alcoy","potentialAction":[{"@type":"SearchAction","target":{"@type":"EntryPoint","urlTemplate":"https:\/\/www.copealcoy.es\/es\/?s={search_term_string}"},"query-input":{"@type":"PropertyValueSpecification","valueRequired":true,"valueName":"search_term_string"}}],"inLanguage":"es"},{"@type":"Person","@id":"https:\/\/www.copealcoy.es\/es\/#\/schema\/person\/e777c87fa024e57d40170af9df39882c","name":"Cope Alcoy","image":{"@type":"ImageObject","inLanguage":"es","@id":"https:\/\/secure.gravatar.com\/avatar\/bb65d0283347e303893ba14f0692005417c1e0e690a325a4c5d8bb2b3943ee14?s=96&d=mm&r=g","url":"https:\/\/secure.gravatar.com\/avatar\/bb65d0283347e303893ba14f0692005417c1e0e690a325a4c5d8bb2b3943ee14?s=96&d=mm&r=g","contentUrl":"https:\/\/secure.gravatar.com\/avatar\/bb65d0283347e303893ba14f0692005417c1e0e690a325a4c5d8bb2b3943ee14?s=96&d=mm&r=g","caption":"Cope Alcoy"}}]}},"_links":{"self":[{"href":"https:\/\/www.copealcoy.es\/es\/wp-json\/wp\/v2\/posts\/149088","targetHints":{"allow":["GET"]}}],"collection":[{"href":"https:\/\/www.copealcoy.es\/es\/wp-json\/wp\/v2\/posts"}],"about":[{"href":"https:\/\/www.copealcoy.es\/es\/wp-json\/wp\/v2\/types\/post"}],"author":[{"embeddable":true,"href":"https:\/\/www.copealcoy.es\/es\/wp-json\/wp\/v2\/users\/1"}],"replies":[{"embeddable":true,"href":"https:\/\/www.copealcoy.es\/es\/wp-json\/wp\/v2\/comments?post=149088"}],"version-history":[{"count":0,"href":"https:\/\/www.copealcoy.es\/es\/wp-json\/wp\/v2\/posts\/149088\/revisions"}],"wp:featuredmedia":[{"embeddable":true,"href":"https:\/\/www.copealcoy.es\/es\/wp-json\/wp\/v2\/media\/149090"}],"wp:attachment":[{"href":"https:\/\/www.copealcoy.es\/es\/wp-json\/wp\/v2\/media?parent=149088"}],"wp:term":[{"taxonomy":"category","embeddable":true,"href":"https:\/\/www.copealcoy.es\/es\/wp-json\/wp\/v2\/categories?post=149088"},{"taxonomy":"post_tag","embeddable":true,"href":"https:\/\/www.copealcoy.es\/es\/wp-json\/wp\/v2\/tags?post=149088"}],"curies":[{"name":"wp","href":"https:\/\/api.w.org\/{rel}","templated":true}]}}