{"id":14896,"date":"2015-08-10T22:17:23","date_gmt":"2015-08-10T22:17:23","guid":{"rendered":"http:\/\/copealcoi.es\/new\/?p=14896"},"modified":"2015-08-10T22:17:23","modified_gmt":"2015-08-10T22:17:23","slug":"publicadas-las-bases-del-cartel-de-la-cabalgata","status":"publish","type":"post","link":"https:\/\/www.copealcoy.es\/es\/publicadas-las-bases-del-cartel-de-la-cabalgata\/","title":{"rendered":"Publicadas las bases del cartel de la Cabalgata"},"content":{"rendered":"<p style=\"text-align: justify;\">El Ayuntamiento de Alcoy, a trav\u00e9s del \u00e1rea de Fiestas, ha avanzado la publicaci\u00f3n de las bases del cartel de la\u00a0CXXXI edici\u00f3n de la Cabalgata de los Reyes Magos. El motivo de esta medida radica en que hasta el momento estas bases se daban a conocer a mediados de octubre &#8220;hemos observado que\u00a0as\u00ed no se daba tiempo a los dise\u00f1adores a presentar sus obras as\u00ed que este a\u00f1o tendr\u00e1n m\u00e1s antelaci\u00f3n para realizar sus proyectos&#8221;, ha explicado el edil\u00a0Ra\u00fcl Llopis. Adem\u00e1s destaca que de esta forma m\u00e1s personas podr\u00e1n tomar parte en el concurso &#8220;para hacer que nuestra cabalgata, la m\u00e1s antigua del mundo, tenga mayor difusi\u00f3n&#8221;, a\u00f1ade.<\/p>\n<p style=\"text-align: justify;\">Los interesados en presentar sus trabajos lo podr\u00e1n hacer desde el lunes 2 al viernes 6 de noviembre en horario de 11 de la ma\u00f1ana a 14 horas del mediod\u00eda. Las piezas se entregar\u00e1n en el Departamento de Fiestas del Consistorio y al igual que en a\u00f1os anteriores el ganador percibir\u00e1 1.100 euros de premio. El jurado se reunir\u00e1 para deliberar el d\u00eda 10 de noviembre y valorar\u00e1 cuestiones relacionadas la originalidad, el dise\u00f1o, la est\u00e9tica, la t\u00e9cnica o la composici\u00f3n y la rotulaci\u00f3n.<\/p>\n","protected":false},"excerpt":{"rendered":"<p>El Ayuntamiento de Alcoy, a trav\u00e9s del \u00e1rea de Fiestas, ha avanzado la publicaci\u00f3n de las bases del cartel de&#8230;<\/p>\n","protected":false},"author":1,"featured_media":14897,"comment_status":"open","ping_status":"open","sticky":false,"template":"","format":"standard","meta":{"footnotes":""},"categories":[78,75],"tags":[1494,1321,368,908],"class_list":["post-14896","post","type-post","status-publish","format-standard","has-post-thumbnail","hentry","category-fiestaycultura","category-noticias","tag-alcoy","tag-bases","tag-cabalgata","tag-cartel"],"yoast_head":"<!-- This site is optimized with the Yoast SEO plugin v27.3 - https:\/\/yoast.com\/product\/yoast-seo-wordpress\/ -->\n<title>Publicadas las bases del cartel de la Cabalgata - COPE Alcoy<\/title>\n<meta name=\"robots\" content=\"index, follow, max-snippet:-1, max-image-preview:large, max-video-preview:-1\" \/>\n<link rel=\"canonical\" href=\"https:\/\/www.copealcoy.es\/es\/publicadas-las-bases-del-cartel-de-la-cabalgata\/\" \/>\n<meta property=\"og:locale\" content=\"es_ES\" \/>\n<meta property=\"og:type\" content=\"article\" \/>\n<meta property=\"og:title\" content=\"Publicadas las bases del cartel de la Cabalgata - COPE Alcoy\" \/>\n<meta property=\"og:description\" content=\"El Ayuntamiento de Alcoy, a trav\u00e9s del \u00e1rea de Fiestas, ha avanzado la publicaci\u00f3n de las bases del cartel de...\" \/>\n<meta property=\"og:url\" content=\"https:\/\/www.copealcoy.es\/es\/publicadas-las-bases-del-cartel-de-la-cabalgata\/\" \/>\n<meta property=\"og:site_name\" content=\"COPE Alcoy\" \/>\n<meta property=\"article:published_time\" content=\"2015-08-10T22:17:23+00:00\" \/>\n<meta property=\"og:image\" content=\"https:\/\/www.copealcoy.es\/wp-content\/uploads\/2015\/08\/raul500.jpg\" \/>\n\t<meta property=\"og:image:width\" content=\"500\" \/>\n\t<meta property=\"og:image:height\" content=\"333\" \/>\n\t<meta property=\"og:image:type\" content=\"image\/jpeg\" \/>\n<meta name=\"author\" content=\"Cope Alcoy\" \/>\n<meta name=\"twitter:label1\" content=\"Escrito por\" \/>\n\t<meta name=\"twitter:data1\" content=\"Cope Alcoy\" \/>\n\t<meta name=\"twitter:label2\" content=\"Tiempo de lectura\" \/>\n\t<meta name=\"twitter:data2\" content=\"1 minuto\" \/>\n<script type=\"application\/ld+json\" class=\"yoast-schema-graph\">{\"@context\":\"https:\\\/\\\/schema.org\",\"@graph\":[{\"@type\":\"Article\",\"@id\":\"https:\\\/\\\/www.copealcoy.es\\\/es\\\/publicadas-las-bases-del-cartel-de-la-cabalgata\\\/#article\",\"isPartOf\":{\"@id\":\"https:\\\/\\\/www.copealcoy.es\\\/es\\\/publicadas-las-bases-del-cartel-de-la-cabalgata\\\/\"},\"author\":{\"name\":\"Cope Alcoy\",\"@id\":\"https:\\\/\\\/www.copealcoy.es\\\/es\\\/#\\\/schema\\\/person\\\/e777c87fa024e57d40170af9df39882c\"},\"headline\":\"Publicadas las bases del cartel de la Cabalgata\",\"datePublished\":\"2015-08-10T22:17:23+00:00\",\"mainEntityOfPage\":{\"@id\":\"https:\\\/\\\/www.copealcoy.es\\\/es\\\/publicadas-las-bases-del-cartel-de-la-cabalgata\\\/\"},\"wordCount\":223,\"commentCount\":0,\"image\":{\"@id\":\"https:\\\/\\\/www.copealcoy.es\\\/es\\\/publicadas-las-bases-del-cartel-de-la-cabalgata\\\/#primaryimage\"},\"thumbnailUrl\":\"https:\\\/\\\/www.copealcoy.es\\\/wp-content\\\/uploads\\\/2015\\\/08\\\/raul500.jpg\",\"keywords\":[\"Alcoy\",\"bases\",\"Cabalgata\",\"Cartel\"],\"articleSection\":[\"Fiesta y Cultura\",\"Noticias\"],\"inLanguage\":\"es\"},{\"@type\":\"WebPage\",\"@id\":\"https:\\\/\\\/www.copealcoy.es\\\/es\\\/publicadas-las-bases-del-cartel-de-la-cabalgata\\\/\",\"url\":\"https:\\\/\\\/www.copealcoy.es\\\/es\\\/publicadas-las-bases-del-cartel-de-la-cabalgata\\\/\",\"name\":\"Publicadas las bases del cartel de la Cabalgata - COPE Alcoy\",\"isPartOf\":{\"@id\":\"https:\\\/\\\/www.copealcoy.es\\\/es\\\/#website\"},\"primaryImageOfPage\":{\"@id\":\"https:\\\/\\\/www.copealcoy.es\\\/es\\\/publicadas-las-bases-del-cartel-de-la-cabalgata\\\/#primaryimage\"},\"image\":{\"@id\":\"https:\\\/\\\/www.copealcoy.es\\\/es\\\/publicadas-las-bases-del-cartel-de-la-cabalgata\\\/#primaryimage\"},\"thumbnailUrl\":\"https:\\\/\\\/www.copealcoy.es\\\/wp-content\\\/uploads\\\/2015\\\/08\\\/raul500.jpg\",\"datePublished\":\"2015-08-10T22:17:23+00:00\",\"author\":{\"@id\":\"https:\\\/\\\/www.copealcoy.es\\\/es\\\/#\\\/schema\\\/person\\\/e777c87fa024e57d40170af9df39882c\"},\"breadcrumb\":{\"@id\":\"https:\\\/\\\/www.copealcoy.es\\\/es\\\/publicadas-las-bases-del-cartel-de-la-cabalgata\\\/#breadcrumb\"},\"inLanguage\":\"es\",\"potentialAction\":[{\"@type\":\"ReadAction\",\"target\":[\"https:\\\/\\\/www.copealcoy.es\\\/es\\\/publicadas-las-bases-del-cartel-de-la-cabalgata\\\/\"]}]},{\"@type\":\"ImageObject\",\"inLanguage\":\"es\",\"@id\":\"https:\\\/\\\/www.copealcoy.es\\\/es\\\/publicadas-las-bases-del-cartel-de-la-cabalgata\\\/#primaryimage\",\"url\":\"https:\\\/\\\/www.copealcoy.es\\\/wp-content\\\/uploads\\\/2015\\\/08\\\/raul500.jpg\",\"contentUrl\":\"https:\\\/\\\/www.copealcoy.es\\\/wp-content\\\/uploads\\\/2015\\\/08\\\/raul500.jpg\",\"width\":500,\"height\":333,\"caption\":\"Ra\u00fcl LLopis es concejal de fiestas en el Ayuntamiento de Alcoy\"},{\"@type\":\"BreadcrumbList\",\"@id\":\"https:\\\/\\\/www.copealcoy.es\\\/es\\\/publicadas-las-bases-del-cartel-de-la-cabalgata\\\/#breadcrumb\",\"itemListElement\":[{\"@type\":\"ListItem\",\"position\":1,\"name\":\"Portada\",\"item\":\"https:\\\/\\\/www.copealcoy.es\\\/es\\\/\"},{\"@type\":\"ListItem\",\"position\":2,\"name\":\"Publicadas las bases del cartel de la Cabalgata\"}]},{\"@type\":\"WebSite\",\"@id\":\"https:\\\/\\\/www.copealcoy.es\\\/es\\\/#website\",\"url\":\"https:\\\/\\\/www.copealcoy.es\\\/es\\\/\",\"name\":\"COPE Alcoy\",\"description\":\"Emisora COPE de radio local con emisi\u00f3n online. Pont de Sant Jordi 8-10 03803 Alcoy\",\"potentialAction\":[{\"@type\":\"SearchAction\",\"target\":{\"@type\":\"EntryPoint\",\"urlTemplate\":\"https:\\\/\\\/www.copealcoy.es\\\/es\\\/?s={search_term_string}\"},\"query-input\":{\"@type\":\"PropertyValueSpecification\",\"valueRequired\":true,\"valueName\":\"search_term_string\"}}],\"inLanguage\":\"es\"},{\"@type\":\"Person\",\"@id\":\"https:\\\/\\\/www.copealcoy.es\\\/es\\\/#\\\/schema\\\/person\\\/e777c87fa024e57d40170af9df39882c\",\"name\":\"Cope Alcoy\",\"image\":{\"@type\":\"ImageObject\",\"inLanguage\":\"es\",\"@id\":\"https:\\\/\\\/secure.gravatar.com\\\/avatar\\\/bb65d0283347e303893ba14f0692005417c1e0e690a325a4c5d8bb2b3943ee14?s=96&d=mm&r=g\",\"url\":\"https:\\\/\\\/secure.gravatar.com\\\/avatar\\\/bb65d0283347e303893ba14f0692005417c1e0e690a325a4c5d8bb2b3943ee14?s=96&d=mm&r=g\",\"contentUrl\":\"https:\\\/\\\/secure.gravatar.com\\\/avatar\\\/bb65d0283347e303893ba14f0692005417c1e0e690a325a4c5d8bb2b3943ee14?s=96&d=mm&r=g\",\"caption\":\"Cope Alcoy\"}}]}<\/script>\n<!-- \/ Yoast SEO plugin. -->","yoast_head_json":{"title":"Publicadas las bases del cartel de la Cabalgata - COPE Alcoy","robots":{"index":"index","follow":"follow","max-snippet":"max-snippet:-1","max-image-preview":"max-image-preview:large","max-video-preview":"max-video-preview:-1"},"canonical":"https:\/\/www.copealcoy.es\/es\/publicadas-las-bases-del-cartel-de-la-cabalgata\/","og_locale":"es_ES","og_type":"article","og_title":"Publicadas las bases del cartel de la Cabalgata - COPE Alcoy","og_description":"El Ayuntamiento de Alcoy, a trav\u00e9s del \u00e1rea de Fiestas, ha avanzado la publicaci\u00f3n de las bases del cartel de...","og_url":"https:\/\/www.copealcoy.es\/es\/publicadas-las-bases-del-cartel-de-la-cabalgata\/","og_site_name":"COPE Alcoy","article_published_time":"2015-08-10T22:17:23+00:00","og_image":[{"width":500,"height":333,"url":"https:\/\/www.copealcoy.es\/wp-content\/uploads\/2015\/08\/raul500.jpg","type":"image\/jpeg"}],"author":"Cope Alcoy","twitter_misc":{"Escrito por":"Cope Alcoy","Tiempo de lectura":"1 minuto"},"schema":{"@context":"https:\/\/schema.org","@graph":[{"@type":"Article","@id":"https:\/\/www.copealcoy.es\/es\/publicadas-las-bases-del-cartel-de-la-cabalgata\/#article","isPartOf":{"@id":"https:\/\/www.copealcoy.es\/es\/publicadas-las-bases-del-cartel-de-la-cabalgata\/"},"author":{"name":"Cope Alcoy","@id":"https:\/\/www.copealcoy.es\/es\/#\/schema\/person\/e777c87fa024e57d40170af9df39882c"},"headline":"Publicadas las bases del cartel de la Cabalgata","datePublished":"2015-08-10T22:17:23+00:00","mainEntityOfPage":{"@id":"https:\/\/www.copealcoy.es\/es\/publicadas-las-bases-del-cartel-de-la-cabalgata\/"},"wordCount":223,"commentCount":0,"image":{"@id":"https:\/\/www.copealcoy.es\/es\/publicadas-las-bases-del-cartel-de-la-cabalgata\/#primaryimage"},"thumbnailUrl":"https:\/\/www.copealcoy.es\/wp-content\/uploads\/2015\/08\/raul500.jpg","keywords":["Alcoy","bases","Cabalgata","Cartel"],"articleSection":["Fiesta y Cultura","Noticias"],"inLanguage":"es"},{"@type":"WebPage","@id":"https:\/\/www.copealcoy.es\/es\/publicadas-las-bases-del-cartel-de-la-cabalgata\/","url":"https:\/\/www.copealcoy.es\/es\/publicadas-las-bases-del-cartel-de-la-cabalgata\/","name":"Publicadas las bases del cartel de la Cabalgata - COPE Alcoy","isPartOf":{"@id":"https:\/\/www.copealcoy.es\/es\/#website"},"primaryImageOfPage":{"@id":"https:\/\/www.copealcoy.es\/es\/publicadas-las-bases-del-cartel-de-la-cabalgata\/#primaryimage"},"image":{"@id":"https:\/\/www.copealcoy.es\/es\/publicadas-las-bases-del-cartel-de-la-cabalgata\/#primaryimage"},"thumbnailUrl":"https:\/\/www.copealcoy.es\/wp-content\/uploads\/2015\/08\/raul500.jpg","datePublished":"2015-08-10T22:17:23+00:00","author":{"@id":"https:\/\/www.copealcoy.es\/es\/#\/schema\/person\/e777c87fa024e57d40170af9df39882c"},"breadcrumb":{"@id":"https:\/\/www.copealcoy.es\/es\/publicadas-las-bases-del-cartel-de-la-cabalgata\/#breadcrumb"},"inLanguage":"es","potentialAction":[{"@type":"ReadAction","target":["https:\/\/www.copealcoy.es\/es\/publicadas-las-bases-del-cartel-de-la-cabalgata\/"]}]},{"@type":"ImageObject","inLanguage":"es","@id":"https:\/\/www.copealcoy.es\/es\/publicadas-las-bases-del-cartel-de-la-cabalgata\/#primaryimage","url":"https:\/\/www.copealcoy.es\/wp-content\/uploads\/2015\/08\/raul500.jpg","contentUrl":"https:\/\/www.copealcoy.es\/wp-content\/uploads\/2015\/08\/raul500.jpg","width":500,"height":333,"caption":"Ra\u00fcl LLopis es concejal de fiestas en el Ayuntamiento de Alcoy"},{"@type":"BreadcrumbList","@id":"https:\/\/www.copealcoy.es\/es\/publicadas-las-bases-del-cartel-de-la-cabalgata\/#breadcrumb","itemListElement":[{"@type":"ListItem","position":1,"name":"Portada","item":"https:\/\/www.copealcoy.es\/es\/"},{"@type":"ListItem","position":2,"name":"Publicadas las bases del cartel de la Cabalgata"}]},{"@type":"WebSite","@id":"https:\/\/www.copealcoy.es\/es\/#website","url":"https:\/\/www.copealcoy.es\/es\/","name":"COPE Alcoy","description":"Emisora COPE de radio local con emisi\u00f3n online. Pont de Sant Jordi 8-10 03803 Alcoy","potentialAction":[{"@type":"SearchAction","target":{"@type":"EntryPoint","urlTemplate":"https:\/\/www.copealcoy.es\/es\/?s={search_term_string}"},"query-input":{"@type":"PropertyValueSpecification","valueRequired":true,"valueName":"search_term_string"}}],"inLanguage":"es"},{"@type":"Person","@id":"https:\/\/www.copealcoy.es\/es\/#\/schema\/person\/e777c87fa024e57d40170af9df39882c","name":"Cope Alcoy","image":{"@type":"ImageObject","inLanguage":"es","@id":"https:\/\/secure.gravatar.com\/avatar\/bb65d0283347e303893ba14f0692005417c1e0e690a325a4c5d8bb2b3943ee14?s=96&d=mm&r=g","url":"https:\/\/secure.gravatar.com\/avatar\/bb65d0283347e303893ba14f0692005417c1e0e690a325a4c5d8bb2b3943ee14?s=96&d=mm&r=g","contentUrl":"https:\/\/secure.gravatar.com\/avatar\/bb65d0283347e303893ba14f0692005417c1e0e690a325a4c5d8bb2b3943ee14?s=96&d=mm&r=g","caption":"Cope Alcoy"}}]}},"_links":{"self":[{"href":"https:\/\/www.copealcoy.es\/es\/wp-json\/wp\/v2\/posts\/14896","targetHints":{"allow":["GET"]}}],"collection":[{"href":"https:\/\/www.copealcoy.es\/es\/wp-json\/wp\/v2\/posts"}],"about":[{"href":"https:\/\/www.copealcoy.es\/es\/wp-json\/wp\/v2\/types\/post"}],"author":[{"embeddable":true,"href":"https:\/\/www.copealcoy.es\/es\/wp-json\/wp\/v2\/users\/1"}],"replies":[{"embeddable":true,"href":"https:\/\/www.copealcoy.es\/es\/wp-json\/wp\/v2\/comments?post=14896"}],"version-history":[{"count":0,"href":"https:\/\/www.copealcoy.es\/es\/wp-json\/wp\/v2\/posts\/14896\/revisions"}],"wp:featuredmedia":[{"embeddable":true,"href":"https:\/\/www.copealcoy.es\/es\/wp-json\/wp\/v2\/media\/14897"}],"wp:attachment":[{"href":"https:\/\/www.copealcoy.es\/es\/wp-json\/wp\/v2\/media?parent=14896"}],"wp:term":[{"taxonomy":"category","embeddable":true,"href":"https:\/\/www.copealcoy.es\/es\/wp-json\/wp\/v2\/categories?post=14896"},{"taxonomy":"post_tag","embeddable":true,"href":"https:\/\/www.copealcoy.es\/es\/wp-json\/wp\/v2\/tags?post=14896"}],"curies":[{"name":"wp","href":"https:\/\/api.w.org\/{rel}","templated":true}]}}