{"id":148948,"date":"2025-03-14T08:05:43","date_gmt":"2025-03-14T07:05:43","guid":{"rendered":"https:\/\/www.copealcoy.es\/?p=148948"},"modified":"2025-03-14T09:17:38","modified_gmt":"2025-03-14T08:17:38","slug":"vuelven-las-visitas-guiadas-a-la-cova-de-lor-de-beniarres","status":"publish","type":"post","link":"https:\/\/www.copealcoy.es\/es\/vuelven-las-visitas-guiadas-a-la-cova-de-lor-de-beniarres\/","title":{"rendered":"Vuelven las visitas guiadas a la Cova de l&#8217;Or de Beniarr\u00e9s"},"content":{"rendered":"<p style=\"text-align: justify;\">El <strong>yacimiento arqueol\u00f3gico<\/strong> de <strong>la Cova de l\u2019Or<\/strong>, ubicado en<strong> Beniarr\u00e9s<\/strong>, reanuda su programa de visitas guiadas a partir de este s\u00e1bado, 15 de marzo. Esta iniciativa, gestionada por la Fundaci\u00f3n CV <a href=\"https:\/\/www.marqalicante.com\/\" target=\"_blank\" rel=\"noopener\"><span style=\"color: #0000ff;\"><strong>MARQ<\/strong><\/span><\/a> en colaboraci\u00f3n con el Ayuntamiento del municipio, ofrece a los visitantes un recorrido completo que incluye tanto el centro de interpretaci\u00f3n como el propio enclave.<\/p>\n<p style=\"text-align: justify;\">Las visitas <strong>se llevar\u00e1n a cabo los s\u00e1bados y domingos hasta el 13 de julio<\/strong>. El programa comienza con una visita guiada al centro de interpretaci\u00f3n, donde los asistentes podr\u00e1n disfrutar de un recorrido por el museo y la proyecci\u00f3n de un v\u00eddeo que contextualiza el espacio y su entorno. Posteriormente, se realizar\u00e1 un trayecto en veh\u00edculo hasta el inicio del sendero que conduce al yacimiento. Durante esta caminata, los visitantes tendr\u00e1n la oportunidad de apreciar la rica flora y fauna del Valle del Benicadell antes de acceder al interior de la cueva.<\/p>\n<p style=\"text-align: justify;\">La Cova de l\u2019Or es reconocida internacionalmente como un importante yacimiento del Neol\u00edtico, convertido en Museo de Sitio por la Diputaci\u00f3n de Alicante para proteger y difundir su valioso patrimonio hist\u00f3rico. Seg\u00fan <strong>Juan de Dios Navarro<\/strong>, diputado de Cultura, \u201c<em>la cueva ha sido clave para entender la vida y costumbres de los pobladores que habitaron en ella hace m\u00e1s de 7.000 a\u00f1os<\/em>\u201d, afirma. Situada <strong>a 675 metros sobre el nivel del mar en la vertiente meridional de la sierra del Benicadell<\/strong>, la Cova de l\u2019Or alberga un yacimiento crucial para el estudio del Neol\u00edtico en la Pen\u00ednsula Ib\u00e9rica. Excavaciones realizadas desde los a\u00f1os treinta han revelado elementos materiales que evidencian su importancia como lugar social para los pobladores mediterr\u00e1neos que introdujeron pr\u00e1cticas agr\u00edcolas y ganaderas en estos valles. Entre los hallazgos destacan acumulaciones de semillas de trigo y cebada, as\u00ed como cer\u00e1micas decoradas con figuras humanas que sugieren v\u00ednculos rituales con otros santuarios rupestres contempor\u00e1neos.<\/p>\n<p style=\"text-align: justify;\">Los interesados <strong>pueden reservar sus entradas o consultar m\u00e1s informaci\u00f3n<\/strong> a trav\u00e9s del sitio web del MARQ. Las visitas est\u00e1n programadas entre las 9:00 y las 14:00 horas, con salidas hacia la cueva a las 9:00 y 11:30 horas durante los fines de semana.<\/p>\n","protected":false},"excerpt":{"rendered":"<p>El yacimiento arqueol\u00f3gico de la Cova de l\u2019Or, ubicado en Beniarr\u00e9s, reanuda su programa de visitas guiadas a partir de&#8230;<\/p>\n","protected":false},"author":1,"featured_media":141569,"comment_status":"open","ping_status":"open","sticky":false,"template":"","format":"standard","meta":{"footnotes":""},"categories":[6909,98,75],"tags":[851,3211,947,1031,4610],"class_list":["post-148948","post","type-post","status-publish","format-standard","has-post-thumbnail","hentry","category-actualidad","category-comarcas","category-noticias","tag-beniarres","tag-cova-de-lor","tag-diputacion-de-alicante","tag-marq","tag-visitas-guiadas"],"yoast_head":"<!-- This site is optimized with the Yoast SEO plugin v27.3 - https:\/\/yoast.com\/product\/yoast-seo-wordpress\/ -->\n<title>Vuelven las visitas guiadas a la Cova de l&#039;Or de Beniarr\u00e9s - COPE Alcoy<\/title>\n<meta name=\"robots\" content=\"index, follow, max-snippet:-1, max-image-preview:large, max-video-preview:-1\" \/>\n<link rel=\"canonical\" href=\"https:\/\/www.copealcoy.es\/es\/vuelven-las-visitas-guiadas-a-la-cova-de-lor-de-beniarres\/\" \/>\n<meta property=\"og:locale\" content=\"es_ES\" \/>\n<meta property=\"og:type\" content=\"article\" \/>\n<meta property=\"og:title\" content=\"Vuelven las visitas guiadas a la Cova de l&#039;Or de Beniarr\u00e9s - COPE Alcoy\" \/>\n<meta property=\"og:description\" content=\"El yacimiento arqueol\u00f3gico de la Cova de l\u2019Or, ubicado en Beniarr\u00e9s, reanuda su programa de visitas guiadas a partir de...\" \/>\n<meta property=\"og:url\" content=\"https:\/\/www.copealcoy.es\/es\/vuelven-las-visitas-guiadas-a-la-cova-de-lor-de-beniarres\/\" \/>\n<meta property=\"og:site_name\" content=\"COPE Alcoy\" \/>\n<meta property=\"article:published_time\" content=\"2025-03-14T07:05:43+00:00\" \/>\n<meta property=\"article:modified_time\" content=\"2025-03-14T08:17:38+00:00\" \/>\n<meta property=\"og:image\" content=\"https:\/\/www.copealcoy.es\/wp-content\/uploads\/2024\/10\/325.jpg\" \/>\n\t<meta property=\"og:image:width\" content=\"1503\" \/>\n\t<meta property=\"og:image:height\" content=\"989\" \/>\n\t<meta property=\"og:image:type\" content=\"image\/jpeg\" \/>\n<meta name=\"author\" content=\"Cope Alcoy\" \/>\n<meta name=\"twitter:label1\" content=\"Escrito por\" \/>\n\t<meta name=\"twitter:data1\" content=\"Cope Alcoy\" \/>\n\t<meta name=\"twitter:label2\" content=\"Tiempo de lectura\" \/>\n\t<meta name=\"twitter:data2\" content=\"3 minutos\" \/>\n<script type=\"application\/ld+json\" class=\"yoast-schema-graph\">{\"@context\":\"https:\\\/\\\/schema.org\",\"@graph\":[{\"@type\":\"Article\",\"@id\":\"https:\\\/\\\/www.copealcoy.es\\\/es\\\/vuelven-las-visitas-guiadas-a-la-cova-de-lor-de-beniarres\\\/#article\",\"isPartOf\":{\"@id\":\"https:\\\/\\\/www.copealcoy.es\\\/es\\\/vuelven-las-visitas-guiadas-a-la-cova-de-lor-de-beniarres\\\/\"},\"author\":{\"name\":\"Cope Alcoy\",\"@id\":\"https:\\\/\\\/www.copealcoy.es\\\/es\\\/#\\\/schema\\\/person\\\/e777c87fa024e57d40170af9df39882c\"},\"headline\":\"Vuelven las visitas guiadas a la Cova de l&#8217;Or de Beniarr\u00e9s\",\"datePublished\":\"2025-03-14T07:05:43+00:00\",\"dateModified\":\"2025-03-14T08:17:38+00:00\",\"mainEntityOfPage\":{\"@id\":\"https:\\\/\\\/www.copealcoy.es\\\/es\\\/vuelven-las-visitas-guiadas-a-la-cova-de-lor-de-beniarres\\\/\"},\"wordCount\":392,\"commentCount\":0,\"image\":{\"@id\":\"https:\\\/\\\/www.copealcoy.es\\\/es\\\/vuelven-las-visitas-guiadas-a-la-cova-de-lor-de-beniarres\\\/#primaryimage\"},\"thumbnailUrl\":\"https:\\\/\\\/www.copealcoy.es\\\/wp-content\\\/uploads\\\/2024\\\/10\\\/325.jpg\",\"keywords\":[\"Beniarres\",\"Cova de l\u00b4Or\",\"Diputaci\u00f3n de Alicante\",\"MARQ\",\"visitas guiadas\"],\"articleSection\":[\"Actualidad\",\"Comarcas\",\"Noticias\"],\"inLanguage\":\"es\"},{\"@type\":\"WebPage\",\"@id\":\"https:\\\/\\\/www.copealcoy.es\\\/es\\\/vuelven-las-visitas-guiadas-a-la-cova-de-lor-de-beniarres\\\/\",\"url\":\"https:\\\/\\\/www.copealcoy.es\\\/es\\\/vuelven-las-visitas-guiadas-a-la-cova-de-lor-de-beniarres\\\/\",\"name\":\"Vuelven las visitas guiadas a la Cova de l'Or de Beniarr\u00e9s - COPE Alcoy\",\"isPartOf\":{\"@id\":\"https:\\\/\\\/www.copealcoy.es\\\/es\\\/#website\"},\"primaryImageOfPage\":{\"@id\":\"https:\\\/\\\/www.copealcoy.es\\\/es\\\/vuelven-las-visitas-guiadas-a-la-cova-de-lor-de-beniarres\\\/#primaryimage\"},\"image\":{\"@id\":\"https:\\\/\\\/www.copealcoy.es\\\/es\\\/vuelven-las-visitas-guiadas-a-la-cova-de-lor-de-beniarres\\\/#primaryimage\"},\"thumbnailUrl\":\"https:\\\/\\\/www.copealcoy.es\\\/wp-content\\\/uploads\\\/2024\\\/10\\\/325.jpg\",\"datePublished\":\"2025-03-14T07:05:43+00:00\",\"dateModified\":\"2025-03-14T08:17:38+00:00\",\"author\":{\"@id\":\"https:\\\/\\\/www.copealcoy.es\\\/es\\\/#\\\/schema\\\/person\\\/e777c87fa024e57d40170af9df39882c\"},\"breadcrumb\":{\"@id\":\"https:\\\/\\\/www.copealcoy.es\\\/es\\\/vuelven-las-visitas-guiadas-a-la-cova-de-lor-de-beniarres\\\/#breadcrumb\"},\"inLanguage\":\"es\",\"potentialAction\":[{\"@type\":\"ReadAction\",\"target\":[\"https:\\\/\\\/www.copealcoy.es\\\/es\\\/vuelven-las-visitas-guiadas-a-la-cova-de-lor-de-beniarres\\\/\"]}]},{\"@type\":\"ImageObject\",\"inLanguage\":\"es\",\"@id\":\"https:\\\/\\\/www.copealcoy.es\\\/es\\\/vuelven-las-visitas-guiadas-a-la-cova-de-lor-de-beniarres\\\/#primaryimage\",\"url\":\"https:\\\/\\\/www.copealcoy.es\\\/wp-content\\\/uploads\\\/2024\\\/10\\\/325.jpg\",\"contentUrl\":\"https:\\\/\\\/www.copealcoy.es\\\/wp-content\\\/uploads\\\/2024\\\/10\\\/325.jpg\",\"width\":1503,\"height\":989},{\"@type\":\"BreadcrumbList\",\"@id\":\"https:\\\/\\\/www.copealcoy.es\\\/es\\\/vuelven-las-visitas-guiadas-a-la-cova-de-lor-de-beniarres\\\/#breadcrumb\",\"itemListElement\":[{\"@type\":\"ListItem\",\"position\":1,\"name\":\"Portada\",\"item\":\"https:\\\/\\\/www.copealcoy.es\\\/es\\\/\"},{\"@type\":\"ListItem\",\"position\":2,\"name\":\"Vuelven las visitas guiadas a la Cova de l&#8217;Or de Beniarr\u00e9s\"}]},{\"@type\":\"WebSite\",\"@id\":\"https:\\\/\\\/www.copealcoy.es\\\/es\\\/#website\",\"url\":\"https:\\\/\\\/www.copealcoy.es\\\/es\\\/\",\"name\":\"COPE Alcoy\",\"description\":\"Emisora COPE de radio local con emisi\u00f3n online. Pont de Sant Jordi 8-10 03803 Alcoy\",\"potentialAction\":[{\"@type\":\"SearchAction\",\"target\":{\"@type\":\"EntryPoint\",\"urlTemplate\":\"https:\\\/\\\/www.copealcoy.es\\\/es\\\/?s={search_term_string}\"},\"query-input\":{\"@type\":\"PropertyValueSpecification\",\"valueRequired\":true,\"valueName\":\"search_term_string\"}}],\"inLanguage\":\"es\"},{\"@type\":\"Person\",\"@id\":\"https:\\\/\\\/www.copealcoy.es\\\/es\\\/#\\\/schema\\\/person\\\/e777c87fa024e57d40170af9df39882c\",\"name\":\"Cope Alcoy\",\"image\":{\"@type\":\"ImageObject\",\"inLanguage\":\"es\",\"@id\":\"https:\\\/\\\/secure.gravatar.com\\\/avatar\\\/bb65d0283347e303893ba14f0692005417c1e0e690a325a4c5d8bb2b3943ee14?s=96&d=mm&r=g\",\"url\":\"https:\\\/\\\/secure.gravatar.com\\\/avatar\\\/bb65d0283347e303893ba14f0692005417c1e0e690a325a4c5d8bb2b3943ee14?s=96&d=mm&r=g\",\"contentUrl\":\"https:\\\/\\\/secure.gravatar.com\\\/avatar\\\/bb65d0283347e303893ba14f0692005417c1e0e690a325a4c5d8bb2b3943ee14?s=96&d=mm&r=g\",\"caption\":\"Cope Alcoy\"}}]}<\/script>\n<!-- \/ Yoast SEO plugin. -->","yoast_head_json":{"title":"Vuelven las visitas guiadas a la Cova de l'Or de Beniarr\u00e9s - COPE Alcoy","robots":{"index":"index","follow":"follow","max-snippet":"max-snippet:-1","max-image-preview":"max-image-preview:large","max-video-preview":"max-video-preview:-1"},"canonical":"https:\/\/www.copealcoy.es\/es\/vuelven-las-visitas-guiadas-a-la-cova-de-lor-de-beniarres\/","og_locale":"es_ES","og_type":"article","og_title":"Vuelven las visitas guiadas a la Cova de l'Or de Beniarr\u00e9s - COPE Alcoy","og_description":"El yacimiento arqueol\u00f3gico de la Cova de l\u2019Or, ubicado en Beniarr\u00e9s, reanuda su programa de visitas guiadas a partir de...","og_url":"https:\/\/www.copealcoy.es\/es\/vuelven-las-visitas-guiadas-a-la-cova-de-lor-de-beniarres\/","og_site_name":"COPE Alcoy","article_published_time":"2025-03-14T07:05:43+00:00","article_modified_time":"2025-03-14T08:17:38+00:00","og_image":[{"width":1503,"height":989,"url":"https:\/\/www.copealcoy.es\/wp-content\/uploads\/2024\/10\/325.jpg","type":"image\/jpeg"}],"author":"Cope Alcoy","twitter_misc":{"Escrito por":"Cope Alcoy","Tiempo de lectura":"3 minutos"},"schema":{"@context":"https:\/\/schema.org","@graph":[{"@type":"Article","@id":"https:\/\/www.copealcoy.es\/es\/vuelven-las-visitas-guiadas-a-la-cova-de-lor-de-beniarres\/#article","isPartOf":{"@id":"https:\/\/www.copealcoy.es\/es\/vuelven-las-visitas-guiadas-a-la-cova-de-lor-de-beniarres\/"},"author":{"name":"Cope Alcoy","@id":"https:\/\/www.copealcoy.es\/es\/#\/schema\/person\/e777c87fa024e57d40170af9df39882c"},"headline":"Vuelven las visitas guiadas a la Cova de l&#8217;Or de Beniarr\u00e9s","datePublished":"2025-03-14T07:05:43+00:00","dateModified":"2025-03-14T08:17:38+00:00","mainEntityOfPage":{"@id":"https:\/\/www.copealcoy.es\/es\/vuelven-las-visitas-guiadas-a-la-cova-de-lor-de-beniarres\/"},"wordCount":392,"commentCount":0,"image":{"@id":"https:\/\/www.copealcoy.es\/es\/vuelven-las-visitas-guiadas-a-la-cova-de-lor-de-beniarres\/#primaryimage"},"thumbnailUrl":"https:\/\/www.copealcoy.es\/wp-content\/uploads\/2024\/10\/325.jpg","keywords":["Beniarres","Cova de l\u00b4Or","Diputaci\u00f3n de Alicante","MARQ","visitas guiadas"],"articleSection":["Actualidad","Comarcas","Noticias"],"inLanguage":"es"},{"@type":"WebPage","@id":"https:\/\/www.copealcoy.es\/es\/vuelven-las-visitas-guiadas-a-la-cova-de-lor-de-beniarres\/","url":"https:\/\/www.copealcoy.es\/es\/vuelven-las-visitas-guiadas-a-la-cova-de-lor-de-beniarres\/","name":"Vuelven las visitas guiadas a la Cova de l'Or de Beniarr\u00e9s - COPE Alcoy","isPartOf":{"@id":"https:\/\/www.copealcoy.es\/es\/#website"},"primaryImageOfPage":{"@id":"https:\/\/www.copealcoy.es\/es\/vuelven-las-visitas-guiadas-a-la-cova-de-lor-de-beniarres\/#primaryimage"},"image":{"@id":"https:\/\/www.copealcoy.es\/es\/vuelven-las-visitas-guiadas-a-la-cova-de-lor-de-beniarres\/#primaryimage"},"thumbnailUrl":"https:\/\/www.copealcoy.es\/wp-content\/uploads\/2024\/10\/325.jpg","datePublished":"2025-03-14T07:05:43+00:00","dateModified":"2025-03-14T08:17:38+00:00","author":{"@id":"https:\/\/www.copealcoy.es\/es\/#\/schema\/person\/e777c87fa024e57d40170af9df39882c"},"breadcrumb":{"@id":"https:\/\/www.copealcoy.es\/es\/vuelven-las-visitas-guiadas-a-la-cova-de-lor-de-beniarres\/#breadcrumb"},"inLanguage":"es","potentialAction":[{"@type":"ReadAction","target":["https:\/\/www.copealcoy.es\/es\/vuelven-las-visitas-guiadas-a-la-cova-de-lor-de-beniarres\/"]}]},{"@type":"ImageObject","inLanguage":"es","@id":"https:\/\/www.copealcoy.es\/es\/vuelven-las-visitas-guiadas-a-la-cova-de-lor-de-beniarres\/#primaryimage","url":"https:\/\/www.copealcoy.es\/wp-content\/uploads\/2024\/10\/325.jpg","contentUrl":"https:\/\/www.copealcoy.es\/wp-content\/uploads\/2024\/10\/325.jpg","width":1503,"height":989},{"@type":"BreadcrumbList","@id":"https:\/\/www.copealcoy.es\/es\/vuelven-las-visitas-guiadas-a-la-cova-de-lor-de-beniarres\/#breadcrumb","itemListElement":[{"@type":"ListItem","position":1,"name":"Portada","item":"https:\/\/www.copealcoy.es\/es\/"},{"@type":"ListItem","position":2,"name":"Vuelven las visitas guiadas a la Cova de l&#8217;Or de Beniarr\u00e9s"}]},{"@type":"WebSite","@id":"https:\/\/www.copealcoy.es\/es\/#website","url":"https:\/\/www.copealcoy.es\/es\/","name":"COPE Alcoy","description":"Emisora COPE de radio local con emisi\u00f3n online. Pont de Sant Jordi 8-10 03803 Alcoy","potentialAction":[{"@type":"SearchAction","target":{"@type":"EntryPoint","urlTemplate":"https:\/\/www.copealcoy.es\/es\/?s={search_term_string}"},"query-input":{"@type":"PropertyValueSpecification","valueRequired":true,"valueName":"search_term_string"}}],"inLanguage":"es"},{"@type":"Person","@id":"https:\/\/www.copealcoy.es\/es\/#\/schema\/person\/e777c87fa024e57d40170af9df39882c","name":"Cope Alcoy","image":{"@type":"ImageObject","inLanguage":"es","@id":"https:\/\/secure.gravatar.com\/avatar\/bb65d0283347e303893ba14f0692005417c1e0e690a325a4c5d8bb2b3943ee14?s=96&d=mm&r=g","url":"https:\/\/secure.gravatar.com\/avatar\/bb65d0283347e303893ba14f0692005417c1e0e690a325a4c5d8bb2b3943ee14?s=96&d=mm&r=g","contentUrl":"https:\/\/secure.gravatar.com\/avatar\/bb65d0283347e303893ba14f0692005417c1e0e690a325a4c5d8bb2b3943ee14?s=96&d=mm&r=g","caption":"Cope Alcoy"}}]}},"_links":{"self":[{"href":"https:\/\/www.copealcoy.es\/es\/wp-json\/wp\/v2\/posts\/148948","targetHints":{"allow":["GET"]}}],"collection":[{"href":"https:\/\/www.copealcoy.es\/es\/wp-json\/wp\/v2\/posts"}],"about":[{"href":"https:\/\/www.copealcoy.es\/es\/wp-json\/wp\/v2\/types\/post"}],"author":[{"embeddable":true,"href":"https:\/\/www.copealcoy.es\/es\/wp-json\/wp\/v2\/users\/1"}],"replies":[{"embeddable":true,"href":"https:\/\/www.copealcoy.es\/es\/wp-json\/wp\/v2\/comments?post=148948"}],"version-history":[{"count":0,"href":"https:\/\/www.copealcoy.es\/es\/wp-json\/wp\/v2\/posts\/148948\/revisions"}],"wp:featuredmedia":[{"embeddable":true,"href":"https:\/\/www.copealcoy.es\/es\/wp-json\/wp\/v2\/media\/141569"}],"wp:attachment":[{"href":"https:\/\/www.copealcoy.es\/es\/wp-json\/wp\/v2\/media?parent=148948"}],"wp:term":[{"taxonomy":"category","embeddable":true,"href":"https:\/\/www.copealcoy.es\/es\/wp-json\/wp\/v2\/categories?post=148948"},{"taxonomy":"post_tag","embeddable":true,"href":"https:\/\/www.copealcoy.es\/es\/wp-json\/wp\/v2\/tags?post=148948"}],"curies":[{"name":"wp","href":"https:\/\/api.w.org\/{rel}","templated":true}]}}