{"id":148916,"date":"2025-03-17T08:05:39","date_gmt":"2025-03-17T07:05:39","guid":{"rendered":"https:\/\/www.copealcoy.es\/?p=148916"},"modified":"2025-03-17T12:16:07","modified_gmt":"2025-03-17T11:16:07","slug":"programa-agente-tutor-mas-de-120-menores-atendidos-en-alcoy-en-un-ano","status":"publish","type":"post","link":"https:\/\/www.copealcoy.es\/es\/programa-agente-tutor-mas-de-120-menores-atendidos-en-alcoy-en-un-ano\/","title":{"rendered":"Programa Agente Tutor: m\u00e1s de 120 menores atendidos en Alcoy en un a\u00f1o"},"content":{"rendered":"<p style=\"text-align: justify;\">El <span style=\"color: #0000ff;\"><a style=\"color: #0000ff;\" href=\"https:\/\/www.alcoi.org\/ca\/portal\/index.html\" target=\"_blank\" rel=\"noopener\"><strong>Ayuntamiento de Alcoy<\/strong><\/a><\/span> ha dado a conocer <strong>el balance del primer periodo de funcionamiento del programa Agente Tutor<\/strong>, una iniciativa impulsada por la Polic\u00eda Local de la ciudad en colaboraci\u00f3n con diversas concejal\u00edas para la protecci\u00f3n y prevenci\u00f3n en el \u00e1mbito infantil y escolar. Desde su inicio el 29 de mayo de 2024, <strong>hasta el 31 de diciembre del mismo a\u00f1o<\/strong>, la unidad ha atendido <strong>a un total de 124 menores<\/strong>, con una edad media de 12,6 a\u00f1os.<\/p>\n<p style=\"text-align: justify;\">Durante este periodo, <strong>se han gestionado un total de 128 casos<\/strong>, destacando aquellos relacionados con el <strong>absentismo escolar, agresiones y situaciones de desprotecci\u00f3n<\/strong>. En algunos casos, el Agente Tutor <strong>ha intervenido m\u00e1s de una vez con el mismo menor<\/strong>. La <strong>diversidad<\/strong> tambi\u00e9n ha sido notable, ya que se ha trabajado con menores de 18 nacionalidades diferentes; sin embargo, la mayor\u00eda (102 menores, es decir, un 82,26%) eran de nacionalidad espa\u00f1ola.<\/p>\n<p style=\"text-align: justify;\">El trabajo del Agente Tutor <strong>se ha centrado<\/strong> en la recopilaci\u00f3n de informaci\u00f3n a trav\u00e9s de diversas metodolog\u00edas: se realizaron 228 entrevistas telef\u00f3nicas y 67 entrevistas en centros educativos. Adem\u00e1s, se llevaron a cabo 9 vigilancias solicitadas en las inmediaciones de los centros escolares. Para fomentar la prevenci\u00f3n, se impartieron 12 talleres sobre temas como acoso escolar, uso responsable de las TIC y violencia de g\u00e9nero &#8220;<em>la puesta en marcha del Agente Tutor ha supuesto un recurso fundamental para la protecci\u00f3n de los menores en nuestra ciudad. Su labor ha permitido atender situaciones de riesgo y coordinarse con la comunidad educativ<\/em>a&#8221;, afirma el edil de Seguridad en el consistorio alcoyano; Ra\u00fcl Llopis.<\/p>\n<p style=\"text-align: justify;\">El programa tambi\u00e9n <strong>ha mantenido una estrecha colaboraci\u00f3n con Servicios Sociales y otros organismos oficiales<\/strong>, participando en m\u00faltiples reuniones relacionadas con la protecci\u00f3n infantil y el absentismo escolar. En total, <strong>se han enviado 140 documentos oficiales a diferentes entidades<\/strong>, incluyendo informes al Departamento de Servicios Sociales y diligencias preventivas.<\/p>\n","protected":false},"excerpt":{"rendered":"<p>El Ayuntamiento de Alcoy ha dado a conocer el balance del primer periodo de funcionamiento del programa Agente Tutor, una&#8230;<\/p>\n","protected":false},"author":1,"featured_media":148917,"comment_status":"open","ping_status":"open","sticky":false,"template":"","format":"standard","meta":{"footnotes":""},"categories":[6909,97,75,125],"tags":[1494,430,2596,19311],"class_list":["post-148916","post","type-post","status-publish","format-standard","has-post-thumbnail","hentry","category-actualidad","category-alcoy","category-noticias","category-portada","tag-alcoy","tag-balance","tag-primer-ano","tag-programa-agente-tutor"],"yoast_head":"<!-- This site is optimized with the Yoast SEO plugin v27.3 - https:\/\/yoast.com\/product\/yoast-seo-wordpress\/ -->\n<title>Programa Agente Tutor: m\u00e1s de 120 menores atendidos en Alcoy en un a\u00f1o - COPE Alcoy<\/title>\n<meta name=\"description\" content=\"El Ayuntamiento de Alcoy ha dado a conocer el balance del primer periodo de funcionamiento del programa Agente Tutor, una iniciativa impulsada por la Polic\u00eda Local de la ciudad en colaboraci\u00f3n con diversas concejal\u00edas para la protecci\u00f3n y prevenci\u00f3n en el \u00e1mbito infantil y escolar\" \/>\n<meta name=\"robots\" content=\"index, follow, max-snippet:-1, max-image-preview:large, max-video-preview:-1\" \/>\n<link rel=\"canonical\" href=\"https:\/\/www.copealcoy.es\/es\/programa-agente-tutor-mas-de-120-menores-atendidos-en-alcoy-en-un-ano\/\" \/>\n<meta property=\"og:locale\" content=\"es_ES\" \/>\n<meta property=\"og:type\" content=\"article\" \/>\n<meta property=\"og:title\" content=\"Programa Agente Tutor: m\u00e1s de 120 menores atendidos en Alcoy en un a\u00f1o - COPE Alcoy\" \/>\n<meta property=\"og:description\" content=\"El Ayuntamiento de Alcoy ha dado a conocer el balance del primer periodo de funcionamiento del programa Agente Tutor, una iniciativa impulsada por la Polic\u00eda Local de la ciudad en colaboraci\u00f3n con diversas concejal\u00edas para la protecci\u00f3n y prevenci\u00f3n en el \u00e1mbito infantil y escolar\" \/>\n<meta property=\"og:url\" content=\"https:\/\/www.copealcoy.es\/es\/programa-agente-tutor-mas-de-120-menores-atendidos-en-alcoy-en-un-ano\/\" \/>\n<meta property=\"og:site_name\" content=\"COPE Alcoy\" \/>\n<meta property=\"article:published_time\" content=\"2025-03-17T07:05:39+00:00\" \/>\n<meta property=\"article:modified_time\" content=\"2025-03-17T11:16:07+00:00\" \/>\n<meta property=\"og:image\" content=\"https:\/\/www.copealcoy.es\/wp-content\/uploads\/2025\/03\/Agente-Tutor.jpg_1760067043.jpg\" \/>\n\t<meta property=\"og:image:width\" content=\"625\" \/>\n\t<meta property=\"og:image:height\" content=\"469\" \/>\n\t<meta property=\"og:image:type\" content=\"image\/jpeg\" \/>\n<meta name=\"author\" content=\"Cope Alcoy\" \/>\n<meta name=\"twitter:label1\" content=\"Escrito por\" \/>\n\t<meta name=\"twitter:data1\" content=\"Cope Alcoy\" \/>\n\t<meta name=\"twitter:label2\" content=\"Tiempo de lectura\" \/>\n\t<meta name=\"twitter:data2\" content=\"2 minutos\" \/>\n<script type=\"application\/ld+json\" class=\"yoast-schema-graph\">{\"@context\":\"https:\\\/\\\/schema.org\",\"@graph\":[{\"@type\":\"Article\",\"@id\":\"https:\\\/\\\/www.copealcoy.es\\\/es\\\/programa-agente-tutor-mas-de-120-menores-atendidos-en-alcoy-en-un-ano\\\/#article\",\"isPartOf\":{\"@id\":\"https:\\\/\\\/www.copealcoy.es\\\/es\\\/programa-agente-tutor-mas-de-120-menores-atendidos-en-alcoy-en-un-ano\\\/\"},\"author\":{\"name\":\"Cope Alcoy\",\"@id\":\"https:\\\/\\\/www.copealcoy.es\\\/es\\\/#\\\/schema\\\/person\\\/e777c87fa024e57d40170af9df39882c\"},\"headline\":\"Programa Agente Tutor: m\u00e1s de 120 menores atendidos en Alcoy en un a\u00f1o\",\"datePublished\":\"2025-03-17T07:05:39+00:00\",\"dateModified\":\"2025-03-17T11:16:07+00:00\",\"mainEntityOfPage\":{\"@id\":\"https:\\\/\\\/www.copealcoy.es\\\/es\\\/programa-agente-tutor-mas-de-120-menores-atendidos-en-alcoy-en-un-ano\\\/\"},\"wordCount\":336,\"commentCount\":0,\"image\":{\"@id\":\"https:\\\/\\\/www.copealcoy.es\\\/es\\\/programa-agente-tutor-mas-de-120-menores-atendidos-en-alcoy-en-un-ano\\\/#primaryimage\"},\"thumbnailUrl\":\"https:\\\/\\\/www.copealcoy.es\\\/wp-content\\\/uploads\\\/2025\\\/03\\\/Agente-Tutor.jpg_1760067043.jpg\",\"keywords\":[\"Alcoy\",\"Balance\",\"primer a\u00f1o\",\"Programa Agente Tutor\"],\"articleSection\":[\"Actualidad\",\"Alcoy\",\"Noticias\",\"Portada\"],\"inLanguage\":\"es\"},{\"@type\":\"WebPage\",\"@id\":\"https:\\\/\\\/www.copealcoy.es\\\/es\\\/programa-agente-tutor-mas-de-120-menores-atendidos-en-alcoy-en-un-ano\\\/\",\"url\":\"https:\\\/\\\/www.copealcoy.es\\\/es\\\/programa-agente-tutor-mas-de-120-menores-atendidos-en-alcoy-en-un-ano\\\/\",\"name\":\"Programa Agente Tutor: m\u00e1s de 120 menores atendidos en Alcoy en un a\u00f1o - COPE Alcoy\",\"isPartOf\":{\"@id\":\"https:\\\/\\\/www.copealcoy.es\\\/es\\\/#website\"},\"primaryImageOfPage\":{\"@id\":\"https:\\\/\\\/www.copealcoy.es\\\/es\\\/programa-agente-tutor-mas-de-120-menores-atendidos-en-alcoy-en-un-ano\\\/#primaryimage\"},\"image\":{\"@id\":\"https:\\\/\\\/www.copealcoy.es\\\/es\\\/programa-agente-tutor-mas-de-120-menores-atendidos-en-alcoy-en-un-ano\\\/#primaryimage\"},\"thumbnailUrl\":\"https:\\\/\\\/www.copealcoy.es\\\/wp-content\\\/uploads\\\/2025\\\/03\\\/Agente-Tutor.jpg_1760067043.jpg\",\"datePublished\":\"2025-03-17T07:05:39+00:00\",\"dateModified\":\"2025-03-17T11:16:07+00:00\",\"author\":{\"@id\":\"https:\\\/\\\/www.copealcoy.es\\\/es\\\/#\\\/schema\\\/person\\\/e777c87fa024e57d40170af9df39882c\"},\"description\":\"El Ayuntamiento de Alcoy ha dado a conocer el balance del primer periodo de funcionamiento del programa Agente Tutor, una iniciativa impulsada por la Polic\u00eda Local de la ciudad en colaboraci\u00f3n con diversas concejal\u00edas para la protecci\u00f3n y prevenci\u00f3n en el \u00e1mbito infantil y escolar\",\"breadcrumb\":{\"@id\":\"https:\\\/\\\/www.copealcoy.es\\\/es\\\/programa-agente-tutor-mas-de-120-menores-atendidos-en-alcoy-en-un-ano\\\/#breadcrumb\"},\"inLanguage\":\"es\",\"potentialAction\":[{\"@type\":\"ReadAction\",\"target\":[\"https:\\\/\\\/www.copealcoy.es\\\/es\\\/programa-agente-tutor-mas-de-120-menores-atendidos-en-alcoy-en-un-ano\\\/\"]}]},{\"@type\":\"ImageObject\",\"inLanguage\":\"es\",\"@id\":\"https:\\\/\\\/www.copealcoy.es\\\/es\\\/programa-agente-tutor-mas-de-120-menores-atendidos-en-alcoy-en-un-ano\\\/#primaryimage\",\"url\":\"https:\\\/\\\/www.copealcoy.es\\\/wp-content\\\/uploads\\\/2025\\\/03\\\/Agente-Tutor.jpg_1760067043.jpg\",\"contentUrl\":\"https:\\\/\\\/www.copealcoy.es\\\/wp-content\\\/uploads\\\/2025\\\/03\\\/Agente-Tutor.jpg_1760067043.jpg\",\"width\":625,\"height\":469},{\"@type\":\"BreadcrumbList\",\"@id\":\"https:\\\/\\\/www.copealcoy.es\\\/es\\\/programa-agente-tutor-mas-de-120-menores-atendidos-en-alcoy-en-un-ano\\\/#breadcrumb\",\"itemListElement\":[{\"@type\":\"ListItem\",\"position\":1,\"name\":\"Portada\",\"item\":\"https:\\\/\\\/www.copealcoy.es\\\/es\\\/\"},{\"@type\":\"ListItem\",\"position\":2,\"name\":\"Programa Agente Tutor: m\u00e1s de 120 menores atendidos en Alcoy en un a\u00f1o\"}]},{\"@type\":\"WebSite\",\"@id\":\"https:\\\/\\\/www.copealcoy.es\\\/es\\\/#website\",\"url\":\"https:\\\/\\\/www.copealcoy.es\\\/es\\\/\",\"name\":\"COPE Alcoy\",\"description\":\"Emisora COPE de radio local con emisi\u00f3n online. Pont de Sant Jordi 8-10 03803 Alcoy\",\"potentialAction\":[{\"@type\":\"SearchAction\",\"target\":{\"@type\":\"EntryPoint\",\"urlTemplate\":\"https:\\\/\\\/www.copealcoy.es\\\/es\\\/?s={search_term_string}\"},\"query-input\":{\"@type\":\"PropertyValueSpecification\",\"valueRequired\":true,\"valueName\":\"search_term_string\"}}],\"inLanguage\":\"es\"},{\"@type\":\"Person\",\"@id\":\"https:\\\/\\\/www.copealcoy.es\\\/es\\\/#\\\/schema\\\/person\\\/e777c87fa024e57d40170af9df39882c\",\"name\":\"Cope Alcoy\",\"image\":{\"@type\":\"ImageObject\",\"inLanguage\":\"es\",\"@id\":\"https:\\\/\\\/secure.gravatar.com\\\/avatar\\\/bb65d0283347e303893ba14f0692005417c1e0e690a325a4c5d8bb2b3943ee14?s=96&d=mm&r=g\",\"url\":\"https:\\\/\\\/secure.gravatar.com\\\/avatar\\\/bb65d0283347e303893ba14f0692005417c1e0e690a325a4c5d8bb2b3943ee14?s=96&d=mm&r=g\",\"contentUrl\":\"https:\\\/\\\/secure.gravatar.com\\\/avatar\\\/bb65d0283347e303893ba14f0692005417c1e0e690a325a4c5d8bb2b3943ee14?s=96&d=mm&r=g\",\"caption\":\"Cope Alcoy\"}}]}<\/script>\n<!-- \/ Yoast SEO plugin. -->","yoast_head_json":{"title":"Programa Agente Tutor: m\u00e1s de 120 menores atendidos en Alcoy en un a\u00f1o - COPE Alcoy","description":"El Ayuntamiento de Alcoy ha dado a conocer el balance del primer periodo de funcionamiento del programa Agente Tutor, una iniciativa impulsada por la Polic\u00eda Local de la ciudad en colaboraci\u00f3n con diversas concejal\u00edas para la protecci\u00f3n y prevenci\u00f3n en el \u00e1mbito infantil y escolar","robots":{"index":"index","follow":"follow","max-snippet":"max-snippet:-1","max-image-preview":"max-image-preview:large","max-video-preview":"max-video-preview:-1"},"canonical":"https:\/\/www.copealcoy.es\/es\/programa-agente-tutor-mas-de-120-menores-atendidos-en-alcoy-en-un-ano\/","og_locale":"es_ES","og_type":"article","og_title":"Programa Agente Tutor: m\u00e1s de 120 menores atendidos en Alcoy en un a\u00f1o - COPE Alcoy","og_description":"El Ayuntamiento de Alcoy ha dado a conocer el balance del primer periodo de funcionamiento del programa Agente Tutor, una iniciativa impulsada por la Polic\u00eda Local de la ciudad en colaboraci\u00f3n con diversas concejal\u00edas para la protecci\u00f3n y prevenci\u00f3n en el \u00e1mbito infantil y escolar","og_url":"https:\/\/www.copealcoy.es\/es\/programa-agente-tutor-mas-de-120-menores-atendidos-en-alcoy-en-un-ano\/","og_site_name":"COPE Alcoy","article_published_time":"2025-03-17T07:05:39+00:00","article_modified_time":"2025-03-17T11:16:07+00:00","og_image":[{"width":625,"height":469,"url":"https:\/\/www.copealcoy.es\/wp-content\/uploads\/2025\/03\/Agente-Tutor.jpg_1760067043.jpg","type":"image\/jpeg"}],"author":"Cope Alcoy","twitter_misc":{"Escrito por":"Cope Alcoy","Tiempo de lectura":"2 minutos"},"schema":{"@context":"https:\/\/schema.org","@graph":[{"@type":"Article","@id":"https:\/\/www.copealcoy.es\/es\/programa-agente-tutor-mas-de-120-menores-atendidos-en-alcoy-en-un-ano\/#article","isPartOf":{"@id":"https:\/\/www.copealcoy.es\/es\/programa-agente-tutor-mas-de-120-menores-atendidos-en-alcoy-en-un-ano\/"},"author":{"name":"Cope Alcoy","@id":"https:\/\/www.copealcoy.es\/es\/#\/schema\/person\/e777c87fa024e57d40170af9df39882c"},"headline":"Programa Agente Tutor: m\u00e1s de 120 menores atendidos en Alcoy en un a\u00f1o","datePublished":"2025-03-17T07:05:39+00:00","dateModified":"2025-03-17T11:16:07+00:00","mainEntityOfPage":{"@id":"https:\/\/www.copealcoy.es\/es\/programa-agente-tutor-mas-de-120-menores-atendidos-en-alcoy-en-un-ano\/"},"wordCount":336,"commentCount":0,"image":{"@id":"https:\/\/www.copealcoy.es\/es\/programa-agente-tutor-mas-de-120-menores-atendidos-en-alcoy-en-un-ano\/#primaryimage"},"thumbnailUrl":"https:\/\/www.copealcoy.es\/wp-content\/uploads\/2025\/03\/Agente-Tutor.jpg_1760067043.jpg","keywords":["Alcoy","Balance","primer a\u00f1o","Programa Agente Tutor"],"articleSection":["Actualidad","Alcoy","Noticias","Portada"],"inLanguage":"es"},{"@type":"WebPage","@id":"https:\/\/www.copealcoy.es\/es\/programa-agente-tutor-mas-de-120-menores-atendidos-en-alcoy-en-un-ano\/","url":"https:\/\/www.copealcoy.es\/es\/programa-agente-tutor-mas-de-120-menores-atendidos-en-alcoy-en-un-ano\/","name":"Programa Agente Tutor: m\u00e1s de 120 menores atendidos en Alcoy en un a\u00f1o - COPE Alcoy","isPartOf":{"@id":"https:\/\/www.copealcoy.es\/es\/#website"},"primaryImageOfPage":{"@id":"https:\/\/www.copealcoy.es\/es\/programa-agente-tutor-mas-de-120-menores-atendidos-en-alcoy-en-un-ano\/#primaryimage"},"image":{"@id":"https:\/\/www.copealcoy.es\/es\/programa-agente-tutor-mas-de-120-menores-atendidos-en-alcoy-en-un-ano\/#primaryimage"},"thumbnailUrl":"https:\/\/www.copealcoy.es\/wp-content\/uploads\/2025\/03\/Agente-Tutor.jpg_1760067043.jpg","datePublished":"2025-03-17T07:05:39+00:00","dateModified":"2025-03-17T11:16:07+00:00","author":{"@id":"https:\/\/www.copealcoy.es\/es\/#\/schema\/person\/e777c87fa024e57d40170af9df39882c"},"description":"El Ayuntamiento de Alcoy ha dado a conocer el balance del primer periodo de funcionamiento del programa Agente Tutor, una iniciativa impulsada por la Polic\u00eda Local de la ciudad en colaboraci\u00f3n con diversas concejal\u00edas para la protecci\u00f3n y prevenci\u00f3n en el \u00e1mbito infantil y escolar","breadcrumb":{"@id":"https:\/\/www.copealcoy.es\/es\/programa-agente-tutor-mas-de-120-menores-atendidos-en-alcoy-en-un-ano\/#breadcrumb"},"inLanguage":"es","potentialAction":[{"@type":"ReadAction","target":["https:\/\/www.copealcoy.es\/es\/programa-agente-tutor-mas-de-120-menores-atendidos-en-alcoy-en-un-ano\/"]}]},{"@type":"ImageObject","inLanguage":"es","@id":"https:\/\/www.copealcoy.es\/es\/programa-agente-tutor-mas-de-120-menores-atendidos-en-alcoy-en-un-ano\/#primaryimage","url":"https:\/\/www.copealcoy.es\/wp-content\/uploads\/2025\/03\/Agente-Tutor.jpg_1760067043.jpg","contentUrl":"https:\/\/www.copealcoy.es\/wp-content\/uploads\/2025\/03\/Agente-Tutor.jpg_1760067043.jpg","width":625,"height":469},{"@type":"BreadcrumbList","@id":"https:\/\/www.copealcoy.es\/es\/programa-agente-tutor-mas-de-120-menores-atendidos-en-alcoy-en-un-ano\/#breadcrumb","itemListElement":[{"@type":"ListItem","position":1,"name":"Portada","item":"https:\/\/www.copealcoy.es\/es\/"},{"@type":"ListItem","position":2,"name":"Programa Agente Tutor: m\u00e1s de 120 menores atendidos en Alcoy en un a\u00f1o"}]},{"@type":"WebSite","@id":"https:\/\/www.copealcoy.es\/es\/#website","url":"https:\/\/www.copealcoy.es\/es\/","name":"COPE Alcoy","description":"Emisora COPE de radio local con emisi\u00f3n online. Pont de Sant Jordi 8-10 03803 Alcoy","potentialAction":[{"@type":"SearchAction","target":{"@type":"EntryPoint","urlTemplate":"https:\/\/www.copealcoy.es\/es\/?s={search_term_string}"},"query-input":{"@type":"PropertyValueSpecification","valueRequired":true,"valueName":"search_term_string"}}],"inLanguage":"es"},{"@type":"Person","@id":"https:\/\/www.copealcoy.es\/es\/#\/schema\/person\/e777c87fa024e57d40170af9df39882c","name":"Cope Alcoy","image":{"@type":"ImageObject","inLanguage":"es","@id":"https:\/\/secure.gravatar.com\/avatar\/bb65d0283347e303893ba14f0692005417c1e0e690a325a4c5d8bb2b3943ee14?s=96&d=mm&r=g","url":"https:\/\/secure.gravatar.com\/avatar\/bb65d0283347e303893ba14f0692005417c1e0e690a325a4c5d8bb2b3943ee14?s=96&d=mm&r=g","contentUrl":"https:\/\/secure.gravatar.com\/avatar\/bb65d0283347e303893ba14f0692005417c1e0e690a325a4c5d8bb2b3943ee14?s=96&d=mm&r=g","caption":"Cope Alcoy"}}]}},"_links":{"self":[{"href":"https:\/\/www.copealcoy.es\/es\/wp-json\/wp\/v2\/posts\/148916","targetHints":{"allow":["GET"]}}],"collection":[{"href":"https:\/\/www.copealcoy.es\/es\/wp-json\/wp\/v2\/posts"}],"about":[{"href":"https:\/\/www.copealcoy.es\/es\/wp-json\/wp\/v2\/types\/post"}],"author":[{"embeddable":true,"href":"https:\/\/www.copealcoy.es\/es\/wp-json\/wp\/v2\/users\/1"}],"replies":[{"embeddable":true,"href":"https:\/\/www.copealcoy.es\/es\/wp-json\/wp\/v2\/comments?post=148916"}],"version-history":[{"count":0,"href":"https:\/\/www.copealcoy.es\/es\/wp-json\/wp\/v2\/posts\/148916\/revisions"}],"wp:featuredmedia":[{"embeddable":true,"href":"https:\/\/www.copealcoy.es\/es\/wp-json\/wp\/v2\/media\/148917"}],"wp:attachment":[{"href":"https:\/\/www.copealcoy.es\/es\/wp-json\/wp\/v2\/media?parent=148916"}],"wp:term":[{"taxonomy":"category","embeddable":true,"href":"https:\/\/www.copealcoy.es\/es\/wp-json\/wp\/v2\/categories?post=148916"},{"taxonomy":"post_tag","embeddable":true,"href":"https:\/\/www.copealcoy.es\/es\/wp-json\/wp\/v2\/tags?post=148916"}],"curies":[{"name":"wp","href":"https:\/\/api.w.org\/{rel}","templated":true}]}}