{"id":148888,"date":"2025-03-13T08:05:46","date_gmt":"2025-03-13T07:05:46","guid":{"rendered":"https:\/\/www.copealcoy.es\/?p=148888"},"modified":"2025-03-13T13:19:52","modified_gmt":"2025-03-13T12:19:52","slug":"la-mostra-de-teatre-amateur-de-cocentaina-volvio-a-conectar-con-el-publico","status":"publish","type":"post","link":"https:\/\/www.copealcoy.es\/es\/la-mostra-de-teatre-amateur-de-cocentaina-volvio-a-conectar-con-el-publico\/","title":{"rendered":"&#8216;La Mostra de Teatre Amateur&#8217; de Cocentaina volvi\u00f3 a conectar con el p\u00fablico"},"content":{"rendered":"<p style=\"text-align: justify;\">El pasado s\u00e1bado 22 de febrero, se llev\u00f3 a cabo en Cocentaina <strong>el cierre de la XXV edici\u00f3n de su \u2018Mostra de Teatre Amateur\u2019<\/strong> en el Centre Cultural El Teular, donde <strong>el grupo local <a href=\"https:\/\/www.facebook.com\/TeloTeatre\" target=\"_blank\" rel=\"noopener\"><span style=\"color: #0000ff;\">Tel\u00f3 Teatre<\/span><\/a><\/strong> present\u00f3 la obra<strong> \u2018La Malquerida\u2019<\/strong>, del reconocido dramaturgo Jacinto Benavente. La direcci\u00f3n del montaje <strong>estuvo a cargo de Milagro Sell\u00e9s<\/strong>, quien tambi\u00e9n asumi\u00f3 en esta ocasi\u00f3n el papel protagonista de la citada representaci\u00f3n, lo que supuso un doble desaf\u00edo para ella. \u201c<em>Hemos estado muchos meses trabajando y, pese a los nervios previos al estreno, todo ha salido muy bien<\/em>\u201d, coment\u00f3 Sell\u00e9s tras la exitosa puesta en escena.<\/p>\n<p style=\"text-align: justify;\"><strong>Sa\u00fal Santonja<\/strong>, presidente de Tel\u00f3 Teatre, expres\u00f3\u00a0 tambi\u00e9n su satisfacci\u00f3n por <strong>el buen desarrollo del certamen<\/strong> y por la acogida que el p\u00fablico hab\u00eda brindado hacia las diversas propuestas presentadas. \u201c<em>Hemos tratado de ofrecer una programaci\u00f3n variada y es un gran placer cerrar esta edici\u00f3n ante tantas personas que nos apoyan en nuestras actividades a lo largo del a\u00f1o<\/em>\u201d, afirm\u00f3 nada m\u00e1s finalizar la &#8216;Mostra&#8217; del 2025. Cabe recordar que<strong> la clausura sirvi\u00f3 de marco perfecto para rendir un emotivo homenaje a Paco Insa<\/strong>, una figura emblem\u00e1tica del teatro en la Villa Condal y fundador de lo que es hoy Tel\u00f3 Teatre en 1967. Insa ha participado en m\u00e1s de cincuenta montajes como director, actor y creador. Durante el reconocimiento, <strong>se le entreg\u00f3 un detalle conmemorativo<\/strong> mientras el p\u00fablico aplaud\u00eda con entusiasmo a todo un referente de las artes esc\u00e9nicas contestanas.<\/p>\n<p style=\"text-align: justify;\">Apuntar que la \u2018Mostra de Teatre Amateur Vila de Cocentaina\u2019 comenz\u00f3 el 8 de febrero con <strong>\u2018L\u2019\u00e0nima dels llibres\u2019<\/strong>, presentada por DesBaratats Teatre de Alicante, y continu\u00f3 el s\u00e1bado d\u00eda 15 de febrero con la comedia &#8216;<strong>Ja en tinc 30&#8242;<\/strong> de la agrupaci\u00f3n \u00c0gora Teatre, procedente de Carcaixent.<\/p>\n","protected":false},"excerpt":{"rendered":"<p>El pasado s\u00e1bado 22 de febrero, se llev\u00f3 a cabo en Cocentaina el cierre de la XXV edici\u00f3n de su&#8230;<\/p>\n","protected":false},"author":1,"featured_media":148889,"comment_status":"open","ping_status":"open","sticky":false,"template":"","format":"standard","meta":{"footnotes":""},"categories":[6909,98,75],"tags":[5243,132,901,7062,19308,630],"class_list":["post-148888","post","type-post","status-publish","format-standard","has-post-thumbnail","hentry","category-actualidad","category-comarcas","category-noticias","tag-clausura","tag-cocentaina","tag-homenaje","tag-mostra-de-teatre-amateur","tag-paco-insa","tag-telo-teatre"],"yoast_head":"<!-- This site is optimized with the Yoast SEO plugin v27.3 - https:\/\/yoast.com\/product\/yoast-seo-wordpress\/ -->\n<title>&#039;La Mostra de Teatre Amateur&#039; de Cocentaina volvi\u00f3 a conectar con el p\u00fablico - COPE Alcoy<\/title>\n<meta name=\"description\" content=\"El pasado s\u00e1bado 22 de febrero, se llev\u00f3 a cabo en Cocentaina el cierre de la XXV edici\u00f3n de su \u2018Mostra de Teatre Amateur\u2019 en el Centre Cultural El Teular, donde el grupo local Tel\u00f3 Teatre present\u00f3 la obra \u2018La Malquerida\u2019\" \/>\n<meta name=\"robots\" content=\"index, follow, max-snippet:-1, max-image-preview:large, max-video-preview:-1\" \/>\n<link rel=\"canonical\" href=\"https:\/\/www.copealcoy.es\/es\/la-mostra-de-teatre-amateur-de-cocentaina-volvio-a-conectar-con-el-publico\/\" \/>\n<meta property=\"og:locale\" content=\"es_ES\" \/>\n<meta property=\"og:type\" content=\"article\" \/>\n<meta property=\"og:title\" content=\"&#039;La Mostra de Teatre Amateur&#039; de Cocentaina volvi\u00f3 a conectar con el p\u00fablico - COPE Alcoy\" \/>\n<meta property=\"og:description\" content=\"El pasado s\u00e1bado 22 de febrero, se llev\u00f3 a cabo en Cocentaina el cierre de la XXV edici\u00f3n de su \u2018Mostra de Teatre Amateur\u2019 en el Centre Cultural El Teular, donde el grupo local Tel\u00f3 Teatre present\u00f3 la obra \u2018La Malquerida\u2019\" \/>\n<meta property=\"og:url\" content=\"https:\/\/www.copealcoy.es\/es\/la-mostra-de-teatre-amateur-de-cocentaina-volvio-a-conectar-con-el-publico\/\" \/>\n<meta property=\"og:site_name\" content=\"COPE Alcoy\" \/>\n<meta property=\"article:published_time\" content=\"2025-03-13T07:05:46+00:00\" \/>\n<meta property=\"article:modified_time\" content=\"2025-03-13T12:19:52+00:00\" \/>\n<meta property=\"og:image\" content=\"https:\/\/www.copealcoy.es\/wp-content\/uploads\/2025\/03\/2-Paco-Insa-recibio-un-reconocimiento-por-su-entrega-a-Telo-Teatre-Foto-Paco-Sempere.jpg\" \/>\n\t<meta property=\"og:image:width\" content=\"921\" \/>\n\t<meta property=\"og:image:height\" content=\"537\" \/>\n\t<meta property=\"og:image:type\" content=\"image\/jpeg\" \/>\n<meta name=\"author\" content=\"Cope Alcoy\" \/>\n<meta name=\"twitter:label1\" content=\"Escrito por\" \/>\n\t<meta name=\"twitter:data1\" content=\"Cope Alcoy\" \/>\n\t<meta name=\"twitter:label2\" content=\"Tiempo de lectura\" \/>\n\t<meta name=\"twitter:data2\" content=\"2 minutos\" \/>\n<script type=\"application\/ld+json\" class=\"yoast-schema-graph\">{\"@context\":\"https:\\\/\\\/schema.org\",\"@graph\":[{\"@type\":\"Article\",\"@id\":\"https:\\\/\\\/www.copealcoy.es\\\/es\\\/la-mostra-de-teatre-amateur-de-cocentaina-volvio-a-conectar-con-el-publico\\\/#article\",\"isPartOf\":{\"@id\":\"https:\\\/\\\/www.copealcoy.es\\\/es\\\/la-mostra-de-teatre-amateur-de-cocentaina-volvio-a-conectar-con-el-publico\\\/\"},\"author\":{\"name\":\"Cope Alcoy\",\"@id\":\"https:\\\/\\\/www.copealcoy.es\\\/es\\\/#\\\/schema\\\/person\\\/e777c87fa024e57d40170af9df39882c\"},\"headline\":\"&#8216;La Mostra de Teatre Amateur&#8217; de Cocentaina volvi\u00f3 a conectar con el p\u00fablico\",\"datePublished\":\"2025-03-13T07:05:46+00:00\",\"dateModified\":\"2025-03-13T12:19:52+00:00\",\"mainEntityOfPage\":{\"@id\":\"https:\\\/\\\/www.copealcoy.es\\\/es\\\/la-mostra-de-teatre-amateur-de-cocentaina-volvio-a-conectar-con-el-publico\\\/\"},\"wordCount\":327,\"commentCount\":0,\"image\":{\"@id\":\"https:\\\/\\\/www.copealcoy.es\\\/es\\\/la-mostra-de-teatre-amateur-de-cocentaina-volvio-a-conectar-con-el-publico\\\/#primaryimage\"},\"thumbnailUrl\":\"https:\\\/\\\/www.copealcoy.es\\\/wp-content\\\/uploads\\\/2025\\\/03\\\/2-Paco-Insa-recibio-un-reconocimiento-por-su-entrega-a-Telo-Teatre-Foto-Paco-Sempere.jpg\",\"keywords\":[\"clausura\",\"Cocentaina\",\"Homenaje\",\"Mostra de Teatre Amateur\",\"Paco Insa\",\"Tel\u00f3 Teatre\"],\"articleSection\":[\"Actualidad\",\"Comarcas\",\"Noticias\"],\"inLanguage\":\"es\"},{\"@type\":\"WebPage\",\"@id\":\"https:\\\/\\\/www.copealcoy.es\\\/es\\\/la-mostra-de-teatre-amateur-de-cocentaina-volvio-a-conectar-con-el-publico\\\/\",\"url\":\"https:\\\/\\\/www.copealcoy.es\\\/es\\\/la-mostra-de-teatre-amateur-de-cocentaina-volvio-a-conectar-con-el-publico\\\/\",\"name\":\"'La Mostra de Teatre Amateur' de Cocentaina volvi\u00f3 a conectar con el p\u00fablico - COPE Alcoy\",\"isPartOf\":{\"@id\":\"https:\\\/\\\/www.copealcoy.es\\\/es\\\/#website\"},\"primaryImageOfPage\":{\"@id\":\"https:\\\/\\\/www.copealcoy.es\\\/es\\\/la-mostra-de-teatre-amateur-de-cocentaina-volvio-a-conectar-con-el-publico\\\/#primaryimage\"},\"image\":{\"@id\":\"https:\\\/\\\/www.copealcoy.es\\\/es\\\/la-mostra-de-teatre-amateur-de-cocentaina-volvio-a-conectar-con-el-publico\\\/#primaryimage\"},\"thumbnailUrl\":\"https:\\\/\\\/www.copealcoy.es\\\/wp-content\\\/uploads\\\/2025\\\/03\\\/2-Paco-Insa-recibio-un-reconocimiento-por-su-entrega-a-Telo-Teatre-Foto-Paco-Sempere.jpg\",\"datePublished\":\"2025-03-13T07:05:46+00:00\",\"dateModified\":\"2025-03-13T12:19:52+00:00\",\"author\":{\"@id\":\"https:\\\/\\\/www.copealcoy.es\\\/es\\\/#\\\/schema\\\/person\\\/e777c87fa024e57d40170af9df39882c\"},\"description\":\"El pasado s\u00e1bado 22 de febrero, se llev\u00f3 a cabo en Cocentaina el cierre de la XXV edici\u00f3n de su \u2018Mostra de Teatre Amateur\u2019 en el Centre Cultural El Teular, donde el grupo local Tel\u00f3 Teatre present\u00f3 la obra \u2018La Malquerida\u2019\",\"breadcrumb\":{\"@id\":\"https:\\\/\\\/www.copealcoy.es\\\/es\\\/la-mostra-de-teatre-amateur-de-cocentaina-volvio-a-conectar-con-el-publico\\\/#breadcrumb\"},\"inLanguage\":\"es\",\"potentialAction\":[{\"@type\":\"ReadAction\",\"target\":[\"https:\\\/\\\/www.copealcoy.es\\\/es\\\/la-mostra-de-teatre-amateur-de-cocentaina-volvio-a-conectar-con-el-publico\\\/\"]}]},{\"@type\":\"ImageObject\",\"inLanguage\":\"es\",\"@id\":\"https:\\\/\\\/www.copealcoy.es\\\/es\\\/la-mostra-de-teatre-amateur-de-cocentaina-volvio-a-conectar-con-el-publico\\\/#primaryimage\",\"url\":\"https:\\\/\\\/www.copealcoy.es\\\/wp-content\\\/uploads\\\/2025\\\/03\\\/2-Paco-Insa-recibio-un-reconocimiento-por-su-entrega-a-Telo-Teatre-Foto-Paco-Sempere.jpg\",\"contentUrl\":\"https:\\\/\\\/www.copealcoy.es\\\/wp-content\\\/uploads\\\/2025\\\/03\\\/2-Paco-Insa-recibio-un-reconocimiento-por-su-entrega-a-Telo-Teatre-Foto-Paco-Sempere.jpg\",\"width\":921,\"height\":537},{\"@type\":\"BreadcrumbList\",\"@id\":\"https:\\\/\\\/www.copealcoy.es\\\/es\\\/la-mostra-de-teatre-amateur-de-cocentaina-volvio-a-conectar-con-el-publico\\\/#breadcrumb\",\"itemListElement\":[{\"@type\":\"ListItem\",\"position\":1,\"name\":\"Portada\",\"item\":\"https:\\\/\\\/www.copealcoy.es\\\/es\\\/\"},{\"@type\":\"ListItem\",\"position\":2,\"name\":\"&#8216;La Mostra de Teatre Amateur&#8217; de Cocentaina volvi\u00f3 a conectar con el p\u00fablico\"}]},{\"@type\":\"WebSite\",\"@id\":\"https:\\\/\\\/www.copealcoy.es\\\/es\\\/#website\",\"url\":\"https:\\\/\\\/www.copealcoy.es\\\/es\\\/\",\"name\":\"COPE Alcoy\",\"description\":\"Emisora COPE de radio local con emisi\u00f3n online. Pont de Sant Jordi 8-10 03803 Alcoy\",\"potentialAction\":[{\"@type\":\"SearchAction\",\"target\":{\"@type\":\"EntryPoint\",\"urlTemplate\":\"https:\\\/\\\/www.copealcoy.es\\\/es\\\/?s={search_term_string}\"},\"query-input\":{\"@type\":\"PropertyValueSpecification\",\"valueRequired\":true,\"valueName\":\"search_term_string\"}}],\"inLanguage\":\"es\"},{\"@type\":\"Person\",\"@id\":\"https:\\\/\\\/www.copealcoy.es\\\/es\\\/#\\\/schema\\\/person\\\/e777c87fa024e57d40170af9df39882c\",\"name\":\"Cope Alcoy\",\"image\":{\"@type\":\"ImageObject\",\"inLanguage\":\"es\",\"@id\":\"https:\\\/\\\/secure.gravatar.com\\\/avatar\\\/bb65d0283347e303893ba14f0692005417c1e0e690a325a4c5d8bb2b3943ee14?s=96&d=mm&r=g\",\"url\":\"https:\\\/\\\/secure.gravatar.com\\\/avatar\\\/bb65d0283347e303893ba14f0692005417c1e0e690a325a4c5d8bb2b3943ee14?s=96&d=mm&r=g\",\"contentUrl\":\"https:\\\/\\\/secure.gravatar.com\\\/avatar\\\/bb65d0283347e303893ba14f0692005417c1e0e690a325a4c5d8bb2b3943ee14?s=96&d=mm&r=g\",\"caption\":\"Cope Alcoy\"}}]}<\/script>\n<!-- \/ Yoast SEO plugin. -->","yoast_head_json":{"title":"'La Mostra de Teatre Amateur' de Cocentaina volvi\u00f3 a conectar con el p\u00fablico - COPE Alcoy","description":"El pasado s\u00e1bado 22 de febrero, se llev\u00f3 a cabo en Cocentaina el cierre de la XXV edici\u00f3n de su \u2018Mostra de Teatre Amateur\u2019 en el Centre Cultural El Teular, donde el grupo local Tel\u00f3 Teatre present\u00f3 la obra \u2018La Malquerida\u2019","robots":{"index":"index","follow":"follow","max-snippet":"max-snippet:-1","max-image-preview":"max-image-preview:large","max-video-preview":"max-video-preview:-1"},"canonical":"https:\/\/www.copealcoy.es\/es\/la-mostra-de-teatre-amateur-de-cocentaina-volvio-a-conectar-con-el-publico\/","og_locale":"es_ES","og_type":"article","og_title":"'La Mostra de Teatre Amateur' de Cocentaina volvi\u00f3 a conectar con el p\u00fablico - COPE Alcoy","og_description":"El pasado s\u00e1bado 22 de febrero, se llev\u00f3 a cabo en Cocentaina el cierre de la XXV edici\u00f3n de su \u2018Mostra de Teatre Amateur\u2019 en el Centre Cultural El Teular, donde el grupo local Tel\u00f3 Teatre present\u00f3 la obra \u2018La Malquerida\u2019","og_url":"https:\/\/www.copealcoy.es\/es\/la-mostra-de-teatre-amateur-de-cocentaina-volvio-a-conectar-con-el-publico\/","og_site_name":"COPE Alcoy","article_published_time":"2025-03-13T07:05:46+00:00","article_modified_time":"2025-03-13T12:19:52+00:00","og_image":[{"width":921,"height":537,"url":"https:\/\/www.copealcoy.es\/wp-content\/uploads\/2025\/03\/2-Paco-Insa-recibio-un-reconocimiento-por-su-entrega-a-Telo-Teatre-Foto-Paco-Sempere.jpg","type":"image\/jpeg"}],"author":"Cope Alcoy","twitter_misc":{"Escrito por":"Cope Alcoy","Tiempo de lectura":"2 minutos"},"schema":{"@context":"https:\/\/schema.org","@graph":[{"@type":"Article","@id":"https:\/\/www.copealcoy.es\/es\/la-mostra-de-teatre-amateur-de-cocentaina-volvio-a-conectar-con-el-publico\/#article","isPartOf":{"@id":"https:\/\/www.copealcoy.es\/es\/la-mostra-de-teatre-amateur-de-cocentaina-volvio-a-conectar-con-el-publico\/"},"author":{"name":"Cope Alcoy","@id":"https:\/\/www.copealcoy.es\/es\/#\/schema\/person\/e777c87fa024e57d40170af9df39882c"},"headline":"&#8216;La Mostra de Teatre Amateur&#8217; de Cocentaina volvi\u00f3 a conectar con el p\u00fablico","datePublished":"2025-03-13T07:05:46+00:00","dateModified":"2025-03-13T12:19:52+00:00","mainEntityOfPage":{"@id":"https:\/\/www.copealcoy.es\/es\/la-mostra-de-teatre-amateur-de-cocentaina-volvio-a-conectar-con-el-publico\/"},"wordCount":327,"commentCount":0,"image":{"@id":"https:\/\/www.copealcoy.es\/es\/la-mostra-de-teatre-amateur-de-cocentaina-volvio-a-conectar-con-el-publico\/#primaryimage"},"thumbnailUrl":"https:\/\/www.copealcoy.es\/wp-content\/uploads\/2025\/03\/2-Paco-Insa-recibio-un-reconocimiento-por-su-entrega-a-Telo-Teatre-Foto-Paco-Sempere.jpg","keywords":["clausura","Cocentaina","Homenaje","Mostra de Teatre Amateur","Paco Insa","Tel\u00f3 Teatre"],"articleSection":["Actualidad","Comarcas","Noticias"],"inLanguage":"es"},{"@type":"WebPage","@id":"https:\/\/www.copealcoy.es\/es\/la-mostra-de-teatre-amateur-de-cocentaina-volvio-a-conectar-con-el-publico\/","url":"https:\/\/www.copealcoy.es\/es\/la-mostra-de-teatre-amateur-de-cocentaina-volvio-a-conectar-con-el-publico\/","name":"'La Mostra de Teatre Amateur' de Cocentaina volvi\u00f3 a conectar con el p\u00fablico - COPE Alcoy","isPartOf":{"@id":"https:\/\/www.copealcoy.es\/es\/#website"},"primaryImageOfPage":{"@id":"https:\/\/www.copealcoy.es\/es\/la-mostra-de-teatre-amateur-de-cocentaina-volvio-a-conectar-con-el-publico\/#primaryimage"},"image":{"@id":"https:\/\/www.copealcoy.es\/es\/la-mostra-de-teatre-amateur-de-cocentaina-volvio-a-conectar-con-el-publico\/#primaryimage"},"thumbnailUrl":"https:\/\/www.copealcoy.es\/wp-content\/uploads\/2025\/03\/2-Paco-Insa-recibio-un-reconocimiento-por-su-entrega-a-Telo-Teatre-Foto-Paco-Sempere.jpg","datePublished":"2025-03-13T07:05:46+00:00","dateModified":"2025-03-13T12:19:52+00:00","author":{"@id":"https:\/\/www.copealcoy.es\/es\/#\/schema\/person\/e777c87fa024e57d40170af9df39882c"},"description":"El pasado s\u00e1bado 22 de febrero, se llev\u00f3 a cabo en Cocentaina el cierre de la XXV edici\u00f3n de su \u2018Mostra de Teatre Amateur\u2019 en el Centre Cultural El Teular, donde el grupo local Tel\u00f3 Teatre present\u00f3 la obra \u2018La Malquerida\u2019","breadcrumb":{"@id":"https:\/\/www.copealcoy.es\/es\/la-mostra-de-teatre-amateur-de-cocentaina-volvio-a-conectar-con-el-publico\/#breadcrumb"},"inLanguage":"es","potentialAction":[{"@type":"ReadAction","target":["https:\/\/www.copealcoy.es\/es\/la-mostra-de-teatre-amateur-de-cocentaina-volvio-a-conectar-con-el-publico\/"]}]},{"@type":"ImageObject","inLanguage":"es","@id":"https:\/\/www.copealcoy.es\/es\/la-mostra-de-teatre-amateur-de-cocentaina-volvio-a-conectar-con-el-publico\/#primaryimage","url":"https:\/\/www.copealcoy.es\/wp-content\/uploads\/2025\/03\/2-Paco-Insa-recibio-un-reconocimiento-por-su-entrega-a-Telo-Teatre-Foto-Paco-Sempere.jpg","contentUrl":"https:\/\/www.copealcoy.es\/wp-content\/uploads\/2025\/03\/2-Paco-Insa-recibio-un-reconocimiento-por-su-entrega-a-Telo-Teatre-Foto-Paco-Sempere.jpg","width":921,"height":537},{"@type":"BreadcrumbList","@id":"https:\/\/www.copealcoy.es\/es\/la-mostra-de-teatre-amateur-de-cocentaina-volvio-a-conectar-con-el-publico\/#breadcrumb","itemListElement":[{"@type":"ListItem","position":1,"name":"Portada","item":"https:\/\/www.copealcoy.es\/es\/"},{"@type":"ListItem","position":2,"name":"&#8216;La Mostra de Teatre Amateur&#8217; de Cocentaina volvi\u00f3 a conectar con el p\u00fablico"}]},{"@type":"WebSite","@id":"https:\/\/www.copealcoy.es\/es\/#website","url":"https:\/\/www.copealcoy.es\/es\/","name":"COPE Alcoy","description":"Emisora COPE de radio local con emisi\u00f3n online. Pont de Sant Jordi 8-10 03803 Alcoy","potentialAction":[{"@type":"SearchAction","target":{"@type":"EntryPoint","urlTemplate":"https:\/\/www.copealcoy.es\/es\/?s={search_term_string}"},"query-input":{"@type":"PropertyValueSpecification","valueRequired":true,"valueName":"search_term_string"}}],"inLanguage":"es"},{"@type":"Person","@id":"https:\/\/www.copealcoy.es\/es\/#\/schema\/person\/e777c87fa024e57d40170af9df39882c","name":"Cope Alcoy","image":{"@type":"ImageObject","inLanguage":"es","@id":"https:\/\/secure.gravatar.com\/avatar\/bb65d0283347e303893ba14f0692005417c1e0e690a325a4c5d8bb2b3943ee14?s=96&d=mm&r=g","url":"https:\/\/secure.gravatar.com\/avatar\/bb65d0283347e303893ba14f0692005417c1e0e690a325a4c5d8bb2b3943ee14?s=96&d=mm&r=g","contentUrl":"https:\/\/secure.gravatar.com\/avatar\/bb65d0283347e303893ba14f0692005417c1e0e690a325a4c5d8bb2b3943ee14?s=96&d=mm&r=g","caption":"Cope Alcoy"}}]}},"_links":{"self":[{"href":"https:\/\/www.copealcoy.es\/es\/wp-json\/wp\/v2\/posts\/148888","targetHints":{"allow":["GET"]}}],"collection":[{"href":"https:\/\/www.copealcoy.es\/es\/wp-json\/wp\/v2\/posts"}],"about":[{"href":"https:\/\/www.copealcoy.es\/es\/wp-json\/wp\/v2\/types\/post"}],"author":[{"embeddable":true,"href":"https:\/\/www.copealcoy.es\/es\/wp-json\/wp\/v2\/users\/1"}],"replies":[{"embeddable":true,"href":"https:\/\/www.copealcoy.es\/es\/wp-json\/wp\/v2\/comments?post=148888"}],"version-history":[{"count":0,"href":"https:\/\/www.copealcoy.es\/es\/wp-json\/wp\/v2\/posts\/148888\/revisions"}],"wp:featuredmedia":[{"embeddable":true,"href":"https:\/\/www.copealcoy.es\/es\/wp-json\/wp\/v2\/media\/148889"}],"wp:attachment":[{"href":"https:\/\/www.copealcoy.es\/es\/wp-json\/wp\/v2\/media?parent=148888"}],"wp:term":[{"taxonomy":"category","embeddable":true,"href":"https:\/\/www.copealcoy.es\/es\/wp-json\/wp\/v2\/categories?post=148888"},{"taxonomy":"post_tag","embeddable":true,"href":"https:\/\/www.copealcoy.es\/es\/wp-json\/wp\/v2\/tags?post=148888"}],"curies":[{"name":"wp","href":"https:\/\/api.w.org\/{rel}","templated":true}]}}