{"id":148846,"date":"2025-03-11T07:30:19","date_gmt":"2025-03-11T06:30:19","guid":{"rendered":"https:\/\/www.copealcoy.es\/?p=148846"},"modified":"2025-03-11T11:23:12","modified_gmt":"2025-03-11T10:23:12","slug":"informativo-matinal-martes-11-de-marzo-2025-0750h","status":"publish","type":"post","link":"https:\/\/www.copealcoy.es\/es\/informativo-matinal-martes-11-de-marzo-2025-0750h\/","title":{"rendered":"Informativo matinal martes 11 de marzo 2025 (07:50h)"},"content":{"rendered":"<p><iframe loading=\"lazy\" title=\"Informativo Matinal Martes 11 De Marzo 2025 (07:50h)\" width=\"100%\" height=\"120\" src=\"https:\/\/www.mixcloud.com\/widget\/iframe\/?feed=https%3A%2F%2Fwww.mixcloud.com%2FCOPEAlcoy%2Finformativo-matinal-l-de-marzo-2025-0750h%2F&amp;hide_cover=1\" frameborder=\"0\"><\/iframe><\/p>\n<p style=\"text-align: justify;\">Hoy martes os hemos contado que <strong>avanza la colocaci\u00f3n de las nuevas almenas del tramo de la Enramada de Fiestas<\/strong> correspondiente a la plaza de Espa\u00f1a. Tambi\u00e9n <strong>hemos hablado del final de las obras para adaptar La Rosaleda a la legalidad<\/strong>.<\/p>\n<p style=\"text-align: justify;\">El\u00a0<span style=\"color: #0000ff;\"><a style=\"color: #0000ff;\" href=\"https:\/\/www.alcoi.org\/ca\/portal\/index.html\" target=\"_blank\" rel=\"noopener\"><strong>Ayuntamiento de Alcoy<\/strong><\/a><\/span>\u00a0ha comunicado\u00a0<strong>la aprobaci\u00f3n de una segunda ampliaci\u00f3n del plazo de ejecuci\u00f3n de la reforma de la plaza de La Rosaleda<\/strong>, por un periodo adicional de ocho semanas.\u00a0 La intervenci\u00f3n, que inicialmente estaba previsto que acabar\u00e1 a finales del pasado a\u00f1o,\u00a0<strong>estar\u00e1 lista de cara al verano<\/strong>\u00a0seg\u00fan corroboran desde el mismo consistorio.<\/p>\n<p style=\"text-align: justify;\">La\u00a0<strong>necesidad de esta nueva pr\u00f3rroga<\/strong>\u00a0se debe a una sobrecarga estructural que ha requerido reformas en la cimentaci\u00f3n y estructura del recinto. El Ingeniero de Caminos, Canales y Puertos Municipal, quien act\u00faa como coordinador t\u00e9cnico del proyecto, ha evaluado y aceptado la justificaci\u00f3n presentada por la empresa constructora para esta extensi\u00f3n del plazo. Entre<strong>\u00a0los factores<\/strong>\u00a0que han influido en esta decisi\u00f3n se encuentran la falta de operatividad de subcontratistas y proveedores afectados por las recientes lluvias torrenciales (DANA), as\u00ed como la complejidad asociada a cimentar el monumento en honor a San Jorge. Adem\u00e1s, se han reportado retrasos en el lijado y pavimentaci\u00f3n debido a filtraciones provocadas por las lluvias y se han detectado fisuras y desconchados en las cubetas del forjado preexistente. Con esta pr\u00f3rroga,\u00a0<strong>el nuevo plazo de finalizaci\u00f3n se establece para el 11 de mayo de 2025<\/strong>\u00a0\u00ab<em>desde el Ayuntamiento queremos asegurar que esta obra se ejecute correctamente y con la calidad necesaria para que la plaza sea un espacio seguro, accesible y sostenible para la ciudadan\u00eda. Comprendemos las molestias que esta ampliaci\u00f3n pueda suponer, pero es fundamental que la actuaci\u00f3n se lleve a cabo conforme a los criterios t\u00e9cnicos y estructurales adecuados\u00bb<\/em>, se\u00f1ala la edil de Urbanismo;\u00a0<strong>Vanessa Molt\u00f3<\/strong>.<\/p>\n<p style=\"text-align: justify;\">Cabe recordar que\u00a0<strong>en septiembre de 2024 ya se hab\u00eda concedido una primera pr\u00f3rroga de tres meses y medio<\/strong>\u00a0debido a diversas incidencias imprevistas, como dificultades iniciales para acceder a los s\u00f3tanos del edificio, gesti\u00f3n inadecuada de residuos acumulados por el concesionario, presencia de escombros ocultos y la necesidad de ralentizar la demolici\u00f3n para minimizar las molestias a los vecinos. La actuaci\u00f3n, que supera los m\u00e1s de cuatro millones de euros,\u00a0<strong>se est\u00e1 realizando para adaptar la plaza cumpliendo as\u00ed con la sentencia del TSJ que la declar\u00f3 ilegal<\/strong>\u00a0al haberse eliminado la zona verde existente en este punto antes de la construcci\u00f3n del aparcamiento.<\/p>\n","protected":false},"excerpt":{"rendered":"<p>Hoy martes os hemos contado que avanza la colocaci\u00f3n de las nuevas almenas del tramo de la Enramada de Fiestas&#8230;<\/p>\n","protected":false},"author":1,"featured_media":147669,"comment_status":"open","ping_status":"open","sticky":false,"template":"","format":"standard","meta":{"footnotes":""},"categories":[6909,89,91,75],"tags":[],"class_list":["post-148846","post","type-post","status-publish","format-standard","has-post-thumbnail","hentry","category-actualidad","category-audiosdelosprogramas","category-informativos","category-noticias"],"yoast_head":"<!-- This site is optimized with the Yoast SEO plugin v27.3 - https:\/\/yoast.com\/product\/yoast-seo-wordpress\/ -->\n<title>Informativo matinal martes 11 de marzo 2025 (07:50h) - COPE Alcoy<\/title>\n<meta name=\"robots\" content=\"index, follow, max-snippet:-1, max-image-preview:large, max-video-preview:-1\" \/>\n<link rel=\"canonical\" href=\"https:\/\/www.copealcoy.es\/es\/informativo-matinal-martes-11-de-marzo-2025-0750h\/\" \/>\n<meta property=\"og:locale\" content=\"es_ES\" \/>\n<meta property=\"og:type\" content=\"article\" \/>\n<meta property=\"og:title\" content=\"Informativo matinal martes 11 de marzo 2025 (07:50h) - COPE Alcoy\" \/>\n<meta property=\"og:description\" content=\"Hoy martes os hemos contado que avanza la colocaci\u00f3n de las nuevas almenas del tramo de la Enramada de Fiestas...\" \/>\n<meta property=\"og:url\" content=\"https:\/\/www.copealcoy.es\/es\/informativo-matinal-martes-11-de-marzo-2025-0750h\/\" \/>\n<meta property=\"og:site_name\" content=\"COPE Alcoy\" \/>\n<meta property=\"article:published_time\" content=\"2025-03-11T06:30:19+00:00\" \/>\n<meta property=\"article:modified_time\" content=\"2025-03-11T10:23:12+00:00\" \/>\n<meta property=\"og:image\" content=\"https:\/\/www.copealcoy.es\/wp-content\/uploads\/2025\/02\/Informativo-Matinal-Castellano.png\" \/>\n\t<meta property=\"og:image:width\" content=\"357\" \/>\n\t<meta property=\"og:image:height\" content=\"290\" \/>\n\t<meta property=\"og:image:type\" content=\"image\/png\" \/>\n<meta name=\"author\" content=\"Cope Alcoy\" \/>\n<meta name=\"twitter:label1\" content=\"Escrito por\" \/>\n\t<meta name=\"twitter:data1\" content=\"Cope Alcoy\" \/>\n\t<meta name=\"twitter:label2\" content=\"Tiempo de lectura\" \/>\n\t<meta name=\"twitter:data2\" content=\"3 minutos\" \/>\n<script type=\"application\/ld+json\" class=\"yoast-schema-graph\">{\"@context\":\"https:\\\/\\\/schema.org\",\"@graph\":[{\"@type\":\"Article\",\"@id\":\"https:\\\/\\\/www.copealcoy.es\\\/es\\\/informativo-matinal-martes-11-de-marzo-2025-0750h\\\/#article\",\"isPartOf\":{\"@id\":\"https:\\\/\\\/www.copealcoy.es\\\/es\\\/informativo-matinal-martes-11-de-marzo-2025-0750h\\\/\"},\"author\":{\"name\":\"Cope Alcoy\",\"@id\":\"https:\\\/\\\/www.copealcoy.es\\\/es\\\/#\\\/schema\\\/person\\\/e777c87fa024e57d40170af9df39882c\"},\"headline\":\"Informativo matinal martes 11 de marzo 2025 (07:50h)\",\"datePublished\":\"2025-03-11T06:30:19+00:00\",\"dateModified\":\"2025-03-11T10:23:12+00:00\",\"mainEntityOfPage\":{\"@id\":\"https:\\\/\\\/www.copealcoy.es\\\/es\\\/informativo-matinal-martes-11-de-marzo-2025-0750h\\\/\"},\"wordCount\":451,\"commentCount\":0,\"image\":{\"@id\":\"https:\\\/\\\/www.copealcoy.es\\\/es\\\/informativo-matinal-martes-11-de-marzo-2025-0750h\\\/#primaryimage\"},\"thumbnailUrl\":\"https:\\\/\\\/www.copealcoy.es\\\/wp-content\\\/uploads\\\/2025\\\/02\\\/Informativo-Matinal-Castellano.png\",\"articleSection\":[\"Actualidad\",\"Audios de los programas\",\"Informativos\",\"Noticias\"],\"inLanguage\":\"es\"},{\"@type\":\"WebPage\",\"@id\":\"https:\\\/\\\/www.copealcoy.es\\\/es\\\/informativo-matinal-martes-11-de-marzo-2025-0750h\\\/\",\"url\":\"https:\\\/\\\/www.copealcoy.es\\\/es\\\/informativo-matinal-martes-11-de-marzo-2025-0750h\\\/\",\"name\":\"Informativo matinal martes 11 de marzo 2025 (07:50h) - COPE Alcoy\",\"isPartOf\":{\"@id\":\"https:\\\/\\\/www.copealcoy.es\\\/es\\\/#website\"},\"primaryImageOfPage\":{\"@id\":\"https:\\\/\\\/www.copealcoy.es\\\/es\\\/informativo-matinal-martes-11-de-marzo-2025-0750h\\\/#primaryimage\"},\"image\":{\"@id\":\"https:\\\/\\\/www.copealcoy.es\\\/es\\\/informativo-matinal-martes-11-de-marzo-2025-0750h\\\/#primaryimage\"},\"thumbnailUrl\":\"https:\\\/\\\/www.copealcoy.es\\\/wp-content\\\/uploads\\\/2025\\\/02\\\/Informativo-Matinal-Castellano.png\",\"datePublished\":\"2025-03-11T06:30:19+00:00\",\"dateModified\":\"2025-03-11T10:23:12+00:00\",\"author\":{\"@id\":\"https:\\\/\\\/www.copealcoy.es\\\/es\\\/#\\\/schema\\\/person\\\/e777c87fa024e57d40170af9df39882c\"},\"breadcrumb\":{\"@id\":\"https:\\\/\\\/www.copealcoy.es\\\/es\\\/informativo-matinal-martes-11-de-marzo-2025-0750h\\\/#breadcrumb\"},\"inLanguage\":\"es\",\"potentialAction\":[{\"@type\":\"ReadAction\",\"target\":[\"https:\\\/\\\/www.copealcoy.es\\\/es\\\/informativo-matinal-martes-11-de-marzo-2025-0750h\\\/\"]}]},{\"@type\":\"ImageObject\",\"inLanguage\":\"es\",\"@id\":\"https:\\\/\\\/www.copealcoy.es\\\/es\\\/informativo-matinal-martes-11-de-marzo-2025-0750h\\\/#primaryimage\",\"url\":\"https:\\\/\\\/www.copealcoy.es\\\/wp-content\\\/uploads\\\/2025\\\/02\\\/Informativo-Matinal-Castellano.png\",\"contentUrl\":\"https:\\\/\\\/www.copealcoy.es\\\/wp-content\\\/uploads\\\/2025\\\/02\\\/Informativo-Matinal-Castellano.png\",\"width\":357,\"height\":290},{\"@type\":\"BreadcrumbList\",\"@id\":\"https:\\\/\\\/www.copealcoy.es\\\/es\\\/informativo-matinal-martes-11-de-marzo-2025-0750h\\\/#breadcrumb\",\"itemListElement\":[{\"@type\":\"ListItem\",\"position\":1,\"name\":\"Portada\",\"item\":\"https:\\\/\\\/www.copealcoy.es\\\/es\\\/\"},{\"@type\":\"ListItem\",\"position\":2,\"name\":\"Informativo matinal martes 11 de marzo 2025 (07:50h)\"}]},{\"@type\":\"WebSite\",\"@id\":\"https:\\\/\\\/www.copealcoy.es\\\/es\\\/#website\",\"url\":\"https:\\\/\\\/www.copealcoy.es\\\/es\\\/\",\"name\":\"COPE Alcoy\",\"description\":\"Emisora COPE de radio local con emisi\u00f3n online. Pont de Sant Jordi 8-10 03803 Alcoy\",\"potentialAction\":[{\"@type\":\"SearchAction\",\"target\":{\"@type\":\"EntryPoint\",\"urlTemplate\":\"https:\\\/\\\/www.copealcoy.es\\\/es\\\/?s={search_term_string}\"},\"query-input\":{\"@type\":\"PropertyValueSpecification\",\"valueRequired\":true,\"valueName\":\"search_term_string\"}}],\"inLanguage\":\"es\"},{\"@type\":\"Person\",\"@id\":\"https:\\\/\\\/www.copealcoy.es\\\/es\\\/#\\\/schema\\\/person\\\/e777c87fa024e57d40170af9df39882c\",\"name\":\"Cope Alcoy\",\"image\":{\"@type\":\"ImageObject\",\"inLanguage\":\"es\",\"@id\":\"https:\\\/\\\/secure.gravatar.com\\\/avatar\\\/bb65d0283347e303893ba14f0692005417c1e0e690a325a4c5d8bb2b3943ee14?s=96&d=mm&r=g\",\"url\":\"https:\\\/\\\/secure.gravatar.com\\\/avatar\\\/bb65d0283347e303893ba14f0692005417c1e0e690a325a4c5d8bb2b3943ee14?s=96&d=mm&r=g\",\"contentUrl\":\"https:\\\/\\\/secure.gravatar.com\\\/avatar\\\/bb65d0283347e303893ba14f0692005417c1e0e690a325a4c5d8bb2b3943ee14?s=96&d=mm&r=g\",\"caption\":\"Cope Alcoy\"}}]}<\/script>\n<!-- \/ Yoast SEO plugin. -->","yoast_head_json":{"title":"Informativo matinal martes 11 de marzo 2025 (07:50h) - COPE Alcoy","robots":{"index":"index","follow":"follow","max-snippet":"max-snippet:-1","max-image-preview":"max-image-preview:large","max-video-preview":"max-video-preview:-1"},"canonical":"https:\/\/www.copealcoy.es\/es\/informativo-matinal-martes-11-de-marzo-2025-0750h\/","og_locale":"es_ES","og_type":"article","og_title":"Informativo matinal martes 11 de marzo 2025 (07:50h) - COPE Alcoy","og_description":"Hoy martes os hemos contado que avanza la colocaci\u00f3n de las nuevas almenas del tramo de la Enramada de Fiestas...","og_url":"https:\/\/www.copealcoy.es\/es\/informativo-matinal-martes-11-de-marzo-2025-0750h\/","og_site_name":"COPE Alcoy","article_published_time":"2025-03-11T06:30:19+00:00","article_modified_time":"2025-03-11T10:23:12+00:00","og_image":[{"width":357,"height":290,"url":"https:\/\/www.copealcoy.es\/wp-content\/uploads\/2025\/02\/Informativo-Matinal-Castellano.png","type":"image\/png"}],"author":"Cope Alcoy","twitter_misc":{"Escrito por":"Cope Alcoy","Tiempo de lectura":"3 minutos"},"schema":{"@context":"https:\/\/schema.org","@graph":[{"@type":"Article","@id":"https:\/\/www.copealcoy.es\/es\/informativo-matinal-martes-11-de-marzo-2025-0750h\/#article","isPartOf":{"@id":"https:\/\/www.copealcoy.es\/es\/informativo-matinal-martes-11-de-marzo-2025-0750h\/"},"author":{"name":"Cope Alcoy","@id":"https:\/\/www.copealcoy.es\/es\/#\/schema\/person\/e777c87fa024e57d40170af9df39882c"},"headline":"Informativo matinal martes 11 de marzo 2025 (07:50h)","datePublished":"2025-03-11T06:30:19+00:00","dateModified":"2025-03-11T10:23:12+00:00","mainEntityOfPage":{"@id":"https:\/\/www.copealcoy.es\/es\/informativo-matinal-martes-11-de-marzo-2025-0750h\/"},"wordCount":451,"commentCount":0,"image":{"@id":"https:\/\/www.copealcoy.es\/es\/informativo-matinal-martes-11-de-marzo-2025-0750h\/#primaryimage"},"thumbnailUrl":"https:\/\/www.copealcoy.es\/wp-content\/uploads\/2025\/02\/Informativo-Matinal-Castellano.png","articleSection":["Actualidad","Audios de los programas","Informativos","Noticias"],"inLanguage":"es"},{"@type":"WebPage","@id":"https:\/\/www.copealcoy.es\/es\/informativo-matinal-martes-11-de-marzo-2025-0750h\/","url":"https:\/\/www.copealcoy.es\/es\/informativo-matinal-martes-11-de-marzo-2025-0750h\/","name":"Informativo matinal martes 11 de marzo 2025 (07:50h) - COPE Alcoy","isPartOf":{"@id":"https:\/\/www.copealcoy.es\/es\/#website"},"primaryImageOfPage":{"@id":"https:\/\/www.copealcoy.es\/es\/informativo-matinal-martes-11-de-marzo-2025-0750h\/#primaryimage"},"image":{"@id":"https:\/\/www.copealcoy.es\/es\/informativo-matinal-martes-11-de-marzo-2025-0750h\/#primaryimage"},"thumbnailUrl":"https:\/\/www.copealcoy.es\/wp-content\/uploads\/2025\/02\/Informativo-Matinal-Castellano.png","datePublished":"2025-03-11T06:30:19+00:00","dateModified":"2025-03-11T10:23:12+00:00","author":{"@id":"https:\/\/www.copealcoy.es\/es\/#\/schema\/person\/e777c87fa024e57d40170af9df39882c"},"breadcrumb":{"@id":"https:\/\/www.copealcoy.es\/es\/informativo-matinal-martes-11-de-marzo-2025-0750h\/#breadcrumb"},"inLanguage":"es","potentialAction":[{"@type":"ReadAction","target":["https:\/\/www.copealcoy.es\/es\/informativo-matinal-martes-11-de-marzo-2025-0750h\/"]}]},{"@type":"ImageObject","inLanguage":"es","@id":"https:\/\/www.copealcoy.es\/es\/informativo-matinal-martes-11-de-marzo-2025-0750h\/#primaryimage","url":"https:\/\/www.copealcoy.es\/wp-content\/uploads\/2025\/02\/Informativo-Matinal-Castellano.png","contentUrl":"https:\/\/www.copealcoy.es\/wp-content\/uploads\/2025\/02\/Informativo-Matinal-Castellano.png","width":357,"height":290},{"@type":"BreadcrumbList","@id":"https:\/\/www.copealcoy.es\/es\/informativo-matinal-martes-11-de-marzo-2025-0750h\/#breadcrumb","itemListElement":[{"@type":"ListItem","position":1,"name":"Portada","item":"https:\/\/www.copealcoy.es\/es\/"},{"@type":"ListItem","position":2,"name":"Informativo matinal martes 11 de marzo 2025 (07:50h)"}]},{"@type":"WebSite","@id":"https:\/\/www.copealcoy.es\/es\/#website","url":"https:\/\/www.copealcoy.es\/es\/","name":"COPE Alcoy","description":"Emisora COPE de radio local con emisi\u00f3n online. Pont de Sant Jordi 8-10 03803 Alcoy","potentialAction":[{"@type":"SearchAction","target":{"@type":"EntryPoint","urlTemplate":"https:\/\/www.copealcoy.es\/es\/?s={search_term_string}"},"query-input":{"@type":"PropertyValueSpecification","valueRequired":true,"valueName":"search_term_string"}}],"inLanguage":"es"},{"@type":"Person","@id":"https:\/\/www.copealcoy.es\/es\/#\/schema\/person\/e777c87fa024e57d40170af9df39882c","name":"Cope Alcoy","image":{"@type":"ImageObject","inLanguage":"es","@id":"https:\/\/secure.gravatar.com\/avatar\/bb65d0283347e303893ba14f0692005417c1e0e690a325a4c5d8bb2b3943ee14?s=96&d=mm&r=g","url":"https:\/\/secure.gravatar.com\/avatar\/bb65d0283347e303893ba14f0692005417c1e0e690a325a4c5d8bb2b3943ee14?s=96&d=mm&r=g","contentUrl":"https:\/\/secure.gravatar.com\/avatar\/bb65d0283347e303893ba14f0692005417c1e0e690a325a4c5d8bb2b3943ee14?s=96&d=mm&r=g","caption":"Cope Alcoy"}}]}},"_links":{"self":[{"href":"https:\/\/www.copealcoy.es\/es\/wp-json\/wp\/v2\/posts\/148846","targetHints":{"allow":["GET"]}}],"collection":[{"href":"https:\/\/www.copealcoy.es\/es\/wp-json\/wp\/v2\/posts"}],"about":[{"href":"https:\/\/www.copealcoy.es\/es\/wp-json\/wp\/v2\/types\/post"}],"author":[{"embeddable":true,"href":"https:\/\/www.copealcoy.es\/es\/wp-json\/wp\/v2\/users\/1"}],"replies":[{"embeddable":true,"href":"https:\/\/www.copealcoy.es\/es\/wp-json\/wp\/v2\/comments?post=148846"}],"version-history":[{"count":0,"href":"https:\/\/www.copealcoy.es\/es\/wp-json\/wp\/v2\/posts\/148846\/revisions"}],"wp:featuredmedia":[{"embeddable":true,"href":"https:\/\/www.copealcoy.es\/es\/wp-json\/wp\/v2\/media\/147669"}],"wp:attachment":[{"href":"https:\/\/www.copealcoy.es\/es\/wp-json\/wp\/v2\/media?parent=148846"}],"wp:term":[{"taxonomy":"category","embeddable":true,"href":"https:\/\/www.copealcoy.es\/es\/wp-json\/wp\/v2\/categories?post=148846"},{"taxonomy":"post_tag","embeddable":true,"href":"https:\/\/www.copealcoy.es\/es\/wp-json\/wp\/v2\/tags?post=148846"}],"curies":[{"name":"wp","href":"https:\/\/api.w.org\/{rel}","templated":true}]}}