{"id":148810,"date":"2025-03-10T12:00:31","date_gmt":"2025-03-10T11:00:31","guid":{"rendered":"https:\/\/www.copealcoy.es\/?p=148810"},"modified":"2025-03-11T15:13:19","modified_gmt":"2025-03-11T14:13:19","slug":"ya-hay-fecha-prevista-para-el-inicio-de-las-obras-en-la-linea-alcoy-xativa","status":"publish","type":"post","link":"https:\/\/www.copealcoy.es\/es\/ya-hay-fecha-prevista-para-el-inicio-de-las-obras-en-la-linea-alcoy-xativa\/","title":{"rendered":"Ya hay fecha prevista para el inicio de las obras en la l\u00ednea Alcoy-X\u00e0tiva"},"content":{"rendered":"<p style=\"text-align: justify;\">Lunes <strong>24 de marzo<\/strong> de este mismo a\u00f1o 2025. Esa es <strong>la fecha prevista para el inicio de las obras de reforma de la l\u00ednea de tren Alcoy-X\u00e0tiva<\/strong> seg\u00fan anunci\u00f3 el alcalde, Toni Franc\u00e9s, <strong>durante la sesi\u00f3n plenaria ordinaria de marzo<\/strong> celebrada el pasado viernes en el Ayuntamiento de nuestra ciudad.<\/p>\n<p style=\"text-align: justify;\">La puesta en marcha de los trabajos<strong> estar\u00e1 condicionada a la evoluci\u00f3n de las condiciones climatol\u00f3gicas<\/strong> y <strong>est\u00e1 previsto que los mismos duren hasta finales de 2026<\/strong>. Hay que recordar que <strong>el proyecto supondr\u00e1 una inversi\u00f3n de m\u00e1s de cien millones de euros<\/strong> que se destinar\u00e1n tanto a la reforma integral de la misma l\u00ednea, que une a las comarcas centrales valencianas con la capital el T\u00faria, as\u00ed como la instalaci\u00f3n de un nuevo sistema de telecomunicaciones. La Uni\u00f3n Temporal de Empresas (UTE) formada por <strong>CHM Obras e Infraestructuras y Azvi<\/strong> es a quien le fue adjudicada una intervenci\u00f3n cuya parte m\u00e1s destacada ser\u00e1 la sustituci\u00f3n de todos los elementos de la v\u00eda entre las capitales de L&#8217;Alcoi\u00e0 y La Costera. El proyecto <strong>contempla tambi\u00e9n<\/strong> adaptar las estructuras a una futura electrificaci\u00f3n de la l\u00ednea, adecuar los andenes en las diferentes estaciones, actuaciones en los puentes met\u00e1licos y la puesta en marcha de un nuevo sistema para mejorar la comunicaci\u00f3n de estaci\u00f3n a estaci\u00f3n &#8220;<em>ya se ha hecho todo el trabajo previo por parte de <strong><a href=\"https:\/\/www.adif.es\/inicio\" target=\"_blank\" rel=\"noopener\"><span style=\"color: #0000ff;\">ADIF<\/span><\/a><\/strong>, para intentar reducir al m\u00e1ximo el cierre de la l\u00ednea a causa de las obras, y en el momento en el que no haya tren se pondr\u00e1 en marcha un servicio especial de autobuses alternativo que ya ha sido adjudicado<\/em>&#8220;, explic\u00f3 el primer edil.<\/p>\n<p style=\"text-align: justify;\">Cabe destacar que en las \u00faltimas semanas han seguido los estudios previos antes de iniciar una intervenci\u00f3n tan reivindicada por estas comarcas. Tambi\u00e9n <strong>ha comenzado el acopio de materiales<\/strong> siendo visibles en algunos puntos los elementos que dar\u00e1n forma a las nuevas v\u00edas.<\/p>\n","protected":false},"excerpt":{"rendered":"<p>Lunes 24 de marzo de este mismo a\u00f1o 2025. Esa es la fecha prevista para el inicio de las obras&#8230;<\/p>\n","protected":false},"author":1,"featured_media":94066,"comment_status":"open","ping_status":"open","sticky":false,"template":"","format":"standard","meta":{"footnotes":""},"categories":[6909,97,98,75,125],"tags":[1494,14295,145,418,577],"class_list":["post-148810","post","type-post","status-publish","format-standard","has-post-thumbnail","hentry","category-actualidad","category-alcoy","category-comarcas","category-noticias","category-portada","tag-alcoy","tag-linea-alcoy-xativa","tag-obras","tag-reforma","tag-tren"],"yoast_head":"<!-- This site is optimized with the Yoast SEO plugin v27.3 - https:\/\/yoast.com\/product\/yoast-seo-wordpress\/ -->\n<title>Ya hay fecha prevista para el inicio de las obras en la l\u00ednea Alcoy-X\u00e0tiva - COPE Alcoy<\/title>\n<meta name=\"robots\" content=\"index, follow, max-snippet:-1, max-image-preview:large, max-video-preview:-1\" \/>\n<link rel=\"canonical\" href=\"https:\/\/www.copealcoy.es\/es\/ya-hay-fecha-prevista-para-el-inicio-de-las-obras-en-la-linea-alcoy-xativa\/\" \/>\n<meta property=\"og:locale\" content=\"es_ES\" \/>\n<meta property=\"og:type\" content=\"article\" \/>\n<meta property=\"og:title\" content=\"Ya hay fecha prevista para el inicio de las obras en la l\u00ednea Alcoy-X\u00e0tiva - COPE Alcoy\" \/>\n<meta property=\"og:description\" content=\"Lunes 24 de marzo de este mismo a\u00f1o 2025. Esa es la fecha prevista para el inicio de las obras...\" \/>\n<meta property=\"og:url\" content=\"https:\/\/www.copealcoy.es\/es\/ya-hay-fecha-prevista-para-el-inicio-de-las-obras-en-la-linea-alcoy-xativa\/\" \/>\n<meta property=\"og:site_name\" content=\"COPE Alcoy\" \/>\n<meta property=\"article:published_time\" content=\"2025-03-10T11:00:31+00:00\" \/>\n<meta property=\"article:modified_time\" content=\"2025-03-11T14:13:19+00:00\" \/>\n<meta property=\"og:image\" content=\"https:\/\/www.copealcoy.es\/wp-content\/uploads\/2022\/11\/maxresdefault-1-1024x576-1.jpg\" \/>\n\t<meta property=\"og:image:width\" content=\"1024\" \/>\n\t<meta property=\"og:image:height\" content=\"576\" \/>\n\t<meta property=\"og:image:type\" content=\"image\/jpeg\" \/>\n<meta name=\"author\" content=\"Cope Alcoy\" \/>\n<meta name=\"twitter:label1\" content=\"Escrito por\" \/>\n\t<meta name=\"twitter:data1\" content=\"Cope Alcoy\" \/>\n\t<meta name=\"twitter:label2\" content=\"Tiempo de lectura\" \/>\n\t<meta name=\"twitter:data2\" content=\"2 minutos\" \/>\n<script type=\"application\/ld+json\" class=\"yoast-schema-graph\">{\"@context\":\"https:\\\/\\\/schema.org\",\"@graph\":[{\"@type\":\"Article\",\"@id\":\"https:\\\/\\\/www.copealcoy.es\\\/es\\\/ya-hay-fecha-prevista-para-el-inicio-de-las-obras-en-la-linea-alcoy-xativa\\\/#article\",\"isPartOf\":{\"@id\":\"https:\\\/\\\/www.copealcoy.es\\\/es\\\/ya-hay-fecha-prevista-para-el-inicio-de-las-obras-en-la-linea-alcoy-xativa\\\/\"},\"author\":{\"name\":\"Cope Alcoy\",\"@id\":\"https:\\\/\\\/www.copealcoy.es\\\/es\\\/#\\\/schema\\\/person\\\/e777c87fa024e57d40170af9df39882c\"},\"headline\":\"Ya hay fecha prevista para el inicio de las obras en la l\u00ednea Alcoy-X\u00e0tiva\",\"datePublished\":\"2025-03-10T11:00:31+00:00\",\"dateModified\":\"2025-03-11T14:13:19+00:00\",\"mainEntityOfPage\":{\"@id\":\"https:\\\/\\\/www.copealcoy.es\\\/es\\\/ya-hay-fecha-prevista-para-el-inicio-de-las-obras-en-la-linea-alcoy-xativa\\\/\"},\"wordCount\":360,\"commentCount\":0,\"image\":{\"@id\":\"https:\\\/\\\/www.copealcoy.es\\\/es\\\/ya-hay-fecha-prevista-para-el-inicio-de-las-obras-en-la-linea-alcoy-xativa\\\/#primaryimage\"},\"thumbnailUrl\":\"https:\\\/\\\/www.copealcoy.es\\\/wp-content\\\/uploads\\\/2022\\\/11\\\/maxresdefault-1-1024x576-1.jpg\",\"keywords\":[\"Alcoy\",\"l\u00ednea Alcoy-X\u00e1tiva\",\"Obras\",\"Reforma\",\"Tren\"],\"articleSection\":[\"Actualidad\",\"Alcoy\",\"Comarcas\",\"Noticias\",\"Portada\"],\"inLanguage\":\"es\"},{\"@type\":\"WebPage\",\"@id\":\"https:\\\/\\\/www.copealcoy.es\\\/es\\\/ya-hay-fecha-prevista-para-el-inicio-de-las-obras-en-la-linea-alcoy-xativa\\\/\",\"url\":\"https:\\\/\\\/www.copealcoy.es\\\/es\\\/ya-hay-fecha-prevista-para-el-inicio-de-las-obras-en-la-linea-alcoy-xativa\\\/\",\"name\":\"Ya hay fecha prevista para el inicio de las obras en la l\u00ednea Alcoy-X\u00e0tiva - COPE Alcoy\",\"isPartOf\":{\"@id\":\"https:\\\/\\\/www.copealcoy.es\\\/es\\\/#website\"},\"primaryImageOfPage\":{\"@id\":\"https:\\\/\\\/www.copealcoy.es\\\/es\\\/ya-hay-fecha-prevista-para-el-inicio-de-las-obras-en-la-linea-alcoy-xativa\\\/#primaryimage\"},\"image\":{\"@id\":\"https:\\\/\\\/www.copealcoy.es\\\/es\\\/ya-hay-fecha-prevista-para-el-inicio-de-las-obras-en-la-linea-alcoy-xativa\\\/#primaryimage\"},\"thumbnailUrl\":\"https:\\\/\\\/www.copealcoy.es\\\/wp-content\\\/uploads\\\/2022\\\/11\\\/maxresdefault-1-1024x576-1.jpg\",\"datePublished\":\"2025-03-10T11:00:31+00:00\",\"dateModified\":\"2025-03-11T14:13:19+00:00\",\"author\":{\"@id\":\"https:\\\/\\\/www.copealcoy.es\\\/es\\\/#\\\/schema\\\/person\\\/e777c87fa024e57d40170af9df39882c\"},\"breadcrumb\":{\"@id\":\"https:\\\/\\\/www.copealcoy.es\\\/es\\\/ya-hay-fecha-prevista-para-el-inicio-de-las-obras-en-la-linea-alcoy-xativa\\\/#breadcrumb\"},\"inLanguage\":\"es\",\"potentialAction\":[{\"@type\":\"ReadAction\",\"target\":[\"https:\\\/\\\/www.copealcoy.es\\\/es\\\/ya-hay-fecha-prevista-para-el-inicio-de-las-obras-en-la-linea-alcoy-xativa\\\/\"]}]},{\"@type\":\"ImageObject\",\"inLanguage\":\"es\",\"@id\":\"https:\\\/\\\/www.copealcoy.es\\\/es\\\/ya-hay-fecha-prevista-para-el-inicio-de-las-obras-en-la-linea-alcoy-xativa\\\/#primaryimage\",\"url\":\"https:\\\/\\\/www.copealcoy.es\\\/wp-content\\\/uploads\\\/2022\\\/11\\\/maxresdefault-1-1024x576-1.jpg\",\"contentUrl\":\"https:\\\/\\\/www.copealcoy.es\\\/wp-content\\\/uploads\\\/2022\\\/11\\\/maxresdefault-1-1024x576-1.jpg\",\"width\":1024,\"height\":576},{\"@type\":\"BreadcrumbList\",\"@id\":\"https:\\\/\\\/www.copealcoy.es\\\/es\\\/ya-hay-fecha-prevista-para-el-inicio-de-las-obras-en-la-linea-alcoy-xativa\\\/#breadcrumb\",\"itemListElement\":[{\"@type\":\"ListItem\",\"position\":1,\"name\":\"Portada\",\"item\":\"https:\\\/\\\/www.copealcoy.es\\\/es\\\/\"},{\"@type\":\"ListItem\",\"position\":2,\"name\":\"Ya hay fecha prevista para el inicio de las obras en la l\u00ednea Alcoy-X\u00e0tiva\"}]},{\"@type\":\"WebSite\",\"@id\":\"https:\\\/\\\/www.copealcoy.es\\\/es\\\/#website\",\"url\":\"https:\\\/\\\/www.copealcoy.es\\\/es\\\/\",\"name\":\"COPE Alcoy\",\"description\":\"Emisora COPE de radio local con emisi\u00f3n online. Pont de Sant Jordi 8-10 03803 Alcoy\",\"potentialAction\":[{\"@type\":\"SearchAction\",\"target\":{\"@type\":\"EntryPoint\",\"urlTemplate\":\"https:\\\/\\\/www.copealcoy.es\\\/es\\\/?s={search_term_string}\"},\"query-input\":{\"@type\":\"PropertyValueSpecification\",\"valueRequired\":true,\"valueName\":\"search_term_string\"}}],\"inLanguage\":\"es\"},{\"@type\":\"Person\",\"@id\":\"https:\\\/\\\/www.copealcoy.es\\\/es\\\/#\\\/schema\\\/person\\\/e777c87fa024e57d40170af9df39882c\",\"name\":\"Cope Alcoy\",\"image\":{\"@type\":\"ImageObject\",\"inLanguage\":\"es\",\"@id\":\"https:\\\/\\\/secure.gravatar.com\\\/avatar\\\/bb65d0283347e303893ba14f0692005417c1e0e690a325a4c5d8bb2b3943ee14?s=96&d=mm&r=g\",\"url\":\"https:\\\/\\\/secure.gravatar.com\\\/avatar\\\/bb65d0283347e303893ba14f0692005417c1e0e690a325a4c5d8bb2b3943ee14?s=96&d=mm&r=g\",\"contentUrl\":\"https:\\\/\\\/secure.gravatar.com\\\/avatar\\\/bb65d0283347e303893ba14f0692005417c1e0e690a325a4c5d8bb2b3943ee14?s=96&d=mm&r=g\",\"caption\":\"Cope Alcoy\"}}]}<\/script>\n<!-- \/ Yoast SEO plugin. -->","yoast_head_json":{"title":"Ya hay fecha prevista para el inicio de las obras en la l\u00ednea Alcoy-X\u00e0tiva - COPE Alcoy","robots":{"index":"index","follow":"follow","max-snippet":"max-snippet:-1","max-image-preview":"max-image-preview:large","max-video-preview":"max-video-preview:-1"},"canonical":"https:\/\/www.copealcoy.es\/es\/ya-hay-fecha-prevista-para-el-inicio-de-las-obras-en-la-linea-alcoy-xativa\/","og_locale":"es_ES","og_type":"article","og_title":"Ya hay fecha prevista para el inicio de las obras en la l\u00ednea Alcoy-X\u00e0tiva - COPE Alcoy","og_description":"Lunes 24 de marzo de este mismo a\u00f1o 2025. Esa es la fecha prevista para el inicio de las obras...","og_url":"https:\/\/www.copealcoy.es\/es\/ya-hay-fecha-prevista-para-el-inicio-de-las-obras-en-la-linea-alcoy-xativa\/","og_site_name":"COPE Alcoy","article_published_time":"2025-03-10T11:00:31+00:00","article_modified_time":"2025-03-11T14:13:19+00:00","og_image":[{"width":1024,"height":576,"url":"https:\/\/www.copealcoy.es\/wp-content\/uploads\/2022\/11\/maxresdefault-1-1024x576-1.jpg","type":"image\/jpeg"}],"author":"Cope Alcoy","twitter_misc":{"Escrito por":"Cope Alcoy","Tiempo de lectura":"2 minutos"},"schema":{"@context":"https:\/\/schema.org","@graph":[{"@type":"Article","@id":"https:\/\/www.copealcoy.es\/es\/ya-hay-fecha-prevista-para-el-inicio-de-las-obras-en-la-linea-alcoy-xativa\/#article","isPartOf":{"@id":"https:\/\/www.copealcoy.es\/es\/ya-hay-fecha-prevista-para-el-inicio-de-las-obras-en-la-linea-alcoy-xativa\/"},"author":{"name":"Cope Alcoy","@id":"https:\/\/www.copealcoy.es\/es\/#\/schema\/person\/e777c87fa024e57d40170af9df39882c"},"headline":"Ya hay fecha prevista para el inicio de las obras en la l\u00ednea Alcoy-X\u00e0tiva","datePublished":"2025-03-10T11:00:31+00:00","dateModified":"2025-03-11T14:13:19+00:00","mainEntityOfPage":{"@id":"https:\/\/www.copealcoy.es\/es\/ya-hay-fecha-prevista-para-el-inicio-de-las-obras-en-la-linea-alcoy-xativa\/"},"wordCount":360,"commentCount":0,"image":{"@id":"https:\/\/www.copealcoy.es\/es\/ya-hay-fecha-prevista-para-el-inicio-de-las-obras-en-la-linea-alcoy-xativa\/#primaryimage"},"thumbnailUrl":"https:\/\/www.copealcoy.es\/wp-content\/uploads\/2022\/11\/maxresdefault-1-1024x576-1.jpg","keywords":["Alcoy","l\u00ednea Alcoy-X\u00e1tiva","Obras","Reforma","Tren"],"articleSection":["Actualidad","Alcoy","Comarcas","Noticias","Portada"],"inLanguage":"es"},{"@type":"WebPage","@id":"https:\/\/www.copealcoy.es\/es\/ya-hay-fecha-prevista-para-el-inicio-de-las-obras-en-la-linea-alcoy-xativa\/","url":"https:\/\/www.copealcoy.es\/es\/ya-hay-fecha-prevista-para-el-inicio-de-las-obras-en-la-linea-alcoy-xativa\/","name":"Ya hay fecha prevista para el inicio de las obras en la l\u00ednea Alcoy-X\u00e0tiva - COPE Alcoy","isPartOf":{"@id":"https:\/\/www.copealcoy.es\/es\/#website"},"primaryImageOfPage":{"@id":"https:\/\/www.copealcoy.es\/es\/ya-hay-fecha-prevista-para-el-inicio-de-las-obras-en-la-linea-alcoy-xativa\/#primaryimage"},"image":{"@id":"https:\/\/www.copealcoy.es\/es\/ya-hay-fecha-prevista-para-el-inicio-de-las-obras-en-la-linea-alcoy-xativa\/#primaryimage"},"thumbnailUrl":"https:\/\/www.copealcoy.es\/wp-content\/uploads\/2022\/11\/maxresdefault-1-1024x576-1.jpg","datePublished":"2025-03-10T11:00:31+00:00","dateModified":"2025-03-11T14:13:19+00:00","author":{"@id":"https:\/\/www.copealcoy.es\/es\/#\/schema\/person\/e777c87fa024e57d40170af9df39882c"},"breadcrumb":{"@id":"https:\/\/www.copealcoy.es\/es\/ya-hay-fecha-prevista-para-el-inicio-de-las-obras-en-la-linea-alcoy-xativa\/#breadcrumb"},"inLanguage":"es","potentialAction":[{"@type":"ReadAction","target":["https:\/\/www.copealcoy.es\/es\/ya-hay-fecha-prevista-para-el-inicio-de-las-obras-en-la-linea-alcoy-xativa\/"]}]},{"@type":"ImageObject","inLanguage":"es","@id":"https:\/\/www.copealcoy.es\/es\/ya-hay-fecha-prevista-para-el-inicio-de-las-obras-en-la-linea-alcoy-xativa\/#primaryimage","url":"https:\/\/www.copealcoy.es\/wp-content\/uploads\/2022\/11\/maxresdefault-1-1024x576-1.jpg","contentUrl":"https:\/\/www.copealcoy.es\/wp-content\/uploads\/2022\/11\/maxresdefault-1-1024x576-1.jpg","width":1024,"height":576},{"@type":"BreadcrumbList","@id":"https:\/\/www.copealcoy.es\/es\/ya-hay-fecha-prevista-para-el-inicio-de-las-obras-en-la-linea-alcoy-xativa\/#breadcrumb","itemListElement":[{"@type":"ListItem","position":1,"name":"Portada","item":"https:\/\/www.copealcoy.es\/es\/"},{"@type":"ListItem","position":2,"name":"Ya hay fecha prevista para el inicio de las obras en la l\u00ednea Alcoy-X\u00e0tiva"}]},{"@type":"WebSite","@id":"https:\/\/www.copealcoy.es\/es\/#website","url":"https:\/\/www.copealcoy.es\/es\/","name":"COPE Alcoy","description":"Emisora COPE de radio local con emisi\u00f3n online. Pont de Sant Jordi 8-10 03803 Alcoy","potentialAction":[{"@type":"SearchAction","target":{"@type":"EntryPoint","urlTemplate":"https:\/\/www.copealcoy.es\/es\/?s={search_term_string}"},"query-input":{"@type":"PropertyValueSpecification","valueRequired":true,"valueName":"search_term_string"}}],"inLanguage":"es"},{"@type":"Person","@id":"https:\/\/www.copealcoy.es\/es\/#\/schema\/person\/e777c87fa024e57d40170af9df39882c","name":"Cope Alcoy","image":{"@type":"ImageObject","inLanguage":"es","@id":"https:\/\/secure.gravatar.com\/avatar\/bb65d0283347e303893ba14f0692005417c1e0e690a325a4c5d8bb2b3943ee14?s=96&d=mm&r=g","url":"https:\/\/secure.gravatar.com\/avatar\/bb65d0283347e303893ba14f0692005417c1e0e690a325a4c5d8bb2b3943ee14?s=96&d=mm&r=g","contentUrl":"https:\/\/secure.gravatar.com\/avatar\/bb65d0283347e303893ba14f0692005417c1e0e690a325a4c5d8bb2b3943ee14?s=96&d=mm&r=g","caption":"Cope Alcoy"}}]}},"_links":{"self":[{"href":"https:\/\/www.copealcoy.es\/es\/wp-json\/wp\/v2\/posts\/148810","targetHints":{"allow":["GET"]}}],"collection":[{"href":"https:\/\/www.copealcoy.es\/es\/wp-json\/wp\/v2\/posts"}],"about":[{"href":"https:\/\/www.copealcoy.es\/es\/wp-json\/wp\/v2\/types\/post"}],"author":[{"embeddable":true,"href":"https:\/\/www.copealcoy.es\/es\/wp-json\/wp\/v2\/users\/1"}],"replies":[{"embeddable":true,"href":"https:\/\/www.copealcoy.es\/es\/wp-json\/wp\/v2\/comments?post=148810"}],"version-history":[{"count":0,"href":"https:\/\/www.copealcoy.es\/es\/wp-json\/wp\/v2\/posts\/148810\/revisions"}],"wp:featuredmedia":[{"embeddable":true,"href":"https:\/\/www.copealcoy.es\/es\/wp-json\/wp\/v2\/media\/94066"}],"wp:attachment":[{"href":"https:\/\/www.copealcoy.es\/es\/wp-json\/wp\/v2\/media?parent=148810"}],"wp:term":[{"taxonomy":"category","embeddable":true,"href":"https:\/\/www.copealcoy.es\/es\/wp-json\/wp\/v2\/categories?post=148810"},{"taxonomy":"post_tag","embeddable":true,"href":"https:\/\/www.copealcoy.es\/es\/wp-json\/wp\/v2\/tags?post=148810"}],"curies":[{"name":"wp","href":"https:\/\/api.w.org\/{rel}","templated":true}]}}