{"id":14881,"date":"2015-08-09T20:44:29","date_gmt":"2015-08-09T20:44:29","guid":{"rendered":"http:\/\/copealcoi.es\/new\/?p=14881"},"modified":"2015-08-09T20:44:29","modified_gmt":"2015-08-09T20:44:29","slug":"devocion-por-sant-hipolit","status":"publish","type":"post","link":"https:\/\/www.copealcoy.es\/es\/devocion-por-sant-hipolit\/","title":{"rendered":"Devoci\u00f3n por Sant Hip\u00f2lit"},"content":{"rendered":"<p style=\"text-align: justify;\">Cocentaina ha celebrado este domingo el segundo d\u00eda de su trilog\u00eda festera con los actos religiosos dedicados al patr\u00f3n, San Hip\u00f3lito M\u00e1rtir. Tras la ofrenda y la misa solemne de la ma\u00f1ana esta tarde ha tenido lugar la procesi\u00f3n general que ha dado inicio a partir de las ocho y cuarto de la tarde desde la iglesia de Santa Mar\u00eda. En la comitiva han participado la totalidad de les filaes y han cerrado el paso de todas las formaciones los cuatro cargos festeros de este a\u00f1o 2015: Salvador Ribes (abanderado moro Bereberes \u2013Borts), Juanlu Jord\u00e0 (abanderado cristiano Cavallers de Ll\u00faria), Javier Goz\u00e1bez (capit\u00e1n moro Manta Roja) y Antonio Prats (capit\u00e1n cristiano de los Cruzados). A continuaci\u00f3n la imagen de San Hip\u00f3lito y la Reliquia han recorrido las calles m\u00e1s c\u00e9ntricas de la Villa Condal recibiendo el homenaje de los festeros y tambi\u00e9n de todos los contestanos. Finalmente ha cerrado el acto la Corporaci\u00f3n Municipal con la alcaldesa, Mireia Estepa, al frente. La procesi\u00f3n en honor a San Hip\u00f3lito ha concluido de nuevo en el templo de Santa Mar\u00eda con un disparo de arcabucer\u00eda y en el interior se ha dado a besar la reliquia del Santo a todos los fieles y devotos.<\/p>\n","protected":false},"excerpt":{"rendered":"<p>Cocentaina ha celebrado este domingo el segundo d\u00eda de su trilog\u00eda festera con los actos religiosos dedicados al patr\u00f3n, San&#8230;<\/p>\n","protected":false},"author":1,"featured_media":14884,"comment_status":"open","ping_status":"open","sticky":false,"template":"","format":"standard","meta":{"footnotes":""},"categories":[98,75],"tags":[132,414,856,985,447],"class_list":["post-14881","post","type-post","status-publish","format-standard","has-post-thumbnail","hentry","category-comarcas","category-noticias","tag-cocentaina","tag-cultura","tag-moros-i-cristians","tag-sant-hipolit","tag-tradiciones"],"yoast_head":"<!-- This site is optimized with the Yoast SEO plugin v27.3 - https:\/\/yoast.com\/product\/yoast-seo-wordpress\/ -->\n<title>Devoci\u00f3n por Sant Hip\u00f2lit - COPE Alcoy<\/title>\n<meta name=\"robots\" content=\"index, follow, max-snippet:-1, max-image-preview:large, max-video-preview:-1\" \/>\n<link rel=\"canonical\" href=\"https:\/\/www.copealcoy.es\/es\/devocion-por-sant-hipolit\/\" \/>\n<meta property=\"og:locale\" content=\"es_ES\" \/>\n<meta property=\"og:type\" content=\"article\" \/>\n<meta property=\"og:title\" content=\"Devoci\u00f3n por Sant Hip\u00f2lit - COPE Alcoy\" \/>\n<meta property=\"og:description\" content=\"Cocentaina ha celebrado este domingo el segundo d\u00eda de su trilog\u00eda festera con los actos religiosos dedicados al patr\u00f3n, San...\" \/>\n<meta property=\"og:url\" content=\"https:\/\/www.copealcoy.es\/es\/devocion-por-sant-hipolit\/\" \/>\n<meta property=\"og:site_name\" content=\"COPE Alcoy\" \/>\n<meta property=\"article:published_time\" content=\"2015-08-09T20:44:29+00:00\" \/>\n<meta property=\"og:image\" content=\"https:\/\/www.copealcoy.es\/wp-content\/uploads\/2015\/08\/DSC00716.jpg\" \/>\n\t<meta property=\"og:image:width\" content=\"1977\" \/>\n\t<meta property=\"og:image:height\" content=\"1235\" \/>\n\t<meta property=\"og:image:type\" content=\"image\/jpeg\" \/>\n<meta name=\"author\" content=\"Cope Alcoy\" \/>\n<meta name=\"twitter:label1\" content=\"Escrito por\" \/>\n\t<meta name=\"twitter:data1\" content=\"Cope Alcoy\" \/>\n\t<meta name=\"twitter:label2\" content=\"Tiempo de lectura\" \/>\n\t<meta name=\"twitter:data2\" content=\"1 minuto\" \/>\n<script type=\"application\/ld+json\" class=\"yoast-schema-graph\">{\"@context\":\"https:\\\/\\\/schema.org\",\"@graph\":[{\"@type\":\"Article\",\"@id\":\"https:\\\/\\\/www.copealcoy.es\\\/es\\\/devocion-por-sant-hipolit\\\/#article\",\"isPartOf\":{\"@id\":\"https:\\\/\\\/www.copealcoy.es\\\/es\\\/devocion-por-sant-hipolit\\\/\"},\"author\":{\"name\":\"Cope Alcoy\",\"@id\":\"https:\\\/\\\/www.copealcoy.es\\\/es\\\/#\\\/schema\\\/person\\\/e777c87fa024e57d40170af9df39882c\"},\"headline\":\"Devoci\u00f3n por Sant Hip\u00f2lit\",\"datePublished\":\"2015-08-09T20:44:29+00:00\",\"mainEntityOfPage\":{\"@id\":\"https:\\\/\\\/www.copealcoy.es\\\/es\\\/devocion-por-sant-hipolit\\\/\"},\"wordCount\":230,\"commentCount\":0,\"image\":{\"@id\":\"https:\\\/\\\/www.copealcoy.es\\\/es\\\/devocion-por-sant-hipolit\\\/#primaryimage\"},\"thumbnailUrl\":\"https:\\\/\\\/www.copealcoy.es\\\/wp-content\\\/uploads\\\/2015\\\/08\\\/DSC00716.jpg\",\"keywords\":[\"Cocentaina\",\"Cultura\",\"Moros i Cristians\",\"Sant Hip\u00f2lit\",\"Tradiciones\"],\"articleSection\":[\"Comarcas\",\"Noticias\"],\"inLanguage\":\"es\"},{\"@type\":\"WebPage\",\"@id\":\"https:\\\/\\\/www.copealcoy.es\\\/es\\\/devocion-por-sant-hipolit\\\/\",\"url\":\"https:\\\/\\\/www.copealcoy.es\\\/es\\\/devocion-por-sant-hipolit\\\/\",\"name\":\"Devoci\u00f3n por Sant Hip\u00f2lit - COPE Alcoy\",\"isPartOf\":{\"@id\":\"https:\\\/\\\/www.copealcoy.es\\\/es\\\/#website\"},\"primaryImageOfPage\":{\"@id\":\"https:\\\/\\\/www.copealcoy.es\\\/es\\\/devocion-por-sant-hipolit\\\/#primaryimage\"},\"image\":{\"@id\":\"https:\\\/\\\/www.copealcoy.es\\\/es\\\/devocion-por-sant-hipolit\\\/#primaryimage\"},\"thumbnailUrl\":\"https:\\\/\\\/www.copealcoy.es\\\/wp-content\\\/uploads\\\/2015\\\/08\\\/DSC00716.jpg\",\"datePublished\":\"2015-08-09T20:44:29+00:00\",\"author\":{\"@id\":\"https:\\\/\\\/www.copealcoy.es\\\/es\\\/#\\\/schema\\\/person\\\/e777c87fa024e57d40170af9df39882c\"},\"breadcrumb\":{\"@id\":\"https:\\\/\\\/www.copealcoy.es\\\/es\\\/devocion-por-sant-hipolit\\\/#breadcrumb\"},\"inLanguage\":\"es\",\"potentialAction\":[{\"@type\":\"ReadAction\",\"target\":[\"https:\\\/\\\/www.copealcoy.es\\\/es\\\/devocion-por-sant-hipolit\\\/\"]}]},{\"@type\":\"ImageObject\",\"inLanguage\":\"es\",\"@id\":\"https:\\\/\\\/www.copealcoy.es\\\/es\\\/devocion-por-sant-hipolit\\\/#primaryimage\",\"url\":\"https:\\\/\\\/www.copealcoy.es\\\/wp-content\\\/uploads\\\/2015\\\/08\\\/DSC00716.jpg\",\"contentUrl\":\"https:\\\/\\\/www.copealcoy.es\\\/wp-content\\\/uploads\\\/2015\\\/08\\\/DSC00716.jpg\",\"width\":1729,\"height\":1080,\"caption\":\"La imagen del patr\u00f3n ha recorrido en procesi\u00f3n las calles contestanas\"},{\"@type\":\"BreadcrumbList\",\"@id\":\"https:\\\/\\\/www.copealcoy.es\\\/es\\\/devocion-por-sant-hipolit\\\/#breadcrumb\",\"itemListElement\":[{\"@type\":\"ListItem\",\"position\":1,\"name\":\"Portada\",\"item\":\"https:\\\/\\\/www.copealcoy.es\\\/es\\\/\"},{\"@type\":\"ListItem\",\"position\":2,\"name\":\"Devoci\u00f3n por Sant Hip\u00f2lit\"}]},{\"@type\":\"WebSite\",\"@id\":\"https:\\\/\\\/www.copealcoy.es\\\/es\\\/#website\",\"url\":\"https:\\\/\\\/www.copealcoy.es\\\/es\\\/\",\"name\":\"COPE Alcoy\",\"description\":\"Emisora COPE de radio local con emisi\u00f3n online. Pont de Sant Jordi 8-10 03803 Alcoy\",\"potentialAction\":[{\"@type\":\"SearchAction\",\"target\":{\"@type\":\"EntryPoint\",\"urlTemplate\":\"https:\\\/\\\/www.copealcoy.es\\\/es\\\/?s={search_term_string}\"},\"query-input\":{\"@type\":\"PropertyValueSpecification\",\"valueRequired\":true,\"valueName\":\"search_term_string\"}}],\"inLanguage\":\"es\"},{\"@type\":\"Person\",\"@id\":\"https:\\\/\\\/www.copealcoy.es\\\/es\\\/#\\\/schema\\\/person\\\/e777c87fa024e57d40170af9df39882c\",\"name\":\"Cope Alcoy\",\"image\":{\"@type\":\"ImageObject\",\"inLanguage\":\"es\",\"@id\":\"https:\\\/\\\/secure.gravatar.com\\\/avatar\\\/bb65d0283347e303893ba14f0692005417c1e0e690a325a4c5d8bb2b3943ee14?s=96&d=mm&r=g\",\"url\":\"https:\\\/\\\/secure.gravatar.com\\\/avatar\\\/bb65d0283347e303893ba14f0692005417c1e0e690a325a4c5d8bb2b3943ee14?s=96&d=mm&r=g\",\"contentUrl\":\"https:\\\/\\\/secure.gravatar.com\\\/avatar\\\/bb65d0283347e303893ba14f0692005417c1e0e690a325a4c5d8bb2b3943ee14?s=96&d=mm&r=g\",\"caption\":\"Cope Alcoy\"}}]}<\/script>\n<!-- \/ Yoast SEO plugin. -->","yoast_head_json":{"title":"Devoci\u00f3n por Sant Hip\u00f2lit - COPE Alcoy","robots":{"index":"index","follow":"follow","max-snippet":"max-snippet:-1","max-image-preview":"max-image-preview:large","max-video-preview":"max-video-preview:-1"},"canonical":"https:\/\/www.copealcoy.es\/es\/devocion-por-sant-hipolit\/","og_locale":"es_ES","og_type":"article","og_title":"Devoci\u00f3n por Sant Hip\u00f2lit - COPE Alcoy","og_description":"Cocentaina ha celebrado este domingo el segundo d\u00eda de su trilog\u00eda festera con los actos religiosos dedicados al patr\u00f3n, San...","og_url":"https:\/\/www.copealcoy.es\/es\/devocion-por-sant-hipolit\/","og_site_name":"COPE Alcoy","article_published_time":"2015-08-09T20:44:29+00:00","og_image":[{"width":1977,"height":1235,"url":"https:\/\/www.copealcoy.es\/wp-content\/uploads\/2015\/08\/DSC00716.jpg","type":"image\/jpeg"}],"author":"Cope Alcoy","twitter_misc":{"Escrito por":"Cope Alcoy","Tiempo de lectura":"1 minuto"},"schema":{"@context":"https:\/\/schema.org","@graph":[{"@type":"Article","@id":"https:\/\/www.copealcoy.es\/es\/devocion-por-sant-hipolit\/#article","isPartOf":{"@id":"https:\/\/www.copealcoy.es\/es\/devocion-por-sant-hipolit\/"},"author":{"name":"Cope Alcoy","@id":"https:\/\/www.copealcoy.es\/es\/#\/schema\/person\/e777c87fa024e57d40170af9df39882c"},"headline":"Devoci\u00f3n por Sant Hip\u00f2lit","datePublished":"2015-08-09T20:44:29+00:00","mainEntityOfPage":{"@id":"https:\/\/www.copealcoy.es\/es\/devocion-por-sant-hipolit\/"},"wordCount":230,"commentCount":0,"image":{"@id":"https:\/\/www.copealcoy.es\/es\/devocion-por-sant-hipolit\/#primaryimage"},"thumbnailUrl":"https:\/\/www.copealcoy.es\/wp-content\/uploads\/2015\/08\/DSC00716.jpg","keywords":["Cocentaina","Cultura","Moros i Cristians","Sant Hip\u00f2lit","Tradiciones"],"articleSection":["Comarcas","Noticias"],"inLanguage":"es"},{"@type":"WebPage","@id":"https:\/\/www.copealcoy.es\/es\/devocion-por-sant-hipolit\/","url":"https:\/\/www.copealcoy.es\/es\/devocion-por-sant-hipolit\/","name":"Devoci\u00f3n por Sant Hip\u00f2lit - COPE Alcoy","isPartOf":{"@id":"https:\/\/www.copealcoy.es\/es\/#website"},"primaryImageOfPage":{"@id":"https:\/\/www.copealcoy.es\/es\/devocion-por-sant-hipolit\/#primaryimage"},"image":{"@id":"https:\/\/www.copealcoy.es\/es\/devocion-por-sant-hipolit\/#primaryimage"},"thumbnailUrl":"https:\/\/www.copealcoy.es\/wp-content\/uploads\/2015\/08\/DSC00716.jpg","datePublished":"2015-08-09T20:44:29+00:00","author":{"@id":"https:\/\/www.copealcoy.es\/es\/#\/schema\/person\/e777c87fa024e57d40170af9df39882c"},"breadcrumb":{"@id":"https:\/\/www.copealcoy.es\/es\/devocion-por-sant-hipolit\/#breadcrumb"},"inLanguage":"es","potentialAction":[{"@type":"ReadAction","target":["https:\/\/www.copealcoy.es\/es\/devocion-por-sant-hipolit\/"]}]},{"@type":"ImageObject","inLanguage":"es","@id":"https:\/\/www.copealcoy.es\/es\/devocion-por-sant-hipolit\/#primaryimage","url":"https:\/\/www.copealcoy.es\/wp-content\/uploads\/2015\/08\/DSC00716.jpg","contentUrl":"https:\/\/www.copealcoy.es\/wp-content\/uploads\/2015\/08\/DSC00716.jpg","width":1729,"height":1080,"caption":"La imagen del patr\u00f3n ha recorrido en procesi\u00f3n las calles contestanas"},{"@type":"BreadcrumbList","@id":"https:\/\/www.copealcoy.es\/es\/devocion-por-sant-hipolit\/#breadcrumb","itemListElement":[{"@type":"ListItem","position":1,"name":"Portada","item":"https:\/\/www.copealcoy.es\/es\/"},{"@type":"ListItem","position":2,"name":"Devoci\u00f3n por Sant Hip\u00f2lit"}]},{"@type":"WebSite","@id":"https:\/\/www.copealcoy.es\/es\/#website","url":"https:\/\/www.copealcoy.es\/es\/","name":"COPE Alcoy","description":"Emisora COPE de radio local con emisi\u00f3n online. Pont de Sant Jordi 8-10 03803 Alcoy","potentialAction":[{"@type":"SearchAction","target":{"@type":"EntryPoint","urlTemplate":"https:\/\/www.copealcoy.es\/es\/?s={search_term_string}"},"query-input":{"@type":"PropertyValueSpecification","valueRequired":true,"valueName":"search_term_string"}}],"inLanguage":"es"},{"@type":"Person","@id":"https:\/\/www.copealcoy.es\/es\/#\/schema\/person\/e777c87fa024e57d40170af9df39882c","name":"Cope Alcoy","image":{"@type":"ImageObject","inLanguage":"es","@id":"https:\/\/secure.gravatar.com\/avatar\/bb65d0283347e303893ba14f0692005417c1e0e690a325a4c5d8bb2b3943ee14?s=96&d=mm&r=g","url":"https:\/\/secure.gravatar.com\/avatar\/bb65d0283347e303893ba14f0692005417c1e0e690a325a4c5d8bb2b3943ee14?s=96&d=mm&r=g","contentUrl":"https:\/\/secure.gravatar.com\/avatar\/bb65d0283347e303893ba14f0692005417c1e0e690a325a4c5d8bb2b3943ee14?s=96&d=mm&r=g","caption":"Cope Alcoy"}}]}},"_links":{"self":[{"href":"https:\/\/www.copealcoy.es\/es\/wp-json\/wp\/v2\/posts\/14881","targetHints":{"allow":["GET"]}}],"collection":[{"href":"https:\/\/www.copealcoy.es\/es\/wp-json\/wp\/v2\/posts"}],"about":[{"href":"https:\/\/www.copealcoy.es\/es\/wp-json\/wp\/v2\/types\/post"}],"author":[{"embeddable":true,"href":"https:\/\/www.copealcoy.es\/es\/wp-json\/wp\/v2\/users\/1"}],"replies":[{"embeddable":true,"href":"https:\/\/www.copealcoy.es\/es\/wp-json\/wp\/v2\/comments?post=14881"}],"version-history":[{"count":0,"href":"https:\/\/www.copealcoy.es\/es\/wp-json\/wp\/v2\/posts\/14881\/revisions"}],"wp:featuredmedia":[{"embeddable":true,"href":"https:\/\/www.copealcoy.es\/es\/wp-json\/wp\/v2\/media\/14884"}],"wp:attachment":[{"href":"https:\/\/www.copealcoy.es\/es\/wp-json\/wp\/v2\/media?parent=14881"}],"wp:term":[{"taxonomy":"category","embeddable":true,"href":"https:\/\/www.copealcoy.es\/es\/wp-json\/wp\/v2\/categories?post=14881"},{"taxonomy":"post_tag","embeddable":true,"href":"https:\/\/www.copealcoy.es\/es\/wp-json\/wp\/v2\/tags?post=14881"}],"curies":[{"name":"wp","href":"https:\/\/api.w.org\/{rel}","templated":true}]}}