{"id":148770,"date":"2025-03-10T08:05:49","date_gmt":"2025-03-10T07:05:49","guid":{"rendered":"https:\/\/www.copealcoy.es\/?p=148770"},"modified":"2025-03-10T14:01:57","modified_gmt":"2025-03-10T13:01:57","slug":"alcoy-y-la-comarca-salen-a-la-calle-por-el-8m-en-favor-de-la-igualdad","status":"publish","type":"post","link":"https:\/\/www.copealcoy.es\/es\/alcoy-y-la-comarca-salen-a-la-calle-por-el-8m-en-favor-de-la-igualdad\/","title":{"rendered":"Alcoy y la comarca salen a la calle por el 8M en favor de la igualdad"},"content":{"rendered":"<p style=\"text-align: justify;\">Alcoy y los municipios de la comarca han vuelto a salir a la calle <strong>en favor de la igualdad<\/strong> coincidiendo con el 8 de marzo, el <strong>D\u00eda Internacional de la Mujer<\/strong>. En el caso de la ciudad, <strong>la programaci\u00f3n con motivo de esta jornada abarca un amplio abanico de actividades<\/strong> siendo la manifestaci\u00f3n del s\u00e1bado 8 de marzo una de las m\u00e1s destacadas.<\/p>\n<p style=\"text-align: justify;\">La marcha <strong>arranc\u00f3 a mediod\u00eda desde el Paseo de Cervantes<\/strong> y, pese a que el cielo amenazaba lluvia, se pudo llevar a cabo con absoluta normalidad. Centenares de personas <strong>caminaron hasta la plaza de Espa\u00f1a<\/strong> portando pancartas en la que defend\u00edan la plena igualdad entre hombres y mujeres al mismo tiempo que se pudieron escuchar c\u00e1nticos en defensa de una educaci\u00f3n feminista o de la importancia de la unidad para hacer frente a una sociedad que todav\u00eda guarda conductas machistas. Ya en La Bandeja, como es habitual,<strong> se ley\u00f3 el manifiesto<\/strong> en una iniciativa promovida por el Col\u00b7lectiu 8 de mar\u00e7 y apoyada por entidades, asociaciones e instituciones como el Ayuntamiento:<\/p>\n<audio class=\"wp-audio-shortcode\" id=\"audio-148770-1\" preload=\"none\" style=\"width: 100%;\" controls=\"controls\"><source type=\"audio\/mpeg\" src=\"https:\/\/www.copealcoy.es\/wp-content\/uploads\/2025\/03\/Manifiesto-8M-2025.mp3?_=1\" \/><a href=\"https:\/\/www.copealcoy.es\/wp-content\/uploads\/2025\/03\/Manifiesto-8M-2025.mp3\">https:\/\/www.copealcoy.es\/wp-content\/uploads\/2025\/03\/Manifiesto-8M-2025.mp3<\/a><\/audio>\n<p>&nbsp;<\/p>\n<p style=\"text-align: justify;\">La ma\u00f1ana finaliz\u00f3 con unas <strong>actuaciones musicales<\/strong> al mismo tiempo que el p\u00fablico asistente pudo disfrutar de <strong>las evoluciones de La Muixeranga &#8216;Penyeta Blanca&#8217;<\/strong>. Toda la programaci\u00f3n, que seguir\u00e1 todav\u00eda en las pr\u00f3ximas jornadas, la puedes consultar<a href=\"https:\/\/www.alcoi.org.\/export\/sites\/default\/es\/areas\/bienestar_social\/b_concejalia_mujer\/descargas\/Programacio-8-M-Digital_web.pdf\" target=\"_blank\" rel=\"noopener\"><span style=\"color: #0000ff;\"><strong> aqu\u00ed<\/strong><\/span><\/a>.<\/p>\n<p><strong><span style=\"color: #0000ff;\">Actos reivindicativos tambi\u00e9n en la comarca<\/span><\/strong><\/p>\n<p style=\"text-align: justify;\">La previsi\u00f3n de lluvia oblig\u00f3 en <strong><span style=\"color: #000000;\">Cocentaina\u00a0<\/span><\/strong><span style=\"color: #333333;\">a trasladar la lectura del manifiesto al interior del Centre Cultural El Teular, acto que se celebr\u00f3 el viernes con la participaci\u00f3n de los centros educativos. Los actos siguieron el domingo con una marcha de monta\u00f1a y el lunes a mediod\u00eda, desde la parte alta del Passeig del Comtat, est\u00e1 prevista una ruta escolar con motivo del 8M- Tambi\u00e9n la Villa Condal <a href=\"https:\/\/www.copealcoy.es\/es\/cocentaina-recuerda-el-8m-con-un-completo-programa-de-actividades\/\" target=\"_blank\" rel=\"noopener\"><span style=\"color: #0000ff;\"><strong>ha preparado numerosas actividades<\/strong><\/span><\/a> que seguir\u00e1n hasta pr\u00e1cticamente la recta final del mes de marzo.\u00a0<\/span><\/p>\n<p style=\"text-align: justify;\"><a href=\"https:\/\/www.copealcoy.es\/wp-content\/uploads\/2025\/03\/unnamed-1-13-scaled.jpg\"><img loading=\"lazy\" decoding=\"async\" class=\"wp-image-148779 aligncenter\" src=\"https:\/\/www.copealcoy.es\/wp-content\/uploads\/2025\/03\/unnamed-1-13-scaled.jpg\" alt=\"\" width=\"499\" height=\"355\" \/><\/a><\/p>\n<p style=\"text-align: justify;\">Los <strong>actos reivindicativos<\/strong> se sucedieron durante el fin de semana en poblaciones como Banyeres de Mariola, L&#8217;Orxa, Ibi, Castalla, Onil o <strong>Muro<\/strong>. En esta \u00faltima el manifiesto se ley\u00f3 el viernes a mediod\u00eda, ante el Ayuntamiento, y ya el s\u00e1bado fue muy participativa la tradicional &#8216;Cursa de la Dona&#8217; con casi mil participantes.<\/p>\n<p><a href=\"https:\/\/www.copealcoy.es\/wp-content\/uploads\/2025\/03\/482695903_17970072461837074_4947441279461525176_n.jpg\"><img loading=\"lazy\" decoding=\"async\" class=\"wp-image-148782 aligncenter\" src=\"https:\/\/www.copealcoy.es\/wp-content\/uploads\/2025\/03\/482695903_17970072461837074_4947441279461525176_n.jpg\" alt=\"\" width=\"503\" height=\"384\" \/><\/a><\/p>\n<p><em>Fotos: Francisco Tom\u00e1s N\u00e1cher, Ajuntament de Cocentaina y Ajuntament de Muro<\/em><\/p>\n","protected":false},"excerpt":{"rendered":"<p>Alcoy y los municipios de la comarca han vuelto a salir a la calle en favor de la igualdad coincidiendo&#8230;<\/p>\n","protected":false},"author":1,"featured_media":148771,"comment_status":"open","ping_status":"open","sticky":false,"template":"","format":"standard","meta":{"footnotes":""},"categories":[6909,97,75,125],"tags":[1951,10962,19301,482,1494,237],"class_list":["post-148770","post","type-post","status-publish","format-standard","has-post-thumbnail","hentry","category-actualidad","category-alcoy","category-noticias","category-portada","tag-8-de-marzo","tag-8m","tag-actos-reivindicativos","tag-alcoia","tag-alcoy","tag-comtat"],"yoast_head":"<!-- This site is optimized with the Yoast SEO plugin v27.3 - https:\/\/yoast.com\/product\/yoast-seo-wordpress\/ -->\n<title>Alcoy y la comarca salen a la calle por el 8M en favor de la igualdad - COPE Alcoy<\/title>\n<meta name=\"description\" content=\"Alcoy y los municipios de la comarca han vuelto a salir a la calle en favor de la igualdad coincidiendo con el 8 de marzo, el D\u00eda Internacional de la Mujer\" \/>\n<meta name=\"robots\" content=\"index, follow, max-snippet:-1, max-image-preview:large, max-video-preview:-1\" \/>\n<link rel=\"canonical\" href=\"https:\/\/www.copealcoy.es\/es\/alcoy-y-la-comarca-salen-a-la-calle-por-el-8m-en-favor-de-la-igualdad\/\" \/>\n<meta property=\"og:locale\" content=\"es_ES\" \/>\n<meta property=\"og:type\" content=\"article\" \/>\n<meta property=\"og:title\" content=\"Alcoy y la comarca salen a la calle por el 8M en favor de la igualdad - COPE Alcoy\" \/>\n<meta property=\"og:description\" content=\"Alcoy y los municipios de la comarca han vuelto a salir a la calle en favor de la igualdad coincidiendo con el 8 de marzo, el D\u00eda Internacional de la Mujer\" \/>\n<meta property=\"og:url\" content=\"https:\/\/www.copealcoy.es\/es\/alcoy-y-la-comarca-salen-a-la-calle-por-el-8m-en-favor-de-la-igualdad\/\" \/>\n<meta property=\"og:site_name\" content=\"COPE Alcoy\" \/>\n<meta property=\"article:published_time\" content=\"2025-03-10T07:05:49+00:00\" \/>\n<meta property=\"article:modified_time\" content=\"2025-03-10T13:01:57+00:00\" \/>\n<meta property=\"og:image\" content=\"https:\/\/www.copealcoy.es\/wp-content\/uploads\/2025\/03\/unnamed-1-12.jpg\" \/>\n\t<meta property=\"og:image:width\" content=\"1628\" \/>\n\t<meta property=\"og:image:height\" content=\"947\" \/>\n\t<meta property=\"og:image:type\" content=\"image\/jpeg\" \/>\n<meta name=\"author\" content=\"Cope Alcoy\" \/>\n<meta name=\"twitter:label1\" content=\"Escrito por\" \/>\n\t<meta name=\"twitter:data1\" content=\"Cope Alcoy\" \/>\n\t<meta name=\"twitter:label2\" content=\"Tiempo de lectura\" \/>\n\t<meta name=\"twitter:data2\" content=\"3 minutos\" \/>\n<script type=\"application\/ld+json\" class=\"yoast-schema-graph\">{\"@context\":\"https:\\\/\\\/schema.org\",\"@graph\":[{\"@type\":\"Article\",\"@id\":\"https:\\\/\\\/www.copealcoy.es\\\/es\\\/alcoy-y-la-comarca-salen-a-la-calle-por-el-8m-en-favor-de-la-igualdad\\\/#article\",\"isPartOf\":{\"@id\":\"https:\\\/\\\/www.copealcoy.es\\\/es\\\/alcoy-y-la-comarca-salen-a-la-calle-por-el-8m-en-favor-de-la-igualdad\\\/\"},\"author\":{\"name\":\"Cope Alcoy\",\"@id\":\"https:\\\/\\\/www.copealcoy.es\\\/es\\\/#\\\/schema\\\/person\\\/e777c87fa024e57d40170af9df39882c\"},\"headline\":\"Alcoy y la comarca salen a la calle por el 8M en favor de la igualdad\",\"datePublished\":\"2025-03-10T07:05:49+00:00\",\"dateModified\":\"2025-03-10T13:01:57+00:00\",\"mainEntityOfPage\":{\"@id\":\"https:\\\/\\\/www.copealcoy.es\\\/es\\\/alcoy-y-la-comarca-salen-a-la-calle-por-el-8m-en-favor-de-la-igualdad\\\/\"},\"wordCount\":422,\"commentCount\":0,\"image\":{\"@id\":\"https:\\\/\\\/www.copealcoy.es\\\/es\\\/alcoy-y-la-comarca-salen-a-la-calle-por-el-8m-en-favor-de-la-igualdad\\\/#primaryimage\"},\"thumbnailUrl\":\"https:\\\/\\\/www.copealcoy.es\\\/wp-content\\\/uploads\\\/2025\\\/03\\\/unnamed-1-12.jpg\",\"keywords\":[\"8 de marzo\",\"8M\",\"actos reivindicativos\",\"Alcoi\u00e0\",\"Alcoy\",\"Comtat\"],\"articleSection\":[\"Actualidad\",\"Alcoy\",\"Noticias\",\"Portada\"],\"inLanguage\":\"es\"},{\"@type\":\"WebPage\",\"@id\":\"https:\\\/\\\/www.copealcoy.es\\\/es\\\/alcoy-y-la-comarca-salen-a-la-calle-por-el-8m-en-favor-de-la-igualdad\\\/\",\"url\":\"https:\\\/\\\/www.copealcoy.es\\\/es\\\/alcoy-y-la-comarca-salen-a-la-calle-por-el-8m-en-favor-de-la-igualdad\\\/\",\"name\":\"Alcoy y la comarca salen a la calle por el 8M en favor de la igualdad - COPE Alcoy\",\"isPartOf\":{\"@id\":\"https:\\\/\\\/www.copealcoy.es\\\/es\\\/#website\"},\"primaryImageOfPage\":{\"@id\":\"https:\\\/\\\/www.copealcoy.es\\\/es\\\/alcoy-y-la-comarca-salen-a-la-calle-por-el-8m-en-favor-de-la-igualdad\\\/#primaryimage\"},\"image\":{\"@id\":\"https:\\\/\\\/www.copealcoy.es\\\/es\\\/alcoy-y-la-comarca-salen-a-la-calle-por-el-8m-en-favor-de-la-igualdad\\\/#primaryimage\"},\"thumbnailUrl\":\"https:\\\/\\\/www.copealcoy.es\\\/wp-content\\\/uploads\\\/2025\\\/03\\\/unnamed-1-12.jpg\",\"datePublished\":\"2025-03-10T07:05:49+00:00\",\"dateModified\":\"2025-03-10T13:01:57+00:00\",\"author\":{\"@id\":\"https:\\\/\\\/www.copealcoy.es\\\/es\\\/#\\\/schema\\\/person\\\/e777c87fa024e57d40170af9df39882c\"},\"description\":\"Alcoy y los municipios de la comarca han vuelto a salir a la calle en favor de la igualdad coincidiendo con el 8 de marzo, el D\u00eda Internacional de la Mujer\",\"breadcrumb\":{\"@id\":\"https:\\\/\\\/www.copealcoy.es\\\/es\\\/alcoy-y-la-comarca-salen-a-la-calle-por-el-8m-en-favor-de-la-igualdad\\\/#breadcrumb\"},\"inLanguage\":\"es\",\"potentialAction\":[{\"@type\":\"ReadAction\",\"target\":[\"https:\\\/\\\/www.copealcoy.es\\\/es\\\/alcoy-y-la-comarca-salen-a-la-calle-por-el-8m-en-favor-de-la-igualdad\\\/\"]}]},{\"@type\":\"ImageObject\",\"inLanguage\":\"es\",\"@id\":\"https:\\\/\\\/www.copealcoy.es\\\/es\\\/alcoy-y-la-comarca-salen-a-la-calle-por-el-8m-en-favor-de-la-igualdad\\\/#primaryimage\",\"url\":\"https:\\\/\\\/www.copealcoy.es\\\/wp-content\\\/uploads\\\/2025\\\/03\\\/unnamed-1-12.jpg\",\"contentUrl\":\"https:\\\/\\\/www.copealcoy.es\\\/wp-content\\\/uploads\\\/2025\\\/03\\\/unnamed-1-12.jpg\",\"width\":1628,\"height\":947},{\"@type\":\"BreadcrumbList\",\"@id\":\"https:\\\/\\\/www.copealcoy.es\\\/es\\\/alcoy-y-la-comarca-salen-a-la-calle-por-el-8m-en-favor-de-la-igualdad\\\/#breadcrumb\",\"itemListElement\":[{\"@type\":\"ListItem\",\"position\":1,\"name\":\"Portada\",\"item\":\"https:\\\/\\\/www.copealcoy.es\\\/es\\\/\"},{\"@type\":\"ListItem\",\"position\":2,\"name\":\"Alcoy y la comarca salen a la calle por el 8M en favor de la igualdad\"}]},{\"@type\":\"WebSite\",\"@id\":\"https:\\\/\\\/www.copealcoy.es\\\/es\\\/#website\",\"url\":\"https:\\\/\\\/www.copealcoy.es\\\/es\\\/\",\"name\":\"COPE Alcoy\",\"description\":\"Emisora COPE de radio local con emisi\u00f3n online. Pont de Sant Jordi 8-10 03803 Alcoy\",\"potentialAction\":[{\"@type\":\"SearchAction\",\"target\":{\"@type\":\"EntryPoint\",\"urlTemplate\":\"https:\\\/\\\/www.copealcoy.es\\\/es\\\/?s={search_term_string}\"},\"query-input\":{\"@type\":\"PropertyValueSpecification\",\"valueRequired\":true,\"valueName\":\"search_term_string\"}}],\"inLanguage\":\"es\"},{\"@type\":\"Person\",\"@id\":\"https:\\\/\\\/www.copealcoy.es\\\/es\\\/#\\\/schema\\\/person\\\/e777c87fa024e57d40170af9df39882c\",\"name\":\"Cope Alcoy\",\"image\":{\"@type\":\"ImageObject\",\"inLanguage\":\"es\",\"@id\":\"https:\\\/\\\/secure.gravatar.com\\\/avatar\\\/bb65d0283347e303893ba14f0692005417c1e0e690a325a4c5d8bb2b3943ee14?s=96&d=mm&r=g\",\"url\":\"https:\\\/\\\/secure.gravatar.com\\\/avatar\\\/bb65d0283347e303893ba14f0692005417c1e0e690a325a4c5d8bb2b3943ee14?s=96&d=mm&r=g\",\"contentUrl\":\"https:\\\/\\\/secure.gravatar.com\\\/avatar\\\/bb65d0283347e303893ba14f0692005417c1e0e690a325a4c5d8bb2b3943ee14?s=96&d=mm&r=g\",\"caption\":\"Cope Alcoy\"}}]}<\/script>\n<!-- \/ Yoast SEO plugin. -->","yoast_head_json":{"title":"Alcoy y la comarca salen a la calle por el 8M en favor de la igualdad - COPE Alcoy","description":"Alcoy y los municipios de la comarca han vuelto a salir a la calle en favor de la igualdad coincidiendo con el 8 de marzo, el D\u00eda Internacional de la Mujer","robots":{"index":"index","follow":"follow","max-snippet":"max-snippet:-1","max-image-preview":"max-image-preview:large","max-video-preview":"max-video-preview:-1"},"canonical":"https:\/\/www.copealcoy.es\/es\/alcoy-y-la-comarca-salen-a-la-calle-por-el-8m-en-favor-de-la-igualdad\/","og_locale":"es_ES","og_type":"article","og_title":"Alcoy y la comarca salen a la calle por el 8M en favor de la igualdad - COPE Alcoy","og_description":"Alcoy y los municipios de la comarca han vuelto a salir a la calle en favor de la igualdad coincidiendo con el 8 de marzo, el D\u00eda Internacional de la Mujer","og_url":"https:\/\/www.copealcoy.es\/es\/alcoy-y-la-comarca-salen-a-la-calle-por-el-8m-en-favor-de-la-igualdad\/","og_site_name":"COPE Alcoy","article_published_time":"2025-03-10T07:05:49+00:00","article_modified_time":"2025-03-10T13:01:57+00:00","og_image":[{"width":1628,"height":947,"url":"https:\/\/www.copealcoy.es\/wp-content\/uploads\/2025\/03\/unnamed-1-12.jpg","type":"image\/jpeg"}],"author":"Cope Alcoy","twitter_misc":{"Escrito por":"Cope Alcoy","Tiempo de lectura":"3 minutos"},"schema":{"@context":"https:\/\/schema.org","@graph":[{"@type":"Article","@id":"https:\/\/www.copealcoy.es\/es\/alcoy-y-la-comarca-salen-a-la-calle-por-el-8m-en-favor-de-la-igualdad\/#article","isPartOf":{"@id":"https:\/\/www.copealcoy.es\/es\/alcoy-y-la-comarca-salen-a-la-calle-por-el-8m-en-favor-de-la-igualdad\/"},"author":{"name":"Cope Alcoy","@id":"https:\/\/www.copealcoy.es\/es\/#\/schema\/person\/e777c87fa024e57d40170af9df39882c"},"headline":"Alcoy y la comarca salen a la calle por el 8M en favor de la igualdad","datePublished":"2025-03-10T07:05:49+00:00","dateModified":"2025-03-10T13:01:57+00:00","mainEntityOfPage":{"@id":"https:\/\/www.copealcoy.es\/es\/alcoy-y-la-comarca-salen-a-la-calle-por-el-8m-en-favor-de-la-igualdad\/"},"wordCount":422,"commentCount":0,"image":{"@id":"https:\/\/www.copealcoy.es\/es\/alcoy-y-la-comarca-salen-a-la-calle-por-el-8m-en-favor-de-la-igualdad\/#primaryimage"},"thumbnailUrl":"https:\/\/www.copealcoy.es\/wp-content\/uploads\/2025\/03\/unnamed-1-12.jpg","keywords":["8 de marzo","8M","actos reivindicativos","Alcoi\u00e0","Alcoy","Comtat"],"articleSection":["Actualidad","Alcoy","Noticias","Portada"],"inLanguage":"es"},{"@type":"WebPage","@id":"https:\/\/www.copealcoy.es\/es\/alcoy-y-la-comarca-salen-a-la-calle-por-el-8m-en-favor-de-la-igualdad\/","url":"https:\/\/www.copealcoy.es\/es\/alcoy-y-la-comarca-salen-a-la-calle-por-el-8m-en-favor-de-la-igualdad\/","name":"Alcoy y la comarca salen a la calle por el 8M en favor de la igualdad - COPE Alcoy","isPartOf":{"@id":"https:\/\/www.copealcoy.es\/es\/#website"},"primaryImageOfPage":{"@id":"https:\/\/www.copealcoy.es\/es\/alcoy-y-la-comarca-salen-a-la-calle-por-el-8m-en-favor-de-la-igualdad\/#primaryimage"},"image":{"@id":"https:\/\/www.copealcoy.es\/es\/alcoy-y-la-comarca-salen-a-la-calle-por-el-8m-en-favor-de-la-igualdad\/#primaryimage"},"thumbnailUrl":"https:\/\/www.copealcoy.es\/wp-content\/uploads\/2025\/03\/unnamed-1-12.jpg","datePublished":"2025-03-10T07:05:49+00:00","dateModified":"2025-03-10T13:01:57+00:00","author":{"@id":"https:\/\/www.copealcoy.es\/es\/#\/schema\/person\/e777c87fa024e57d40170af9df39882c"},"description":"Alcoy y los municipios de la comarca han vuelto a salir a la calle en favor de la igualdad coincidiendo con el 8 de marzo, el D\u00eda Internacional de la Mujer","breadcrumb":{"@id":"https:\/\/www.copealcoy.es\/es\/alcoy-y-la-comarca-salen-a-la-calle-por-el-8m-en-favor-de-la-igualdad\/#breadcrumb"},"inLanguage":"es","potentialAction":[{"@type":"ReadAction","target":["https:\/\/www.copealcoy.es\/es\/alcoy-y-la-comarca-salen-a-la-calle-por-el-8m-en-favor-de-la-igualdad\/"]}]},{"@type":"ImageObject","inLanguage":"es","@id":"https:\/\/www.copealcoy.es\/es\/alcoy-y-la-comarca-salen-a-la-calle-por-el-8m-en-favor-de-la-igualdad\/#primaryimage","url":"https:\/\/www.copealcoy.es\/wp-content\/uploads\/2025\/03\/unnamed-1-12.jpg","contentUrl":"https:\/\/www.copealcoy.es\/wp-content\/uploads\/2025\/03\/unnamed-1-12.jpg","width":1628,"height":947},{"@type":"BreadcrumbList","@id":"https:\/\/www.copealcoy.es\/es\/alcoy-y-la-comarca-salen-a-la-calle-por-el-8m-en-favor-de-la-igualdad\/#breadcrumb","itemListElement":[{"@type":"ListItem","position":1,"name":"Portada","item":"https:\/\/www.copealcoy.es\/es\/"},{"@type":"ListItem","position":2,"name":"Alcoy y la comarca salen a la calle por el 8M en favor de la igualdad"}]},{"@type":"WebSite","@id":"https:\/\/www.copealcoy.es\/es\/#website","url":"https:\/\/www.copealcoy.es\/es\/","name":"COPE Alcoy","description":"Emisora COPE de radio local con emisi\u00f3n online. Pont de Sant Jordi 8-10 03803 Alcoy","potentialAction":[{"@type":"SearchAction","target":{"@type":"EntryPoint","urlTemplate":"https:\/\/www.copealcoy.es\/es\/?s={search_term_string}"},"query-input":{"@type":"PropertyValueSpecification","valueRequired":true,"valueName":"search_term_string"}}],"inLanguage":"es"},{"@type":"Person","@id":"https:\/\/www.copealcoy.es\/es\/#\/schema\/person\/e777c87fa024e57d40170af9df39882c","name":"Cope Alcoy","image":{"@type":"ImageObject","inLanguage":"es","@id":"https:\/\/secure.gravatar.com\/avatar\/bb65d0283347e303893ba14f0692005417c1e0e690a325a4c5d8bb2b3943ee14?s=96&d=mm&r=g","url":"https:\/\/secure.gravatar.com\/avatar\/bb65d0283347e303893ba14f0692005417c1e0e690a325a4c5d8bb2b3943ee14?s=96&d=mm&r=g","contentUrl":"https:\/\/secure.gravatar.com\/avatar\/bb65d0283347e303893ba14f0692005417c1e0e690a325a4c5d8bb2b3943ee14?s=96&d=mm&r=g","caption":"Cope Alcoy"}}]}},"_links":{"self":[{"href":"https:\/\/www.copealcoy.es\/es\/wp-json\/wp\/v2\/posts\/148770","targetHints":{"allow":["GET"]}}],"collection":[{"href":"https:\/\/www.copealcoy.es\/es\/wp-json\/wp\/v2\/posts"}],"about":[{"href":"https:\/\/www.copealcoy.es\/es\/wp-json\/wp\/v2\/types\/post"}],"author":[{"embeddable":true,"href":"https:\/\/www.copealcoy.es\/es\/wp-json\/wp\/v2\/users\/1"}],"replies":[{"embeddable":true,"href":"https:\/\/www.copealcoy.es\/es\/wp-json\/wp\/v2\/comments?post=148770"}],"version-history":[{"count":0,"href":"https:\/\/www.copealcoy.es\/es\/wp-json\/wp\/v2\/posts\/148770\/revisions"}],"wp:featuredmedia":[{"embeddable":true,"href":"https:\/\/www.copealcoy.es\/es\/wp-json\/wp\/v2\/media\/148771"}],"wp:attachment":[{"href":"https:\/\/www.copealcoy.es\/es\/wp-json\/wp\/v2\/media?parent=148770"}],"wp:term":[{"taxonomy":"category","embeddable":true,"href":"https:\/\/www.copealcoy.es\/es\/wp-json\/wp\/v2\/categories?post=148770"},{"taxonomy":"post_tag","embeddable":true,"href":"https:\/\/www.copealcoy.es\/es\/wp-json\/wp\/v2\/tags?post=148770"}],"curies":[{"name":"wp","href":"https:\/\/api.w.org\/{rel}","templated":true}]}}