{"id":148622,"date":"2025-03-07T07:50:26","date_gmt":"2025-03-07T06:50:26","guid":{"rendered":"https:\/\/www.copealcoy.es\/?p=148622"},"modified":"2025-03-07T11:50:23","modified_gmt":"2025-03-07T10:50:23","slug":"lorena-zamorano-es-momento-de-reforzar-el-pspv-de-alcoy","status":"publish","type":"post","link":"https:\/\/www.copealcoy.es\/es\/lorena-zamorano-es-momento-de-reforzar-el-pspv-de-alcoy\/","title":{"rendered":"Lorena Zamorano: &#8220;es momento de reforzar el PSPV de Alcoy&#8221;"},"content":{"rendered":"<p style=\"text-align: justify;\">Era <strong>un secreto a voces<\/strong> en las \u00faltimas semanas y finalmente <strong>mi\u00e9rcoles\u00a0se confirm\u00f3 la noticia<\/strong>. <strong>Lorena Zamorano<\/strong>, en estos momentos concejala del <a href=\"https:\/\/www.facebook.com\/psoealcoi\" target=\"_blank\" rel=\"noopener\"><span style=\"color: #0000ff;\"><strong>Partido Socialista<\/strong><\/span><\/a> en el Ayuntamiento de Alcoy y al frente de \u00e1reas como la de Turismo, <strong>ha anunciado su candidatura<\/strong> a la secretaria general de la formaci\u00f3n pol\u00edtica.<\/p>\n<p style=\"text-align: justify;\">Zamorano, que ha pasado por los micr\u00f3fonos de COPE ALCOY, ha reiterado que<strong> afronta el reto<\/strong> con <em>&#8220;mucha ilusi\u00f3n<\/em>&#8221; y con <strong>un claro objetivo<\/strong> sobre la mesa &#8220;<em>que el partido sea un espacio en el que todos y todas tengan cabida. A veces es necesario renovarse, para continuar hacia adelante<\/em>&#8220;, ha afirmado en la entrevista concedida a esta emisora. Sobre <strong>el proyecto<\/strong> que presenta para liderar el PSPV local, ha explicado que <strong>lleva por lema &#8220;La Casa de Tots&#8221;<\/strong> al igual que ha hecho referencia <strong>al equipo de personas<\/strong> que la acompa\u00f1an en esta experiencia &#8220;<em>combinamos experiencia en la gesti\u00f3n pol\u00edtica, juventud y gente veterana en el PSPV. Tenemos ganas de trabajar por el partido, con la intenci\u00f3n de reforzarlo en un momento crucial, y que plantea muchos desaf\u00edos por el auge de la derecha y la ultraderecha<\/em>&#8220;, ha afirmado. Lorena Zamorano, que aterriz\u00f3 en el PSPV de Alcoy en 2008 y que ve en Jos\u00e9 Lu\u00eds Rodr\u00edguez Zapatero a un referente, tiene clara <strong>cu\u00e1l es su hoja de ruta a seguir<\/strong> &#8220;<em>dar forma a un proyecto de partido s\u00f3lido, que atienda a las necesidades de la gente, y que escuche a la ciudadan\u00eda. Aqu\u00ed no puede quedarse nadie al margen&#8221;<\/em>, detalla.<\/p>\n<p style=\"text-align: justify;\">Est\u00e1 previsto que antes del verano<strong> se celebre el proceso para escoger al nuevo Secretario General del Partido Socialista de Alcoy<\/strong> y en esta carrera Lorena Zamorano <strong>no estar\u00e1 sola<\/strong>. Y es que <strong>opta tambi\u00e9n al cargo el ex concejal Manolo Gomicia<\/strong>, el cual present\u00f3 su candidatura semanas atr\u00e1s &#8220;<em>es una persona a la que le tengo mucho aprecio y para nada es un rival. Es un compa\u00f1ero. Ambos queremos lo mejor para el partido y es muy bueno que se celebren estos procesos dentro de los partidos, lo cual es un s\u00edntoma de muy buena salud democr\u00e1tica. A m\u00ed me gusta votar y ahora, la militancia, tiene oportunidad de decidir para definir el futuro<\/em>&#8220;, concluye.<\/p>\n<p style=\"text-align: justify;\">En ese futuro no se contempla, por el momento, <strong>una candidatura a la alcald\u00eda en las Elecciones Municipales de 2027<\/strong>. Lorena Zamorano prefiere ir &#8220;<em>partido a partido<\/em>&#8221; y <strong>sus esfuerzos se centran ahora en poder llegar a liderar el PSPV como Secretaria General<\/strong>, posibilidad que si se llega a materializar har\u00eda que fuese la primera mujer en asumir esta responsabilidad.<\/p>\n<p>La<strong> entrevista completa<\/strong> la puedes escuchar a continuaci\u00f3n:<\/p>\n<audio class=\"wp-audio-shortcode\" id=\"audio-148622-1\" preload=\"none\" style=\"width: 100%;\" controls=\"controls\"><source type=\"audio\/mpeg\" src=\"https:\/\/www.copealcoy.es\/wp-content\/uploads\/2025\/03\/Entrevista-Lorena-Zamorano.mp3?_=1\" \/><a href=\"https:\/\/www.copealcoy.es\/wp-content\/uploads\/2025\/03\/Entrevista-Lorena-Zamorano.mp3\">https:\/\/www.copealcoy.es\/wp-content\/uploads\/2025\/03\/Entrevista-Lorena-Zamorano.mp3<\/a><\/audio>\n","protected":false},"excerpt":{"rendered":"<p>Era un secreto a voces en las \u00faltimas semanas y finalmente mi\u00e9rcoles\u00a0se confirm\u00f3 la noticia. Lorena Zamorano, en estos momentos&#8230;<\/p>\n","protected":false},"author":1,"featured_media":148626,"comment_status":"open","ping_status":"open","sticky":false,"template":"","format":"standard","meta":{"footnotes":""},"categories":[6909,97,75,79],"tags":[1494,5263,1796,3405,5372],"class_list":["post-148622","post","type-post","status-publish","format-standard","has-post-thumbnail","hentry","category-actualidad","category-alcoy","category-noticias","category-politicayeconomia","tag-alcoy","tag-candidatura","tag-lorena-zamorano","tag-partido-socialista","tag-secretaria-general"],"yoast_head":"<!-- This site is optimized with the Yoast SEO plugin v27.3 - https:\/\/yoast.com\/product\/yoast-seo-wordpress\/ -->\n<title>Lorena Zamorano: &quot;es momento de reforzar el PSPV de Alcoy&quot; - COPE Alcoy<\/title>\n<meta name=\"description\" content=\"Lorena Zamorano ha presentado su candidatura para ser la nueva Secretaria General del Partido Socialista de Alcoy\" \/>\n<meta name=\"robots\" content=\"index, follow, max-snippet:-1, max-image-preview:large, max-video-preview:-1\" \/>\n<link rel=\"canonical\" href=\"https:\/\/www.copealcoy.es\/es\/lorena-zamorano-es-momento-de-reforzar-el-pspv-de-alcoy\/\" \/>\n<meta property=\"og:locale\" content=\"es_ES\" \/>\n<meta property=\"og:type\" content=\"article\" \/>\n<meta property=\"og:title\" content=\"Lorena Zamorano: &quot;es momento de reforzar el PSPV de Alcoy&quot; - COPE Alcoy\" \/>\n<meta property=\"og:description\" content=\"Lorena Zamorano ha presentado su candidatura para ser la nueva Secretaria General del Partido Socialista de Alcoy\" \/>\n<meta property=\"og:url\" content=\"https:\/\/www.copealcoy.es\/es\/lorena-zamorano-es-momento-de-reforzar-el-pspv-de-alcoy\/\" \/>\n<meta property=\"og:site_name\" content=\"COPE Alcoy\" \/>\n<meta property=\"article:published_time\" content=\"2025-03-07T06:50:26+00:00\" \/>\n<meta property=\"article:modified_time\" content=\"2025-03-07T10:50:23+00:00\" \/>\n<meta property=\"og:image\" content=\"https:\/\/www.copealcoy.es\/wp-content\/uploads\/2025\/03\/unnamed-1-7-scaled.jpg\" \/>\n\t<meta property=\"og:image:width\" content=\"1333\" \/>\n\t<meta property=\"og:image:height\" content=\"1080\" \/>\n\t<meta property=\"og:image:type\" content=\"image\/jpeg\" \/>\n<meta name=\"author\" content=\"Cope Alcoy\" \/>\n<meta name=\"twitter:label1\" content=\"Escrito por\" \/>\n\t<meta name=\"twitter:data1\" content=\"Cope Alcoy\" \/>\n\t<meta name=\"twitter:label2\" content=\"Tiempo de lectura\" \/>\n\t<meta name=\"twitter:data2\" content=\"3 minutos\" \/>\n<script type=\"application\/ld+json\" class=\"yoast-schema-graph\">{\"@context\":\"https:\\\/\\\/schema.org\",\"@graph\":[{\"@type\":\"Article\",\"@id\":\"https:\\\/\\\/www.copealcoy.es\\\/es\\\/lorena-zamorano-es-momento-de-reforzar-el-pspv-de-alcoy\\\/#article\",\"isPartOf\":{\"@id\":\"https:\\\/\\\/www.copealcoy.es\\\/es\\\/lorena-zamorano-es-momento-de-reforzar-el-pspv-de-alcoy\\\/\"},\"author\":{\"name\":\"Cope Alcoy\",\"@id\":\"https:\\\/\\\/www.copealcoy.es\\\/es\\\/#\\\/schema\\\/person\\\/e777c87fa024e57d40170af9df39882c\"},\"headline\":\"Lorena Zamorano: &#8220;es momento de reforzar el PSPV de Alcoy&#8221;\",\"datePublished\":\"2025-03-07T06:50:26+00:00\",\"dateModified\":\"2025-03-07T10:50:23+00:00\",\"mainEntityOfPage\":{\"@id\":\"https:\\\/\\\/www.copealcoy.es\\\/es\\\/lorena-zamorano-es-momento-de-reforzar-el-pspv-de-alcoy\\\/\"},\"wordCount\":479,\"commentCount\":0,\"image\":{\"@id\":\"https:\\\/\\\/www.copealcoy.es\\\/es\\\/lorena-zamorano-es-momento-de-reforzar-el-pspv-de-alcoy\\\/#primaryimage\"},\"thumbnailUrl\":\"https:\\\/\\\/www.copealcoy.es\\\/wp-content\\\/uploads\\\/2025\\\/03\\\/unnamed-1-7-scaled.jpg\",\"keywords\":[\"Alcoy\",\"Candidatura\",\"Lorena Zamorano\",\"Partido Socialista\",\"Secretar\u00eda General\"],\"articleSection\":[\"Actualidad\",\"Alcoy\",\"Noticias\",\"Pol\u00edtica y Econom\u00eda\"],\"inLanguage\":\"es\"},{\"@type\":\"WebPage\",\"@id\":\"https:\\\/\\\/www.copealcoy.es\\\/es\\\/lorena-zamorano-es-momento-de-reforzar-el-pspv-de-alcoy\\\/\",\"url\":\"https:\\\/\\\/www.copealcoy.es\\\/es\\\/lorena-zamorano-es-momento-de-reforzar-el-pspv-de-alcoy\\\/\",\"name\":\"Lorena Zamorano: \\\"es momento de reforzar el PSPV de Alcoy\\\" - COPE Alcoy\",\"isPartOf\":{\"@id\":\"https:\\\/\\\/www.copealcoy.es\\\/es\\\/#website\"},\"primaryImageOfPage\":{\"@id\":\"https:\\\/\\\/www.copealcoy.es\\\/es\\\/lorena-zamorano-es-momento-de-reforzar-el-pspv-de-alcoy\\\/#primaryimage\"},\"image\":{\"@id\":\"https:\\\/\\\/www.copealcoy.es\\\/es\\\/lorena-zamorano-es-momento-de-reforzar-el-pspv-de-alcoy\\\/#primaryimage\"},\"thumbnailUrl\":\"https:\\\/\\\/www.copealcoy.es\\\/wp-content\\\/uploads\\\/2025\\\/03\\\/unnamed-1-7-scaled.jpg\",\"datePublished\":\"2025-03-07T06:50:26+00:00\",\"dateModified\":\"2025-03-07T10:50:23+00:00\",\"author\":{\"@id\":\"https:\\\/\\\/www.copealcoy.es\\\/es\\\/#\\\/schema\\\/person\\\/e777c87fa024e57d40170af9df39882c\"},\"description\":\"Lorena Zamorano ha presentado su candidatura para ser la nueva Secretaria General del Partido Socialista de Alcoy\",\"breadcrumb\":{\"@id\":\"https:\\\/\\\/www.copealcoy.es\\\/es\\\/lorena-zamorano-es-momento-de-reforzar-el-pspv-de-alcoy\\\/#breadcrumb\"},\"inLanguage\":\"es\",\"potentialAction\":[{\"@type\":\"ReadAction\",\"target\":[\"https:\\\/\\\/www.copealcoy.es\\\/es\\\/lorena-zamorano-es-momento-de-reforzar-el-pspv-de-alcoy\\\/\"]}]},{\"@type\":\"ImageObject\",\"inLanguage\":\"es\",\"@id\":\"https:\\\/\\\/www.copealcoy.es\\\/es\\\/lorena-zamorano-es-momento-de-reforzar-el-pspv-de-alcoy\\\/#primaryimage\",\"url\":\"https:\\\/\\\/www.copealcoy.es\\\/wp-content\\\/uploads\\\/2025\\\/03\\\/unnamed-1-7-scaled.jpg\",\"contentUrl\":\"https:\\\/\\\/www.copealcoy.es\\\/wp-content\\\/uploads\\\/2025\\\/03\\\/unnamed-1-7-scaled.jpg\",\"width\":1333,\"height\":1080},{\"@type\":\"BreadcrumbList\",\"@id\":\"https:\\\/\\\/www.copealcoy.es\\\/es\\\/lorena-zamorano-es-momento-de-reforzar-el-pspv-de-alcoy\\\/#breadcrumb\",\"itemListElement\":[{\"@type\":\"ListItem\",\"position\":1,\"name\":\"Portada\",\"item\":\"https:\\\/\\\/www.copealcoy.es\\\/es\\\/\"},{\"@type\":\"ListItem\",\"position\":2,\"name\":\"Lorena Zamorano: &#8220;es momento de reforzar el PSPV de Alcoy&#8221;\"}]},{\"@type\":\"WebSite\",\"@id\":\"https:\\\/\\\/www.copealcoy.es\\\/es\\\/#website\",\"url\":\"https:\\\/\\\/www.copealcoy.es\\\/es\\\/\",\"name\":\"COPE Alcoy\",\"description\":\"Emisora COPE de radio local con emisi\u00f3n online. Pont de Sant Jordi 8-10 03803 Alcoy\",\"potentialAction\":[{\"@type\":\"SearchAction\",\"target\":{\"@type\":\"EntryPoint\",\"urlTemplate\":\"https:\\\/\\\/www.copealcoy.es\\\/es\\\/?s={search_term_string}\"},\"query-input\":{\"@type\":\"PropertyValueSpecification\",\"valueRequired\":true,\"valueName\":\"search_term_string\"}}],\"inLanguage\":\"es\"},{\"@type\":\"Person\",\"@id\":\"https:\\\/\\\/www.copealcoy.es\\\/es\\\/#\\\/schema\\\/person\\\/e777c87fa024e57d40170af9df39882c\",\"name\":\"Cope Alcoy\",\"image\":{\"@type\":\"ImageObject\",\"inLanguage\":\"es\",\"@id\":\"https:\\\/\\\/secure.gravatar.com\\\/avatar\\\/bb65d0283347e303893ba14f0692005417c1e0e690a325a4c5d8bb2b3943ee14?s=96&d=mm&r=g\",\"url\":\"https:\\\/\\\/secure.gravatar.com\\\/avatar\\\/bb65d0283347e303893ba14f0692005417c1e0e690a325a4c5d8bb2b3943ee14?s=96&d=mm&r=g\",\"contentUrl\":\"https:\\\/\\\/secure.gravatar.com\\\/avatar\\\/bb65d0283347e303893ba14f0692005417c1e0e690a325a4c5d8bb2b3943ee14?s=96&d=mm&r=g\",\"caption\":\"Cope Alcoy\"}}]}<\/script>\n<!-- \/ Yoast SEO plugin. -->","yoast_head_json":{"title":"Lorena Zamorano: \"es momento de reforzar el PSPV de Alcoy\" - COPE Alcoy","description":"Lorena Zamorano ha presentado su candidatura para ser la nueva Secretaria General del Partido Socialista de Alcoy","robots":{"index":"index","follow":"follow","max-snippet":"max-snippet:-1","max-image-preview":"max-image-preview:large","max-video-preview":"max-video-preview:-1"},"canonical":"https:\/\/www.copealcoy.es\/es\/lorena-zamorano-es-momento-de-reforzar-el-pspv-de-alcoy\/","og_locale":"es_ES","og_type":"article","og_title":"Lorena Zamorano: \"es momento de reforzar el PSPV de Alcoy\" - COPE Alcoy","og_description":"Lorena Zamorano ha presentado su candidatura para ser la nueva Secretaria General del Partido Socialista de Alcoy","og_url":"https:\/\/www.copealcoy.es\/es\/lorena-zamorano-es-momento-de-reforzar-el-pspv-de-alcoy\/","og_site_name":"COPE Alcoy","article_published_time":"2025-03-07T06:50:26+00:00","article_modified_time":"2025-03-07T10:50:23+00:00","og_image":[{"width":1333,"height":1080,"url":"https:\/\/www.copealcoy.es\/wp-content\/uploads\/2025\/03\/unnamed-1-7-scaled.jpg","type":"image\/jpeg"}],"author":"Cope Alcoy","twitter_misc":{"Escrito por":"Cope Alcoy","Tiempo de lectura":"3 minutos"},"schema":{"@context":"https:\/\/schema.org","@graph":[{"@type":"Article","@id":"https:\/\/www.copealcoy.es\/es\/lorena-zamorano-es-momento-de-reforzar-el-pspv-de-alcoy\/#article","isPartOf":{"@id":"https:\/\/www.copealcoy.es\/es\/lorena-zamorano-es-momento-de-reforzar-el-pspv-de-alcoy\/"},"author":{"name":"Cope Alcoy","@id":"https:\/\/www.copealcoy.es\/es\/#\/schema\/person\/e777c87fa024e57d40170af9df39882c"},"headline":"Lorena Zamorano: &#8220;es momento de reforzar el PSPV de Alcoy&#8221;","datePublished":"2025-03-07T06:50:26+00:00","dateModified":"2025-03-07T10:50:23+00:00","mainEntityOfPage":{"@id":"https:\/\/www.copealcoy.es\/es\/lorena-zamorano-es-momento-de-reforzar-el-pspv-de-alcoy\/"},"wordCount":479,"commentCount":0,"image":{"@id":"https:\/\/www.copealcoy.es\/es\/lorena-zamorano-es-momento-de-reforzar-el-pspv-de-alcoy\/#primaryimage"},"thumbnailUrl":"https:\/\/www.copealcoy.es\/wp-content\/uploads\/2025\/03\/unnamed-1-7-scaled.jpg","keywords":["Alcoy","Candidatura","Lorena Zamorano","Partido Socialista","Secretar\u00eda General"],"articleSection":["Actualidad","Alcoy","Noticias","Pol\u00edtica y Econom\u00eda"],"inLanguage":"es"},{"@type":"WebPage","@id":"https:\/\/www.copealcoy.es\/es\/lorena-zamorano-es-momento-de-reforzar-el-pspv-de-alcoy\/","url":"https:\/\/www.copealcoy.es\/es\/lorena-zamorano-es-momento-de-reforzar-el-pspv-de-alcoy\/","name":"Lorena Zamorano: \"es momento de reforzar el PSPV de Alcoy\" - COPE Alcoy","isPartOf":{"@id":"https:\/\/www.copealcoy.es\/es\/#website"},"primaryImageOfPage":{"@id":"https:\/\/www.copealcoy.es\/es\/lorena-zamorano-es-momento-de-reforzar-el-pspv-de-alcoy\/#primaryimage"},"image":{"@id":"https:\/\/www.copealcoy.es\/es\/lorena-zamorano-es-momento-de-reforzar-el-pspv-de-alcoy\/#primaryimage"},"thumbnailUrl":"https:\/\/www.copealcoy.es\/wp-content\/uploads\/2025\/03\/unnamed-1-7-scaled.jpg","datePublished":"2025-03-07T06:50:26+00:00","dateModified":"2025-03-07T10:50:23+00:00","author":{"@id":"https:\/\/www.copealcoy.es\/es\/#\/schema\/person\/e777c87fa024e57d40170af9df39882c"},"description":"Lorena Zamorano ha presentado su candidatura para ser la nueva Secretaria General del Partido Socialista de Alcoy","breadcrumb":{"@id":"https:\/\/www.copealcoy.es\/es\/lorena-zamorano-es-momento-de-reforzar-el-pspv-de-alcoy\/#breadcrumb"},"inLanguage":"es","potentialAction":[{"@type":"ReadAction","target":["https:\/\/www.copealcoy.es\/es\/lorena-zamorano-es-momento-de-reforzar-el-pspv-de-alcoy\/"]}]},{"@type":"ImageObject","inLanguage":"es","@id":"https:\/\/www.copealcoy.es\/es\/lorena-zamorano-es-momento-de-reforzar-el-pspv-de-alcoy\/#primaryimage","url":"https:\/\/www.copealcoy.es\/wp-content\/uploads\/2025\/03\/unnamed-1-7-scaled.jpg","contentUrl":"https:\/\/www.copealcoy.es\/wp-content\/uploads\/2025\/03\/unnamed-1-7-scaled.jpg","width":1333,"height":1080},{"@type":"BreadcrumbList","@id":"https:\/\/www.copealcoy.es\/es\/lorena-zamorano-es-momento-de-reforzar-el-pspv-de-alcoy\/#breadcrumb","itemListElement":[{"@type":"ListItem","position":1,"name":"Portada","item":"https:\/\/www.copealcoy.es\/es\/"},{"@type":"ListItem","position":2,"name":"Lorena Zamorano: &#8220;es momento de reforzar el PSPV de Alcoy&#8221;"}]},{"@type":"WebSite","@id":"https:\/\/www.copealcoy.es\/es\/#website","url":"https:\/\/www.copealcoy.es\/es\/","name":"COPE Alcoy","description":"Emisora COPE de radio local con emisi\u00f3n online. Pont de Sant Jordi 8-10 03803 Alcoy","potentialAction":[{"@type":"SearchAction","target":{"@type":"EntryPoint","urlTemplate":"https:\/\/www.copealcoy.es\/es\/?s={search_term_string}"},"query-input":{"@type":"PropertyValueSpecification","valueRequired":true,"valueName":"search_term_string"}}],"inLanguage":"es"},{"@type":"Person","@id":"https:\/\/www.copealcoy.es\/es\/#\/schema\/person\/e777c87fa024e57d40170af9df39882c","name":"Cope Alcoy","image":{"@type":"ImageObject","inLanguage":"es","@id":"https:\/\/secure.gravatar.com\/avatar\/bb65d0283347e303893ba14f0692005417c1e0e690a325a4c5d8bb2b3943ee14?s=96&d=mm&r=g","url":"https:\/\/secure.gravatar.com\/avatar\/bb65d0283347e303893ba14f0692005417c1e0e690a325a4c5d8bb2b3943ee14?s=96&d=mm&r=g","contentUrl":"https:\/\/secure.gravatar.com\/avatar\/bb65d0283347e303893ba14f0692005417c1e0e690a325a4c5d8bb2b3943ee14?s=96&d=mm&r=g","caption":"Cope Alcoy"}}]}},"_links":{"self":[{"href":"https:\/\/www.copealcoy.es\/es\/wp-json\/wp\/v2\/posts\/148622","targetHints":{"allow":["GET"]}}],"collection":[{"href":"https:\/\/www.copealcoy.es\/es\/wp-json\/wp\/v2\/posts"}],"about":[{"href":"https:\/\/www.copealcoy.es\/es\/wp-json\/wp\/v2\/types\/post"}],"author":[{"embeddable":true,"href":"https:\/\/www.copealcoy.es\/es\/wp-json\/wp\/v2\/users\/1"}],"replies":[{"embeddable":true,"href":"https:\/\/www.copealcoy.es\/es\/wp-json\/wp\/v2\/comments?post=148622"}],"version-history":[{"count":0,"href":"https:\/\/www.copealcoy.es\/es\/wp-json\/wp\/v2\/posts\/148622\/revisions"}],"wp:featuredmedia":[{"embeddable":true,"href":"https:\/\/www.copealcoy.es\/es\/wp-json\/wp\/v2\/media\/148626"}],"wp:attachment":[{"href":"https:\/\/www.copealcoy.es\/es\/wp-json\/wp\/v2\/media?parent=148622"}],"wp:term":[{"taxonomy":"category","embeddable":true,"href":"https:\/\/www.copealcoy.es\/es\/wp-json\/wp\/v2\/categories?post=148622"},{"taxonomy":"post_tag","embeddable":true,"href":"https:\/\/www.copealcoy.es\/es\/wp-json\/wp\/v2\/tags?post=148622"}],"curies":[{"name":"wp","href":"https:\/\/api.w.org\/{rel}","templated":true}]}}