{"id":148571,"date":"2025-03-07T08:05:04","date_gmt":"2025-03-07T07:05:04","guid":{"rendered":"https:\/\/www.copealcoy.es\/?p=148571"},"modified":"2025-03-07T09:11:07","modified_gmt":"2025-03-07T08:11:07","slug":"el-dia-de-la-gloria-sera-festivo-para-el-comercio-de-alcoy","status":"publish","type":"post","link":"https:\/\/www.copealcoy.es\/es\/el-dia-de-la-gloria-sera-festivo-para-el-comercio-de-alcoy\/","title":{"rendered":"El D\u00eda de La Gloria ser\u00e1 festivo para el comercio de Alcoy"},"content":{"rendered":"<p style=\"text-align: justify;\">El pr\u00f3ximo <strong>D\u00eda de La Gloria<\/strong>, domingo 20 de abril, <strong>tendr\u00e1 car\u00e1cter festivo en Alcoy<\/strong>\u00a0para el comercio local, seg\u00fan han informado desde el <a href=\"https:\/\/www.alcoi.org\/es\/portal\/index.html\" target=\"_blank\" rel=\"noopener\"><span style=\"color: #0000ff;\"><strong>Ayuntamiento<\/strong><\/span><\/a> de nuestra ciudad. La propuesta <strong>hab\u00eda sido trasladada a la Generalitat Valenciana<\/strong>, pidiendo el cambio, teniendo en cuenta <strong>los diferentes actos festivos previos a nuestras Fiestas de Moros y Cristianos<\/strong> que tienen lugar en la misma jornada del Domingo de Pascua.<\/p>\n<p style=\"text-align: justify;\">Desde la <strong>concejal\u00eda de Comercio del Consistorio alcoyano<\/strong> explican al respecto que, tras conocerse las posibles propuestas de la Generalitat Valenciana para la apertura de negocios en festivos durante 2025, <strong>se llevaron a cabo varias reuniones para encontrar una soluci\u00f3n adecuada<\/strong>. Finalmente, <strong>la Conseller\u00eda decidi\u00f3 deshabilitar el 20 de abril como d\u00eda comercial y lo reemplaz\u00f3 por el 21 de abril<\/strong>, medida que puede resultar beneficiosa para la ciudad ya que el Lunes de Pascua no cuenta con actos festivos si lo comparamos con el d\u00eda anterior &#8220;<em>as\u00ed se garantiza que los trabajadores y trabajadoras de los comercios de la ciudad puedan disfrutar de un d\u00eda con tanta importancia festiva en Alcoy, y a la vez se cumple el n\u00famero legal de festivos habilitado para la apertura comercial&#8221;<\/em>, afirma el concejal de Comercio y vicealcalde de Alcoy; <strong>\u00c0lex Cerradelo<\/strong>.<\/p>\n<p style=\"text-align: justify;\">Desde el Ayuntamiento de Alcoy <strong>expresan su satisfacci\u00f3n por el acuerdo alcanzado <\/strong>para permitir que sea festivo el Domingo de Resurrecci\u00f3n. Adem\u00e1s <strong>resaltan el trabajo conjunto y el di\u00e1logo previo<\/strong> entre la concejal\u00eda, las asociaciones comerciales y los sindicatos para conseguir un resultado beneficioso tanto para los mismos comerciantes como para el conjunto de la ciudadan\u00eda. Por \u00faltimo <strong>animan a disfrutar del mencionado D\u00eda de La Gloria<\/strong>, jornada que abrir\u00e1 camino hacia las inminentes Fiestas de Moros y Cristianos en honor a San Jorge, las cuales se celebrar\u00e1n del 3 al 5 de mayo debido a que la Semana Santa cae tard\u00eda en el calendario.<\/p>\n","protected":false},"excerpt":{"rendered":"<p>El pr\u00f3ximo D\u00eda de La Gloria, domingo 20 de abril, tendr\u00e1 car\u00e1cter festivo en Alcoy\u00a0para el comercio local, seg\u00fan han&#8230;<\/p>\n","protected":false},"author":1,"featured_media":113660,"comment_status":"open","ping_status":"open","sticky":false,"template":"","format":"standard","meta":{"footnotes":""},"categories":[6909,97,75,79],"tags":[1494,1285,19294,17033],"class_list":["post-148571","post","type-post","status-publish","format-standard","has-post-thumbnail","hentry","category-actualidad","category-alcoy","category-noticias","category-politicayeconomia","tag-alcoy","tag-apertura","tag-dia-de-la-gloria","tag-festivo"],"yoast_head":"<!-- This site is optimized with the Yoast SEO plugin v27.3 - https:\/\/yoast.com\/product\/yoast-seo-wordpress\/ -->\n<title>El D\u00eda de La Gloria ser\u00e1 festivo para el comercio de Alcoy - COPE Alcoy<\/title>\n<meta name=\"description\" content=\"El pr\u00f3ximo D\u00eda de La Gloria, domingo 20 de abril, tendr\u00e1 car\u00e1cter festivo en Alcoy\u00a0para el comercio local, seg\u00fan han informado desde el Ayuntamiento de nuestra ciudad\" \/>\n<meta name=\"robots\" content=\"index, follow, max-snippet:-1, max-image-preview:large, max-video-preview:-1\" \/>\n<link rel=\"canonical\" href=\"https:\/\/www.copealcoy.es\/es\/el-dia-de-la-gloria-sera-festivo-para-el-comercio-de-alcoy\/\" \/>\n<meta property=\"og:locale\" content=\"es_ES\" \/>\n<meta property=\"og:type\" content=\"article\" \/>\n<meta property=\"og:title\" content=\"El D\u00eda de La Gloria ser\u00e1 festivo para el comercio de Alcoy - COPE Alcoy\" \/>\n<meta property=\"og:description\" content=\"El pr\u00f3ximo D\u00eda de La Gloria, domingo 20 de abril, tendr\u00e1 car\u00e1cter festivo en Alcoy\u00a0para el comercio local, seg\u00fan han informado desde el Ayuntamiento de nuestra ciudad\" \/>\n<meta property=\"og:url\" content=\"https:\/\/www.copealcoy.es\/es\/el-dia-de-la-gloria-sera-festivo-para-el-comercio-de-alcoy\/\" \/>\n<meta property=\"og:site_name\" content=\"COPE Alcoy\" \/>\n<meta property=\"article:published_time\" content=\"2025-03-07T07:05:04+00:00\" \/>\n<meta property=\"article:modified_time\" content=\"2025-03-07T08:11:07+00:00\" \/>\n<meta property=\"og:image\" content=\"https:\/\/www.copealcoy.es\/wp-content\/uploads\/2023\/04\/IMG-8302-scaled.jpg\" \/>\n\t<meta property=\"og:image:width\" content=\"1646\" \/>\n\t<meta property=\"og:image:height\" content=\"1080\" \/>\n\t<meta property=\"og:image:type\" content=\"image\/jpeg\" \/>\n<meta name=\"author\" content=\"Cope Alcoy\" \/>\n<meta name=\"twitter:label1\" content=\"Escrito por\" \/>\n\t<meta name=\"twitter:data1\" content=\"Cope Alcoy\" \/>\n\t<meta name=\"twitter:label2\" content=\"Tiempo de lectura\" \/>\n\t<meta name=\"twitter:data2\" content=\"2 minutos\" \/>\n<script type=\"application\/ld+json\" class=\"yoast-schema-graph\">{\"@context\":\"https:\\\/\\\/schema.org\",\"@graph\":[{\"@type\":\"Article\",\"@id\":\"https:\\\/\\\/www.copealcoy.es\\\/es\\\/el-dia-de-la-gloria-sera-festivo-para-el-comercio-de-alcoy\\\/#article\",\"isPartOf\":{\"@id\":\"https:\\\/\\\/www.copealcoy.es\\\/es\\\/el-dia-de-la-gloria-sera-festivo-para-el-comercio-de-alcoy\\\/\"},\"author\":{\"name\":\"Cope Alcoy\",\"@id\":\"https:\\\/\\\/www.copealcoy.es\\\/es\\\/#\\\/schema\\\/person\\\/e777c87fa024e57d40170af9df39882c\"},\"headline\":\"El D\u00eda de La Gloria ser\u00e1 festivo para el comercio de Alcoy\",\"datePublished\":\"2025-03-07T07:05:04+00:00\",\"dateModified\":\"2025-03-07T08:11:07+00:00\",\"mainEntityOfPage\":{\"@id\":\"https:\\\/\\\/www.copealcoy.es\\\/es\\\/el-dia-de-la-gloria-sera-festivo-para-el-comercio-de-alcoy\\\/\"},\"wordCount\":338,\"commentCount\":0,\"image\":{\"@id\":\"https:\\\/\\\/www.copealcoy.es\\\/es\\\/el-dia-de-la-gloria-sera-festivo-para-el-comercio-de-alcoy\\\/#primaryimage\"},\"thumbnailUrl\":\"https:\\\/\\\/www.copealcoy.es\\\/wp-content\\\/uploads\\\/2023\\\/04\\\/IMG-8302-scaled.jpg\",\"keywords\":[\"Alcoy\",\"apertura\",\"D\u00eda de La Gloria\",\"Festivo\"],\"articleSection\":[\"Actualidad\",\"Alcoy\",\"Noticias\",\"Pol\u00edtica y Econom\u00eda\"],\"inLanguage\":\"es\"},{\"@type\":\"WebPage\",\"@id\":\"https:\\\/\\\/www.copealcoy.es\\\/es\\\/el-dia-de-la-gloria-sera-festivo-para-el-comercio-de-alcoy\\\/\",\"url\":\"https:\\\/\\\/www.copealcoy.es\\\/es\\\/el-dia-de-la-gloria-sera-festivo-para-el-comercio-de-alcoy\\\/\",\"name\":\"El D\u00eda de La Gloria ser\u00e1 festivo para el comercio de Alcoy - COPE Alcoy\",\"isPartOf\":{\"@id\":\"https:\\\/\\\/www.copealcoy.es\\\/es\\\/#website\"},\"primaryImageOfPage\":{\"@id\":\"https:\\\/\\\/www.copealcoy.es\\\/es\\\/el-dia-de-la-gloria-sera-festivo-para-el-comercio-de-alcoy\\\/#primaryimage\"},\"image\":{\"@id\":\"https:\\\/\\\/www.copealcoy.es\\\/es\\\/el-dia-de-la-gloria-sera-festivo-para-el-comercio-de-alcoy\\\/#primaryimage\"},\"thumbnailUrl\":\"https:\\\/\\\/www.copealcoy.es\\\/wp-content\\\/uploads\\\/2023\\\/04\\\/IMG-8302-scaled.jpg\",\"datePublished\":\"2025-03-07T07:05:04+00:00\",\"dateModified\":\"2025-03-07T08:11:07+00:00\",\"author\":{\"@id\":\"https:\\\/\\\/www.copealcoy.es\\\/es\\\/#\\\/schema\\\/person\\\/e777c87fa024e57d40170af9df39882c\"},\"description\":\"El pr\u00f3ximo D\u00eda de La Gloria, domingo 20 de abril, tendr\u00e1 car\u00e1cter festivo en Alcoy\u00a0para el comercio local, seg\u00fan han informado desde el Ayuntamiento de nuestra ciudad\",\"breadcrumb\":{\"@id\":\"https:\\\/\\\/www.copealcoy.es\\\/es\\\/el-dia-de-la-gloria-sera-festivo-para-el-comercio-de-alcoy\\\/#breadcrumb\"},\"inLanguage\":\"es\",\"potentialAction\":[{\"@type\":\"ReadAction\",\"target\":[\"https:\\\/\\\/www.copealcoy.es\\\/es\\\/el-dia-de-la-gloria-sera-festivo-para-el-comercio-de-alcoy\\\/\"]}]},{\"@type\":\"ImageObject\",\"inLanguage\":\"es\",\"@id\":\"https:\\\/\\\/www.copealcoy.es\\\/es\\\/el-dia-de-la-gloria-sera-festivo-para-el-comercio-de-alcoy\\\/#primaryimage\",\"url\":\"https:\\\/\\\/www.copealcoy.es\\\/wp-content\\\/uploads\\\/2023\\\/04\\\/IMG-8302-scaled.jpg\",\"contentUrl\":\"https:\\\/\\\/www.copealcoy.es\\\/wp-content\\\/uploads\\\/2023\\\/04\\\/IMG-8302-scaled.jpg\",\"width\":1646,\"height\":1080},{\"@type\":\"BreadcrumbList\",\"@id\":\"https:\\\/\\\/www.copealcoy.es\\\/es\\\/el-dia-de-la-gloria-sera-festivo-para-el-comercio-de-alcoy\\\/#breadcrumb\",\"itemListElement\":[{\"@type\":\"ListItem\",\"position\":1,\"name\":\"Portada\",\"item\":\"https:\\\/\\\/www.copealcoy.es\\\/es\\\/\"},{\"@type\":\"ListItem\",\"position\":2,\"name\":\"El D\u00eda de La Gloria ser\u00e1 festivo para el comercio de Alcoy\"}]},{\"@type\":\"WebSite\",\"@id\":\"https:\\\/\\\/www.copealcoy.es\\\/es\\\/#website\",\"url\":\"https:\\\/\\\/www.copealcoy.es\\\/es\\\/\",\"name\":\"COPE Alcoy\",\"description\":\"Emisora COPE de radio local con emisi\u00f3n online. Pont de Sant Jordi 8-10 03803 Alcoy\",\"potentialAction\":[{\"@type\":\"SearchAction\",\"target\":{\"@type\":\"EntryPoint\",\"urlTemplate\":\"https:\\\/\\\/www.copealcoy.es\\\/es\\\/?s={search_term_string}\"},\"query-input\":{\"@type\":\"PropertyValueSpecification\",\"valueRequired\":true,\"valueName\":\"search_term_string\"}}],\"inLanguage\":\"es\"},{\"@type\":\"Person\",\"@id\":\"https:\\\/\\\/www.copealcoy.es\\\/es\\\/#\\\/schema\\\/person\\\/e777c87fa024e57d40170af9df39882c\",\"name\":\"Cope Alcoy\",\"image\":{\"@type\":\"ImageObject\",\"inLanguage\":\"es\",\"@id\":\"https:\\\/\\\/secure.gravatar.com\\\/avatar\\\/bb65d0283347e303893ba14f0692005417c1e0e690a325a4c5d8bb2b3943ee14?s=96&d=mm&r=g\",\"url\":\"https:\\\/\\\/secure.gravatar.com\\\/avatar\\\/bb65d0283347e303893ba14f0692005417c1e0e690a325a4c5d8bb2b3943ee14?s=96&d=mm&r=g\",\"contentUrl\":\"https:\\\/\\\/secure.gravatar.com\\\/avatar\\\/bb65d0283347e303893ba14f0692005417c1e0e690a325a4c5d8bb2b3943ee14?s=96&d=mm&r=g\",\"caption\":\"Cope Alcoy\"}}]}<\/script>\n<!-- \/ Yoast SEO plugin. -->","yoast_head_json":{"title":"El D\u00eda de La Gloria ser\u00e1 festivo para el comercio de Alcoy - COPE Alcoy","description":"El pr\u00f3ximo D\u00eda de La Gloria, domingo 20 de abril, tendr\u00e1 car\u00e1cter festivo en Alcoy\u00a0para el comercio local, seg\u00fan han informado desde el Ayuntamiento de nuestra ciudad","robots":{"index":"index","follow":"follow","max-snippet":"max-snippet:-1","max-image-preview":"max-image-preview:large","max-video-preview":"max-video-preview:-1"},"canonical":"https:\/\/www.copealcoy.es\/es\/el-dia-de-la-gloria-sera-festivo-para-el-comercio-de-alcoy\/","og_locale":"es_ES","og_type":"article","og_title":"El D\u00eda de La Gloria ser\u00e1 festivo para el comercio de Alcoy - COPE Alcoy","og_description":"El pr\u00f3ximo D\u00eda de La Gloria, domingo 20 de abril, tendr\u00e1 car\u00e1cter festivo en Alcoy\u00a0para el comercio local, seg\u00fan han informado desde el Ayuntamiento de nuestra ciudad","og_url":"https:\/\/www.copealcoy.es\/es\/el-dia-de-la-gloria-sera-festivo-para-el-comercio-de-alcoy\/","og_site_name":"COPE Alcoy","article_published_time":"2025-03-07T07:05:04+00:00","article_modified_time":"2025-03-07T08:11:07+00:00","og_image":[{"width":1646,"height":1080,"url":"https:\/\/www.copealcoy.es\/wp-content\/uploads\/2023\/04\/IMG-8302-scaled.jpg","type":"image\/jpeg"}],"author":"Cope Alcoy","twitter_misc":{"Escrito por":"Cope Alcoy","Tiempo de lectura":"2 minutos"},"schema":{"@context":"https:\/\/schema.org","@graph":[{"@type":"Article","@id":"https:\/\/www.copealcoy.es\/es\/el-dia-de-la-gloria-sera-festivo-para-el-comercio-de-alcoy\/#article","isPartOf":{"@id":"https:\/\/www.copealcoy.es\/es\/el-dia-de-la-gloria-sera-festivo-para-el-comercio-de-alcoy\/"},"author":{"name":"Cope Alcoy","@id":"https:\/\/www.copealcoy.es\/es\/#\/schema\/person\/e777c87fa024e57d40170af9df39882c"},"headline":"El D\u00eda de La Gloria ser\u00e1 festivo para el comercio de Alcoy","datePublished":"2025-03-07T07:05:04+00:00","dateModified":"2025-03-07T08:11:07+00:00","mainEntityOfPage":{"@id":"https:\/\/www.copealcoy.es\/es\/el-dia-de-la-gloria-sera-festivo-para-el-comercio-de-alcoy\/"},"wordCount":338,"commentCount":0,"image":{"@id":"https:\/\/www.copealcoy.es\/es\/el-dia-de-la-gloria-sera-festivo-para-el-comercio-de-alcoy\/#primaryimage"},"thumbnailUrl":"https:\/\/www.copealcoy.es\/wp-content\/uploads\/2023\/04\/IMG-8302-scaled.jpg","keywords":["Alcoy","apertura","D\u00eda de La Gloria","Festivo"],"articleSection":["Actualidad","Alcoy","Noticias","Pol\u00edtica y Econom\u00eda"],"inLanguage":"es"},{"@type":"WebPage","@id":"https:\/\/www.copealcoy.es\/es\/el-dia-de-la-gloria-sera-festivo-para-el-comercio-de-alcoy\/","url":"https:\/\/www.copealcoy.es\/es\/el-dia-de-la-gloria-sera-festivo-para-el-comercio-de-alcoy\/","name":"El D\u00eda de La Gloria ser\u00e1 festivo para el comercio de Alcoy - COPE Alcoy","isPartOf":{"@id":"https:\/\/www.copealcoy.es\/es\/#website"},"primaryImageOfPage":{"@id":"https:\/\/www.copealcoy.es\/es\/el-dia-de-la-gloria-sera-festivo-para-el-comercio-de-alcoy\/#primaryimage"},"image":{"@id":"https:\/\/www.copealcoy.es\/es\/el-dia-de-la-gloria-sera-festivo-para-el-comercio-de-alcoy\/#primaryimage"},"thumbnailUrl":"https:\/\/www.copealcoy.es\/wp-content\/uploads\/2023\/04\/IMG-8302-scaled.jpg","datePublished":"2025-03-07T07:05:04+00:00","dateModified":"2025-03-07T08:11:07+00:00","author":{"@id":"https:\/\/www.copealcoy.es\/es\/#\/schema\/person\/e777c87fa024e57d40170af9df39882c"},"description":"El pr\u00f3ximo D\u00eda de La Gloria, domingo 20 de abril, tendr\u00e1 car\u00e1cter festivo en Alcoy\u00a0para el comercio local, seg\u00fan han informado desde el Ayuntamiento de nuestra ciudad","breadcrumb":{"@id":"https:\/\/www.copealcoy.es\/es\/el-dia-de-la-gloria-sera-festivo-para-el-comercio-de-alcoy\/#breadcrumb"},"inLanguage":"es","potentialAction":[{"@type":"ReadAction","target":["https:\/\/www.copealcoy.es\/es\/el-dia-de-la-gloria-sera-festivo-para-el-comercio-de-alcoy\/"]}]},{"@type":"ImageObject","inLanguage":"es","@id":"https:\/\/www.copealcoy.es\/es\/el-dia-de-la-gloria-sera-festivo-para-el-comercio-de-alcoy\/#primaryimage","url":"https:\/\/www.copealcoy.es\/wp-content\/uploads\/2023\/04\/IMG-8302-scaled.jpg","contentUrl":"https:\/\/www.copealcoy.es\/wp-content\/uploads\/2023\/04\/IMG-8302-scaled.jpg","width":1646,"height":1080},{"@type":"BreadcrumbList","@id":"https:\/\/www.copealcoy.es\/es\/el-dia-de-la-gloria-sera-festivo-para-el-comercio-de-alcoy\/#breadcrumb","itemListElement":[{"@type":"ListItem","position":1,"name":"Portada","item":"https:\/\/www.copealcoy.es\/es\/"},{"@type":"ListItem","position":2,"name":"El D\u00eda de La Gloria ser\u00e1 festivo para el comercio de Alcoy"}]},{"@type":"WebSite","@id":"https:\/\/www.copealcoy.es\/es\/#website","url":"https:\/\/www.copealcoy.es\/es\/","name":"COPE Alcoy","description":"Emisora COPE de radio local con emisi\u00f3n online. Pont de Sant Jordi 8-10 03803 Alcoy","potentialAction":[{"@type":"SearchAction","target":{"@type":"EntryPoint","urlTemplate":"https:\/\/www.copealcoy.es\/es\/?s={search_term_string}"},"query-input":{"@type":"PropertyValueSpecification","valueRequired":true,"valueName":"search_term_string"}}],"inLanguage":"es"},{"@type":"Person","@id":"https:\/\/www.copealcoy.es\/es\/#\/schema\/person\/e777c87fa024e57d40170af9df39882c","name":"Cope Alcoy","image":{"@type":"ImageObject","inLanguage":"es","@id":"https:\/\/secure.gravatar.com\/avatar\/bb65d0283347e303893ba14f0692005417c1e0e690a325a4c5d8bb2b3943ee14?s=96&d=mm&r=g","url":"https:\/\/secure.gravatar.com\/avatar\/bb65d0283347e303893ba14f0692005417c1e0e690a325a4c5d8bb2b3943ee14?s=96&d=mm&r=g","contentUrl":"https:\/\/secure.gravatar.com\/avatar\/bb65d0283347e303893ba14f0692005417c1e0e690a325a4c5d8bb2b3943ee14?s=96&d=mm&r=g","caption":"Cope Alcoy"}}]}},"_links":{"self":[{"href":"https:\/\/www.copealcoy.es\/es\/wp-json\/wp\/v2\/posts\/148571","targetHints":{"allow":["GET"]}}],"collection":[{"href":"https:\/\/www.copealcoy.es\/es\/wp-json\/wp\/v2\/posts"}],"about":[{"href":"https:\/\/www.copealcoy.es\/es\/wp-json\/wp\/v2\/types\/post"}],"author":[{"embeddable":true,"href":"https:\/\/www.copealcoy.es\/es\/wp-json\/wp\/v2\/users\/1"}],"replies":[{"embeddable":true,"href":"https:\/\/www.copealcoy.es\/es\/wp-json\/wp\/v2\/comments?post=148571"}],"version-history":[{"count":0,"href":"https:\/\/www.copealcoy.es\/es\/wp-json\/wp\/v2\/posts\/148571\/revisions"}],"wp:featuredmedia":[{"embeddable":true,"href":"https:\/\/www.copealcoy.es\/es\/wp-json\/wp\/v2\/media\/113660"}],"wp:attachment":[{"href":"https:\/\/www.copealcoy.es\/es\/wp-json\/wp\/v2\/media?parent=148571"}],"wp:term":[{"taxonomy":"category","embeddable":true,"href":"https:\/\/www.copealcoy.es\/es\/wp-json\/wp\/v2\/categories?post=148571"},{"taxonomy":"post_tag","embeddable":true,"href":"https:\/\/www.copealcoy.es\/es\/wp-json\/wp\/v2\/tags?post=148571"}],"curies":[{"name":"wp","href":"https:\/\/api.w.org\/{rel}","templated":true}]}}