{"id":148540,"date":"2025-03-05T07:30:20","date_gmt":"2025-03-05T06:30:20","guid":{"rendered":"https:\/\/www.copealcoy.es\/?p=148540"},"modified":"2025-03-05T15:41:00","modified_gmt":"2025-03-05T14:41:00","slug":"informativo-matinal-miercoles-5-de-marzo-2025-0750h","status":"publish","type":"post","link":"https:\/\/www.copealcoy.es\/es\/informativo-matinal-miercoles-5-de-marzo-2025-0750h\/","title":{"rendered":"Informativo matinal mi\u00e9rcoles 5 de marzo 2025 (07:50h)"},"content":{"rendered":"<p><iframe loading=\"lazy\" title=\"Informativo Matinal Mi\u00e9rcoles 5 De Marzo 2025 (07:50h)\" width=\"100%\" height=\"120\" src=\"https:\/\/www.mixcloud.com\/widget\/iframe\/?feed=https%3A%2F%2Fwww.mixcloud.com%2FCOPEAlcoy%2Finformativo-matinal-mi%25C3%25A9rcoles-5-de-marzo-2025-0750h%2F&amp;hide_cover=1\" frameborder=\"0\"><\/iframe><\/p>\n<p style=\"text-align: justify;\">Hoy os hemos contado que <strong>el Mi\u00e9rcoles de Ceniza marca hoy el inicio de la Cuaresma<\/strong>. Tambi\u00e9n hemos destacado que <strong>el transporte o el acceso a la vivienda<\/strong>, son <strong>dos de las principales reivindicaciones<\/strong> de los municipios peque\u00f1os de la comarca.<\/p>\n<p style=\"text-align: justify;\">Los\u00a0<strong>municipios de menor poblaci\u00f3n de l\u2019Alcoi\u00e0 y el Comtat<\/strong>\u00a0se enfrentan a diario a varios desaf\u00edos\u00a0<strong>de cara a su supervivencia y para hacer frente a la tan temida despoblaci\u00f3n<\/strong>. La\u00a0<strong>p\u00e9rdida de servicios<\/strong>\u00a0ha sido constante en los \u00faltimos a\u00f1os, con cierre de farmacias o entidades bancarias, y por ello\u00a0<strong>urge la necesidad de atender reivindicaciones necesarias<\/strong>\u00a0como\u00a0<strong>una mejor conexi\u00f3n en transporte p\u00fablico<\/strong>\u00a0entre los pueblos peque\u00f1os y las localidades m\u00e1s grandes de la comarca.<\/p>\n<p style=\"text-align: justify;\">Desde esas poblaciones peque\u00f1as creen que\u00a0<strong>es necesario avanzar para definir conexiones de bus adaptadas a las necesidades de los usuarios<\/strong>. Consideran que esta cuesti\u00f3n\u00a0<strong>es prioritaria<\/strong>, especialmente para\u00a0<strong>atender las demandas de la gente m\u00e1s mayor<\/strong>\u00a0\u00ab<em>actualmente hay que coordinarse con gente que venga, por ejemplo a Alcoy, para aprovechar el viaje y as\u00ed acercarse a la ciudad para asuntos como una visita al Hospital o incluso hacer unas compras. Tenemos que avanzar para conseguir un servicio eficiente que nos conecte a diario con Alcoy, Cocentaina y Muro; pero tambi\u00e9n para facilitar el acceso a otros medios de transporte como el tren o el autob\u00fas de Valencia y Alicante. Se han dado algunos pasos en los \u00faltimos a\u00f1os, pero no es suficiente, y necesitamos alcanzar una soluci\u00f3n para un problema que la mayor\u00eda de alcaldes queremos solventar<\/em>\u00ab, comentaba en COPE ALCOY\u00a0<strong>Alejandro Montava<\/strong>; primer edil de Quatretondeta. A ello se le une el acceso a la vivienda, que aunque es m\u00e1s f\u00e1cil que en una ciudad m\u00e1s grande o capital como Valencia, no deja de ser otro importante reto para algunas familias \u00abc<em>on ayudas, especialmente a la gente joven, se podr\u00eda facilitar que pudieran tener una casa en nuestros pueblos. Muchos optan por venir a localidades como las nuestras, en busca de calidad de vida o tranquilidad aprovechando tambi\u00e9n que tienen la opci\u00f3n de teletrabajar, pero se encuentran con la dificultad de comprar una propiedad por los precios o porque no hay oferta en estos momentos<\/em>.\u00a0<em>Adem\u00e1s, estamos muy limitados para crecer, puesto que los tr\u00e1mites para aprobar nuevos Planes Generales de Ordenaci\u00f3n Urbana son muy largos, y esto hace que no podamos atender la demanda que tenemo<\/em>s\u00bb, indicaba tambi\u00e9n en esta emisora\u00a0<strong>Javier Navarro<\/strong>; alcalde de\u00a0<span style=\"color: #0000ff;\"><a style=\"color: #0000ff;\" href=\"https:\/\/www.benillup.es\/\" target=\"_blank\" rel=\"noopener\"><strong>Benillup<\/strong><\/a><\/span>.<\/p>\n<p style=\"text-align: justify;\">Tanto este municipio como\u00a0<span style=\"color: #0000ff;\"><a style=\"color: #0000ff;\" href=\"https:\/\/www.facebook.com\/pages\/Ajuntament%20de%20Quatretondeta\/2198647033796780\/\" target=\"_blank\" rel=\"noopener\"><strong>Quatretondeta<\/strong><\/a><\/span>\u00a0<strong>superan el centenar de vecinos<\/strong>\u00a0en la actualidad y afrontan el futuro con relativa esperanza. Han visto en los \u00faltimos a\u00f1os como\u00a0<strong>muchas familias j\u00f3venes han optado por establecerse en la localidad<\/strong>\u00a0y creen que\u00a0<strong>esta tendencia puede ir a m\u00e1s<\/strong>\u00a0\u00ab<em>si se nos dan m\u00e1s facilidades, tanto a los Ayuntamientos como a las personas que quieran venir a vivir, se puede frenar la despoblaci\u00f3n porque pueblos como los nuestros son cada vez m\u00e1s buscados<\/em>\u00ab, concluyen Navarro y Montava.<\/p>\n","protected":false},"excerpt":{"rendered":"<p>Hoy os hemos contado que el Mi\u00e9rcoles de Ceniza marca hoy el inicio de la Cuaresma. Tambi\u00e9n hemos destacado que&#8230;<\/p>\n","protected":false},"author":1,"featured_media":147669,"comment_status":"open","ping_status":"open","sticky":false,"template":"","format":"standard","meta":{"footnotes":""},"categories":[6909,89,91,75],"tags":[],"class_list":["post-148540","post","type-post","status-publish","format-standard","has-post-thumbnail","hentry","category-actualidad","category-audiosdelosprogramas","category-informativos","category-noticias"],"yoast_head":"<!-- This site is optimized with the Yoast SEO plugin v27.3 - https:\/\/yoast.com\/product\/yoast-seo-wordpress\/ -->\n<title>Informativo matinal mi\u00e9rcoles 5 de marzo 2025 (07:50h) - COPE Alcoy<\/title>\n<meta name=\"robots\" content=\"index, follow, max-snippet:-1, max-image-preview:large, max-video-preview:-1\" \/>\n<link rel=\"canonical\" href=\"https:\/\/www.copealcoy.es\/es\/informativo-matinal-miercoles-5-de-marzo-2025-0750h\/\" \/>\n<meta property=\"og:locale\" content=\"es_ES\" \/>\n<meta property=\"og:type\" content=\"article\" \/>\n<meta property=\"og:title\" content=\"Informativo matinal mi\u00e9rcoles 5 de marzo 2025 (07:50h) - COPE Alcoy\" \/>\n<meta property=\"og:description\" content=\"Hoy os hemos contado que el Mi\u00e9rcoles de Ceniza marca hoy el inicio de la Cuaresma. Tambi\u00e9n hemos destacado que...\" \/>\n<meta property=\"og:url\" content=\"https:\/\/www.copealcoy.es\/es\/informativo-matinal-miercoles-5-de-marzo-2025-0750h\/\" \/>\n<meta property=\"og:site_name\" content=\"COPE Alcoy\" \/>\n<meta property=\"article:published_time\" content=\"2025-03-05T06:30:20+00:00\" \/>\n<meta property=\"article:modified_time\" content=\"2025-03-05T14:41:00+00:00\" \/>\n<meta property=\"og:image\" content=\"https:\/\/www.copealcoy.es\/wp-content\/uploads\/2025\/02\/Informativo-Matinal-Castellano.png\" \/>\n\t<meta property=\"og:image:width\" content=\"357\" \/>\n\t<meta property=\"og:image:height\" content=\"290\" \/>\n\t<meta property=\"og:image:type\" content=\"image\/png\" \/>\n<meta name=\"author\" content=\"Cope Alcoy\" \/>\n<meta name=\"twitter:label1\" content=\"Escrito por\" \/>\n\t<meta name=\"twitter:data1\" content=\"Cope Alcoy\" \/>\n\t<meta name=\"twitter:label2\" content=\"Tiempo de lectura\" \/>\n\t<meta name=\"twitter:data2\" content=\"3 minutos\" \/>\n<script type=\"application\/ld+json\" class=\"yoast-schema-graph\">{\"@context\":\"https:\\\/\\\/schema.org\",\"@graph\":[{\"@type\":\"Article\",\"@id\":\"https:\\\/\\\/www.copealcoy.es\\\/es\\\/informativo-matinal-miercoles-5-de-marzo-2025-0750h\\\/#article\",\"isPartOf\":{\"@id\":\"https:\\\/\\\/www.copealcoy.es\\\/es\\\/informativo-matinal-miercoles-5-de-marzo-2025-0750h\\\/\"},\"author\":{\"name\":\"Cope Alcoy\",\"@id\":\"https:\\\/\\\/www.copealcoy.es\\\/es\\\/#\\\/schema\\\/person\\\/e777c87fa024e57d40170af9df39882c\"},\"headline\":\"Informativo matinal mi\u00e9rcoles 5 de marzo 2025 (07:50h)\",\"datePublished\":\"2025-03-05T06:30:20+00:00\",\"dateModified\":\"2025-03-05T14:41:00+00:00\",\"mainEntityOfPage\":{\"@id\":\"https:\\\/\\\/www.copealcoy.es\\\/es\\\/informativo-matinal-miercoles-5-de-marzo-2025-0750h\\\/\"},\"wordCount\":548,\"commentCount\":0,\"image\":{\"@id\":\"https:\\\/\\\/www.copealcoy.es\\\/es\\\/informativo-matinal-miercoles-5-de-marzo-2025-0750h\\\/#primaryimage\"},\"thumbnailUrl\":\"https:\\\/\\\/www.copealcoy.es\\\/wp-content\\\/uploads\\\/2025\\\/02\\\/Informativo-Matinal-Castellano.png\",\"articleSection\":[\"Actualidad\",\"Audios de los programas\",\"Informativos\",\"Noticias\"],\"inLanguage\":\"es\"},{\"@type\":\"WebPage\",\"@id\":\"https:\\\/\\\/www.copealcoy.es\\\/es\\\/informativo-matinal-miercoles-5-de-marzo-2025-0750h\\\/\",\"url\":\"https:\\\/\\\/www.copealcoy.es\\\/es\\\/informativo-matinal-miercoles-5-de-marzo-2025-0750h\\\/\",\"name\":\"Informativo matinal mi\u00e9rcoles 5 de marzo 2025 (07:50h) - COPE Alcoy\",\"isPartOf\":{\"@id\":\"https:\\\/\\\/www.copealcoy.es\\\/es\\\/#website\"},\"primaryImageOfPage\":{\"@id\":\"https:\\\/\\\/www.copealcoy.es\\\/es\\\/informativo-matinal-miercoles-5-de-marzo-2025-0750h\\\/#primaryimage\"},\"image\":{\"@id\":\"https:\\\/\\\/www.copealcoy.es\\\/es\\\/informativo-matinal-miercoles-5-de-marzo-2025-0750h\\\/#primaryimage\"},\"thumbnailUrl\":\"https:\\\/\\\/www.copealcoy.es\\\/wp-content\\\/uploads\\\/2025\\\/02\\\/Informativo-Matinal-Castellano.png\",\"datePublished\":\"2025-03-05T06:30:20+00:00\",\"dateModified\":\"2025-03-05T14:41:00+00:00\",\"author\":{\"@id\":\"https:\\\/\\\/www.copealcoy.es\\\/es\\\/#\\\/schema\\\/person\\\/e777c87fa024e57d40170af9df39882c\"},\"breadcrumb\":{\"@id\":\"https:\\\/\\\/www.copealcoy.es\\\/es\\\/informativo-matinal-miercoles-5-de-marzo-2025-0750h\\\/#breadcrumb\"},\"inLanguage\":\"es\",\"potentialAction\":[{\"@type\":\"ReadAction\",\"target\":[\"https:\\\/\\\/www.copealcoy.es\\\/es\\\/informativo-matinal-miercoles-5-de-marzo-2025-0750h\\\/\"]}]},{\"@type\":\"ImageObject\",\"inLanguage\":\"es\",\"@id\":\"https:\\\/\\\/www.copealcoy.es\\\/es\\\/informativo-matinal-miercoles-5-de-marzo-2025-0750h\\\/#primaryimage\",\"url\":\"https:\\\/\\\/www.copealcoy.es\\\/wp-content\\\/uploads\\\/2025\\\/02\\\/Informativo-Matinal-Castellano.png\",\"contentUrl\":\"https:\\\/\\\/www.copealcoy.es\\\/wp-content\\\/uploads\\\/2025\\\/02\\\/Informativo-Matinal-Castellano.png\",\"width\":357,\"height\":290},{\"@type\":\"BreadcrumbList\",\"@id\":\"https:\\\/\\\/www.copealcoy.es\\\/es\\\/informativo-matinal-miercoles-5-de-marzo-2025-0750h\\\/#breadcrumb\",\"itemListElement\":[{\"@type\":\"ListItem\",\"position\":1,\"name\":\"Portada\",\"item\":\"https:\\\/\\\/www.copealcoy.es\\\/es\\\/\"},{\"@type\":\"ListItem\",\"position\":2,\"name\":\"Informativo matinal mi\u00e9rcoles 5 de marzo 2025 (07:50h)\"}]},{\"@type\":\"WebSite\",\"@id\":\"https:\\\/\\\/www.copealcoy.es\\\/es\\\/#website\",\"url\":\"https:\\\/\\\/www.copealcoy.es\\\/es\\\/\",\"name\":\"COPE Alcoy\",\"description\":\"Emisora COPE de radio local con emisi\u00f3n online. Pont de Sant Jordi 8-10 03803 Alcoy\",\"potentialAction\":[{\"@type\":\"SearchAction\",\"target\":{\"@type\":\"EntryPoint\",\"urlTemplate\":\"https:\\\/\\\/www.copealcoy.es\\\/es\\\/?s={search_term_string}\"},\"query-input\":{\"@type\":\"PropertyValueSpecification\",\"valueRequired\":true,\"valueName\":\"search_term_string\"}}],\"inLanguage\":\"es\"},{\"@type\":\"Person\",\"@id\":\"https:\\\/\\\/www.copealcoy.es\\\/es\\\/#\\\/schema\\\/person\\\/e777c87fa024e57d40170af9df39882c\",\"name\":\"Cope Alcoy\",\"image\":{\"@type\":\"ImageObject\",\"inLanguage\":\"es\",\"@id\":\"https:\\\/\\\/secure.gravatar.com\\\/avatar\\\/bb65d0283347e303893ba14f0692005417c1e0e690a325a4c5d8bb2b3943ee14?s=96&d=mm&r=g\",\"url\":\"https:\\\/\\\/secure.gravatar.com\\\/avatar\\\/bb65d0283347e303893ba14f0692005417c1e0e690a325a4c5d8bb2b3943ee14?s=96&d=mm&r=g\",\"contentUrl\":\"https:\\\/\\\/secure.gravatar.com\\\/avatar\\\/bb65d0283347e303893ba14f0692005417c1e0e690a325a4c5d8bb2b3943ee14?s=96&d=mm&r=g\",\"caption\":\"Cope Alcoy\"}}]}<\/script>\n<!-- \/ Yoast SEO plugin. -->","yoast_head_json":{"title":"Informativo matinal mi\u00e9rcoles 5 de marzo 2025 (07:50h) - COPE Alcoy","robots":{"index":"index","follow":"follow","max-snippet":"max-snippet:-1","max-image-preview":"max-image-preview:large","max-video-preview":"max-video-preview:-1"},"canonical":"https:\/\/www.copealcoy.es\/es\/informativo-matinal-miercoles-5-de-marzo-2025-0750h\/","og_locale":"es_ES","og_type":"article","og_title":"Informativo matinal mi\u00e9rcoles 5 de marzo 2025 (07:50h) - COPE Alcoy","og_description":"Hoy os hemos contado que el Mi\u00e9rcoles de Ceniza marca hoy el inicio de la Cuaresma. Tambi\u00e9n hemos destacado que...","og_url":"https:\/\/www.copealcoy.es\/es\/informativo-matinal-miercoles-5-de-marzo-2025-0750h\/","og_site_name":"COPE Alcoy","article_published_time":"2025-03-05T06:30:20+00:00","article_modified_time":"2025-03-05T14:41:00+00:00","og_image":[{"width":357,"height":290,"url":"https:\/\/www.copealcoy.es\/wp-content\/uploads\/2025\/02\/Informativo-Matinal-Castellano.png","type":"image\/png"}],"author":"Cope Alcoy","twitter_misc":{"Escrito por":"Cope Alcoy","Tiempo de lectura":"3 minutos"},"schema":{"@context":"https:\/\/schema.org","@graph":[{"@type":"Article","@id":"https:\/\/www.copealcoy.es\/es\/informativo-matinal-miercoles-5-de-marzo-2025-0750h\/#article","isPartOf":{"@id":"https:\/\/www.copealcoy.es\/es\/informativo-matinal-miercoles-5-de-marzo-2025-0750h\/"},"author":{"name":"Cope Alcoy","@id":"https:\/\/www.copealcoy.es\/es\/#\/schema\/person\/e777c87fa024e57d40170af9df39882c"},"headline":"Informativo matinal mi\u00e9rcoles 5 de marzo 2025 (07:50h)","datePublished":"2025-03-05T06:30:20+00:00","dateModified":"2025-03-05T14:41:00+00:00","mainEntityOfPage":{"@id":"https:\/\/www.copealcoy.es\/es\/informativo-matinal-miercoles-5-de-marzo-2025-0750h\/"},"wordCount":548,"commentCount":0,"image":{"@id":"https:\/\/www.copealcoy.es\/es\/informativo-matinal-miercoles-5-de-marzo-2025-0750h\/#primaryimage"},"thumbnailUrl":"https:\/\/www.copealcoy.es\/wp-content\/uploads\/2025\/02\/Informativo-Matinal-Castellano.png","articleSection":["Actualidad","Audios de los programas","Informativos","Noticias"],"inLanguage":"es"},{"@type":"WebPage","@id":"https:\/\/www.copealcoy.es\/es\/informativo-matinal-miercoles-5-de-marzo-2025-0750h\/","url":"https:\/\/www.copealcoy.es\/es\/informativo-matinal-miercoles-5-de-marzo-2025-0750h\/","name":"Informativo matinal mi\u00e9rcoles 5 de marzo 2025 (07:50h) - COPE Alcoy","isPartOf":{"@id":"https:\/\/www.copealcoy.es\/es\/#website"},"primaryImageOfPage":{"@id":"https:\/\/www.copealcoy.es\/es\/informativo-matinal-miercoles-5-de-marzo-2025-0750h\/#primaryimage"},"image":{"@id":"https:\/\/www.copealcoy.es\/es\/informativo-matinal-miercoles-5-de-marzo-2025-0750h\/#primaryimage"},"thumbnailUrl":"https:\/\/www.copealcoy.es\/wp-content\/uploads\/2025\/02\/Informativo-Matinal-Castellano.png","datePublished":"2025-03-05T06:30:20+00:00","dateModified":"2025-03-05T14:41:00+00:00","author":{"@id":"https:\/\/www.copealcoy.es\/es\/#\/schema\/person\/e777c87fa024e57d40170af9df39882c"},"breadcrumb":{"@id":"https:\/\/www.copealcoy.es\/es\/informativo-matinal-miercoles-5-de-marzo-2025-0750h\/#breadcrumb"},"inLanguage":"es","potentialAction":[{"@type":"ReadAction","target":["https:\/\/www.copealcoy.es\/es\/informativo-matinal-miercoles-5-de-marzo-2025-0750h\/"]}]},{"@type":"ImageObject","inLanguage":"es","@id":"https:\/\/www.copealcoy.es\/es\/informativo-matinal-miercoles-5-de-marzo-2025-0750h\/#primaryimage","url":"https:\/\/www.copealcoy.es\/wp-content\/uploads\/2025\/02\/Informativo-Matinal-Castellano.png","contentUrl":"https:\/\/www.copealcoy.es\/wp-content\/uploads\/2025\/02\/Informativo-Matinal-Castellano.png","width":357,"height":290},{"@type":"BreadcrumbList","@id":"https:\/\/www.copealcoy.es\/es\/informativo-matinal-miercoles-5-de-marzo-2025-0750h\/#breadcrumb","itemListElement":[{"@type":"ListItem","position":1,"name":"Portada","item":"https:\/\/www.copealcoy.es\/es\/"},{"@type":"ListItem","position":2,"name":"Informativo matinal mi\u00e9rcoles 5 de marzo 2025 (07:50h)"}]},{"@type":"WebSite","@id":"https:\/\/www.copealcoy.es\/es\/#website","url":"https:\/\/www.copealcoy.es\/es\/","name":"COPE Alcoy","description":"Emisora COPE de radio local con emisi\u00f3n online. Pont de Sant Jordi 8-10 03803 Alcoy","potentialAction":[{"@type":"SearchAction","target":{"@type":"EntryPoint","urlTemplate":"https:\/\/www.copealcoy.es\/es\/?s={search_term_string}"},"query-input":{"@type":"PropertyValueSpecification","valueRequired":true,"valueName":"search_term_string"}}],"inLanguage":"es"},{"@type":"Person","@id":"https:\/\/www.copealcoy.es\/es\/#\/schema\/person\/e777c87fa024e57d40170af9df39882c","name":"Cope Alcoy","image":{"@type":"ImageObject","inLanguage":"es","@id":"https:\/\/secure.gravatar.com\/avatar\/bb65d0283347e303893ba14f0692005417c1e0e690a325a4c5d8bb2b3943ee14?s=96&d=mm&r=g","url":"https:\/\/secure.gravatar.com\/avatar\/bb65d0283347e303893ba14f0692005417c1e0e690a325a4c5d8bb2b3943ee14?s=96&d=mm&r=g","contentUrl":"https:\/\/secure.gravatar.com\/avatar\/bb65d0283347e303893ba14f0692005417c1e0e690a325a4c5d8bb2b3943ee14?s=96&d=mm&r=g","caption":"Cope Alcoy"}}]}},"_links":{"self":[{"href":"https:\/\/www.copealcoy.es\/es\/wp-json\/wp\/v2\/posts\/148540","targetHints":{"allow":["GET"]}}],"collection":[{"href":"https:\/\/www.copealcoy.es\/es\/wp-json\/wp\/v2\/posts"}],"about":[{"href":"https:\/\/www.copealcoy.es\/es\/wp-json\/wp\/v2\/types\/post"}],"author":[{"embeddable":true,"href":"https:\/\/www.copealcoy.es\/es\/wp-json\/wp\/v2\/users\/1"}],"replies":[{"embeddable":true,"href":"https:\/\/www.copealcoy.es\/es\/wp-json\/wp\/v2\/comments?post=148540"}],"version-history":[{"count":0,"href":"https:\/\/www.copealcoy.es\/es\/wp-json\/wp\/v2\/posts\/148540\/revisions"}],"wp:featuredmedia":[{"embeddable":true,"href":"https:\/\/www.copealcoy.es\/es\/wp-json\/wp\/v2\/media\/147669"}],"wp:attachment":[{"href":"https:\/\/www.copealcoy.es\/es\/wp-json\/wp\/v2\/media?parent=148540"}],"wp:term":[{"taxonomy":"category","embeddable":true,"href":"https:\/\/www.copealcoy.es\/es\/wp-json\/wp\/v2\/categories?post=148540"},{"taxonomy":"post_tag","embeddable":true,"href":"https:\/\/www.copealcoy.es\/es\/wp-json\/wp\/v2\/tags?post=148540"}],"curies":[{"name":"wp","href":"https:\/\/api.w.org\/{rel}","templated":true}]}}