{"id":148531,"date":"2025-03-05T15:29:22","date_gmt":"2025-03-05T14:29:22","guid":{"rendered":"https:\/\/www.copealcoy.es\/?p=148531"},"modified":"2025-03-05T15:31:59","modified_gmt":"2025-03-05T14:31:59","slug":"las-lluvias-dejan-rastro-en-el-comtat-con-mas-de-100-litros-en-algunos-puntos","status":"publish","type":"post","link":"https:\/\/www.copealcoy.es\/es\/las-lluvias-dejan-rastro-en-el-comtat-con-mas-de-100-litros-en-algunos-puntos\/","title":{"rendered":"Las lluvias dejan rastro en El Comtat con m\u00e1s de 100 litros en algunos puntos"},"content":{"rendered":"<p style=\"text-align: justify;\">El <strong>temporal de lluvias<\/strong> que nos acompa\u00f1a desde principios de marzo comienza a dejar su rastro en la comarca, aunque a partes desiguales. En <strong>l&#8217;Alcoi\u00e0<\/strong> apenas se han superado los diez litros por metro cuadrado hasta hoy, con datos de <a href=\"https:\/\/www.avamet.org\/\" target=\"_blank\" rel=\"noopener\"><span style=\"color: #0000ff;\"><strong>AVAMET<\/strong><\/span><\/a>, destacando por ejemplo en la Font Roja de Alcoy casi veinte litros en las \u00faltimas 72 horas. La realidad cambia en <strong>El Comtat<\/strong> donde algunas localidades, como es el caso de L&#8217;Orxa, han superado los 100 litros por metro cuadrado en tres d\u00edas.<\/p>\n<p style=\"text-align: justify;\">Las \u00faltimas 24 horas <strong>han estado marcadas por las lluvias fuertes<\/strong> en Beniarr\u00e9s, donde ayer por la tarde bajaba el agua con fuerza en algunas calles, mientras que en Gaianes han ca\u00eddo 90 litros por metro cuadrado. Le sigue L&#8217;Orxa con 88, Planes con 62 o Agres en 55. En el resto de las poblaciones de la comarca las lluvias han dejado m\u00e1s de treinta litros por metro cuadrado desde el mediod\u00eda de ayer martes y hasta hoy.<\/p>\n<p><span style=\"color: #0000ff;\"><strong>Situaci\u00f3n para los pr\u00f3ximos d\u00edas<\/strong><\/span><\/p>\n<p style=\"text-align: justify;\">La <strong>previsi\u00f3n del tiempo<\/strong> para los pr\u00f3ximos d\u00edas apenas apunta a novedades en Alcoy y nuestras comarcas. Hasta el viernes <strong>seguir\u00e1n los cielos cubiertos con chubascos<\/strong>, seg\u00fan la AEMET, y para el jueves <strong>la misma Agencia Estatal de Meteorolog\u00eda mantiene el aviso amarillo por lluvias<\/strong>. Las m\u00e1ximas estar\u00e1n en torno a los 16 grados en las horas centrales del d\u00eda y las m\u00ednimas no bajar\u00e1n de los diez en las madrugadas.<\/p>\n<p><strong><span style=\"color: #0000ff;\">Se restablece la situaci\u00f3n en los centros sanitarios<\/span><\/strong><\/p>\n<p style=\"text-align: justify;\">Desde <strong>el Departamento de Salud de Alcoy han informado que<\/strong> <strong>ma\u00f1ana se retoma la actividad con normalidad<\/strong> en los centros de atenci\u00f3n primaria y el Hospital Virgen de los Lirios despu\u00e9s de que hoy esa misma actividad quedara cancelada a causa del riesgo por fuertes lluvias. El Campus de Alcoy de la UPV ha comunicado que mantiene la docencia online para el jueves, para evitar desplazamientos, y tambi\u00e9n la Universidad de Alicante mantiene suspendida la actividad docente en nuestra ciudad hasta que pase el temporal.<\/p>\n","protected":false},"excerpt":{"rendered":"<p>El temporal de lluvias que nos acompa\u00f1a desde principios de marzo comienza a dejar su rastro en la comarca, aunque&#8230;<\/p>\n","protected":false},"author":1,"featured_media":148532,"comment_status":"open","ping_status":"open","sticky":false,"template":"","format":"standard","meta":{"footnotes":""},"categories":[6909,98,75,125],"tags":[1494,430,237,1340,574],"class_list":["post-148531","post","type-post","status-publish","format-standard","has-post-thumbnail","hentry","category-actualidad","category-comarcas","category-noticias","category-portada","tag-alcoy","tag-balance","tag-comtat","tag-lluvias","tag-temporal"],"yoast_head":"<!-- This site is optimized with the Yoast SEO plugin v27.3 - https:\/\/yoast.com\/product\/yoast-seo-wordpress\/ -->\n<title>Las lluvias dejan rastro en El Comtat con m\u00e1s de 100 litros en algunos puntos - COPE Alcoy<\/title>\n<meta name=\"description\" content=\"El temporal de lluvias que nos acompa\u00f1a desde principios de marzo comienza a dejar su rastro en la comarca, aunque a partes desiguales\" \/>\n<meta name=\"robots\" content=\"index, follow, max-snippet:-1, max-image-preview:large, max-video-preview:-1\" \/>\n<link rel=\"canonical\" href=\"https:\/\/www.copealcoy.es\/es\/las-lluvias-dejan-rastro-en-el-comtat-con-mas-de-100-litros-en-algunos-puntos\/\" \/>\n<meta property=\"og:locale\" content=\"es_ES\" \/>\n<meta property=\"og:type\" content=\"article\" \/>\n<meta property=\"og:title\" content=\"Las lluvias dejan rastro en El Comtat con m\u00e1s de 100 litros en algunos puntos - COPE Alcoy\" \/>\n<meta property=\"og:description\" content=\"El temporal de lluvias que nos acompa\u00f1a desde principios de marzo comienza a dejar su rastro en la comarca, aunque a partes desiguales\" \/>\n<meta property=\"og:url\" content=\"https:\/\/www.copealcoy.es\/es\/las-lluvias-dejan-rastro-en-el-comtat-con-mas-de-100-litros-en-algunos-puntos\/\" \/>\n<meta property=\"og:site_name\" content=\"COPE Alcoy\" \/>\n<meta property=\"article:published_time\" content=\"2025-03-05T14:29:22+00:00\" \/>\n<meta property=\"article:modified_time\" content=\"2025-03-05T14:31:59+00:00\" \/>\n<meta property=\"og:image\" content=\"https:\/\/www.copealcoy.es\/wp-content\/uploads\/2025\/03\/unnamed-1-4-scaled.jpg\" \/>\n\t<meta property=\"og:image:width\" content=\"1471\" \/>\n\t<meta property=\"og:image:height\" content=\"1080\" \/>\n\t<meta property=\"og:image:type\" content=\"image\/jpeg\" \/>\n<meta name=\"author\" content=\"Cope Alcoy\" \/>\n<meta name=\"twitter:label1\" content=\"Escrito por\" \/>\n\t<meta name=\"twitter:data1\" content=\"Cope Alcoy\" \/>\n\t<meta name=\"twitter:label2\" content=\"Tiempo de lectura\" \/>\n\t<meta name=\"twitter:data2\" content=\"3 minutos\" \/>\n<script type=\"application\/ld+json\" class=\"yoast-schema-graph\">{\"@context\":\"https:\\\/\\\/schema.org\",\"@graph\":[{\"@type\":\"Article\",\"@id\":\"https:\\\/\\\/www.copealcoy.es\\\/es\\\/las-lluvias-dejan-rastro-en-el-comtat-con-mas-de-100-litros-en-algunos-puntos\\\/#article\",\"isPartOf\":{\"@id\":\"https:\\\/\\\/www.copealcoy.es\\\/es\\\/las-lluvias-dejan-rastro-en-el-comtat-con-mas-de-100-litros-en-algunos-puntos\\\/\"},\"author\":{\"name\":\"Cope Alcoy\",\"@id\":\"https:\\\/\\\/www.copealcoy.es\\\/es\\\/#\\\/schema\\\/person\\\/e777c87fa024e57d40170af9df39882c\"},\"headline\":\"Las lluvias dejan rastro en El Comtat con m\u00e1s de 100 litros en algunos puntos\",\"datePublished\":\"2025-03-05T14:29:22+00:00\",\"dateModified\":\"2025-03-05T14:31:59+00:00\",\"mainEntityOfPage\":{\"@id\":\"https:\\\/\\\/www.copealcoy.es\\\/es\\\/las-lluvias-dejan-rastro-en-el-comtat-con-mas-de-100-litros-en-algunos-puntos\\\/\"},\"wordCount\":366,\"commentCount\":0,\"image\":{\"@id\":\"https:\\\/\\\/www.copealcoy.es\\\/es\\\/las-lluvias-dejan-rastro-en-el-comtat-con-mas-de-100-litros-en-algunos-puntos\\\/#primaryimage\"},\"thumbnailUrl\":\"https:\\\/\\\/www.copealcoy.es\\\/wp-content\\\/uploads\\\/2025\\\/03\\\/unnamed-1-4-scaled.jpg\",\"keywords\":[\"Alcoy\",\"Balance\",\"Comtat\",\"lluvias\",\"Temporal\"],\"articleSection\":[\"Actualidad\",\"Comarcas\",\"Noticias\",\"Portada\"],\"inLanguage\":\"es\"},{\"@type\":\"WebPage\",\"@id\":\"https:\\\/\\\/www.copealcoy.es\\\/es\\\/las-lluvias-dejan-rastro-en-el-comtat-con-mas-de-100-litros-en-algunos-puntos\\\/\",\"url\":\"https:\\\/\\\/www.copealcoy.es\\\/es\\\/las-lluvias-dejan-rastro-en-el-comtat-con-mas-de-100-litros-en-algunos-puntos\\\/\",\"name\":\"Las lluvias dejan rastro en El Comtat con m\u00e1s de 100 litros en algunos puntos - COPE Alcoy\",\"isPartOf\":{\"@id\":\"https:\\\/\\\/www.copealcoy.es\\\/es\\\/#website\"},\"primaryImageOfPage\":{\"@id\":\"https:\\\/\\\/www.copealcoy.es\\\/es\\\/las-lluvias-dejan-rastro-en-el-comtat-con-mas-de-100-litros-en-algunos-puntos\\\/#primaryimage\"},\"image\":{\"@id\":\"https:\\\/\\\/www.copealcoy.es\\\/es\\\/las-lluvias-dejan-rastro-en-el-comtat-con-mas-de-100-litros-en-algunos-puntos\\\/#primaryimage\"},\"thumbnailUrl\":\"https:\\\/\\\/www.copealcoy.es\\\/wp-content\\\/uploads\\\/2025\\\/03\\\/unnamed-1-4-scaled.jpg\",\"datePublished\":\"2025-03-05T14:29:22+00:00\",\"dateModified\":\"2025-03-05T14:31:59+00:00\",\"author\":{\"@id\":\"https:\\\/\\\/www.copealcoy.es\\\/es\\\/#\\\/schema\\\/person\\\/e777c87fa024e57d40170af9df39882c\"},\"description\":\"El temporal de lluvias que nos acompa\u00f1a desde principios de marzo comienza a dejar su rastro en la comarca, aunque a partes desiguales\",\"breadcrumb\":{\"@id\":\"https:\\\/\\\/www.copealcoy.es\\\/es\\\/las-lluvias-dejan-rastro-en-el-comtat-con-mas-de-100-litros-en-algunos-puntos\\\/#breadcrumb\"},\"inLanguage\":\"es\",\"potentialAction\":[{\"@type\":\"ReadAction\",\"target\":[\"https:\\\/\\\/www.copealcoy.es\\\/es\\\/las-lluvias-dejan-rastro-en-el-comtat-con-mas-de-100-litros-en-algunos-puntos\\\/\"]}]},{\"@type\":\"ImageObject\",\"inLanguage\":\"es\",\"@id\":\"https:\\\/\\\/www.copealcoy.es\\\/es\\\/las-lluvias-dejan-rastro-en-el-comtat-con-mas-de-100-litros-en-algunos-puntos\\\/#primaryimage\",\"url\":\"https:\\\/\\\/www.copealcoy.es\\\/wp-content\\\/uploads\\\/2025\\\/03\\\/unnamed-1-4-scaled.jpg\",\"contentUrl\":\"https:\\\/\\\/www.copealcoy.es\\\/wp-content\\\/uploads\\\/2025\\\/03\\\/unnamed-1-4-scaled.jpg\",\"width\":1471,\"height\":1080},{\"@type\":\"BreadcrumbList\",\"@id\":\"https:\\\/\\\/www.copealcoy.es\\\/es\\\/las-lluvias-dejan-rastro-en-el-comtat-con-mas-de-100-litros-en-algunos-puntos\\\/#breadcrumb\",\"itemListElement\":[{\"@type\":\"ListItem\",\"position\":1,\"name\":\"Portada\",\"item\":\"https:\\\/\\\/www.copealcoy.es\\\/es\\\/\"},{\"@type\":\"ListItem\",\"position\":2,\"name\":\"Las lluvias dejan rastro en El Comtat con m\u00e1s de 100 litros en algunos puntos\"}]},{\"@type\":\"WebSite\",\"@id\":\"https:\\\/\\\/www.copealcoy.es\\\/es\\\/#website\",\"url\":\"https:\\\/\\\/www.copealcoy.es\\\/es\\\/\",\"name\":\"COPE Alcoy\",\"description\":\"Emisora COPE de radio local con emisi\u00f3n online. Pont de Sant Jordi 8-10 03803 Alcoy\",\"potentialAction\":[{\"@type\":\"SearchAction\",\"target\":{\"@type\":\"EntryPoint\",\"urlTemplate\":\"https:\\\/\\\/www.copealcoy.es\\\/es\\\/?s={search_term_string}\"},\"query-input\":{\"@type\":\"PropertyValueSpecification\",\"valueRequired\":true,\"valueName\":\"search_term_string\"}}],\"inLanguage\":\"es\"},{\"@type\":\"Person\",\"@id\":\"https:\\\/\\\/www.copealcoy.es\\\/es\\\/#\\\/schema\\\/person\\\/e777c87fa024e57d40170af9df39882c\",\"name\":\"Cope Alcoy\",\"image\":{\"@type\":\"ImageObject\",\"inLanguage\":\"es\",\"@id\":\"https:\\\/\\\/secure.gravatar.com\\\/avatar\\\/bb65d0283347e303893ba14f0692005417c1e0e690a325a4c5d8bb2b3943ee14?s=96&d=mm&r=g\",\"url\":\"https:\\\/\\\/secure.gravatar.com\\\/avatar\\\/bb65d0283347e303893ba14f0692005417c1e0e690a325a4c5d8bb2b3943ee14?s=96&d=mm&r=g\",\"contentUrl\":\"https:\\\/\\\/secure.gravatar.com\\\/avatar\\\/bb65d0283347e303893ba14f0692005417c1e0e690a325a4c5d8bb2b3943ee14?s=96&d=mm&r=g\",\"caption\":\"Cope Alcoy\"}}]}<\/script>\n<!-- \/ Yoast SEO plugin. -->","yoast_head_json":{"title":"Las lluvias dejan rastro en El Comtat con m\u00e1s de 100 litros en algunos puntos - COPE Alcoy","description":"El temporal de lluvias que nos acompa\u00f1a desde principios de marzo comienza a dejar su rastro en la comarca, aunque a partes desiguales","robots":{"index":"index","follow":"follow","max-snippet":"max-snippet:-1","max-image-preview":"max-image-preview:large","max-video-preview":"max-video-preview:-1"},"canonical":"https:\/\/www.copealcoy.es\/es\/las-lluvias-dejan-rastro-en-el-comtat-con-mas-de-100-litros-en-algunos-puntos\/","og_locale":"es_ES","og_type":"article","og_title":"Las lluvias dejan rastro en El Comtat con m\u00e1s de 100 litros en algunos puntos - COPE Alcoy","og_description":"El temporal de lluvias que nos acompa\u00f1a desde principios de marzo comienza a dejar su rastro en la comarca, aunque a partes desiguales","og_url":"https:\/\/www.copealcoy.es\/es\/las-lluvias-dejan-rastro-en-el-comtat-con-mas-de-100-litros-en-algunos-puntos\/","og_site_name":"COPE Alcoy","article_published_time":"2025-03-05T14:29:22+00:00","article_modified_time":"2025-03-05T14:31:59+00:00","og_image":[{"width":1471,"height":1080,"url":"https:\/\/www.copealcoy.es\/wp-content\/uploads\/2025\/03\/unnamed-1-4-scaled.jpg","type":"image\/jpeg"}],"author":"Cope Alcoy","twitter_misc":{"Escrito por":"Cope Alcoy","Tiempo de lectura":"3 minutos"},"schema":{"@context":"https:\/\/schema.org","@graph":[{"@type":"Article","@id":"https:\/\/www.copealcoy.es\/es\/las-lluvias-dejan-rastro-en-el-comtat-con-mas-de-100-litros-en-algunos-puntos\/#article","isPartOf":{"@id":"https:\/\/www.copealcoy.es\/es\/las-lluvias-dejan-rastro-en-el-comtat-con-mas-de-100-litros-en-algunos-puntos\/"},"author":{"name":"Cope Alcoy","@id":"https:\/\/www.copealcoy.es\/es\/#\/schema\/person\/e777c87fa024e57d40170af9df39882c"},"headline":"Las lluvias dejan rastro en El Comtat con m\u00e1s de 100 litros en algunos puntos","datePublished":"2025-03-05T14:29:22+00:00","dateModified":"2025-03-05T14:31:59+00:00","mainEntityOfPage":{"@id":"https:\/\/www.copealcoy.es\/es\/las-lluvias-dejan-rastro-en-el-comtat-con-mas-de-100-litros-en-algunos-puntos\/"},"wordCount":366,"commentCount":0,"image":{"@id":"https:\/\/www.copealcoy.es\/es\/las-lluvias-dejan-rastro-en-el-comtat-con-mas-de-100-litros-en-algunos-puntos\/#primaryimage"},"thumbnailUrl":"https:\/\/www.copealcoy.es\/wp-content\/uploads\/2025\/03\/unnamed-1-4-scaled.jpg","keywords":["Alcoy","Balance","Comtat","lluvias","Temporal"],"articleSection":["Actualidad","Comarcas","Noticias","Portada"],"inLanguage":"es"},{"@type":"WebPage","@id":"https:\/\/www.copealcoy.es\/es\/las-lluvias-dejan-rastro-en-el-comtat-con-mas-de-100-litros-en-algunos-puntos\/","url":"https:\/\/www.copealcoy.es\/es\/las-lluvias-dejan-rastro-en-el-comtat-con-mas-de-100-litros-en-algunos-puntos\/","name":"Las lluvias dejan rastro en El Comtat con m\u00e1s de 100 litros en algunos puntos - COPE Alcoy","isPartOf":{"@id":"https:\/\/www.copealcoy.es\/es\/#website"},"primaryImageOfPage":{"@id":"https:\/\/www.copealcoy.es\/es\/las-lluvias-dejan-rastro-en-el-comtat-con-mas-de-100-litros-en-algunos-puntos\/#primaryimage"},"image":{"@id":"https:\/\/www.copealcoy.es\/es\/las-lluvias-dejan-rastro-en-el-comtat-con-mas-de-100-litros-en-algunos-puntos\/#primaryimage"},"thumbnailUrl":"https:\/\/www.copealcoy.es\/wp-content\/uploads\/2025\/03\/unnamed-1-4-scaled.jpg","datePublished":"2025-03-05T14:29:22+00:00","dateModified":"2025-03-05T14:31:59+00:00","author":{"@id":"https:\/\/www.copealcoy.es\/es\/#\/schema\/person\/e777c87fa024e57d40170af9df39882c"},"description":"El temporal de lluvias que nos acompa\u00f1a desde principios de marzo comienza a dejar su rastro en la comarca, aunque a partes desiguales","breadcrumb":{"@id":"https:\/\/www.copealcoy.es\/es\/las-lluvias-dejan-rastro-en-el-comtat-con-mas-de-100-litros-en-algunos-puntos\/#breadcrumb"},"inLanguage":"es","potentialAction":[{"@type":"ReadAction","target":["https:\/\/www.copealcoy.es\/es\/las-lluvias-dejan-rastro-en-el-comtat-con-mas-de-100-litros-en-algunos-puntos\/"]}]},{"@type":"ImageObject","inLanguage":"es","@id":"https:\/\/www.copealcoy.es\/es\/las-lluvias-dejan-rastro-en-el-comtat-con-mas-de-100-litros-en-algunos-puntos\/#primaryimage","url":"https:\/\/www.copealcoy.es\/wp-content\/uploads\/2025\/03\/unnamed-1-4-scaled.jpg","contentUrl":"https:\/\/www.copealcoy.es\/wp-content\/uploads\/2025\/03\/unnamed-1-4-scaled.jpg","width":1471,"height":1080},{"@type":"BreadcrumbList","@id":"https:\/\/www.copealcoy.es\/es\/las-lluvias-dejan-rastro-en-el-comtat-con-mas-de-100-litros-en-algunos-puntos\/#breadcrumb","itemListElement":[{"@type":"ListItem","position":1,"name":"Portada","item":"https:\/\/www.copealcoy.es\/es\/"},{"@type":"ListItem","position":2,"name":"Las lluvias dejan rastro en El Comtat con m\u00e1s de 100 litros en algunos puntos"}]},{"@type":"WebSite","@id":"https:\/\/www.copealcoy.es\/es\/#website","url":"https:\/\/www.copealcoy.es\/es\/","name":"COPE Alcoy","description":"Emisora COPE de radio local con emisi\u00f3n online. Pont de Sant Jordi 8-10 03803 Alcoy","potentialAction":[{"@type":"SearchAction","target":{"@type":"EntryPoint","urlTemplate":"https:\/\/www.copealcoy.es\/es\/?s={search_term_string}"},"query-input":{"@type":"PropertyValueSpecification","valueRequired":true,"valueName":"search_term_string"}}],"inLanguage":"es"},{"@type":"Person","@id":"https:\/\/www.copealcoy.es\/es\/#\/schema\/person\/e777c87fa024e57d40170af9df39882c","name":"Cope Alcoy","image":{"@type":"ImageObject","inLanguage":"es","@id":"https:\/\/secure.gravatar.com\/avatar\/bb65d0283347e303893ba14f0692005417c1e0e690a325a4c5d8bb2b3943ee14?s=96&d=mm&r=g","url":"https:\/\/secure.gravatar.com\/avatar\/bb65d0283347e303893ba14f0692005417c1e0e690a325a4c5d8bb2b3943ee14?s=96&d=mm&r=g","contentUrl":"https:\/\/secure.gravatar.com\/avatar\/bb65d0283347e303893ba14f0692005417c1e0e690a325a4c5d8bb2b3943ee14?s=96&d=mm&r=g","caption":"Cope Alcoy"}}]}},"_links":{"self":[{"href":"https:\/\/www.copealcoy.es\/es\/wp-json\/wp\/v2\/posts\/148531","targetHints":{"allow":["GET"]}}],"collection":[{"href":"https:\/\/www.copealcoy.es\/es\/wp-json\/wp\/v2\/posts"}],"about":[{"href":"https:\/\/www.copealcoy.es\/es\/wp-json\/wp\/v2\/types\/post"}],"author":[{"embeddable":true,"href":"https:\/\/www.copealcoy.es\/es\/wp-json\/wp\/v2\/users\/1"}],"replies":[{"embeddable":true,"href":"https:\/\/www.copealcoy.es\/es\/wp-json\/wp\/v2\/comments?post=148531"}],"version-history":[{"count":0,"href":"https:\/\/www.copealcoy.es\/es\/wp-json\/wp\/v2\/posts\/148531\/revisions"}],"wp:featuredmedia":[{"embeddable":true,"href":"https:\/\/www.copealcoy.es\/es\/wp-json\/wp\/v2\/media\/148532"}],"wp:attachment":[{"href":"https:\/\/www.copealcoy.es\/es\/wp-json\/wp\/v2\/media?parent=148531"}],"wp:term":[{"taxonomy":"category","embeddable":true,"href":"https:\/\/www.copealcoy.es\/es\/wp-json\/wp\/v2\/categories?post=148531"},{"taxonomy":"post_tag","embeddable":true,"href":"https:\/\/www.copealcoy.es\/es\/wp-json\/wp\/v2\/tags?post=148531"}],"curies":[{"name":"wp","href":"https:\/\/api.w.org\/{rel}","templated":true}]}}