{"id":148523,"date":"2025-03-05T08:05:27","date_gmt":"2025-03-05T07:05:27","guid":{"rendered":"https:\/\/www.copealcoy.es\/?p=148523"},"modified":"2025-03-06T18:03:32","modified_gmt":"2025-03-06T17:03:32","slug":"homenaje-a-las-mujeres-creadoras-en-la-programacion-del-8m-de-alcoy","status":"publish","type":"post","link":"https:\/\/www.copealcoy.es\/es\/homenaje-a-las-mujeres-creadoras-en-la-programacion-del-8m-de-alcoy\/","title":{"rendered":"Homenaje a las mujeres creadoras en la programaci\u00f3n del 8M de Alcoy"},"content":{"rendered":"<p style=\"text-align: justify;\">Alcoy ha dado inicio a la programaci\u00f3n prevista con motivo del <strong>8 de marzo<\/strong>, el <strong>D\u00eda Internacional de la Mujer<\/strong>, que se se va a conmemorar el pr\u00f3ximo s\u00e1bado. Bajo el lema <strong>\u2018L\u2019art de les dones\u2019<\/strong>, las actividades <strong>buscan rendir homenaje a las mujeres artistas y creadoras<\/strong>,\u00a0 y desde el Ayuntamiento de la ciudad <strong>han preparado diversas iniciativas<\/strong> junto a varias entidades entre las que destacan exposiciones culturales, charlas o talleres.<\/p>\n<p style=\"text-align: justify;\">El cartel de este a\u00f1o, dise\u00f1ado por\u00a0 l&#8217;Escola d\u2019Art, <strong>destaca a varias mujeres artistas hist\u00f3ricas y rinde especial tributo a la escritora alcoyana Isabel-Clara Sim\u00f3<\/strong>, en el quinto aniversario de su fallecimiento. Esta obra <strong>fue descubierta el pasado lunes en la fachada del Ayuntamiento de Alcoy<\/strong> y lucir\u00e1 ah\u00ed durante todos estos d\u00edas hasta el pr\u00f3ximo fin de semana. Al margen de esto, <strong>se contemplan<\/strong>\u00a0una exposici\u00f3n sobre Isabel-Clara Sim\u00f3, que se inaugur\u00f3 el 28 de febrero y estar\u00e1 abierta hasta el 31 de marzo. Adem\u00e1s, <strong>se llevar\u00e1n a cabo<\/strong> mesas redondas, talleres creativos, competiciones deportivas o un concierto de jazz. A todo ello se le une otro concierto, a cargo de la Banda Sinf\u00f3nica de Mujeres de la Federaci\u00f3n de Sociedades Musicales de la Comunitat Valenciana, y que tendr\u00e1 lugar el pr\u00f3ximo s\u00e1bado a las 19:00h en el Teatro Calder\u00f3n organizado por la Fil\u00e0 Marrakesch. Por otro lado figuran citas esperadas como la manifestaci\u00f3n, junto a la posterior lectura de manifiestos, a mediod\u00eda del 8 de marzo desde el Parque de Cervantes &#8220;s<em>e ha avanzado mucho, pero todav\u00eda queda mucho camino por recorrer hacia la plena igualdad de hombres y mujeres. Animamos a participar en todas estas actividades, una programaci\u00f3n que cada a\u00f1o sigue creciende y que incluso llega este a\u00f1o hasta junio<\/em>&#8220;, comentaba en COPE ALCOY \u00c0lex Cerradelo; vicealcalde de Alcoy y concejal de Igualdad.<\/p>\n<p style=\"text-align: justify;\">Toda <a href=\"https:\/\/www.alcoi.org.\/export\/sites\/default\/es\/areas\/bienestar_social\/b_concejalia_mujer\/descargas\/Programacio-8-M-Digital_web.pdf\" target=\"_blank\" rel=\"noopener\"><strong><span style=\"color: #0000ff;\">la programaci\u00f3n<\/span> <\/strong><\/a>se puede consultar con detalle en la p\u00e1gina web del Ayuntamiento de Alcoy.<\/p>\n","protected":false},"excerpt":{"rendered":"<p>Alcoy ha dado inicio a la programaci\u00f3n prevista con motivo del 8 de marzo, el D\u00eda Internacional de la Mujer,&#8230;<\/p>\n","protected":false},"author":1,"featured_media":148525,"comment_status":"open","ping_status":"open","sticky":false,"template":"","format":"standard","meta":{"footnotes":""},"categories":[6909,97,75],"tags":[10962,1494,1899,10967,747],"class_list":["post-148523","post","type-post","status-publish","format-standard","has-post-thumbnail","hentry","category-actualidad","category-alcoy","category-noticias","tag-8m","tag-alcoy","tag-alex-cerradelo","tag-dia-internacional-de-la-mujer","tag-programacion"],"yoast_head":"<!-- This site is optimized with the Yoast SEO plugin v27.3 - https:\/\/yoast.com\/product\/yoast-seo-wordpress\/ -->\n<title>Homenaje a las mujeres creadoras en la programaci\u00f3n del 8M de Alcoy - COPE Alcoy<\/title>\n<meta name=\"description\" content=\"Alcoy ha dado inicio a la programaci\u00f3n prevista con motivo del 8 de marzo, el D\u00eda Internacional de la Mujer, que se se va a conmemorar el pr\u00f3ximo s\u00e1bado\" \/>\n<meta name=\"robots\" content=\"index, follow, max-snippet:-1, max-image-preview:large, max-video-preview:-1\" \/>\n<link rel=\"canonical\" href=\"https:\/\/www.copealcoy.es\/es\/homenaje-a-las-mujeres-creadoras-en-la-programacion-del-8m-de-alcoy\/\" \/>\n<meta property=\"og:locale\" content=\"es_ES\" \/>\n<meta property=\"og:type\" content=\"article\" \/>\n<meta property=\"og:title\" content=\"Homenaje a las mujeres creadoras en la programaci\u00f3n del 8M de Alcoy - COPE Alcoy\" \/>\n<meta property=\"og:description\" content=\"Alcoy ha dado inicio a la programaci\u00f3n prevista con motivo del 8 de marzo, el D\u00eda Internacional de la Mujer, que se se va a conmemorar el pr\u00f3ximo s\u00e1bado\" \/>\n<meta property=\"og:url\" content=\"https:\/\/www.copealcoy.es\/es\/homenaje-a-las-mujeres-creadoras-en-la-programacion-del-8m-de-alcoy\/\" \/>\n<meta property=\"og:site_name\" content=\"COPE Alcoy\" \/>\n<meta property=\"article:published_time\" content=\"2025-03-05T07:05:27+00:00\" \/>\n<meta property=\"article:modified_time\" content=\"2025-03-06T17:03:32+00:00\" \/>\n<meta property=\"og:image\" content=\"https:\/\/www.copealcoy.es\/wp-content\/uploads\/2025\/03\/presentacion-8M.jpg\" \/>\n\t<meta property=\"og:image:width\" content=\"820\" \/>\n\t<meta property=\"og:image:height\" content=\"467\" \/>\n\t<meta property=\"og:image:type\" content=\"image\/jpeg\" \/>\n<meta name=\"author\" content=\"Cope Alcoy\" \/>\n<meta name=\"twitter:label1\" content=\"Escrito por\" \/>\n\t<meta name=\"twitter:data1\" content=\"Cope Alcoy\" \/>\n\t<meta name=\"twitter:label2\" content=\"Tiempo de lectura\" \/>\n\t<meta name=\"twitter:data2\" content=\"2 minutos\" \/>\n<script type=\"application\/ld+json\" class=\"yoast-schema-graph\">{\"@context\":\"https:\\\/\\\/schema.org\",\"@graph\":[{\"@type\":\"Article\",\"@id\":\"https:\\\/\\\/www.copealcoy.es\\\/es\\\/homenaje-a-las-mujeres-creadoras-en-la-programacion-del-8m-de-alcoy\\\/#article\",\"isPartOf\":{\"@id\":\"https:\\\/\\\/www.copealcoy.es\\\/es\\\/homenaje-a-las-mujeres-creadoras-en-la-programacion-del-8m-de-alcoy\\\/\"},\"author\":{\"name\":\"Cope Alcoy\",\"@id\":\"https:\\\/\\\/www.copealcoy.es\\\/es\\\/#\\\/schema\\\/person\\\/e777c87fa024e57d40170af9df39882c\"},\"headline\":\"Homenaje a las mujeres creadoras en la programaci\u00f3n del 8M de Alcoy\",\"datePublished\":\"2025-03-05T07:05:27+00:00\",\"dateModified\":\"2025-03-06T17:03:32+00:00\",\"mainEntityOfPage\":{\"@id\":\"https:\\\/\\\/www.copealcoy.es\\\/es\\\/homenaje-a-las-mujeres-creadoras-en-la-programacion-del-8m-de-alcoy\\\/\"},\"wordCount\":351,\"commentCount\":0,\"image\":{\"@id\":\"https:\\\/\\\/www.copealcoy.es\\\/es\\\/homenaje-a-las-mujeres-creadoras-en-la-programacion-del-8m-de-alcoy\\\/#primaryimage\"},\"thumbnailUrl\":\"https:\\\/\\\/www.copealcoy.es\\\/wp-content\\\/uploads\\\/2025\\\/03\\\/presentacion-8M.jpg\",\"keywords\":[\"8M\",\"Alcoy\",\"\u00c1lex Cerradelo\",\"D\u00eda Internacional de la Mujer\",\"Programaci\u00f3n\"],\"articleSection\":[\"Actualidad\",\"Alcoy\",\"Noticias\"],\"inLanguage\":\"es\"},{\"@type\":\"WebPage\",\"@id\":\"https:\\\/\\\/www.copealcoy.es\\\/es\\\/homenaje-a-las-mujeres-creadoras-en-la-programacion-del-8m-de-alcoy\\\/\",\"url\":\"https:\\\/\\\/www.copealcoy.es\\\/es\\\/homenaje-a-las-mujeres-creadoras-en-la-programacion-del-8m-de-alcoy\\\/\",\"name\":\"Homenaje a las mujeres creadoras en la programaci\u00f3n del 8M de Alcoy - COPE Alcoy\",\"isPartOf\":{\"@id\":\"https:\\\/\\\/www.copealcoy.es\\\/es\\\/#website\"},\"primaryImageOfPage\":{\"@id\":\"https:\\\/\\\/www.copealcoy.es\\\/es\\\/homenaje-a-las-mujeres-creadoras-en-la-programacion-del-8m-de-alcoy\\\/#primaryimage\"},\"image\":{\"@id\":\"https:\\\/\\\/www.copealcoy.es\\\/es\\\/homenaje-a-las-mujeres-creadoras-en-la-programacion-del-8m-de-alcoy\\\/#primaryimage\"},\"thumbnailUrl\":\"https:\\\/\\\/www.copealcoy.es\\\/wp-content\\\/uploads\\\/2025\\\/03\\\/presentacion-8M.jpg\",\"datePublished\":\"2025-03-05T07:05:27+00:00\",\"dateModified\":\"2025-03-06T17:03:32+00:00\",\"author\":{\"@id\":\"https:\\\/\\\/www.copealcoy.es\\\/es\\\/#\\\/schema\\\/person\\\/e777c87fa024e57d40170af9df39882c\"},\"description\":\"Alcoy ha dado inicio a la programaci\u00f3n prevista con motivo del 8 de marzo, el D\u00eda Internacional de la Mujer, que se se va a conmemorar el pr\u00f3ximo s\u00e1bado\",\"breadcrumb\":{\"@id\":\"https:\\\/\\\/www.copealcoy.es\\\/es\\\/homenaje-a-las-mujeres-creadoras-en-la-programacion-del-8m-de-alcoy\\\/#breadcrumb\"},\"inLanguage\":\"es\",\"potentialAction\":[{\"@type\":\"ReadAction\",\"target\":[\"https:\\\/\\\/www.copealcoy.es\\\/es\\\/homenaje-a-las-mujeres-creadoras-en-la-programacion-del-8m-de-alcoy\\\/\"]}]},{\"@type\":\"ImageObject\",\"inLanguage\":\"es\",\"@id\":\"https:\\\/\\\/www.copealcoy.es\\\/es\\\/homenaje-a-las-mujeres-creadoras-en-la-programacion-del-8m-de-alcoy\\\/#primaryimage\",\"url\":\"https:\\\/\\\/www.copealcoy.es\\\/wp-content\\\/uploads\\\/2025\\\/03\\\/presentacion-8M.jpg\",\"contentUrl\":\"https:\\\/\\\/www.copealcoy.es\\\/wp-content\\\/uploads\\\/2025\\\/03\\\/presentacion-8M.jpg\",\"width\":820,\"height\":467},{\"@type\":\"BreadcrumbList\",\"@id\":\"https:\\\/\\\/www.copealcoy.es\\\/es\\\/homenaje-a-las-mujeres-creadoras-en-la-programacion-del-8m-de-alcoy\\\/#breadcrumb\",\"itemListElement\":[{\"@type\":\"ListItem\",\"position\":1,\"name\":\"Portada\",\"item\":\"https:\\\/\\\/www.copealcoy.es\\\/es\\\/\"},{\"@type\":\"ListItem\",\"position\":2,\"name\":\"Homenaje a las mujeres creadoras en la programaci\u00f3n del 8M de Alcoy\"}]},{\"@type\":\"WebSite\",\"@id\":\"https:\\\/\\\/www.copealcoy.es\\\/es\\\/#website\",\"url\":\"https:\\\/\\\/www.copealcoy.es\\\/es\\\/\",\"name\":\"COPE Alcoy\",\"description\":\"Emisora COPE de radio local con emisi\u00f3n online. Pont de Sant Jordi 8-10 03803 Alcoy\",\"potentialAction\":[{\"@type\":\"SearchAction\",\"target\":{\"@type\":\"EntryPoint\",\"urlTemplate\":\"https:\\\/\\\/www.copealcoy.es\\\/es\\\/?s={search_term_string}\"},\"query-input\":{\"@type\":\"PropertyValueSpecification\",\"valueRequired\":true,\"valueName\":\"search_term_string\"}}],\"inLanguage\":\"es\"},{\"@type\":\"Person\",\"@id\":\"https:\\\/\\\/www.copealcoy.es\\\/es\\\/#\\\/schema\\\/person\\\/e777c87fa024e57d40170af9df39882c\",\"name\":\"Cope Alcoy\",\"image\":{\"@type\":\"ImageObject\",\"inLanguage\":\"es\",\"@id\":\"https:\\\/\\\/secure.gravatar.com\\\/avatar\\\/bb65d0283347e303893ba14f0692005417c1e0e690a325a4c5d8bb2b3943ee14?s=96&d=mm&r=g\",\"url\":\"https:\\\/\\\/secure.gravatar.com\\\/avatar\\\/bb65d0283347e303893ba14f0692005417c1e0e690a325a4c5d8bb2b3943ee14?s=96&d=mm&r=g\",\"contentUrl\":\"https:\\\/\\\/secure.gravatar.com\\\/avatar\\\/bb65d0283347e303893ba14f0692005417c1e0e690a325a4c5d8bb2b3943ee14?s=96&d=mm&r=g\",\"caption\":\"Cope Alcoy\"}}]}<\/script>\n<!-- \/ Yoast SEO plugin. -->","yoast_head_json":{"title":"Homenaje a las mujeres creadoras en la programaci\u00f3n del 8M de Alcoy - COPE Alcoy","description":"Alcoy ha dado inicio a la programaci\u00f3n prevista con motivo del 8 de marzo, el D\u00eda Internacional de la Mujer, que se se va a conmemorar el pr\u00f3ximo s\u00e1bado","robots":{"index":"index","follow":"follow","max-snippet":"max-snippet:-1","max-image-preview":"max-image-preview:large","max-video-preview":"max-video-preview:-1"},"canonical":"https:\/\/www.copealcoy.es\/es\/homenaje-a-las-mujeres-creadoras-en-la-programacion-del-8m-de-alcoy\/","og_locale":"es_ES","og_type":"article","og_title":"Homenaje a las mujeres creadoras en la programaci\u00f3n del 8M de Alcoy - COPE Alcoy","og_description":"Alcoy ha dado inicio a la programaci\u00f3n prevista con motivo del 8 de marzo, el D\u00eda Internacional de la Mujer, que se se va a conmemorar el pr\u00f3ximo s\u00e1bado","og_url":"https:\/\/www.copealcoy.es\/es\/homenaje-a-las-mujeres-creadoras-en-la-programacion-del-8m-de-alcoy\/","og_site_name":"COPE Alcoy","article_published_time":"2025-03-05T07:05:27+00:00","article_modified_time":"2025-03-06T17:03:32+00:00","og_image":[{"width":820,"height":467,"url":"https:\/\/www.copealcoy.es\/wp-content\/uploads\/2025\/03\/presentacion-8M.jpg","type":"image\/jpeg"}],"author":"Cope Alcoy","twitter_misc":{"Escrito por":"Cope Alcoy","Tiempo de lectura":"2 minutos"},"schema":{"@context":"https:\/\/schema.org","@graph":[{"@type":"Article","@id":"https:\/\/www.copealcoy.es\/es\/homenaje-a-las-mujeres-creadoras-en-la-programacion-del-8m-de-alcoy\/#article","isPartOf":{"@id":"https:\/\/www.copealcoy.es\/es\/homenaje-a-las-mujeres-creadoras-en-la-programacion-del-8m-de-alcoy\/"},"author":{"name":"Cope Alcoy","@id":"https:\/\/www.copealcoy.es\/es\/#\/schema\/person\/e777c87fa024e57d40170af9df39882c"},"headline":"Homenaje a las mujeres creadoras en la programaci\u00f3n del 8M de Alcoy","datePublished":"2025-03-05T07:05:27+00:00","dateModified":"2025-03-06T17:03:32+00:00","mainEntityOfPage":{"@id":"https:\/\/www.copealcoy.es\/es\/homenaje-a-las-mujeres-creadoras-en-la-programacion-del-8m-de-alcoy\/"},"wordCount":351,"commentCount":0,"image":{"@id":"https:\/\/www.copealcoy.es\/es\/homenaje-a-las-mujeres-creadoras-en-la-programacion-del-8m-de-alcoy\/#primaryimage"},"thumbnailUrl":"https:\/\/www.copealcoy.es\/wp-content\/uploads\/2025\/03\/presentacion-8M.jpg","keywords":["8M","Alcoy","\u00c1lex Cerradelo","D\u00eda Internacional de la Mujer","Programaci\u00f3n"],"articleSection":["Actualidad","Alcoy","Noticias"],"inLanguage":"es"},{"@type":"WebPage","@id":"https:\/\/www.copealcoy.es\/es\/homenaje-a-las-mujeres-creadoras-en-la-programacion-del-8m-de-alcoy\/","url":"https:\/\/www.copealcoy.es\/es\/homenaje-a-las-mujeres-creadoras-en-la-programacion-del-8m-de-alcoy\/","name":"Homenaje a las mujeres creadoras en la programaci\u00f3n del 8M de Alcoy - COPE Alcoy","isPartOf":{"@id":"https:\/\/www.copealcoy.es\/es\/#website"},"primaryImageOfPage":{"@id":"https:\/\/www.copealcoy.es\/es\/homenaje-a-las-mujeres-creadoras-en-la-programacion-del-8m-de-alcoy\/#primaryimage"},"image":{"@id":"https:\/\/www.copealcoy.es\/es\/homenaje-a-las-mujeres-creadoras-en-la-programacion-del-8m-de-alcoy\/#primaryimage"},"thumbnailUrl":"https:\/\/www.copealcoy.es\/wp-content\/uploads\/2025\/03\/presentacion-8M.jpg","datePublished":"2025-03-05T07:05:27+00:00","dateModified":"2025-03-06T17:03:32+00:00","author":{"@id":"https:\/\/www.copealcoy.es\/es\/#\/schema\/person\/e777c87fa024e57d40170af9df39882c"},"description":"Alcoy ha dado inicio a la programaci\u00f3n prevista con motivo del 8 de marzo, el D\u00eda Internacional de la Mujer, que se se va a conmemorar el pr\u00f3ximo s\u00e1bado","breadcrumb":{"@id":"https:\/\/www.copealcoy.es\/es\/homenaje-a-las-mujeres-creadoras-en-la-programacion-del-8m-de-alcoy\/#breadcrumb"},"inLanguage":"es","potentialAction":[{"@type":"ReadAction","target":["https:\/\/www.copealcoy.es\/es\/homenaje-a-las-mujeres-creadoras-en-la-programacion-del-8m-de-alcoy\/"]}]},{"@type":"ImageObject","inLanguage":"es","@id":"https:\/\/www.copealcoy.es\/es\/homenaje-a-las-mujeres-creadoras-en-la-programacion-del-8m-de-alcoy\/#primaryimage","url":"https:\/\/www.copealcoy.es\/wp-content\/uploads\/2025\/03\/presentacion-8M.jpg","contentUrl":"https:\/\/www.copealcoy.es\/wp-content\/uploads\/2025\/03\/presentacion-8M.jpg","width":820,"height":467},{"@type":"BreadcrumbList","@id":"https:\/\/www.copealcoy.es\/es\/homenaje-a-las-mujeres-creadoras-en-la-programacion-del-8m-de-alcoy\/#breadcrumb","itemListElement":[{"@type":"ListItem","position":1,"name":"Portada","item":"https:\/\/www.copealcoy.es\/es\/"},{"@type":"ListItem","position":2,"name":"Homenaje a las mujeres creadoras en la programaci\u00f3n del 8M de Alcoy"}]},{"@type":"WebSite","@id":"https:\/\/www.copealcoy.es\/es\/#website","url":"https:\/\/www.copealcoy.es\/es\/","name":"COPE Alcoy","description":"Emisora COPE de radio local con emisi\u00f3n online. Pont de Sant Jordi 8-10 03803 Alcoy","potentialAction":[{"@type":"SearchAction","target":{"@type":"EntryPoint","urlTemplate":"https:\/\/www.copealcoy.es\/es\/?s={search_term_string}"},"query-input":{"@type":"PropertyValueSpecification","valueRequired":true,"valueName":"search_term_string"}}],"inLanguage":"es"},{"@type":"Person","@id":"https:\/\/www.copealcoy.es\/es\/#\/schema\/person\/e777c87fa024e57d40170af9df39882c","name":"Cope Alcoy","image":{"@type":"ImageObject","inLanguage":"es","@id":"https:\/\/secure.gravatar.com\/avatar\/bb65d0283347e303893ba14f0692005417c1e0e690a325a4c5d8bb2b3943ee14?s=96&d=mm&r=g","url":"https:\/\/secure.gravatar.com\/avatar\/bb65d0283347e303893ba14f0692005417c1e0e690a325a4c5d8bb2b3943ee14?s=96&d=mm&r=g","contentUrl":"https:\/\/secure.gravatar.com\/avatar\/bb65d0283347e303893ba14f0692005417c1e0e690a325a4c5d8bb2b3943ee14?s=96&d=mm&r=g","caption":"Cope Alcoy"}}]}},"_links":{"self":[{"href":"https:\/\/www.copealcoy.es\/es\/wp-json\/wp\/v2\/posts\/148523","targetHints":{"allow":["GET"]}}],"collection":[{"href":"https:\/\/www.copealcoy.es\/es\/wp-json\/wp\/v2\/posts"}],"about":[{"href":"https:\/\/www.copealcoy.es\/es\/wp-json\/wp\/v2\/types\/post"}],"author":[{"embeddable":true,"href":"https:\/\/www.copealcoy.es\/es\/wp-json\/wp\/v2\/users\/1"}],"replies":[{"embeddable":true,"href":"https:\/\/www.copealcoy.es\/es\/wp-json\/wp\/v2\/comments?post=148523"}],"version-history":[{"count":0,"href":"https:\/\/www.copealcoy.es\/es\/wp-json\/wp\/v2\/posts\/148523\/revisions"}],"wp:featuredmedia":[{"embeddable":true,"href":"https:\/\/www.copealcoy.es\/es\/wp-json\/wp\/v2\/media\/148525"}],"wp:attachment":[{"href":"https:\/\/www.copealcoy.es\/es\/wp-json\/wp\/v2\/media?parent=148523"}],"wp:term":[{"taxonomy":"category","embeddable":true,"href":"https:\/\/www.copealcoy.es\/es\/wp-json\/wp\/v2\/categories?post=148523"},{"taxonomy":"post_tag","embeddable":true,"href":"https:\/\/www.copealcoy.es\/es\/wp-json\/wp\/v2\/tags?post=148523"}],"curies":[{"name":"wp","href":"https:\/\/api.w.org\/{rel}","templated":true}]}}