{"id":14850,"date":"2015-08-07T16:01:49","date_gmt":"2015-08-07T16:01:49","guid":{"rendered":"http:\/\/copealcoi.es\/new\/?p=14850"},"modified":"2015-08-11T09:28:28","modified_gmt":"2015-08-11T09:28:28","slug":"los-socialistas-califican-de-insuficiente-las-inversiones-del-estado-en-la-comarca","status":"publish","type":"post","link":"https:\/\/www.copealcoy.es\/es\/los-socialistas-califican-de-insuficiente-las-inversiones-del-estado-en-la-comarca\/","title":{"rendered":"Los socialistas califican de insuficientes las inversiones del Estado en la comarca"},"content":{"rendered":"<p style=\"text-align: justify;\">El Partido Socialista ha valorado los Presupuestos Generales del Estado y ha lamentado la escasa inversi\u00f3n que en ellos se contempla para las comarcas del Comtat y de l\u00b4 Alcoi\u00e0. La Diputada Nacional Patricia Blanquer\u00a0\u00a0ha destacado este viernes que estas cuentas castigan a nuestra zona y al conjunto de la provincia de Alicante\u00a0y ha afirmado que son insuficientes al mismo tiempo que las ha definido como partidistas. Blanquer se ha referido tambi\u00e9n a la necesidad de reactivar la industria y a las pol\u00edticas sociales se\u00f1alando sobre esto \u00faltimo\u00a0que el presupuesto no responde a las necesidades actuales &#8220;contemplan un gasto social del 53% que est\u00e1 muy por debajo del 58% que en el a\u00f1o 2011 en una situaci\u00f3n econ\u00f3mica m\u00e1s complicada aportaba el Gobierno de Rodr\u00edguez Zapatero&#8221;, ha se\u00f1alado.<\/p>\n<p style=\"text-align: justify;\">En materia de infraestructuras la Diputada ha indicado que el Grupo Socialista en el Congreso de los Diputados presentar\u00e1 de nuevo una enmienda para reclamar a Fomento la inversi\u00f3n que el tren Alcoi &#8211; X\u00e0tiva requiere para su mejora &#8220;porque con estos 100.000 euros el Ejecutivo de Rajoy aboca el tren al abandono al no realizarse ninguna actuaci\u00f3n que solvente la situaci\u00f3n actual de la l\u00ednea&#8221;, manifiesta. Se\u00f1alar que la partida del tren, con los 50.000 euros que corresponden a nuestra provincia, es la \u00fanica inversi\u00f3n que contempla el Estado para la comarca de cara al pr\u00f3ximo a\u00f1o 2016.<\/p>\n<p style=\"text-align: justify;\">Patricia Blanquer ha hecho estas afirmaciones acompa\u00f1ada del Diputado Auton\u00f3mico, Rafael Briet, y el Provincial, Antonio Franc\u00e9s; los cuales han coincidido\u00a0en que los Presupuestos del Estado no tienen en cuenta al Comtat y l\u00b4 Alcoi\u00e0. El primer edil adem\u00e1s ha a\u00f1adido que tampoco se ha previsto la cesi\u00f3n de la Nacional 340 a su paso por Alcoy o el Plan de Actuaci\u00f3n en la ladera del Cauce del R\u00edo &#8220;que ha provocado desprendimientos como el de la calle Calder\u00f3n&#8221;, concluye.<\/p>\n<p style=\"text-align: justify;\">\n","protected":false},"excerpt":{"rendered":"<p>El Partido Socialista ha valorado los Presupuestos Generales del Estado y ha lamentado la escasa inversi\u00f3n que en ellos se&#8230;<\/p>\n","protected":false},"author":1,"featured_media":14851,"comment_status":"open","ping_status":"open","sticky":false,"template":"","format":"standard","meta":{"footnotes":""},"categories":[97,75,79],"tags":[1494,1495,316,1320],"class_list":["post-14850","post","type-post","status-publish","format-standard","has-post-thumbnail","hentry","category-alcoy","category-noticias","category-politicayeconomia","tag-alcoy","tag-comarcas","tag-presupuestos","tag-socialistas"],"yoast_head":"<!-- This site is optimized with the Yoast SEO plugin v27.3 - https:\/\/yoast.com\/product\/yoast-seo-wordpress\/ -->\n<title>Los socialistas califican de insuficientes las inversiones del Estado en la comarca - COPE Alcoy<\/title>\n<meta name=\"robots\" content=\"index, follow, max-snippet:-1, max-image-preview:large, max-video-preview:-1\" \/>\n<link rel=\"canonical\" href=\"https:\/\/www.copealcoy.es\/es\/los-socialistas-califican-de-insuficiente-las-inversiones-del-estado-en-la-comarca\/\" \/>\n<meta property=\"og:locale\" content=\"es_ES\" \/>\n<meta property=\"og:type\" content=\"article\" \/>\n<meta property=\"og:title\" content=\"Los socialistas califican de insuficientes las inversiones del Estado en la comarca - COPE Alcoy\" \/>\n<meta property=\"og:description\" content=\"El Partido Socialista ha valorado los Presupuestos Generales del Estado y ha lamentado la escasa inversi\u00f3n que en ellos se...\" \/>\n<meta property=\"og:url\" content=\"https:\/\/www.copealcoy.es\/es\/los-socialistas-califican-de-insuficiente-las-inversiones-del-estado-en-la-comarca\/\" \/>\n<meta property=\"og:site_name\" content=\"COPE Alcoy\" \/>\n<meta property=\"article:published_time\" content=\"2015-08-07T16:01:49+00:00\" \/>\n<meta property=\"article:modified_time\" content=\"2015-08-11T09:28:28+00:00\" \/>\n<meta property=\"og:image\" content=\"https:\/\/www.copealcoy.es\/wp-content\/uploads\/2015\/08\/IMG_0826-1024x683.jpg\" \/>\n\t<meta property=\"og:image:width\" content=\"1024\" \/>\n\t<meta property=\"og:image:height\" content=\"683\" \/>\n\t<meta property=\"og:image:type\" content=\"image\/jpeg\" \/>\n<meta name=\"author\" content=\"Cope Alcoy\" \/>\n<meta name=\"twitter:label1\" content=\"Escrito por\" \/>\n\t<meta name=\"twitter:data1\" content=\"Cope Alcoy\" \/>\n\t<meta name=\"twitter:label2\" content=\"Tiempo de lectura\" \/>\n\t<meta name=\"twitter:data2\" content=\"2 minutos\" \/>\n<script type=\"application\/ld+json\" class=\"yoast-schema-graph\">{\"@context\":\"https:\\\/\\\/schema.org\",\"@graph\":[{\"@type\":\"Article\",\"@id\":\"https:\\\/\\\/www.copealcoy.es\\\/es\\\/los-socialistas-califican-de-insuficiente-las-inversiones-del-estado-en-la-comarca\\\/#article\",\"isPartOf\":{\"@id\":\"https:\\\/\\\/www.copealcoy.es\\\/es\\\/los-socialistas-califican-de-insuficiente-las-inversiones-del-estado-en-la-comarca\\\/\"},\"author\":{\"name\":\"Cope Alcoy\",\"@id\":\"https:\\\/\\\/www.copealcoy.es\\\/es\\\/#\\\/schema\\\/person\\\/e777c87fa024e57d40170af9df39882c\"},\"headline\":\"Los socialistas califican de insuficientes las inversiones del Estado en la comarca\",\"datePublished\":\"2015-08-07T16:01:49+00:00\",\"dateModified\":\"2015-08-11T09:28:28+00:00\",\"mainEntityOfPage\":{\"@id\":\"https:\\\/\\\/www.copealcoy.es\\\/es\\\/los-socialistas-califican-de-insuficiente-las-inversiones-del-estado-en-la-comarca\\\/\"},\"wordCount\":344,\"commentCount\":0,\"image\":{\"@id\":\"https:\\\/\\\/www.copealcoy.es\\\/es\\\/los-socialistas-califican-de-insuficiente-las-inversiones-del-estado-en-la-comarca\\\/#primaryimage\"},\"thumbnailUrl\":\"https:\\\/\\\/www.copealcoy.es\\\/wp-content\\\/uploads\\\/2015\\\/08\\\/IMG_0826.jpg\",\"keywords\":[\"Alcoy\",\"Comarcas\",\"Presupuestos\",\"socialistas\"],\"articleSection\":[\"Alcoy\",\"Noticias\",\"Pol\u00edtica y Econom\u00eda\"],\"inLanguage\":\"es\"},{\"@type\":\"WebPage\",\"@id\":\"https:\\\/\\\/www.copealcoy.es\\\/es\\\/los-socialistas-califican-de-insuficiente-las-inversiones-del-estado-en-la-comarca\\\/\",\"url\":\"https:\\\/\\\/www.copealcoy.es\\\/es\\\/los-socialistas-califican-de-insuficiente-las-inversiones-del-estado-en-la-comarca\\\/\",\"name\":\"Los socialistas califican de insuficientes las inversiones del Estado en la comarca - COPE Alcoy\",\"isPartOf\":{\"@id\":\"https:\\\/\\\/www.copealcoy.es\\\/es\\\/#website\"},\"primaryImageOfPage\":{\"@id\":\"https:\\\/\\\/www.copealcoy.es\\\/es\\\/los-socialistas-califican-de-insuficiente-las-inversiones-del-estado-en-la-comarca\\\/#primaryimage\"},\"image\":{\"@id\":\"https:\\\/\\\/www.copealcoy.es\\\/es\\\/los-socialistas-califican-de-insuficiente-las-inversiones-del-estado-en-la-comarca\\\/#primaryimage\"},\"thumbnailUrl\":\"https:\\\/\\\/www.copealcoy.es\\\/wp-content\\\/uploads\\\/2015\\\/08\\\/IMG_0826.jpg\",\"datePublished\":\"2015-08-07T16:01:49+00:00\",\"dateModified\":\"2015-08-11T09:28:28+00:00\",\"author\":{\"@id\":\"https:\\\/\\\/www.copealcoy.es\\\/es\\\/#\\\/schema\\\/person\\\/e777c87fa024e57d40170af9df39882c\"},\"breadcrumb\":{\"@id\":\"https:\\\/\\\/www.copealcoy.es\\\/es\\\/los-socialistas-califican-de-insuficiente-las-inversiones-del-estado-en-la-comarca\\\/#breadcrumb\"},\"inLanguage\":\"es\",\"potentialAction\":[{\"@type\":\"ReadAction\",\"target\":[\"https:\\\/\\\/www.copealcoy.es\\\/es\\\/los-socialistas-califican-de-insuficiente-las-inversiones-del-estado-en-la-comarca\\\/\"]}]},{\"@type\":\"ImageObject\",\"inLanguage\":\"es\",\"@id\":\"https:\\\/\\\/www.copealcoy.es\\\/es\\\/los-socialistas-califican-de-insuficiente-las-inversiones-del-estado-en-la-comarca\\\/#primaryimage\",\"url\":\"https:\\\/\\\/www.copealcoy.es\\\/wp-content\\\/uploads\\\/2015\\\/08\\\/IMG_0826.jpg\",\"contentUrl\":\"https:\\\/\\\/www.copealcoy.es\\\/wp-content\\\/uploads\\\/2015\\\/08\\\/IMG_0826.jpg\",\"width\":1620,\"height\":1080,\"caption\":\"Patricia Blanquer junto a Franc\u00e9s, Jaume Pascual y Rafa Briet\"},{\"@type\":\"BreadcrumbList\",\"@id\":\"https:\\\/\\\/www.copealcoy.es\\\/es\\\/los-socialistas-califican-de-insuficiente-las-inversiones-del-estado-en-la-comarca\\\/#breadcrumb\",\"itemListElement\":[{\"@type\":\"ListItem\",\"position\":1,\"name\":\"Portada\",\"item\":\"https:\\\/\\\/www.copealcoy.es\\\/es\\\/\"},{\"@type\":\"ListItem\",\"position\":2,\"name\":\"Los socialistas califican de insuficientes las inversiones del Estado en la comarca\"}]},{\"@type\":\"WebSite\",\"@id\":\"https:\\\/\\\/www.copealcoy.es\\\/es\\\/#website\",\"url\":\"https:\\\/\\\/www.copealcoy.es\\\/es\\\/\",\"name\":\"COPE Alcoy\",\"description\":\"Emisora COPE de radio local con emisi\u00f3n online. Pont de Sant Jordi 8-10 03803 Alcoy\",\"potentialAction\":[{\"@type\":\"SearchAction\",\"target\":{\"@type\":\"EntryPoint\",\"urlTemplate\":\"https:\\\/\\\/www.copealcoy.es\\\/es\\\/?s={search_term_string}\"},\"query-input\":{\"@type\":\"PropertyValueSpecification\",\"valueRequired\":true,\"valueName\":\"search_term_string\"}}],\"inLanguage\":\"es\"},{\"@type\":\"Person\",\"@id\":\"https:\\\/\\\/www.copealcoy.es\\\/es\\\/#\\\/schema\\\/person\\\/e777c87fa024e57d40170af9df39882c\",\"name\":\"Cope Alcoy\",\"image\":{\"@type\":\"ImageObject\",\"inLanguage\":\"es\",\"@id\":\"https:\\\/\\\/secure.gravatar.com\\\/avatar\\\/bb65d0283347e303893ba14f0692005417c1e0e690a325a4c5d8bb2b3943ee14?s=96&d=mm&r=g\",\"url\":\"https:\\\/\\\/secure.gravatar.com\\\/avatar\\\/bb65d0283347e303893ba14f0692005417c1e0e690a325a4c5d8bb2b3943ee14?s=96&d=mm&r=g\",\"contentUrl\":\"https:\\\/\\\/secure.gravatar.com\\\/avatar\\\/bb65d0283347e303893ba14f0692005417c1e0e690a325a4c5d8bb2b3943ee14?s=96&d=mm&r=g\",\"caption\":\"Cope Alcoy\"}}]}<\/script>\n<!-- \/ Yoast SEO plugin. -->","yoast_head_json":{"title":"Los socialistas califican de insuficientes las inversiones del Estado en la comarca - COPE Alcoy","robots":{"index":"index","follow":"follow","max-snippet":"max-snippet:-1","max-image-preview":"max-image-preview:large","max-video-preview":"max-video-preview:-1"},"canonical":"https:\/\/www.copealcoy.es\/es\/los-socialistas-califican-de-insuficiente-las-inversiones-del-estado-en-la-comarca\/","og_locale":"es_ES","og_type":"article","og_title":"Los socialistas califican de insuficientes las inversiones del Estado en la comarca - COPE Alcoy","og_description":"El Partido Socialista ha valorado los Presupuestos Generales del Estado y ha lamentado la escasa inversi\u00f3n que en ellos se...","og_url":"https:\/\/www.copealcoy.es\/es\/los-socialistas-califican-de-insuficiente-las-inversiones-del-estado-en-la-comarca\/","og_site_name":"COPE Alcoy","article_published_time":"2015-08-07T16:01:49+00:00","article_modified_time":"2015-08-11T09:28:28+00:00","og_image":[{"width":1024,"height":683,"url":"https:\/\/www.copealcoy.es\/wp-content\/uploads\/2015\/08\/IMG_0826-1024x683.jpg","type":"image\/jpeg"}],"author":"Cope Alcoy","twitter_misc":{"Escrito por":"Cope Alcoy","Tiempo de lectura":"2 minutos"},"schema":{"@context":"https:\/\/schema.org","@graph":[{"@type":"Article","@id":"https:\/\/www.copealcoy.es\/es\/los-socialistas-califican-de-insuficiente-las-inversiones-del-estado-en-la-comarca\/#article","isPartOf":{"@id":"https:\/\/www.copealcoy.es\/es\/los-socialistas-califican-de-insuficiente-las-inversiones-del-estado-en-la-comarca\/"},"author":{"name":"Cope Alcoy","@id":"https:\/\/www.copealcoy.es\/es\/#\/schema\/person\/e777c87fa024e57d40170af9df39882c"},"headline":"Los socialistas califican de insuficientes las inversiones del Estado en la comarca","datePublished":"2015-08-07T16:01:49+00:00","dateModified":"2015-08-11T09:28:28+00:00","mainEntityOfPage":{"@id":"https:\/\/www.copealcoy.es\/es\/los-socialistas-califican-de-insuficiente-las-inversiones-del-estado-en-la-comarca\/"},"wordCount":344,"commentCount":0,"image":{"@id":"https:\/\/www.copealcoy.es\/es\/los-socialistas-califican-de-insuficiente-las-inversiones-del-estado-en-la-comarca\/#primaryimage"},"thumbnailUrl":"https:\/\/www.copealcoy.es\/wp-content\/uploads\/2015\/08\/IMG_0826.jpg","keywords":["Alcoy","Comarcas","Presupuestos","socialistas"],"articleSection":["Alcoy","Noticias","Pol\u00edtica y Econom\u00eda"],"inLanguage":"es"},{"@type":"WebPage","@id":"https:\/\/www.copealcoy.es\/es\/los-socialistas-califican-de-insuficiente-las-inversiones-del-estado-en-la-comarca\/","url":"https:\/\/www.copealcoy.es\/es\/los-socialistas-califican-de-insuficiente-las-inversiones-del-estado-en-la-comarca\/","name":"Los socialistas califican de insuficientes las inversiones del Estado en la comarca - COPE Alcoy","isPartOf":{"@id":"https:\/\/www.copealcoy.es\/es\/#website"},"primaryImageOfPage":{"@id":"https:\/\/www.copealcoy.es\/es\/los-socialistas-califican-de-insuficiente-las-inversiones-del-estado-en-la-comarca\/#primaryimage"},"image":{"@id":"https:\/\/www.copealcoy.es\/es\/los-socialistas-califican-de-insuficiente-las-inversiones-del-estado-en-la-comarca\/#primaryimage"},"thumbnailUrl":"https:\/\/www.copealcoy.es\/wp-content\/uploads\/2015\/08\/IMG_0826.jpg","datePublished":"2015-08-07T16:01:49+00:00","dateModified":"2015-08-11T09:28:28+00:00","author":{"@id":"https:\/\/www.copealcoy.es\/es\/#\/schema\/person\/e777c87fa024e57d40170af9df39882c"},"breadcrumb":{"@id":"https:\/\/www.copealcoy.es\/es\/los-socialistas-califican-de-insuficiente-las-inversiones-del-estado-en-la-comarca\/#breadcrumb"},"inLanguage":"es","potentialAction":[{"@type":"ReadAction","target":["https:\/\/www.copealcoy.es\/es\/los-socialistas-califican-de-insuficiente-las-inversiones-del-estado-en-la-comarca\/"]}]},{"@type":"ImageObject","inLanguage":"es","@id":"https:\/\/www.copealcoy.es\/es\/los-socialistas-califican-de-insuficiente-las-inversiones-del-estado-en-la-comarca\/#primaryimage","url":"https:\/\/www.copealcoy.es\/wp-content\/uploads\/2015\/08\/IMG_0826.jpg","contentUrl":"https:\/\/www.copealcoy.es\/wp-content\/uploads\/2015\/08\/IMG_0826.jpg","width":1620,"height":1080,"caption":"Patricia Blanquer junto a Franc\u00e9s, Jaume Pascual y Rafa Briet"},{"@type":"BreadcrumbList","@id":"https:\/\/www.copealcoy.es\/es\/los-socialistas-califican-de-insuficiente-las-inversiones-del-estado-en-la-comarca\/#breadcrumb","itemListElement":[{"@type":"ListItem","position":1,"name":"Portada","item":"https:\/\/www.copealcoy.es\/es\/"},{"@type":"ListItem","position":2,"name":"Los socialistas califican de insuficientes las inversiones del Estado en la comarca"}]},{"@type":"WebSite","@id":"https:\/\/www.copealcoy.es\/es\/#website","url":"https:\/\/www.copealcoy.es\/es\/","name":"COPE Alcoy","description":"Emisora COPE de radio local con emisi\u00f3n online. Pont de Sant Jordi 8-10 03803 Alcoy","potentialAction":[{"@type":"SearchAction","target":{"@type":"EntryPoint","urlTemplate":"https:\/\/www.copealcoy.es\/es\/?s={search_term_string}"},"query-input":{"@type":"PropertyValueSpecification","valueRequired":true,"valueName":"search_term_string"}}],"inLanguage":"es"},{"@type":"Person","@id":"https:\/\/www.copealcoy.es\/es\/#\/schema\/person\/e777c87fa024e57d40170af9df39882c","name":"Cope Alcoy","image":{"@type":"ImageObject","inLanguage":"es","@id":"https:\/\/secure.gravatar.com\/avatar\/bb65d0283347e303893ba14f0692005417c1e0e690a325a4c5d8bb2b3943ee14?s=96&d=mm&r=g","url":"https:\/\/secure.gravatar.com\/avatar\/bb65d0283347e303893ba14f0692005417c1e0e690a325a4c5d8bb2b3943ee14?s=96&d=mm&r=g","contentUrl":"https:\/\/secure.gravatar.com\/avatar\/bb65d0283347e303893ba14f0692005417c1e0e690a325a4c5d8bb2b3943ee14?s=96&d=mm&r=g","caption":"Cope Alcoy"}}]}},"_links":{"self":[{"href":"https:\/\/www.copealcoy.es\/es\/wp-json\/wp\/v2\/posts\/14850","targetHints":{"allow":["GET"]}}],"collection":[{"href":"https:\/\/www.copealcoy.es\/es\/wp-json\/wp\/v2\/posts"}],"about":[{"href":"https:\/\/www.copealcoy.es\/es\/wp-json\/wp\/v2\/types\/post"}],"author":[{"embeddable":true,"href":"https:\/\/www.copealcoy.es\/es\/wp-json\/wp\/v2\/users\/1"}],"replies":[{"embeddable":true,"href":"https:\/\/www.copealcoy.es\/es\/wp-json\/wp\/v2\/comments?post=14850"}],"version-history":[{"count":0,"href":"https:\/\/www.copealcoy.es\/es\/wp-json\/wp\/v2\/posts\/14850\/revisions"}],"wp:featuredmedia":[{"embeddable":true,"href":"https:\/\/www.copealcoy.es\/es\/wp-json\/wp\/v2\/media\/14851"}],"wp:attachment":[{"href":"https:\/\/www.copealcoy.es\/es\/wp-json\/wp\/v2\/media?parent=14850"}],"wp:term":[{"taxonomy":"category","embeddable":true,"href":"https:\/\/www.copealcoy.es\/es\/wp-json\/wp\/v2\/categories?post=14850"},{"taxonomy":"post_tag","embeddable":true,"href":"https:\/\/www.copealcoy.es\/es\/wp-json\/wp\/v2\/tags?post=14850"}],"curies":[{"name":"wp","href":"https:\/\/api.w.org\/{rel}","templated":true}]}}