{"id":14845,"date":"2015-08-07T14:03:48","date_gmt":"2015-08-07T14:03:48","guid":{"rendered":"http:\/\/copealcoi.es\/new\/?p=14845"},"modified":"2015-08-07T14:03:48","modified_gmt":"2015-08-07T14:03:48","slug":"aumenta-el-numero-de-usuarios-de-las-piscinas-en-los-primeros-meses-de-verano","status":"publish","type":"post","link":"https:\/\/www.copealcoy.es\/es\/aumenta-el-numero-de-usuarios-de-las-piscinas-en-los-primeros-meses-de-verano\/","title":{"rendered":"Aumenta el n\u00famero de usuarios de las piscinas en los primeros meses de verano"},"content":{"rendered":"<p style=\"text-align: justify;\">Las piscinas municipales de Alcoy han aumentado sus usuarios durante los meses de julio y agosto y un total de 27.015 personas pasaron por las instalaciones durante este periodo de tiempo. Estos datos contrastan con las cifras del pasado a\u00f1o 2014 cuando durante toda la temporada se registraron 28.163 usuarios. Por piscinas destacar que han pasado 3022 personas por la de Batoy, 6344 en la de Caramanxel Juan Agudo Garat y 9279 en la Jos\u00e9 Trenzano.<\/p>\n<p style=\"text-align: justify;\">El edil de Deportes, Alberto Belda, ha destacado que las altas temperaturas de las \u00faltimas semanas han favorecido esta afluencia &#8220;ha hecho mucho calor y los alcoyanos recurren a las piscinas para refrescarse&#8221;, explica. Belda \u00a0ha recordado tambi\u00e9n que dentro de la campa\u00f1a <em>Viu l\u00b4 Estiu<\/em> este pr\u00f3ximo \u00a0lunes diez de agosto los usuarios mayores de 65 a\u00f1os tendr\u00e1n entrada gratis mientras que el d\u00eda 17 se desarrollar\u00e1n varias actividades\u00a0dedicadas a los m\u00e1s peque\u00f1os.<\/p>\n<p style=\"text-align: justify;\">\n","protected":false},"excerpt":{"rendered":"<p>Las piscinas municipales de Alcoy han aumentado sus usuarios durante los meses de julio y agosto y un total de&#8230;<\/p>\n","protected":false},"author":1,"featured_media":13899,"comment_status":"open","ping_status":"open","sticky":false,"template":"","format":"standard","meta":{"footnotes":""},"categories":[92,75],"tags":[1494,206,1133,1086,1149],"class_list":["post-14845","post","type-post","status-publish","format-standard","has-post-thumbnail","hentry","category-deportes","category-noticias","tag-alcoy","tag-aumento","tag-piscinas","tag-usuarios","tag-verano"],"yoast_head":"<!-- This site is optimized with the Yoast SEO plugin v27.3 - https:\/\/yoast.com\/product\/yoast-seo-wordpress\/ -->\n<title>Aumenta el n\u00famero de usuarios de las piscinas en los primeros meses de verano - COPE Alcoy<\/title>\n<meta name=\"robots\" content=\"index, follow, max-snippet:-1, max-image-preview:large, max-video-preview:-1\" \/>\n<link rel=\"canonical\" href=\"https:\/\/www.copealcoy.es\/es\/aumenta-el-numero-de-usuarios-de-las-piscinas-en-los-primeros-meses-de-verano\/\" \/>\n<meta property=\"og:locale\" content=\"es_ES\" \/>\n<meta property=\"og:type\" content=\"article\" \/>\n<meta property=\"og:title\" content=\"Aumenta el n\u00famero de usuarios de las piscinas en los primeros meses de verano - COPE Alcoy\" \/>\n<meta property=\"og:description\" content=\"Las piscinas municipales de Alcoy han aumentado sus usuarios durante los meses de julio y agosto y un total de...\" \/>\n<meta property=\"og:url\" content=\"https:\/\/www.copealcoy.es\/es\/aumenta-el-numero-de-usuarios-de-las-piscinas-en-los-primeros-meses-de-verano\/\" \/>\n<meta property=\"og:site_name\" content=\"COPE Alcoy\" \/>\n<meta property=\"article:published_time\" content=\"2015-08-07T14:03:48+00:00\" \/>\n<meta property=\"og:image\" content=\"https:\/\/www.copealcoy.es\/wp-content\/uploads\/2015\/06\/piscina_1.jpg\" \/>\n\t<meta property=\"og:image:width\" content=\"800\" \/>\n\t<meta property=\"og:image:height\" content=\"600\" \/>\n\t<meta property=\"og:image:type\" content=\"image\/jpeg\" \/>\n<meta name=\"author\" content=\"Cope Alcoy\" \/>\n<meta name=\"twitter:label1\" content=\"Escrito por\" \/>\n\t<meta name=\"twitter:data1\" content=\"Cope Alcoy\" \/>\n\t<meta name=\"twitter:label2\" content=\"Tiempo de lectura\" \/>\n\t<meta name=\"twitter:data2\" content=\"1 minuto\" \/>\n<script type=\"application\/ld+json\" class=\"yoast-schema-graph\">{\"@context\":\"https:\\\/\\\/schema.org\",\"@graph\":[{\"@type\":\"Article\",\"@id\":\"https:\\\/\\\/www.copealcoy.es\\\/es\\\/aumenta-el-numero-de-usuarios-de-las-piscinas-en-los-primeros-meses-de-verano\\\/#article\",\"isPartOf\":{\"@id\":\"https:\\\/\\\/www.copealcoy.es\\\/es\\\/aumenta-el-numero-de-usuarios-de-las-piscinas-en-los-primeros-meses-de-verano\\\/\"},\"author\":{\"name\":\"Cope Alcoy\",\"@id\":\"https:\\\/\\\/www.copealcoy.es\\\/es\\\/#\\\/schema\\\/person\\\/e777c87fa024e57d40170af9df39882c\"},\"headline\":\"Aumenta el n\u00famero de usuarios de las piscinas en los primeros meses de verano\",\"datePublished\":\"2015-08-07T14:03:48+00:00\",\"mainEntityOfPage\":{\"@id\":\"https:\\\/\\\/www.copealcoy.es\\\/es\\\/aumenta-el-numero-de-usuarios-de-las-piscinas-en-los-primeros-meses-de-verano\\\/\"},\"wordCount\":168,\"commentCount\":0,\"image\":{\"@id\":\"https:\\\/\\\/www.copealcoy.es\\\/es\\\/aumenta-el-numero-de-usuarios-de-las-piscinas-en-los-primeros-meses-de-verano\\\/#primaryimage\"},\"thumbnailUrl\":\"https:\\\/\\\/www.copealcoy.es\\\/wp-content\\\/uploads\\\/2015\\\/06\\\/piscina_1.jpg\",\"keywords\":[\"Alcoy\",\"Aumento\",\"piscinas\",\"usuarios\",\"Verano\"],\"articleSection\":[\"Deportes\",\"Noticias\"],\"inLanguage\":\"es\"},{\"@type\":\"WebPage\",\"@id\":\"https:\\\/\\\/www.copealcoy.es\\\/es\\\/aumenta-el-numero-de-usuarios-de-las-piscinas-en-los-primeros-meses-de-verano\\\/\",\"url\":\"https:\\\/\\\/www.copealcoy.es\\\/es\\\/aumenta-el-numero-de-usuarios-de-las-piscinas-en-los-primeros-meses-de-verano\\\/\",\"name\":\"Aumenta el n\u00famero de usuarios de las piscinas en los primeros meses de verano - COPE Alcoy\",\"isPartOf\":{\"@id\":\"https:\\\/\\\/www.copealcoy.es\\\/es\\\/#website\"},\"primaryImageOfPage\":{\"@id\":\"https:\\\/\\\/www.copealcoy.es\\\/es\\\/aumenta-el-numero-de-usuarios-de-las-piscinas-en-los-primeros-meses-de-verano\\\/#primaryimage\"},\"image\":{\"@id\":\"https:\\\/\\\/www.copealcoy.es\\\/es\\\/aumenta-el-numero-de-usuarios-de-las-piscinas-en-los-primeros-meses-de-verano\\\/#primaryimage\"},\"thumbnailUrl\":\"https:\\\/\\\/www.copealcoy.es\\\/wp-content\\\/uploads\\\/2015\\\/06\\\/piscina_1.jpg\",\"datePublished\":\"2015-08-07T14:03:48+00:00\",\"author\":{\"@id\":\"https:\\\/\\\/www.copealcoy.es\\\/es\\\/#\\\/schema\\\/person\\\/e777c87fa024e57d40170af9df39882c\"},\"breadcrumb\":{\"@id\":\"https:\\\/\\\/www.copealcoy.es\\\/es\\\/aumenta-el-numero-de-usuarios-de-las-piscinas-en-los-primeros-meses-de-verano\\\/#breadcrumb\"},\"inLanguage\":\"es\",\"potentialAction\":[{\"@type\":\"ReadAction\",\"target\":[\"https:\\\/\\\/www.copealcoy.es\\\/es\\\/aumenta-el-numero-de-usuarios-de-las-piscinas-en-los-primeros-meses-de-verano\\\/\"]}]},{\"@type\":\"ImageObject\",\"inLanguage\":\"es\",\"@id\":\"https:\\\/\\\/www.copealcoy.es\\\/es\\\/aumenta-el-numero-de-usuarios-de-las-piscinas-en-los-primeros-meses-de-verano\\\/#primaryimage\",\"url\":\"https:\\\/\\\/www.copealcoy.es\\\/wp-content\\\/uploads\\\/2015\\\/06\\\/piscina_1.jpg\",\"contentUrl\":\"https:\\\/\\\/www.copealcoy.es\\\/wp-content\\\/uploads\\\/2015\\\/06\\\/piscina_1.jpg\",\"width\":800,\"height\":600,\"caption\":\"Imagen de la piscina Jos\u00e9 Trenzano Al\u00f3s de Alcoy\"},{\"@type\":\"BreadcrumbList\",\"@id\":\"https:\\\/\\\/www.copealcoy.es\\\/es\\\/aumenta-el-numero-de-usuarios-de-las-piscinas-en-los-primeros-meses-de-verano\\\/#breadcrumb\",\"itemListElement\":[{\"@type\":\"ListItem\",\"position\":1,\"name\":\"Portada\",\"item\":\"https:\\\/\\\/www.copealcoy.es\\\/es\\\/\"},{\"@type\":\"ListItem\",\"position\":2,\"name\":\"Aumenta el n\u00famero de usuarios de las piscinas en los primeros meses de verano\"}]},{\"@type\":\"WebSite\",\"@id\":\"https:\\\/\\\/www.copealcoy.es\\\/es\\\/#website\",\"url\":\"https:\\\/\\\/www.copealcoy.es\\\/es\\\/\",\"name\":\"COPE Alcoy\",\"description\":\"Emisora COPE de radio local con emisi\u00f3n online. Pont de Sant Jordi 8-10 03803 Alcoy\",\"potentialAction\":[{\"@type\":\"SearchAction\",\"target\":{\"@type\":\"EntryPoint\",\"urlTemplate\":\"https:\\\/\\\/www.copealcoy.es\\\/es\\\/?s={search_term_string}\"},\"query-input\":{\"@type\":\"PropertyValueSpecification\",\"valueRequired\":true,\"valueName\":\"search_term_string\"}}],\"inLanguage\":\"es\"},{\"@type\":\"Person\",\"@id\":\"https:\\\/\\\/www.copealcoy.es\\\/es\\\/#\\\/schema\\\/person\\\/e777c87fa024e57d40170af9df39882c\",\"name\":\"Cope Alcoy\",\"image\":{\"@type\":\"ImageObject\",\"inLanguage\":\"es\",\"@id\":\"https:\\\/\\\/secure.gravatar.com\\\/avatar\\\/bb65d0283347e303893ba14f0692005417c1e0e690a325a4c5d8bb2b3943ee14?s=96&d=mm&r=g\",\"url\":\"https:\\\/\\\/secure.gravatar.com\\\/avatar\\\/bb65d0283347e303893ba14f0692005417c1e0e690a325a4c5d8bb2b3943ee14?s=96&d=mm&r=g\",\"contentUrl\":\"https:\\\/\\\/secure.gravatar.com\\\/avatar\\\/bb65d0283347e303893ba14f0692005417c1e0e690a325a4c5d8bb2b3943ee14?s=96&d=mm&r=g\",\"caption\":\"Cope Alcoy\"}}]}<\/script>\n<!-- \/ Yoast SEO plugin. -->","yoast_head_json":{"title":"Aumenta el n\u00famero de usuarios de las piscinas en los primeros meses de verano - COPE Alcoy","robots":{"index":"index","follow":"follow","max-snippet":"max-snippet:-1","max-image-preview":"max-image-preview:large","max-video-preview":"max-video-preview:-1"},"canonical":"https:\/\/www.copealcoy.es\/es\/aumenta-el-numero-de-usuarios-de-las-piscinas-en-los-primeros-meses-de-verano\/","og_locale":"es_ES","og_type":"article","og_title":"Aumenta el n\u00famero de usuarios de las piscinas en los primeros meses de verano - COPE Alcoy","og_description":"Las piscinas municipales de Alcoy han aumentado sus usuarios durante los meses de julio y agosto y un total de...","og_url":"https:\/\/www.copealcoy.es\/es\/aumenta-el-numero-de-usuarios-de-las-piscinas-en-los-primeros-meses-de-verano\/","og_site_name":"COPE Alcoy","article_published_time":"2015-08-07T14:03:48+00:00","og_image":[{"width":800,"height":600,"url":"https:\/\/www.copealcoy.es\/wp-content\/uploads\/2015\/06\/piscina_1.jpg","type":"image\/jpeg"}],"author":"Cope Alcoy","twitter_misc":{"Escrito por":"Cope Alcoy","Tiempo de lectura":"1 minuto"},"schema":{"@context":"https:\/\/schema.org","@graph":[{"@type":"Article","@id":"https:\/\/www.copealcoy.es\/es\/aumenta-el-numero-de-usuarios-de-las-piscinas-en-los-primeros-meses-de-verano\/#article","isPartOf":{"@id":"https:\/\/www.copealcoy.es\/es\/aumenta-el-numero-de-usuarios-de-las-piscinas-en-los-primeros-meses-de-verano\/"},"author":{"name":"Cope Alcoy","@id":"https:\/\/www.copealcoy.es\/es\/#\/schema\/person\/e777c87fa024e57d40170af9df39882c"},"headline":"Aumenta el n\u00famero de usuarios de las piscinas en los primeros meses de verano","datePublished":"2015-08-07T14:03:48+00:00","mainEntityOfPage":{"@id":"https:\/\/www.copealcoy.es\/es\/aumenta-el-numero-de-usuarios-de-las-piscinas-en-los-primeros-meses-de-verano\/"},"wordCount":168,"commentCount":0,"image":{"@id":"https:\/\/www.copealcoy.es\/es\/aumenta-el-numero-de-usuarios-de-las-piscinas-en-los-primeros-meses-de-verano\/#primaryimage"},"thumbnailUrl":"https:\/\/www.copealcoy.es\/wp-content\/uploads\/2015\/06\/piscina_1.jpg","keywords":["Alcoy","Aumento","piscinas","usuarios","Verano"],"articleSection":["Deportes","Noticias"],"inLanguage":"es"},{"@type":"WebPage","@id":"https:\/\/www.copealcoy.es\/es\/aumenta-el-numero-de-usuarios-de-las-piscinas-en-los-primeros-meses-de-verano\/","url":"https:\/\/www.copealcoy.es\/es\/aumenta-el-numero-de-usuarios-de-las-piscinas-en-los-primeros-meses-de-verano\/","name":"Aumenta el n\u00famero de usuarios de las piscinas en los primeros meses de verano - COPE Alcoy","isPartOf":{"@id":"https:\/\/www.copealcoy.es\/es\/#website"},"primaryImageOfPage":{"@id":"https:\/\/www.copealcoy.es\/es\/aumenta-el-numero-de-usuarios-de-las-piscinas-en-los-primeros-meses-de-verano\/#primaryimage"},"image":{"@id":"https:\/\/www.copealcoy.es\/es\/aumenta-el-numero-de-usuarios-de-las-piscinas-en-los-primeros-meses-de-verano\/#primaryimage"},"thumbnailUrl":"https:\/\/www.copealcoy.es\/wp-content\/uploads\/2015\/06\/piscina_1.jpg","datePublished":"2015-08-07T14:03:48+00:00","author":{"@id":"https:\/\/www.copealcoy.es\/es\/#\/schema\/person\/e777c87fa024e57d40170af9df39882c"},"breadcrumb":{"@id":"https:\/\/www.copealcoy.es\/es\/aumenta-el-numero-de-usuarios-de-las-piscinas-en-los-primeros-meses-de-verano\/#breadcrumb"},"inLanguage":"es","potentialAction":[{"@type":"ReadAction","target":["https:\/\/www.copealcoy.es\/es\/aumenta-el-numero-de-usuarios-de-las-piscinas-en-los-primeros-meses-de-verano\/"]}]},{"@type":"ImageObject","inLanguage":"es","@id":"https:\/\/www.copealcoy.es\/es\/aumenta-el-numero-de-usuarios-de-las-piscinas-en-los-primeros-meses-de-verano\/#primaryimage","url":"https:\/\/www.copealcoy.es\/wp-content\/uploads\/2015\/06\/piscina_1.jpg","contentUrl":"https:\/\/www.copealcoy.es\/wp-content\/uploads\/2015\/06\/piscina_1.jpg","width":800,"height":600,"caption":"Imagen de la piscina Jos\u00e9 Trenzano Al\u00f3s de Alcoy"},{"@type":"BreadcrumbList","@id":"https:\/\/www.copealcoy.es\/es\/aumenta-el-numero-de-usuarios-de-las-piscinas-en-los-primeros-meses-de-verano\/#breadcrumb","itemListElement":[{"@type":"ListItem","position":1,"name":"Portada","item":"https:\/\/www.copealcoy.es\/es\/"},{"@type":"ListItem","position":2,"name":"Aumenta el n\u00famero de usuarios de las piscinas en los primeros meses de verano"}]},{"@type":"WebSite","@id":"https:\/\/www.copealcoy.es\/es\/#website","url":"https:\/\/www.copealcoy.es\/es\/","name":"COPE Alcoy","description":"Emisora COPE de radio local con emisi\u00f3n online. Pont de Sant Jordi 8-10 03803 Alcoy","potentialAction":[{"@type":"SearchAction","target":{"@type":"EntryPoint","urlTemplate":"https:\/\/www.copealcoy.es\/es\/?s={search_term_string}"},"query-input":{"@type":"PropertyValueSpecification","valueRequired":true,"valueName":"search_term_string"}}],"inLanguage":"es"},{"@type":"Person","@id":"https:\/\/www.copealcoy.es\/es\/#\/schema\/person\/e777c87fa024e57d40170af9df39882c","name":"Cope Alcoy","image":{"@type":"ImageObject","inLanguage":"es","@id":"https:\/\/secure.gravatar.com\/avatar\/bb65d0283347e303893ba14f0692005417c1e0e690a325a4c5d8bb2b3943ee14?s=96&d=mm&r=g","url":"https:\/\/secure.gravatar.com\/avatar\/bb65d0283347e303893ba14f0692005417c1e0e690a325a4c5d8bb2b3943ee14?s=96&d=mm&r=g","contentUrl":"https:\/\/secure.gravatar.com\/avatar\/bb65d0283347e303893ba14f0692005417c1e0e690a325a4c5d8bb2b3943ee14?s=96&d=mm&r=g","caption":"Cope Alcoy"}}]}},"_links":{"self":[{"href":"https:\/\/www.copealcoy.es\/es\/wp-json\/wp\/v2\/posts\/14845","targetHints":{"allow":["GET"]}}],"collection":[{"href":"https:\/\/www.copealcoy.es\/es\/wp-json\/wp\/v2\/posts"}],"about":[{"href":"https:\/\/www.copealcoy.es\/es\/wp-json\/wp\/v2\/types\/post"}],"author":[{"embeddable":true,"href":"https:\/\/www.copealcoy.es\/es\/wp-json\/wp\/v2\/users\/1"}],"replies":[{"embeddable":true,"href":"https:\/\/www.copealcoy.es\/es\/wp-json\/wp\/v2\/comments?post=14845"}],"version-history":[{"count":0,"href":"https:\/\/www.copealcoy.es\/es\/wp-json\/wp\/v2\/posts\/14845\/revisions"}],"wp:featuredmedia":[{"embeddable":true,"href":"https:\/\/www.copealcoy.es\/es\/wp-json\/wp\/v2\/media\/13899"}],"wp:attachment":[{"href":"https:\/\/www.copealcoy.es\/es\/wp-json\/wp\/v2\/media?parent=14845"}],"wp:term":[{"taxonomy":"category","embeddable":true,"href":"https:\/\/www.copealcoy.es\/es\/wp-json\/wp\/v2\/categories?post=14845"},{"taxonomy":"post_tag","embeddable":true,"href":"https:\/\/www.copealcoy.es\/es\/wp-json\/wp\/v2\/tags?post=14845"}],"curies":[{"name":"wp","href":"https:\/\/api.w.org\/{rel}","templated":true}]}}