{"id":148311,"date":"2025-02-28T07:30:43","date_gmt":"2025-02-28T06:30:43","guid":{"rendered":"https:\/\/www.copealcoy.es\/?p=148311"},"modified":"2025-02-28T21:17:40","modified_gmt":"2025-02-28T20:17:40","slug":"informativo-matinal-viernes-28-de-febrero-2025-0750h","status":"publish","type":"post","link":"https:\/\/www.copealcoy.es\/es\/informativo-matinal-viernes-28-de-febrero-2025-0750h\/","title":{"rendered":"Informativo matinal viernes 28 de febrero 2025 (07:50h)"},"content":{"rendered":"<p><iframe loading=\"lazy\" title=\"Informativo Matinal Viernes 28 De Febrero 2025 (07:50h)\" width=\"100%\" height=\"120\" src=\"https:\/\/www.mixcloud.com\/widget\/iframe\/?feed=https%3A%2F%2Fwww.mixcloud.com%2FCOPEAlcoy%2Finformativo-matinal-viernes-28-de-febrero-2025-0750h%2F&amp;hide_cover=1\" frameborder=\"0\"><\/iframe><\/p>\n<p style=\"text-align: justify;\">Hoy viernes hemos destacado que <strong>nuestras comarcas se preparan para el fin de semana de Carnaval<\/strong> mirando al cielo ya que <strong>la previsi\u00f3n apunta a lluvias<\/strong>. Tambi\u00e9n nos hemos centrado en <strong>los Premios de la C\u00e1mara de Comercio de Alcoy<\/strong>, cita que tuvo lugar ayer.<\/p>\n<div class=\"entry-content-wrapper clearfix\">\n<div class=\"entry-content clearfix\">\n<p style=\"text-align: justify;\">El pasado jueves, el Parque Empresarial de Rodes fue el escenario de\u00a0<span style=\"color: #0000ff;\"><a style=\"color: #0000ff;\" href=\"https:\/\/www.camaraalcoy.net\/\" target=\"_blank\" rel=\"noopener\"><strong>la gala de los Premios de la C\u00e1mara de Comercio, Industria, Turismo y Servicios de Alcoy<\/strong><\/a><\/span>, un evento que celebr\u00f3 y reconoci\u00f3 la labor de diversas empresas locales que contribuyen al desarrollo econ\u00f3mico y social de la ciudad. Las galardonadas fueron en esta ocasi\u00f3n:\u00a0<strong>LOSDI<\/strong>, que recibi\u00f3 el Premio Trayectoria;\u00a0<strong>SERIPAFER<\/strong>, galardonada con el Premio Industria;\u00a0<strong>MERCAT DE SANT ROC<\/strong>\u00a0y\u00a0<strong>ACCESEO<\/strong>, que compartieron el Premio a los Servicios y Comercio; y\u00a0<strong>HELIGRAFICS<\/strong>, que se llev\u00f3 el Premio a la Internacionalizaci\u00f3n.<\/p>\n<p style=\"text-align: justify;\">La ceremonia cont\u00f3\u00a0<strong>con la presencia de la consellera de Innovaci\u00f3n, Industria, Turismo y Comercio\u00a0<\/strong>de la Generalitat Valenciana,\u00a0<strong>Mari\u00e1n Cano<\/strong>; la presidenta de la C\u00e1mara de Comercio de Alcoy,\u00a0<strong>Luc\u00eda Pascual<\/strong>; y el alcalde de Alcoy\u00a0<strong>Toni Franc\u00e9s<\/strong>. Tambi\u00e9n\u00a0<strong>asistieron<\/strong>\u00a0secretarios auton\u00f3micos, diputados, miembros de la corporaci\u00f3n municipal y representantes de las C\u00e1maras de Alicante, Orihuela y Castell\u00f3n.<\/p>\n<p style=\"text-align: justify;\"><strong>Carlos Sempere Borja<\/strong>, director general de LOSDI, agradeci\u00f3 en nombre de todos los premiados el reconocimiento otorgado por la C\u00e1mara. En su discurso,<strong>\u00a0enfatiz\u00f3 el papel crucial que desempe\u00f1an las empresas<\/strong>\u00a0como motores econ\u00f3micos y generadoras de empleo en la sociedad. \u201c<em>Las empresas desarrollan iniciativas que rozan lo imposible. Somos el motor que mueve la ciudad<\/em>\u00ab, afirm\u00f3 Sempere.<\/p>\n<p style=\"text-align: justify;\">Por su parte,\u00a0<strong>Luc\u00eda Pascual<\/strong>\u00a0destac\u00f3 en su intervenci\u00f3n\u00a0<strong>el impresionante potencial mostrado por las empresas ganadoras<\/strong>. Resalt\u00f3 que muchas est\u00e1n dirigidas por j\u00f3venes emprendedores y abarcan sectores diversos. Adem\u00e1s,\u00a0<strong>hizo un balance muy positivo<\/strong>\u00a0sobre las actividades realizadas por la C\u00e1mara en el \u00faltimo a\u00f1o para apoyar a las empresas en su internacionalizaci\u00f3n y formaci\u00f3n digital. Pascual tambi\u00e9n aprovech\u00f3 para reclamar a las administraciones\u00a0<strong>una mayor celeridad en resolver asuntos cr\u00edticos<\/strong>\u00a0que afectan al sector empresarial local. Entre ellos se encuentran la necesidad urgente de suelo industrial de calidad y mejoras en las conexiones ferroviarias como el tren Alcoi-X\u00e0tiva. \u201c<em>Son demasiados a\u00f1os d\u00e1ndole vueltas al mismo asunto sin que nada avance<\/em>\u201d, lament\u00f3.<\/p>\n<p style=\"text-align: justify;\">Por su parte el Ayuntamiento de Alcoy,\u00a0<strong>a trav\u00e9s del mismo alcalde Toni Franc\u00e9s<\/strong>, defendi\u00f3 la necesidad del trabajo conjunto entre administraciones para el desarrollo inmediato de suelo industrial en el t\u00e9rmino municipal de la ciudad. Tambi\u00e9n la consellera puso sobre la mesa el compromiso del Consell en este asunto\u00a0<em>\u00abnos vamos a sentar todos los agentes implicados, junto a la Conselleria de Infraestructuras, y en breve vamos a tener noticias al respecto<\/em>\u00ab, coment\u00f3 Cano.<\/p>\n<p style=\"text-align: justify;\">Los premios\u00a0<strong>fueron organizados<\/strong> por la C\u00e1mara de Alcoy, con el apoyo del Ayuntamiento, y el respaldo econ\u00f3mico de la Federaci\u00f3n de Empresas de l\u2019Alcoi\u00e0-Comtat (FEDAC) y Caixa Popular. Un vino de honor puso el punto y final a este acto consolidado ya como una aut\u00e9ntica Noche de la Econom\u00eda de nuestra zona.<\/p>\n<\/div>\n<\/div>\n","protected":false},"excerpt":{"rendered":"<p>Hoy viernes hemos destacado que nuestras comarcas se preparan para el fin de semana de Carnaval mirando al cielo ya&#8230;<\/p>\n","protected":false},"author":1,"featured_media":147669,"comment_status":"open","ping_status":"open","sticky":false,"template":"","format":"standard","meta":{"footnotes":""},"categories":[6909,89,91,75],"tags":[],"class_list":["post-148311","post","type-post","status-publish","format-standard","has-post-thumbnail","hentry","category-actualidad","category-audiosdelosprogramas","category-informativos","category-noticias"],"yoast_head":"<!-- This site is optimized with the Yoast SEO plugin v27.3 - https:\/\/yoast.com\/product\/yoast-seo-wordpress\/ -->\n<title>Informativo matinal viernes 28 de febrero 2025 (07:50h) - COPE Alcoy<\/title>\n<meta name=\"robots\" content=\"index, follow, max-snippet:-1, max-image-preview:large, max-video-preview:-1\" \/>\n<link rel=\"canonical\" href=\"https:\/\/www.copealcoy.es\/es\/informativo-matinal-viernes-28-de-febrero-2025-0750h\/\" \/>\n<meta property=\"og:locale\" content=\"es_ES\" \/>\n<meta property=\"og:type\" content=\"article\" \/>\n<meta property=\"og:title\" content=\"Informativo matinal viernes 28 de febrero 2025 (07:50h) - COPE Alcoy\" \/>\n<meta property=\"og:description\" content=\"Hoy viernes hemos destacado que nuestras comarcas se preparan para el fin de semana de Carnaval mirando al cielo ya...\" \/>\n<meta property=\"og:url\" content=\"https:\/\/www.copealcoy.es\/es\/informativo-matinal-viernes-28-de-febrero-2025-0750h\/\" \/>\n<meta property=\"og:site_name\" content=\"COPE Alcoy\" \/>\n<meta property=\"article:published_time\" content=\"2025-02-28T06:30:43+00:00\" \/>\n<meta property=\"article:modified_time\" content=\"2025-02-28T20:17:40+00:00\" \/>\n<meta property=\"og:image\" content=\"https:\/\/www.copealcoy.es\/wp-content\/uploads\/2025\/02\/Informativo-Matinal-Castellano.png\" \/>\n\t<meta property=\"og:image:width\" content=\"357\" \/>\n\t<meta property=\"og:image:height\" content=\"290\" \/>\n\t<meta property=\"og:image:type\" content=\"image\/png\" \/>\n<meta name=\"author\" content=\"Cope Alcoy\" \/>\n<meta name=\"twitter:label1\" content=\"Escrito por\" \/>\n\t<meta name=\"twitter:data1\" content=\"Cope Alcoy\" \/>\n\t<meta name=\"twitter:label2\" content=\"Tiempo de lectura\" \/>\n\t<meta name=\"twitter:data2\" content=\"3 minutos\" \/>\n<script type=\"application\/ld+json\" class=\"yoast-schema-graph\">{\"@context\":\"https:\\\/\\\/schema.org\",\"@graph\":[{\"@type\":\"Article\",\"@id\":\"https:\\\/\\\/www.copealcoy.es\\\/es\\\/informativo-matinal-viernes-28-de-febrero-2025-0750h\\\/#article\",\"isPartOf\":{\"@id\":\"https:\\\/\\\/www.copealcoy.es\\\/es\\\/informativo-matinal-viernes-28-de-febrero-2025-0750h\\\/\"},\"author\":{\"name\":\"Cope Alcoy\",\"@id\":\"https:\\\/\\\/www.copealcoy.es\\\/es\\\/#\\\/schema\\\/person\\\/e777c87fa024e57d40170af9df39882c\"},\"headline\":\"Informativo matinal viernes 28 de febrero 2025 (07:50h)\",\"datePublished\":\"2025-02-28T06:30:43+00:00\",\"dateModified\":\"2025-02-28T20:17:40+00:00\",\"mainEntityOfPage\":{\"@id\":\"https:\\\/\\\/www.copealcoy.es\\\/es\\\/informativo-matinal-viernes-28-de-febrero-2025-0750h\\\/\"},\"wordCount\":556,\"commentCount\":0,\"image\":{\"@id\":\"https:\\\/\\\/www.copealcoy.es\\\/es\\\/informativo-matinal-viernes-28-de-febrero-2025-0750h\\\/#primaryimage\"},\"thumbnailUrl\":\"https:\\\/\\\/www.copealcoy.es\\\/wp-content\\\/uploads\\\/2025\\\/02\\\/Informativo-Matinal-Castellano.png\",\"articleSection\":[\"Actualidad\",\"Audios de los programas\",\"Informativos\",\"Noticias\"],\"inLanguage\":\"es\"},{\"@type\":\"WebPage\",\"@id\":\"https:\\\/\\\/www.copealcoy.es\\\/es\\\/informativo-matinal-viernes-28-de-febrero-2025-0750h\\\/\",\"url\":\"https:\\\/\\\/www.copealcoy.es\\\/es\\\/informativo-matinal-viernes-28-de-febrero-2025-0750h\\\/\",\"name\":\"Informativo matinal viernes 28 de febrero 2025 (07:50h) - COPE Alcoy\",\"isPartOf\":{\"@id\":\"https:\\\/\\\/www.copealcoy.es\\\/es\\\/#website\"},\"primaryImageOfPage\":{\"@id\":\"https:\\\/\\\/www.copealcoy.es\\\/es\\\/informativo-matinal-viernes-28-de-febrero-2025-0750h\\\/#primaryimage\"},\"image\":{\"@id\":\"https:\\\/\\\/www.copealcoy.es\\\/es\\\/informativo-matinal-viernes-28-de-febrero-2025-0750h\\\/#primaryimage\"},\"thumbnailUrl\":\"https:\\\/\\\/www.copealcoy.es\\\/wp-content\\\/uploads\\\/2025\\\/02\\\/Informativo-Matinal-Castellano.png\",\"datePublished\":\"2025-02-28T06:30:43+00:00\",\"dateModified\":\"2025-02-28T20:17:40+00:00\",\"author\":{\"@id\":\"https:\\\/\\\/www.copealcoy.es\\\/es\\\/#\\\/schema\\\/person\\\/e777c87fa024e57d40170af9df39882c\"},\"breadcrumb\":{\"@id\":\"https:\\\/\\\/www.copealcoy.es\\\/es\\\/informativo-matinal-viernes-28-de-febrero-2025-0750h\\\/#breadcrumb\"},\"inLanguage\":\"es\",\"potentialAction\":[{\"@type\":\"ReadAction\",\"target\":[\"https:\\\/\\\/www.copealcoy.es\\\/es\\\/informativo-matinal-viernes-28-de-febrero-2025-0750h\\\/\"]}]},{\"@type\":\"ImageObject\",\"inLanguage\":\"es\",\"@id\":\"https:\\\/\\\/www.copealcoy.es\\\/es\\\/informativo-matinal-viernes-28-de-febrero-2025-0750h\\\/#primaryimage\",\"url\":\"https:\\\/\\\/www.copealcoy.es\\\/wp-content\\\/uploads\\\/2025\\\/02\\\/Informativo-Matinal-Castellano.png\",\"contentUrl\":\"https:\\\/\\\/www.copealcoy.es\\\/wp-content\\\/uploads\\\/2025\\\/02\\\/Informativo-Matinal-Castellano.png\",\"width\":357,\"height\":290},{\"@type\":\"BreadcrumbList\",\"@id\":\"https:\\\/\\\/www.copealcoy.es\\\/es\\\/informativo-matinal-viernes-28-de-febrero-2025-0750h\\\/#breadcrumb\",\"itemListElement\":[{\"@type\":\"ListItem\",\"position\":1,\"name\":\"Portada\",\"item\":\"https:\\\/\\\/www.copealcoy.es\\\/es\\\/\"},{\"@type\":\"ListItem\",\"position\":2,\"name\":\"Informativo matinal viernes 28 de febrero 2025 (07:50h)\"}]},{\"@type\":\"WebSite\",\"@id\":\"https:\\\/\\\/www.copealcoy.es\\\/es\\\/#website\",\"url\":\"https:\\\/\\\/www.copealcoy.es\\\/es\\\/\",\"name\":\"COPE Alcoy\",\"description\":\"Emisora COPE de radio local con emisi\u00f3n online. Pont de Sant Jordi 8-10 03803 Alcoy\",\"potentialAction\":[{\"@type\":\"SearchAction\",\"target\":{\"@type\":\"EntryPoint\",\"urlTemplate\":\"https:\\\/\\\/www.copealcoy.es\\\/es\\\/?s={search_term_string}\"},\"query-input\":{\"@type\":\"PropertyValueSpecification\",\"valueRequired\":true,\"valueName\":\"search_term_string\"}}],\"inLanguage\":\"es\"},{\"@type\":\"Person\",\"@id\":\"https:\\\/\\\/www.copealcoy.es\\\/es\\\/#\\\/schema\\\/person\\\/e777c87fa024e57d40170af9df39882c\",\"name\":\"Cope Alcoy\",\"image\":{\"@type\":\"ImageObject\",\"inLanguage\":\"es\",\"@id\":\"https:\\\/\\\/secure.gravatar.com\\\/avatar\\\/bb65d0283347e303893ba14f0692005417c1e0e690a325a4c5d8bb2b3943ee14?s=96&d=mm&r=g\",\"url\":\"https:\\\/\\\/secure.gravatar.com\\\/avatar\\\/bb65d0283347e303893ba14f0692005417c1e0e690a325a4c5d8bb2b3943ee14?s=96&d=mm&r=g\",\"contentUrl\":\"https:\\\/\\\/secure.gravatar.com\\\/avatar\\\/bb65d0283347e303893ba14f0692005417c1e0e690a325a4c5d8bb2b3943ee14?s=96&d=mm&r=g\",\"caption\":\"Cope Alcoy\"}}]}<\/script>\n<!-- \/ Yoast SEO plugin. -->","yoast_head_json":{"title":"Informativo matinal viernes 28 de febrero 2025 (07:50h) - COPE Alcoy","robots":{"index":"index","follow":"follow","max-snippet":"max-snippet:-1","max-image-preview":"max-image-preview:large","max-video-preview":"max-video-preview:-1"},"canonical":"https:\/\/www.copealcoy.es\/es\/informativo-matinal-viernes-28-de-febrero-2025-0750h\/","og_locale":"es_ES","og_type":"article","og_title":"Informativo matinal viernes 28 de febrero 2025 (07:50h) - COPE Alcoy","og_description":"Hoy viernes hemos destacado que nuestras comarcas se preparan para el fin de semana de Carnaval mirando al cielo ya...","og_url":"https:\/\/www.copealcoy.es\/es\/informativo-matinal-viernes-28-de-febrero-2025-0750h\/","og_site_name":"COPE Alcoy","article_published_time":"2025-02-28T06:30:43+00:00","article_modified_time":"2025-02-28T20:17:40+00:00","og_image":[{"width":357,"height":290,"url":"https:\/\/www.copealcoy.es\/wp-content\/uploads\/2025\/02\/Informativo-Matinal-Castellano.png","type":"image\/png"}],"author":"Cope Alcoy","twitter_misc":{"Escrito por":"Cope Alcoy","Tiempo de lectura":"3 minutos"},"schema":{"@context":"https:\/\/schema.org","@graph":[{"@type":"Article","@id":"https:\/\/www.copealcoy.es\/es\/informativo-matinal-viernes-28-de-febrero-2025-0750h\/#article","isPartOf":{"@id":"https:\/\/www.copealcoy.es\/es\/informativo-matinal-viernes-28-de-febrero-2025-0750h\/"},"author":{"name":"Cope Alcoy","@id":"https:\/\/www.copealcoy.es\/es\/#\/schema\/person\/e777c87fa024e57d40170af9df39882c"},"headline":"Informativo matinal viernes 28 de febrero 2025 (07:50h)","datePublished":"2025-02-28T06:30:43+00:00","dateModified":"2025-02-28T20:17:40+00:00","mainEntityOfPage":{"@id":"https:\/\/www.copealcoy.es\/es\/informativo-matinal-viernes-28-de-febrero-2025-0750h\/"},"wordCount":556,"commentCount":0,"image":{"@id":"https:\/\/www.copealcoy.es\/es\/informativo-matinal-viernes-28-de-febrero-2025-0750h\/#primaryimage"},"thumbnailUrl":"https:\/\/www.copealcoy.es\/wp-content\/uploads\/2025\/02\/Informativo-Matinal-Castellano.png","articleSection":["Actualidad","Audios de los programas","Informativos","Noticias"],"inLanguage":"es"},{"@type":"WebPage","@id":"https:\/\/www.copealcoy.es\/es\/informativo-matinal-viernes-28-de-febrero-2025-0750h\/","url":"https:\/\/www.copealcoy.es\/es\/informativo-matinal-viernes-28-de-febrero-2025-0750h\/","name":"Informativo matinal viernes 28 de febrero 2025 (07:50h) - COPE Alcoy","isPartOf":{"@id":"https:\/\/www.copealcoy.es\/es\/#website"},"primaryImageOfPage":{"@id":"https:\/\/www.copealcoy.es\/es\/informativo-matinal-viernes-28-de-febrero-2025-0750h\/#primaryimage"},"image":{"@id":"https:\/\/www.copealcoy.es\/es\/informativo-matinal-viernes-28-de-febrero-2025-0750h\/#primaryimage"},"thumbnailUrl":"https:\/\/www.copealcoy.es\/wp-content\/uploads\/2025\/02\/Informativo-Matinal-Castellano.png","datePublished":"2025-02-28T06:30:43+00:00","dateModified":"2025-02-28T20:17:40+00:00","author":{"@id":"https:\/\/www.copealcoy.es\/es\/#\/schema\/person\/e777c87fa024e57d40170af9df39882c"},"breadcrumb":{"@id":"https:\/\/www.copealcoy.es\/es\/informativo-matinal-viernes-28-de-febrero-2025-0750h\/#breadcrumb"},"inLanguage":"es","potentialAction":[{"@type":"ReadAction","target":["https:\/\/www.copealcoy.es\/es\/informativo-matinal-viernes-28-de-febrero-2025-0750h\/"]}]},{"@type":"ImageObject","inLanguage":"es","@id":"https:\/\/www.copealcoy.es\/es\/informativo-matinal-viernes-28-de-febrero-2025-0750h\/#primaryimage","url":"https:\/\/www.copealcoy.es\/wp-content\/uploads\/2025\/02\/Informativo-Matinal-Castellano.png","contentUrl":"https:\/\/www.copealcoy.es\/wp-content\/uploads\/2025\/02\/Informativo-Matinal-Castellano.png","width":357,"height":290},{"@type":"BreadcrumbList","@id":"https:\/\/www.copealcoy.es\/es\/informativo-matinal-viernes-28-de-febrero-2025-0750h\/#breadcrumb","itemListElement":[{"@type":"ListItem","position":1,"name":"Portada","item":"https:\/\/www.copealcoy.es\/es\/"},{"@type":"ListItem","position":2,"name":"Informativo matinal viernes 28 de febrero 2025 (07:50h)"}]},{"@type":"WebSite","@id":"https:\/\/www.copealcoy.es\/es\/#website","url":"https:\/\/www.copealcoy.es\/es\/","name":"COPE Alcoy","description":"Emisora COPE de radio local con emisi\u00f3n online. Pont de Sant Jordi 8-10 03803 Alcoy","potentialAction":[{"@type":"SearchAction","target":{"@type":"EntryPoint","urlTemplate":"https:\/\/www.copealcoy.es\/es\/?s={search_term_string}"},"query-input":{"@type":"PropertyValueSpecification","valueRequired":true,"valueName":"search_term_string"}}],"inLanguage":"es"},{"@type":"Person","@id":"https:\/\/www.copealcoy.es\/es\/#\/schema\/person\/e777c87fa024e57d40170af9df39882c","name":"Cope Alcoy","image":{"@type":"ImageObject","inLanguage":"es","@id":"https:\/\/secure.gravatar.com\/avatar\/bb65d0283347e303893ba14f0692005417c1e0e690a325a4c5d8bb2b3943ee14?s=96&d=mm&r=g","url":"https:\/\/secure.gravatar.com\/avatar\/bb65d0283347e303893ba14f0692005417c1e0e690a325a4c5d8bb2b3943ee14?s=96&d=mm&r=g","contentUrl":"https:\/\/secure.gravatar.com\/avatar\/bb65d0283347e303893ba14f0692005417c1e0e690a325a4c5d8bb2b3943ee14?s=96&d=mm&r=g","caption":"Cope Alcoy"}}]}},"_links":{"self":[{"href":"https:\/\/www.copealcoy.es\/es\/wp-json\/wp\/v2\/posts\/148311","targetHints":{"allow":["GET"]}}],"collection":[{"href":"https:\/\/www.copealcoy.es\/es\/wp-json\/wp\/v2\/posts"}],"about":[{"href":"https:\/\/www.copealcoy.es\/es\/wp-json\/wp\/v2\/types\/post"}],"author":[{"embeddable":true,"href":"https:\/\/www.copealcoy.es\/es\/wp-json\/wp\/v2\/users\/1"}],"replies":[{"embeddable":true,"href":"https:\/\/www.copealcoy.es\/es\/wp-json\/wp\/v2\/comments?post=148311"}],"version-history":[{"count":0,"href":"https:\/\/www.copealcoy.es\/es\/wp-json\/wp\/v2\/posts\/148311\/revisions"}],"wp:featuredmedia":[{"embeddable":true,"href":"https:\/\/www.copealcoy.es\/es\/wp-json\/wp\/v2\/media\/147669"}],"wp:attachment":[{"href":"https:\/\/www.copealcoy.es\/es\/wp-json\/wp\/v2\/media?parent=148311"}],"wp:term":[{"taxonomy":"category","embeddable":true,"href":"https:\/\/www.copealcoy.es\/es\/wp-json\/wp\/v2\/categories?post=148311"},{"taxonomy":"post_tag","embeddable":true,"href":"https:\/\/www.copealcoy.es\/es\/wp-json\/wp\/v2\/tags?post=148311"}],"curies":[{"name":"wp","href":"https:\/\/api.w.org\/{rel}","templated":true}]}}