{"id":148294,"date":"2025-03-03T08:00:57","date_gmt":"2025-03-03T07:00:57","guid":{"rendered":"https:\/\/www.copealcoy.es\/?p=148294"},"modified":"2025-03-03T14:13:17","modified_gmt":"2025-03-03T13:13:17","slug":"en-marcha-el-sistema-de-camaras-que-monitoriza-plazas-de-aparcamiento-en-varios-puntos-de-alcoy","status":"publish","type":"post","link":"https:\/\/www.copealcoy.es\/es\/en-marcha-el-sistema-de-camaras-que-monitoriza-plazas-de-aparcamiento-en-varios-puntos-de-alcoy\/","title":{"rendered":"En marcha el sistema de c\u00e1maras que monitoriza  plazas de aparcamiento en varios puntos de Alcoy"},"content":{"rendered":"<p style=\"text-align: justify;\">El <a href=\"https:\/\/www.alcoi.org\/ca\/portal\/index.html\" target=\"_blank\" rel=\"noopener\"><strong><span style=\"color: #0000ff;\">Ayuntamiento de Alcoy<\/span> <\/strong><\/a>ha puesto en marcha <strong>un innovador sistema de control y gesti\u00f3n de aparcamientos p\u00fablicos disuasorios<\/strong> que utiliza c\u00e1maras con inteligencia artificial para monitorizar la ocupaci\u00f3n de 382 plazas. Este sistema <strong>abarca seis zonas clave de estacionamiento<\/strong> en la ciudad: <strong>La Riba, Sant Antoni, Verge Mar\u00eda, Sant Joan, Sant Bonaventura y Torre de les Ma\u00e7anes<\/strong>. Su principal objetivo es optimizar la movilidad urbana y reducir el tr\u00e1fico generado por la b\u00fasqueda de aparcamiento.<\/p>\n<p style=\"text-align: justify;\">Gracias a esta tecnolog\u00eda avanzada, <strong>los ciudadanos podr\u00e1n conocer en tiempo real la disponibilidad de plazas<\/strong>, lo que contribuir\u00e1 a disminuir los tiempos de circulaci\u00f3n y, por ende, a reducir las emisiones de gases contaminantes. Actualmente, esta informaci\u00f3n <strong>est\u00e1 disponible en un panel informativo ubicado en la calle Sant Tom\u00e0s<\/strong>. Adem\u00e1s, se prev\u00e9 que pronto se pueda acceder a ella a trav\u00e9s de una aplicaci\u00f3n m\u00f3vil que ya ha sido desarrollada y est\u00e1 en proceso de publicaci\u00f3n en las principales plataformas digitales.<\/p>\n<p style=\"text-align: justify;\">El concejal de Movilidad Sostenible, <strong>Jordi Mart\u00ednez<\/strong>, destaca la importancia de esta iniciativa dentro del proyecto para implantar una Zona de Bajas Emisiones en Alcoy. \u201c<em>Este sistema supone un paso m\u00e1s en la modernizaci\u00f3n y digitalizaci\u00f3n de la gesti\u00f3n del tr\u00e1fico en nuestra ciudad. No solo facilita a la ciudadan\u00eda el acceso a informaci\u00f3n sobre aparcamientos en superficie, sino que tambi\u00e9n contribuye a un uso m\u00e1s racional y eficiente del espacio p\u00fablico<\/em>\u201d, afirma.<\/p>\n<p style=\"text-align: justify;\">Adem\u00e1s, este sistema <strong>se complementa con un proyecto piloto para gestionar las zonas de carga y descarga<\/strong>, lo que permitir\u00e1 controlar el tiempo de estacionamiento en estas \u00e1reas y mejorar la rotaci\u00f3n de veh\u00edculos. Esto garantizar\u00e1 una mayor disponibilidad de plazas para transportistas y comerciantes. Ambas iniciativas <strong>han requerido una inversi\u00f3n total de 195.903,53 euros (IVA incluido)<\/strong> y forman parte del proyecto global para la implantaci\u00f3n de la Zona de Bajas Emisiones en Alcoy. Este proyecto <strong>cuenta con una financiaci\u00f3n total de 2.670.098,16 euros<\/strong> procedente de fondos europeos.<\/p>\n","protected":false},"excerpt":{"rendered":"<p>El Ayuntamiento de Alcoy ha puesto en marcha un innovador sistema de control y gesti\u00f3n de aparcamientos p\u00fablicos disuasorios que&#8230;<\/p>\n","protected":false},"author":1,"featured_media":148295,"comment_status":"open","ping_status":"open","sticky":false,"template":"","format":"standard","meta":{"footnotes":""},"categories":[6909,97,75,79],"tags":[1494,19277,19278,7657],"class_list":["post-148294","post","type-post","status-publish","format-standard","has-post-thumbnail","hentry","category-actualidad","category-alcoy","category-noticias","category-politicayeconomia","tag-alcoy","tag-control-de-aparcamientos","tag-panel","tag-sistema"],"yoast_head":"<!-- This site is optimized with the Yoast SEO plugin v27.3 - https:\/\/yoast.com\/product\/yoast-seo-wordpress\/ -->\n<title>En marcha el sistema de c\u00e1maras que monitoriza plazas de aparcamiento en varios puntos de Alcoy - COPE Alcoy<\/title>\n<meta name=\"description\" content=\"El Ayuntamiento de Alcoy ha puesto en marcha un innovador sistema de control y gesti\u00f3n de aparcamientos p\u00fablicos disuasorios que utiliza c\u00e1maras con inteligencia artificial para monitorizar la ocupaci\u00f3n de 382 plazas\" \/>\n<meta name=\"robots\" content=\"index, follow, max-snippet:-1, max-image-preview:large, max-video-preview:-1\" \/>\n<link rel=\"canonical\" href=\"https:\/\/www.copealcoy.es\/es\/en-marcha-el-sistema-de-camaras-que-monitoriza-plazas-de-aparcamiento-en-varios-puntos-de-alcoy\/\" \/>\n<meta property=\"og:locale\" content=\"es_ES\" \/>\n<meta property=\"og:type\" content=\"article\" \/>\n<meta property=\"og:title\" content=\"En marcha el sistema de c\u00e1maras que monitoriza plazas de aparcamiento en varios puntos de Alcoy - COPE Alcoy\" \/>\n<meta property=\"og:description\" content=\"El Ayuntamiento de Alcoy ha puesto en marcha un innovador sistema de control y gesti\u00f3n de aparcamientos p\u00fablicos disuasorios que utiliza c\u00e1maras con inteligencia artificial para monitorizar la ocupaci\u00f3n de 382 plazas\" \/>\n<meta property=\"og:url\" content=\"https:\/\/www.copealcoy.es\/es\/en-marcha-el-sistema-de-camaras-que-monitoriza-plazas-de-aparcamiento-en-varios-puntos-de-alcoy\/\" \/>\n<meta property=\"og:site_name\" content=\"COPE Alcoy\" \/>\n<meta property=\"article:published_time\" content=\"2025-03-03T07:00:57+00:00\" \/>\n<meta property=\"article:modified_time\" content=\"2025-03-03T13:13:17+00:00\" \/>\n<meta property=\"og:image\" content=\"https:\/\/www.copealcoy.es\/wp-content\/uploads\/2025\/02\/Panel-indicadores-parking.jpg_1647992127.jpg\" \/>\n\t<meta property=\"og:image:width\" content=\"625\" \/>\n\t<meta property=\"og:image:height\" content=\"393\" \/>\n\t<meta property=\"og:image:type\" content=\"image\/jpeg\" \/>\n<meta name=\"author\" content=\"Cope Alcoy\" \/>\n<meta name=\"twitter:label1\" content=\"Escrito por\" \/>\n\t<meta name=\"twitter:data1\" content=\"Cope Alcoy\" \/>\n\t<meta name=\"twitter:label2\" content=\"Tiempo de lectura\" \/>\n\t<meta name=\"twitter:data2\" content=\"2 minutos\" \/>\n<script type=\"application\/ld+json\" class=\"yoast-schema-graph\">{\"@context\":\"https:\\\/\\\/schema.org\",\"@graph\":[{\"@type\":\"Article\",\"@id\":\"https:\\\/\\\/www.copealcoy.es\\\/es\\\/en-marcha-el-sistema-de-camaras-que-monitoriza-plazas-de-aparcamiento-en-varios-puntos-de-alcoy\\\/#article\",\"isPartOf\":{\"@id\":\"https:\\\/\\\/www.copealcoy.es\\\/es\\\/en-marcha-el-sistema-de-camaras-que-monitoriza-plazas-de-aparcamiento-en-varios-puntos-de-alcoy\\\/\"},\"author\":{\"name\":\"Cope Alcoy\",\"@id\":\"https:\\\/\\\/www.copealcoy.es\\\/es\\\/#\\\/schema\\\/person\\\/e777c87fa024e57d40170af9df39882c\"},\"headline\":\"En marcha el sistema de c\u00e1maras que monitoriza plazas de aparcamiento en varios puntos de Alcoy\",\"datePublished\":\"2025-03-03T07:00:57+00:00\",\"dateModified\":\"2025-03-03T13:13:17+00:00\",\"mainEntityOfPage\":{\"@id\":\"https:\\\/\\\/www.copealcoy.es\\\/es\\\/en-marcha-el-sistema-de-camaras-que-monitoriza-plazas-de-aparcamiento-en-varios-puntos-de-alcoy\\\/\"},\"wordCount\":368,\"commentCount\":0,\"image\":{\"@id\":\"https:\\\/\\\/www.copealcoy.es\\\/es\\\/en-marcha-el-sistema-de-camaras-que-monitoriza-plazas-de-aparcamiento-en-varios-puntos-de-alcoy\\\/#primaryimage\"},\"thumbnailUrl\":\"https:\\\/\\\/www.copealcoy.es\\\/wp-content\\\/uploads\\\/2025\\\/02\\\/Panel-indicadores-parking.jpg_1647992127.jpg\",\"keywords\":[\"Alcoy\",\"control de aparcamientos\",\"panel\",\"sistema\"],\"articleSection\":[\"Actualidad\",\"Alcoy\",\"Noticias\",\"Pol\u00edtica y Econom\u00eda\"],\"inLanguage\":\"es\"},{\"@type\":\"WebPage\",\"@id\":\"https:\\\/\\\/www.copealcoy.es\\\/es\\\/en-marcha-el-sistema-de-camaras-que-monitoriza-plazas-de-aparcamiento-en-varios-puntos-de-alcoy\\\/\",\"url\":\"https:\\\/\\\/www.copealcoy.es\\\/es\\\/en-marcha-el-sistema-de-camaras-que-monitoriza-plazas-de-aparcamiento-en-varios-puntos-de-alcoy\\\/\",\"name\":\"En marcha el sistema de c\u00e1maras que monitoriza plazas de aparcamiento en varios puntos de Alcoy - COPE Alcoy\",\"isPartOf\":{\"@id\":\"https:\\\/\\\/www.copealcoy.es\\\/es\\\/#website\"},\"primaryImageOfPage\":{\"@id\":\"https:\\\/\\\/www.copealcoy.es\\\/es\\\/en-marcha-el-sistema-de-camaras-que-monitoriza-plazas-de-aparcamiento-en-varios-puntos-de-alcoy\\\/#primaryimage\"},\"image\":{\"@id\":\"https:\\\/\\\/www.copealcoy.es\\\/es\\\/en-marcha-el-sistema-de-camaras-que-monitoriza-plazas-de-aparcamiento-en-varios-puntos-de-alcoy\\\/#primaryimage\"},\"thumbnailUrl\":\"https:\\\/\\\/www.copealcoy.es\\\/wp-content\\\/uploads\\\/2025\\\/02\\\/Panel-indicadores-parking.jpg_1647992127.jpg\",\"datePublished\":\"2025-03-03T07:00:57+00:00\",\"dateModified\":\"2025-03-03T13:13:17+00:00\",\"author\":{\"@id\":\"https:\\\/\\\/www.copealcoy.es\\\/es\\\/#\\\/schema\\\/person\\\/e777c87fa024e57d40170af9df39882c\"},\"description\":\"El Ayuntamiento de Alcoy ha puesto en marcha un innovador sistema de control y gesti\u00f3n de aparcamientos p\u00fablicos disuasorios que utiliza c\u00e1maras con inteligencia artificial para monitorizar la ocupaci\u00f3n de 382 plazas\",\"breadcrumb\":{\"@id\":\"https:\\\/\\\/www.copealcoy.es\\\/es\\\/en-marcha-el-sistema-de-camaras-que-monitoriza-plazas-de-aparcamiento-en-varios-puntos-de-alcoy\\\/#breadcrumb\"},\"inLanguage\":\"es\",\"potentialAction\":[{\"@type\":\"ReadAction\",\"target\":[\"https:\\\/\\\/www.copealcoy.es\\\/es\\\/en-marcha-el-sistema-de-camaras-que-monitoriza-plazas-de-aparcamiento-en-varios-puntos-de-alcoy\\\/\"]}]},{\"@type\":\"ImageObject\",\"inLanguage\":\"es\",\"@id\":\"https:\\\/\\\/www.copealcoy.es\\\/es\\\/en-marcha-el-sistema-de-camaras-que-monitoriza-plazas-de-aparcamiento-en-varios-puntos-de-alcoy\\\/#primaryimage\",\"url\":\"https:\\\/\\\/www.copealcoy.es\\\/wp-content\\\/uploads\\\/2025\\\/02\\\/Panel-indicadores-parking.jpg_1647992127.jpg\",\"contentUrl\":\"https:\\\/\\\/www.copealcoy.es\\\/wp-content\\\/uploads\\\/2025\\\/02\\\/Panel-indicadores-parking.jpg_1647992127.jpg\",\"width\":625,\"height\":393},{\"@type\":\"BreadcrumbList\",\"@id\":\"https:\\\/\\\/www.copealcoy.es\\\/es\\\/en-marcha-el-sistema-de-camaras-que-monitoriza-plazas-de-aparcamiento-en-varios-puntos-de-alcoy\\\/#breadcrumb\",\"itemListElement\":[{\"@type\":\"ListItem\",\"position\":1,\"name\":\"Portada\",\"item\":\"https:\\\/\\\/www.copealcoy.es\\\/es\\\/\"},{\"@type\":\"ListItem\",\"position\":2,\"name\":\"En marcha el sistema de c\u00e1maras que monitoriza plazas de aparcamiento en varios puntos de Alcoy\"}]},{\"@type\":\"WebSite\",\"@id\":\"https:\\\/\\\/www.copealcoy.es\\\/es\\\/#website\",\"url\":\"https:\\\/\\\/www.copealcoy.es\\\/es\\\/\",\"name\":\"COPE Alcoy\",\"description\":\"Emisora COPE de radio local con emisi\u00f3n online. Pont de Sant Jordi 8-10 03803 Alcoy\",\"potentialAction\":[{\"@type\":\"SearchAction\",\"target\":{\"@type\":\"EntryPoint\",\"urlTemplate\":\"https:\\\/\\\/www.copealcoy.es\\\/es\\\/?s={search_term_string}\"},\"query-input\":{\"@type\":\"PropertyValueSpecification\",\"valueRequired\":true,\"valueName\":\"search_term_string\"}}],\"inLanguage\":\"es\"},{\"@type\":\"Person\",\"@id\":\"https:\\\/\\\/www.copealcoy.es\\\/es\\\/#\\\/schema\\\/person\\\/e777c87fa024e57d40170af9df39882c\",\"name\":\"Cope Alcoy\",\"image\":{\"@type\":\"ImageObject\",\"inLanguage\":\"es\",\"@id\":\"https:\\\/\\\/secure.gravatar.com\\\/avatar\\\/bb65d0283347e303893ba14f0692005417c1e0e690a325a4c5d8bb2b3943ee14?s=96&d=mm&r=g\",\"url\":\"https:\\\/\\\/secure.gravatar.com\\\/avatar\\\/bb65d0283347e303893ba14f0692005417c1e0e690a325a4c5d8bb2b3943ee14?s=96&d=mm&r=g\",\"contentUrl\":\"https:\\\/\\\/secure.gravatar.com\\\/avatar\\\/bb65d0283347e303893ba14f0692005417c1e0e690a325a4c5d8bb2b3943ee14?s=96&d=mm&r=g\",\"caption\":\"Cope Alcoy\"}}]}<\/script>\n<!-- \/ Yoast SEO plugin. -->","yoast_head_json":{"title":"En marcha el sistema de c\u00e1maras que monitoriza plazas de aparcamiento en varios puntos de Alcoy - COPE Alcoy","description":"El Ayuntamiento de Alcoy ha puesto en marcha un innovador sistema de control y gesti\u00f3n de aparcamientos p\u00fablicos disuasorios que utiliza c\u00e1maras con inteligencia artificial para monitorizar la ocupaci\u00f3n de 382 plazas","robots":{"index":"index","follow":"follow","max-snippet":"max-snippet:-1","max-image-preview":"max-image-preview:large","max-video-preview":"max-video-preview:-1"},"canonical":"https:\/\/www.copealcoy.es\/es\/en-marcha-el-sistema-de-camaras-que-monitoriza-plazas-de-aparcamiento-en-varios-puntos-de-alcoy\/","og_locale":"es_ES","og_type":"article","og_title":"En marcha el sistema de c\u00e1maras que monitoriza plazas de aparcamiento en varios puntos de Alcoy - COPE Alcoy","og_description":"El Ayuntamiento de Alcoy ha puesto en marcha un innovador sistema de control y gesti\u00f3n de aparcamientos p\u00fablicos disuasorios que utiliza c\u00e1maras con inteligencia artificial para monitorizar la ocupaci\u00f3n de 382 plazas","og_url":"https:\/\/www.copealcoy.es\/es\/en-marcha-el-sistema-de-camaras-que-monitoriza-plazas-de-aparcamiento-en-varios-puntos-de-alcoy\/","og_site_name":"COPE Alcoy","article_published_time":"2025-03-03T07:00:57+00:00","article_modified_time":"2025-03-03T13:13:17+00:00","og_image":[{"width":625,"height":393,"url":"https:\/\/www.copealcoy.es\/wp-content\/uploads\/2025\/02\/Panel-indicadores-parking.jpg_1647992127.jpg","type":"image\/jpeg"}],"author":"Cope Alcoy","twitter_misc":{"Escrito por":"Cope Alcoy","Tiempo de lectura":"2 minutos"},"schema":{"@context":"https:\/\/schema.org","@graph":[{"@type":"Article","@id":"https:\/\/www.copealcoy.es\/es\/en-marcha-el-sistema-de-camaras-que-monitoriza-plazas-de-aparcamiento-en-varios-puntos-de-alcoy\/#article","isPartOf":{"@id":"https:\/\/www.copealcoy.es\/es\/en-marcha-el-sistema-de-camaras-que-monitoriza-plazas-de-aparcamiento-en-varios-puntos-de-alcoy\/"},"author":{"name":"Cope Alcoy","@id":"https:\/\/www.copealcoy.es\/es\/#\/schema\/person\/e777c87fa024e57d40170af9df39882c"},"headline":"En marcha el sistema de c\u00e1maras que monitoriza plazas de aparcamiento en varios puntos de Alcoy","datePublished":"2025-03-03T07:00:57+00:00","dateModified":"2025-03-03T13:13:17+00:00","mainEntityOfPage":{"@id":"https:\/\/www.copealcoy.es\/es\/en-marcha-el-sistema-de-camaras-que-monitoriza-plazas-de-aparcamiento-en-varios-puntos-de-alcoy\/"},"wordCount":368,"commentCount":0,"image":{"@id":"https:\/\/www.copealcoy.es\/es\/en-marcha-el-sistema-de-camaras-que-monitoriza-plazas-de-aparcamiento-en-varios-puntos-de-alcoy\/#primaryimage"},"thumbnailUrl":"https:\/\/www.copealcoy.es\/wp-content\/uploads\/2025\/02\/Panel-indicadores-parking.jpg_1647992127.jpg","keywords":["Alcoy","control de aparcamientos","panel","sistema"],"articleSection":["Actualidad","Alcoy","Noticias","Pol\u00edtica y Econom\u00eda"],"inLanguage":"es"},{"@type":"WebPage","@id":"https:\/\/www.copealcoy.es\/es\/en-marcha-el-sistema-de-camaras-que-monitoriza-plazas-de-aparcamiento-en-varios-puntos-de-alcoy\/","url":"https:\/\/www.copealcoy.es\/es\/en-marcha-el-sistema-de-camaras-que-monitoriza-plazas-de-aparcamiento-en-varios-puntos-de-alcoy\/","name":"En marcha el sistema de c\u00e1maras que monitoriza plazas de aparcamiento en varios puntos de Alcoy - COPE Alcoy","isPartOf":{"@id":"https:\/\/www.copealcoy.es\/es\/#website"},"primaryImageOfPage":{"@id":"https:\/\/www.copealcoy.es\/es\/en-marcha-el-sistema-de-camaras-que-monitoriza-plazas-de-aparcamiento-en-varios-puntos-de-alcoy\/#primaryimage"},"image":{"@id":"https:\/\/www.copealcoy.es\/es\/en-marcha-el-sistema-de-camaras-que-monitoriza-plazas-de-aparcamiento-en-varios-puntos-de-alcoy\/#primaryimage"},"thumbnailUrl":"https:\/\/www.copealcoy.es\/wp-content\/uploads\/2025\/02\/Panel-indicadores-parking.jpg_1647992127.jpg","datePublished":"2025-03-03T07:00:57+00:00","dateModified":"2025-03-03T13:13:17+00:00","author":{"@id":"https:\/\/www.copealcoy.es\/es\/#\/schema\/person\/e777c87fa024e57d40170af9df39882c"},"description":"El Ayuntamiento de Alcoy ha puesto en marcha un innovador sistema de control y gesti\u00f3n de aparcamientos p\u00fablicos disuasorios que utiliza c\u00e1maras con inteligencia artificial para monitorizar la ocupaci\u00f3n de 382 plazas","breadcrumb":{"@id":"https:\/\/www.copealcoy.es\/es\/en-marcha-el-sistema-de-camaras-que-monitoriza-plazas-de-aparcamiento-en-varios-puntos-de-alcoy\/#breadcrumb"},"inLanguage":"es","potentialAction":[{"@type":"ReadAction","target":["https:\/\/www.copealcoy.es\/es\/en-marcha-el-sistema-de-camaras-que-monitoriza-plazas-de-aparcamiento-en-varios-puntos-de-alcoy\/"]}]},{"@type":"ImageObject","inLanguage":"es","@id":"https:\/\/www.copealcoy.es\/es\/en-marcha-el-sistema-de-camaras-que-monitoriza-plazas-de-aparcamiento-en-varios-puntos-de-alcoy\/#primaryimage","url":"https:\/\/www.copealcoy.es\/wp-content\/uploads\/2025\/02\/Panel-indicadores-parking.jpg_1647992127.jpg","contentUrl":"https:\/\/www.copealcoy.es\/wp-content\/uploads\/2025\/02\/Panel-indicadores-parking.jpg_1647992127.jpg","width":625,"height":393},{"@type":"BreadcrumbList","@id":"https:\/\/www.copealcoy.es\/es\/en-marcha-el-sistema-de-camaras-que-monitoriza-plazas-de-aparcamiento-en-varios-puntos-de-alcoy\/#breadcrumb","itemListElement":[{"@type":"ListItem","position":1,"name":"Portada","item":"https:\/\/www.copealcoy.es\/es\/"},{"@type":"ListItem","position":2,"name":"En marcha el sistema de c\u00e1maras que monitoriza plazas de aparcamiento en varios puntos de Alcoy"}]},{"@type":"WebSite","@id":"https:\/\/www.copealcoy.es\/es\/#website","url":"https:\/\/www.copealcoy.es\/es\/","name":"COPE Alcoy","description":"Emisora COPE de radio local con emisi\u00f3n online. Pont de Sant Jordi 8-10 03803 Alcoy","potentialAction":[{"@type":"SearchAction","target":{"@type":"EntryPoint","urlTemplate":"https:\/\/www.copealcoy.es\/es\/?s={search_term_string}"},"query-input":{"@type":"PropertyValueSpecification","valueRequired":true,"valueName":"search_term_string"}}],"inLanguage":"es"},{"@type":"Person","@id":"https:\/\/www.copealcoy.es\/es\/#\/schema\/person\/e777c87fa024e57d40170af9df39882c","name":"Cope Alcoy","image":{"@type":"ImageObject","inLanguage":"es","@id":"https:\/\/secure.gravatar.com\/avatar\/bb65d0283347e303893ba14f0692005417c1e0e690a325a4c5d8bb2b3943ee14?s=96&d=mm&r=g","url":"https:\/\/secure.gravatar.com\/avatar\/bb65d0283347e303893ba14f0692005417c1e0e690a325a4c5d8bb2b3943ee14?s=96&d=mm&r=g","contentUrl":"https:\/\/secure.gravatar.com\/avatar\/bb65d0283347e303893ba14f0692005417c1e0e690a325a4c5d8bb2b3943ee14?s=96&d=mm&r=g","caption":"Cope Alcoy"}}]}},"_links":{"self":[{"href":"https:\/\/www.copealcoy.es\/es\/wp-json\/wp\/v2\/posts\/148294","targetHints":{"allow":["GET"]}}],"collection":[{"href":"https:\/\/www.copealcoy.es\/es\/wp-json\/wp\/v2\/posts"}],"about":[{"href":"https:\/\/www.copealcoy.es\/es\/wp-json\/wp\/v2\/types\/post"}],"author":[{"embeddable":true,"href":"https:\/\/www.copealcoy.es\/es\/wp-json\/wp\/v2\/users\/1"}],"replies":[{"embeddable":true,"href":"https:\/\/www.copealcoy.es\/es\/wp-json\/wp\/v2\/comments?post=148294"}],"version-history":[{"count":0,"href":"https:\/\/www.copealcoy.es\/es\/wp-json\/wp\/v2\/posts\/148294\/revisions"}],"wp:featuredmedia":[{"embeddable":true,"href":"https:\/\/www.copealcoy.es\/es\/wp-json\/wp\/v2\/media\/148295"}],"wp:attachment":[{"href":"https:\/\/www.copealcoy.es\/es\/wp-json\/wp\/v2\/media?parent=148294"}],"wp:term":[{"taxonomy":"category","embeddable":true,"href":"https:\/\/www.copealcoy.es\/es\/wp-json\/wp\/v2\/categories?post=148294"},{"taxonomy":"post_tag","embeddable":true,"href":"https:\/\/www.copealcoy.es\/es\/wp-json\/wp\/v2\/tags?post=148294"}],"curies":[{"name":"wp","href":"https:\/\/api.w.org\/{rel}","templated":true}]}}