{"id":148269,"date":"2025-02-27T14:18:34","date_gmt":"2025-02-27T13:18:34","guid":{"rendered":"https:\/\/www.copealcoy.es\/?p=148269"},"modified":"2025-02-27T15:52:26","modified_gmt":"2025-02-27T14:52:26","slug":"detenido-en-alcoy-por-robo-con-fuerza-a-su-vecino","status":"publish","type":"post","link":"https:\/\/www.copealcoy.es\/es\/detenido-en-alcoy-por-robo-con-fuerza-a-su-vecino\/","title":{"rendered":"Detenido en Alcoy por robo con fuerza a su vecino"},"content":{"rendered":"<p style=\"text-align: justify;\">La <a href=\"https:\/\/policia.es\/_es\/index.php\" target=\"_blank\" rel=\"noopener\"><span style=\"color: #0000ff;\"><strong>Polic\u00eda Nacional<\/strong><\/span><\/a> <strong>ha arrestado a un hombre de 42 a\u00f1os en Alcoy<\/strong>, acusado de haber robado varios relojes de la casa de su vecino. La v\u00edctima <strong>alert\u00f3 a las autoridades tras notar la desaparici\u00f3n de sus objetos de valor<\/strong>, y desde el principio, los agentes sospecharon que el responsable podr\u00eda ser el mismo vecino, quien ya hab\u00eda estado implicado en un robo anterior de algunas monedas del s\u00f3tano comunitario.<\/p>\n<p style=\"text-align: justify;\">La investigaci\u00f3n revel\u00f3 que <strong>el acceso a la vivienda se realiz\u00f3 a trav\u00e9s de un patio que conecta con el domicilio del sospechoso<\/strong>. Los agentes, seg\u00fan la informaci\u00f3n facilitada, determinaron que el hombre hab\u00eda saltado un muro de m\u00e1s de dos metros de altura, lo que indicaba que el robo se hab\u00eda llevado a cabo con fuerza. Adem\u00e1s, <strong>se descubri\u00f3 que los relojes hab\u00edan sido vendidos en una tienda de segunda mano<\/strong> que el detenido sol\u00eda visitar.<\/p>\n<p style=\"text-align: justify;\">Finalmente, gracias a la denuncia presentada por la v\u00edctima y las pruebas recopiladas durante la investigaci\u00f3n, la Polic\u00eda <strong>pudo localizar y arrestar al individuo. <\/strong>Despu\u00e9s, se pudieron recuperar los relojes sustra\u00eddos para devolverlos a su leg\u00edtimo propietario.<\/p>\n","protected":false},"excerpt":{"rendered":"<p>La Polic\u00eda Nacional ha arrestado a un hombre de 42 a\u00f1os en Alcoy, acusado de haber robado varios relojes de&#8230;<\/p>\n","protected":false},"author":1,"featured_media":123103,"comment_status":"open","ping_status":"open","sticky":false,"template":"","format":"standard","meta":{"footnotes":""},"categories":[6909,97,75,125,80],"tags":[1494,1836,19275,4297],"class_list":["post-148269","post","type-post","status-publish","format-standard","has-post-thumbnail","hentry","category-actualidad","category-alcoy","category-noticias","category-portada","category-sucesos","tag-alcoy","tag-policia-nacional","tag-relojes","tag-robo"],"yoast_head":"<!-- This site is optimized with the Yoast SEO plugin v27.3 - https:\/\/yoast.com\/product\/yoast-seo-wordpress\/ -->\n<title>Detenido en Alcoy por robo con fuerza a su vecino - COPE Alcoy<\/title>\n<meta name=\"description\" content=\"La Polic\u00eda Nacional ha arrestado a un hombre de 42 a\u00f1os en Alcoy, acusado de haber robado varios relojes de la casa de su vecino\" \/>\n<meta name=\"robots\" content=\"index, follow, max-snippet:-1, max-image-preview:large, max-video-preview:-1\" \/>\n<link rel=\"canonical\" href=\"https:\/\/www.copealcoy.es\/es\/detenido-en-alcoy-por-robo-con-fuerza-a-su-vecino\/\" \/>\n<meta property=\"og:locale\" content=\"es_ES\" \/>\n<meta property=\"og:type\" content=\"article\" \/>\n<meta property=\"og:title\" content=\"Detenido en Alcoy por robo con fuerza a su vecino - COPE Alcoy\" \/>\n<meta property=\"og:description\" content=\"La Polic\u00eda Nacional ha arrestado a un hombre de 42 a\u00f1os en Alcoy, acusado de haber robado varios relojes de la casa de su vecino\" \/>\n<meta property=\"og:url\" content=\"https:\/\/www.copealcoy.es\/es\/detenido-en-alcoy-por-robo-con-fuerza-a-su-vecino\/\" \/>\n<meta property=\"og:site_name\" content=\"COPE Alcoy\" \/>\n<meta property=\"article:published_time\" content=\"2025-02-27T13:18:34+00:00\" \/>\n<meta property=\"article:modified_time\" content=\"2025-02-27T14:52:26+00:00\" \/>\n<meta property=\"og:image\" content=\"https:\/\/www.copealcoy.es\/wp-content\/uploads\/2023\/10\/Foto-Archivo-Alcoy-con-Escudo-1-scaled-e1696928917495.jpg\" \/>\n\t<meta property=\"og:image:width\" content=\"640\" \/>\n\t<meta property=\"og:image:height\" content=\"388\" \/>\n\t<meta property=\"og:image:type\" content=\"image\/jpeg\" \/>\n<meta name=\"author\" content=\"Cope Alcoy\" \/>\n<meta name=\"twitter:label1\" content=\"Escrito por\" \/>\n\t<meta name=\"twitter:data1\" content=\"Cope Alcoy\" \/>\n\t<meta name=\"twitter:label2\" content=\"Tiempo de lectura\" \/>\n\t<meta name=\"twitter:data2\" content=\"2 minutos\" \/>\n<script type=\"application\/ld+json\" class=\"yoast-schema-graph\">{\"@context\":\"https:\\\/\\\/schema.org\",\"@graph\":[{\"@type\":\"Article\",\"@id\":\"https:\\\/\\\/www.copealcoy.es\\\/es\\\/detenido-en-alcoy-por-robo-con-fuerza-a-su-vecino\\\/#article\",\"isPartOf\":{\"@id\":\"https:\\\/\\\/www.copealcoy.es\\\/es\\\/detenido-en-alcoy-por-robo-con-fuerza-a-su-vecino\\\/\"},\"author\":{\"name\":\"Cope Alcoy\",\"@id\":\"https:\\\/\\\/www.copealcoy.es\\\/es\\\/#\\\/schema\\\/person\\\/e777c87fa024e57d40170af9df39882c\"},\"headline\":\"Detenido en Alcoy por robo con fuerza a su vecino\",\"datePublished\":\"2025-02-27T13:18:34+00:00\",\"dateModified\":\"2025-02-27T14:52:26+00:00\",\"mainEntityOfPage\":{\"@id\":\"https:\\\/\\\/www.copealcoy.es\\\/es\\\/detenido-en-alcoy-por-robo-con-fuerza-a-su-vecino\\\/\"},\"wordCount\":216,\"commentCount\":0,\"image\":{\"@id\":\"https:\\\/\\\/www.copealcoy.es\\\/es\\\/detenido-en-alcoy-por-robo-con-fuerza-a-su-vecino\\\/#primaryimage\"},\"thumbnailUrl\":\"https:\\\/\\\/www.copealcoy.es\\\/wp-content\\\/uploads\\\/2023\\\/10\\\/Foto-Archivo-Alcoy-con-Escudo-1-scaled-e1696928917495.jpg\",\"keywords\":[\"Alcoy\",\"Polic\u00eda Nacional\",\"relojes\",\"Robo\"],\"articleSection\":[\"Actualidad\",\"Alcoy\",\"Noticias\",\"Portada\",\"Sucesos\"],\"inLanguage\":\"es\"},{\"@type\":\"WebPage\",\"@id\":\"https:\\\/\\\/www.copealcoy.es\\\/es\\\/detenido-en-alcoy-por-robo-con-fuerza-a-su-vecino\\\/\",\"url\":\"https:\\\/\\\/www.copealcoy.es\\\/es\\\/detenido-en-alcoy-por-robo-con-fuerza-a-su-vecino\\\/\",\"name\":\"Detenido en Alcoy por robo con fuerza a su vecino - COPE Alcoy\",\"isPartOf\":{\"@id\":\"https:\\\/\\\/www.copealcoy.es\\\/es\\\/#website\"},\"primaryImageOfPage\":{\"@id\":\"https:\\\/\\\/www.copealcoy.es\\\/es\\\/detenido-en-alcoy-por-robo-con-fuerza-a-su-vecino\\\/#primaryimage\"},\"image\":{\"@id\":\"https:\\\/\\\/www.copealcoy.es\\\/es\\\/detenido-en-alcoy-por-robo-con-fuerza-a-su-vecino\\\/#primaryimage\"},\"thumbnailUrl\":\"https:\\\/\\\/www.copealcoy.es\\\/wp-content\\\/uploads\\\/2023\\\/10\\\/Foto-Archivo-Alcoy-con-Escudo-1-scaled-e1696928917495.jpg\",\"datePublished\":\"2025-02-27T13:18:34+00:00\",\"dateModified\":\"2025-02-27T14:52:26+00:00\",\"author\":{\"@id\":\"https:\\\/\\\/www.copealcoy.es\\\/es\\\/#\\\/schema\\\/person\\\/e777c87fa024e57d40170af9df39882c\"},\"description\":\"La Polic\u00eda Nacional ha arrestado a un hombre de 42 a\u00f1os en Alcoy, acusado de haber robado varios relojes de la casa de su vecino\",\"breadcrumb\":{\"@id\":\"https:\\\/\\\/www.copealcoy.es\\\/es\\\/detenido-en-alcoy-por-robo-con-fuerza-a-su-vecino\\\/#breadcrumb\"},\"inLanguage\":\"es\",\"potentialAction\":[{\"@type\":\"ReadAction\",\"target\":[\"https:\\\/\\\/www.copealcoy.es\\\/es\\\/detenido-en-alcoy-por-robo-con-fuerza-a-su-vecino\\\/\"]}]},{\"@type\":\"ImageObject\",\"inLanguage\":\"es\",\"@id\":\"https:\\\/\\\/www.copealcoy.es\\\/es\\\/detenido-en-alcoy-por-robo-con-fuerza-a-su-vecino\\\/#primaryimage\",\"url\":\"https:\\\/\\\/www.copealcoy.es\\\/wp-content\\\/uploads\\\/2023\\\/10\\\/Foto-Archivo-Alcoy-con-Escudo-1-scaled-e1696928917495.jpg\",\"contentUrl\":\"https:\\\/\\\/www.copealcoy.es\\\/wp-content\\\/uploads\\\/2023\\\/10\\\/Foto-Archivo-Alcoy-con-Escudo-1-scaled-e1696928917495.jpg\",\"width\":640,\"height\":388},{\"@type\":\"BreadcrumbList\",\"@id\":\"https:\\\/\\\/www.copealcoy.es\\\/es\\\/detenido-en-alcoy-por-robo-con-fuerza-a-su-vecino\\\/#breadcrumb\",\"itemListElement\":[{\"@type\":\"ListItem\",\"position\":1,\"name\":\"Portada\",\"item\":\"https:\\\/\\\/www.copealcoy.es\\\/es\\\/\"},{\"@type\":\"ListItem\",\"position\":2,\"name\":\"Detenido en Alcoy por robo con fuerza a su vecino\"}]},{\"@type\":\"WebSite\",\"@id\":\"https:\\\/\\\/www.copealcoy.es\\\/es\\\/#website\",\"url\":\"https:\\\/\\\/www.copealcoy.es\\\/es\\\/\",\"name\":\"COPE Alcoy\",\"description\":\"Emisora COPE de radio local con emisi\u00f3n online. Pont de Sant Jordi 8-10 03803 Alcoy\",\"potentialAction\":[{\"@type\":\"SearchAction\",\"target\":{\"@type\":\"EntryPoint\",\"urlTemplate\":\"https:\\\/\\\/www.copealcoy.es\\\/es\\\/?s={search_term_string}\"},\"query-input\":{\"@type\":\"PropertyValueSpecification\",\"valueRequired\":true,\"valueName\":\"search_term_string\"}}],\"inLanguage\":\"es\"},{\"@type\":\"Person\",\"@id\":\"https:\\\/\\\/www.copealcoy.es\\\/es\\\/#\\\/schema\\\/person\\\/e777c87fa024e57d40170af9df39882c\",\"name\":\"Cope Alcoy\",\"image\":{\"@type\":\"ImageObject\",\"inLanguage\":\"es\",\"@id\":\"https:\\\/\\\/secure.gravatar.com\\\/avatar\\\/bb65d0283347e303893ba14f0692005417c1e0e690a325a4c5d8bb2b3943ee14?s=96&d=mm&r=g\",\"url\":\"https:\\\/\\\/secure.gravatar.com\\\/avatar\\\/bb65d0283347e303893ba14f0692005417c1e0e690a325a4c5d8bb2b3943ee14?s=96&d=mm&r=g\",\"contentUrl\":\"https:\\\/\\\/secure.gravatar.com\\\/avatar\\\/bb65d0283347e303893ba14f0692005417c1e0e690a325a4c5d8bb2b3943ee14?s=96&d=mm&r=g\",\"caption\":\"Cope Alcoy\"}}]}<\/script>\n<!-- \/ Yoast SEO plugin. -->","yoast_head_json":{"title":"Detenido en Alcoy por robo con fuerza a su vecino - COPE Alcoy","description":"La Polic\u00eda Nacional ha arrestado a un hombre de 42 a\u00f1os en Alcoy, acusado de haber robado varios relojes de la casa de su vecino","robots":{"index":"index","follow":"follow","max-snippet":"max-snippet:-1","max-image-preview":"max-image-preview:large","max-video-preview":"max-video-preview:-1"},"canonical":"https:\/\/www.copealcoy.es\/es\/detenido-en-alcoy-por-robo-con-fuerza-a-su-vecino\/","og_locale":"es_ES","og_type":"article","og_title":"Detenido en Alcoy por robo con fuerza a su vecino - COPE Alcoy","og_description":"La Polic\u00eda Nacional ha arrestado a un hombre de 42 a\u00f1os en Alcoy, acusado de haber robado varios relojes de la casa de su vecino","og_url":"https:\/\/www.copealcoy.es\/es\/detenido-en-alcoy-por-robo-con-fuerza-a-su-vecino\/","og_site_name":"COPE Alcoy","article_published_time":"2025-02-27T13:18:34+00:00","article_modified_time":"2025-02-27T14:52:26+00:00","og_image":[{"width":640,"height":388,"url":"https:\/\/www.copealcoy.es\/wp-content\/uploads\/2023\/10\/Foto-Archivo-Alcoy-con-Escudo-1-scaled-e1696928917495.jpg","type":"image\/jpeg"}],"author":"Cope Alcoy","twitter_misc":{"Escrito por":"Cope Alcoy","Tiempo de lectura":"2 minutos"},"schema":{"@context":"https:\/\/schema.org","@graph":[{"@type":"Article","@id":"https:\/\/www.copealcoy.es\/es\/detenido-en-alcoy-por-robo-con-fuerza-a-su-vecino\/#article","isPartOf":{"@id":"https:\/\/www.copealcoy.es\/es\/detenido-en-alcoy-por-robo-con-fuerza-a-su-vecino\/"},"author":{"name":"Cope Alcoy","@id":"https:\/\/www.copealcoy.es\/es\/#\/schema\/person\/e777c87fa024e57d40170af9df39882c"},"headline":"Detenido en Alcoy por robo con fuerza a su vecino","datePublished":"2025-02-27T13:18:34+00:00","dateModified":"2025-02-27T14:52:26+00:00","mainEntityOfPage":{"@id":"https:\/\/www.copealcoy.es\/es\/detenido-en-alcoy-por-robo-con-fuerza-a-su-vecino\/"},"wordCount":216,"commentCount":0,"image":{"@id":"https:\/\/www.copealcoy.es\/es\/detenido-en-alcoy-por-robo-con-fuerza-a-su-vecino\/#primaryimage"},"thumbnailUrl":"https:\/\/www.copealcoy.es\/wp-content\/uploads\/2023\/10\/Foto-Archivo-Alcoy-con-Escudo-1-scaled-e1696928917495.jpg","keywords":["Alcoy","Polic\u00eda Nacional","relojes","Robo"],"articleSection":["Actualidad","Alcoy","Noticias","Portada","Sucesos"],"inLanguage":"es"},{"@type":"WebPage","@id":"https:\/\/www.copealcoy.es\/es\/detenido-en-alcoy-por-robo-con-fuerza-a-su-vecino\/","url":"https:\/\/www.copealcoy.es\/es\/detenido-en-alcoy-por-robo-con-fuerza-a-su-vecino\/","name":"Detenido en Alcoy por robo con fuerza a su vecino - COPE Alcoy","isPartOf":{"@id":"https:\/\/www.copealcoy.es\/es\/#website"},"primaryImageOfPage":{"@id":"https:\/\/www.copealcoy.es\/es\/detenido-en-alcoy-por-robo-con-fuerza-a-su-vecino\/#primaryimage"},"image":{"@id":"https:\/\/www.copealcoy.es\/es\/detenido-en-alcoy-por-robo-con-fuerza-a-su-vecino\/#primaryimage"},"thumbnailUrl":"https:\/\/www.copealcoy.es\/wp-content\/uploads\/2023\/10\/Foto-Archivo-Alcoy-con-Escudo-1-scaled-e1696928917495.jpg","datePublished":"2025-02-27T13:18:34+00:00","dateModified":"2025-02-27T14:52:26+00:00","author":{"@id":"https:\/\/www.copealcoy.es\/es\/#\/schema\/person\/e777c87fa024e57d40170af9df39882c"},"description":"La Polic\u00eda Nacional ha arrestado a un hombre de 42 a\u00f1os en Alcoy, acusado de haber robado varios relojes de la casa de su vecino","breadcrumb":{"@id":"https:\/\/www.copealcoy.es\/es\/detenido-en-alcoy-por-robo-con-fuerza-a-su-vecino\/#breadcrumb"},"inLanguage":"es","potentialAction":[{"@type":"ReadAction","target":["https:\/\/www.copealcoy.es\/es\/detenido-en-alcoy-por-robo-con-fuerza-a-su-vecino\/"]}]},{"@type":"ImageObject","inLanguage":"es","@id":"https:\/\/www.copealcoy.es\/es\/detenido-en-alcoy-por-robo-con-fuerza-a-su-vecino\/#primaryimage","url":"https:\/\/www.copealcoy.es\/wp-content\/uploads\/2023\/10\/Foto-Archivo-Alcoy-con-Escudo-1-scaled-e1696928917495.jpg","contentUrl":"https:\/\/www.copealcoy.es\/wp-content\/uploads\/2023\/10\/Foto-Archivo-Alcoy-con-Escudo-1-scaled-e1696928917495.jpg","width":640,"height":388},{"@type":"BreadcrumbList","@id":"https:\/\/www.copealcoy.es\/es\/detenido-en-alcoy-por-robo-con-fuerza-a-su-vecino\/#breadcrumb","itemListElement":[{"@type":"ListItem","position":1,"name":"Portada","item":"https:\/\/www.copealcoy.es\/es\/"},{"@type":"ListItem","position":2,"name":"Detenido en Alcoy por robo con fuerza a su vecino"}]},{"@type":"WebSite","@id":"https:\/\/www.copealcoy.es\/es\/#website","url":"https:\/\/www.copealcoy.es\/es\/","name":"COPE Alcoy","description":"Emisora COPE de radio local con emisi\u00f3n online. Pont de Sant Jordi 8-10 03803 Alcoy","potentialAction":[{"@type":"SearchAction","target":{"@type":"EntryPoint","urlTemplate":"https:\/\/www.copealcoy.es\/es\/?s={search_term_string}"},"query-input":{"@type":"PropertyValueSpecification","valueRequired":true,"valueName":"search_term_string"}}],"inLanguage":"es"},{"@type":"Person","@id":"https:\/\/www.copealcoy.es\/es\/#\/schema\/person\/e777c87fa024e57d40170af9df39882c","name":"Cope Alcoy","image":{"@type":"ImageObject","inLanguage":"es","@id":"https:\/\/secure.gravatar.com\/avatar\/bb65d0283347e303893ba14f0692005417c1e0e690a325a4c5d8bb2b3943ee14?s=96&d=mm&r=g","url":"https:\/\/secure.gravatar.com\/avatar\/bb65d0283347e303893ba14f0692005417c1e0e690a325a4c5d8bb2b3943ee14?s=96&d=mm&r=g","contentUrl":"https:\/\/secure.gravatar.com\/avatar\/bb65d0283347e303893ba14f0692005417c1e0e690a325a4c5d8bb2b3943ee14?s=96&d=mm&r=g","caption":"Cope Alcoy"}}]}},"_links":{"self":[{"href":"https:\/\/www.copealcoy.es\/es\/wp-json\/wp\/v2\/posts\/148269","targetHints":{"allow":["GET"]}}],"collection":[{"href":"https:\/\/www.copealcoy.es\/es\/wp-json\/wp\/v2\/posts"}],"about":[{"href":"https:\/\/www.copealcoy.es\/es\/wp-json\/wp\/v2\/types\/post"}],"author":[{"embeddable":true,"href":"https:\/\/www.copealcoy.es\/es\/wp-json\/wp\/v2\/users\/1"}],"replies":[{"embeddable":true,"href":"https:\/\/www.copealcoy.es\/es\/wp-json\/wp\/v2\/comments?post=148269"}],"version-history":[{"count":0,"href":"https:\/\/www.copealcoy.es\/es\/wp-json\/wp\/v2\/posts\/148269\/revisions"}],"wp:featuredmedia":[{"embeddable":true,"href":"https:\/\/www.copealcoy.es\/es\/wp-json\/wp\/v2\/media\/123103"}],"wp:attachment":[{"href":"https:\/\/www.copealcoy.es\/es\/wp-json\/wp\/v2\/media?parent=148269"}],"wp:term":[{"taxonomy":"category","embeddable":true,"href":"https:\/\/www.copealcoy.es\/es\/wp-json\/wp\/v2\/categories?post=148269"},{"taxonomy":"post_tag","embeddable":true,"href":"https:\/\/www.copealcoy.es\/es\/wp-json\/wp\/v2\/tags?post=148269"}],"curies":[{"name":"wp","href":"https:\/\/api.w.org\/{rel}","templated":true}]}}