{"id":148196,"date":"2025-02-26T07:30:54","date_gmt":"2025-02-26T06:30:54","guid":{"rendered":"https:\/\/www.copealcoy.es\/?p=148196"},"modified":"2025-02-26T15:56:54","modified_gmt":"2025-02-26T14:56:54","slug":"informativo-matinal-miercoles-26-de-febrero-2025-0750h","status":"publish","type":"post","link":"https:\/\/www.copealcoy.es\/es\/informativo-matinal-miercoles-26-de-febrero-2025-0750h\/","title":{"rendered":"Informativo matinal mi\u00e9rcoles 26 de febrero 2025 (07:50h)"},"content":{"rendered":"<p><iframe loading=\"lazy\" title=\"Informativo Matinal Mi\u00e9rcoles 26 De Febrero 2025 (07:50h)\" width=\"100%\" height=\"120\" src=\"https:\/\/www.mixcloud.com\/widget\/iframe\/?feed=https%3A%2F%2Fwww.mixcloud.com%2FCOPEAlcoy%2Finformativo-matinal-mi%25C3%25A9rcoles-26-de-febrero-2025-0750h%2F&amp;hide_cover=1\" frameborder=\"0\"><\/iframe><\/p>\n<p style=\"text-align: justify;\">Hoy mi\u00e9rcoles hemos destacado que <strong>se van a llevar a cabo en Alcoy trabajos para acondicionar la calle Per\u00fa<\/strong>. Tambi\u00e9n nos hemos centrado en <strong>el acto de entrega de los premios empresariales de AITEX<\/strong> que tuvo lugar ayer en Alcoy.<\/p>\n<p style=\"text-align: justify;\">El sal\u00f3n de actos de la nueva sede de <a href=\"https:\/\/www.aitex.es\/\" target=\"_blank\" rel=\"noopener\"><span style=\"color: #0000ff;\"><strong>AITEX<\/strong><\/span><\/a>, ubicada en el barrio de Batoy de Alcoy, acogi\u00f3\u00a0 <strong>la VI edici\u00f3n de los Premios Empresariales 2024<\/strong>, una cita que estaba prevista para el pasado mes de noviembre pero que qued\u00f3 aplazada a causa de la DANA. El evento, que fue multitudinario, <strong>reuni\u00f3 a empresas finalistas, empresarios y autoridades<\/strong>. <strong>Vicente Blanes<\/strong>, director general de AITEX, inaugur\u00f3 la gala agradeciendo el apoyo recibido mientras que <strong>Felipe Carrasco<\/strong>, secretario auton\u00f3mico de Industria en la Generalitat, destac\u00f3 la importancia de la investigaci\u00f3n y la innovaci\u00f3n en la Comunidad Valenciana.<\/p>\n<p style=\"text-align: justify;\">La conferencia principal fue impartida por <strong>Daniel Lacalle<\/strong>, quien analiz\u00f3 los efectos de la reducci\u00f3n de tipos de inter\u00e9s a nivel global. El momento m\u00e1s esperado lleg\u00f3 con <strong>el anuncio de los ganadores<\/strong>, que repartieron hasta 100.000 euros entre las 15 empresas finalistas. En el <strong>\u00e1mbito textil<\/strong>, Textil Santanderina recibi\u00f3 el primer premio por su proyecto INTESBIOCOM, seguido por ITURRI y GRUPO MAYA. En <strong>cosm\u00e9tica<\/strong>, PROSPERA BIOTECH fue galardonada con el primer premio por su producto ONCAPSISENS\u00ae, mientras que MIXER &amp; PACK y SESDERMA tambi\u00e9n fueron reconocidas. El <strong>Premio a la Mejor Iniciativa Emprendedora<\/strong> fue otorgado a HYDROS POWER, FITPLANET y THE POST FIBER. <strong>Le\u00f3n Grau<\/strong>, presidente de AITEX, clausur\u00f3 el evento resaltando el papel fundamental del tejido empresarial en la econom\u00eda y la sociedad. Adem\u00e1s fue contundente en su mensaje &#8220;<em>nos estamos ahogando. Te pedimos, alcalde, que se agilicen los plazos para la creaci\u00f3n de nuevo suelo industrial en nuestro t\u00e9rmino municipal porque ya no podemos seguir as\u00ed. Las empresas se est\u00e1n marchando<\/em>&#8220;, manifest\u00f3 en su intervenci\u00f3n.<\/p>\n<p style=\"text-align: justify;\">Tras el \u00e9xito de su sexta edici\u00f3n, los Premios Empresariales AITEX<strong> han reafirmado su papel como una iniciativa clave<\/strong> para fortalecer el tejido empresarial, no solo en la Comunidad Valenciana, sino en todo el territorio nacional. Desde su lanzamiento en 2018, estos galardones han impulsado el desarrollo de empresas de distintos sectores, ampliando su impacto m\u00e1s all\u00e1 del \u00e1mbito textil y cosm\u00e9tico para abarcar otras industrias estrat\u00e9gicas.<\/p>\n","protected":false},"excerpt":{"rendered":"<p>Hoy mi\u00e9rcoles hemos destacado que se van a llevar a cabo en Alcoy trabajos para acondicionar la calle Per\u00fa. Tambi\u00e9n&#8230;<\/p>\n","protected":false},"author":1,"featured_media":147669,"comment_status":"open","ping_status":"open","sticky":false,"template":"","format":"standard","meta":{"footnotes":""},"categories":[6909,89,91,75],"tags":[],"class_list":["post-148196","post","type-post","status-publish","format-standard","has-post-thumbnail","hentry","category-actualidad","category-audiosdelosprogramas","category-informativos","category-noticias"],"yoast_head":"<!-- This site is optimized with the Yoast SEO plugin v27.3 - https:\/\/yoast.com\/product\/yoast-seo-wordpress\/ -->\n<title>Informativo matinal mi\u00e9rcoles 26 de febrero 2025 (07:50h) - COPE Alcoy<\/title>\n<meta name=\"robots\" content=\"index, follow, max-snippet:-1, max-image-preview:large, max-video-preview:-1\" \/>\n<link rel=\"canonical\" href=\"https:\/\/www.copealcoy.es\/es\/informativo-matinal-miercoles-26-de-febrero-2025-0750h\/\" \/>\n<meta property=\"og:locale\" content=\"es_ES\" \/>\n<meta property=\"og:type\" content=\"article\" \/>\n<meta property=\"og:title\" content=\"Informativo matinal mi\u00e9rcoles 26 de febrero 2025 (07:50h) - COPE Alcoy\" \/>\n<meta property=\"og:description\" content=\"Hoy mi\u00e9rcoles hemos destacado que se van a llevar a cabo en Alcoy trabajos para acondicionar la calle Per\u00fa. Tambi\u00e9n...\" \/>\n<meta property=\"og:url\" content=\"https:\/\/www.copealcoy.es\/es\/informativo-matinal-miercoles-26-de-febrero-2025-0750h\/\" \/>\n<meta property=\"og:site_name\" content=\"COPE Alcoy\" \/>\n<meta property=\"article:published_time\" content=\"2025-02-26T06:30:54+00:00\" \/>\n<meta property=\"article:modified_time\" content=\"2025-02-26T14:56:54+00:00\" \/>\n<meta property=\"og:image\" content=\"https:\/\/www.copealcoy.es\/wp-content\/uploads\/2025\/02\/Informativo-Matinal-Castellano.png\" \/>\n\t<meta property=\"og:image:width\" content=\"357\" \/>\n\t<meta property=\"og:image:height\" content=\"290\" \/>\n\t<meta property=\"og:image:type\" content=\"image\/png\" \/>\n<meta name=\"author\" content=\"Cope Alcoy\" \/>\n<meta name=\"twitter:label1\" content=\"Escrito por\" \/>\n\t<meta name=\"twitter:data1\" content=\"Cope Alcoy\" \/>\n\t<meta name=\"twitter:label2\" content=\"Tiempo de lectura\" \/>\n\t<meta name=\"twitter:data2\" content=\"3 minutos\" \/>\n<script type=\"application\/ld+json\" class=\"yoast-schema-graph\">{\"@context\":\"https:\\\/\\\/schema.org\",\"@graph\":[{\"@type\":\"Article\",\"@id\":\"https:\\\/\\\/www.copealcoy.es\\\/es\\\/informativo-matinal-miercoles-26-de-febrero-2025-0750h\\\/#article\",\"isPartOf\":{\"@id\":\"https:\\\/\\\/www.copealcoy.es\\\/es\\\/informativo-matinal-miercoles-26-de-febrero-2025-0750h\\\/\"},\"author\":{\"name\":\"Cope Alcoy\",\"@id\":\"https:\\\/\\\/www.copealcoy.es\\\/es\\\/#\\\/schema\\\/person\\\/e777c87fa024e57d40170af9df39882c\"},\"headline\":\"Informativo matinal mi\u00e9rcoles 26 de febrero 2025 (07:50h)\",\"datePublished\":\"2025-02-26T06:30:54+00:00\",\"dateModified\":\"2025-02-26T14:56:54+00:00\",\"mainEntityOfPage\":{\"@id\":\"https:\\\/\\\/www.copealcoy.es\\\/es\\\/informativo-matinal-miercoles-26-de-febrero-2025-0750h\\\/\"},\"wordCount\":409,\"commentCount\":0,\"image\":{\"@id\":\"https:\\\/\\\/www.copealcoy.es\\\/es\\\/informativo-matinal-miercoles-26-de-febrero-2025-0750h\\\/#primaryimage\"},\"thumbnailUrl\":\"https:\\\/\\\/www.copealcoy.es\\\/wp-content\\\/uploads\\\/2025\\\/02\\\/Informativo-Matinal-Castellano.png\",\"articleSection\":[\"Actualidad\",\"Audios de los programas\",\"Informativos\",\"Noticias\"],\"inLanguage\":\"es\"},{\"@type\":\"WebPage\",\"@id\":\"https:\\\/\\\/www.copealcoy.es\\\/es\\\/informativo-matinal-miercoles-26-de-febrero-2025-0750h\\\/\",\"url\":\"https:\\\/\\\/www.copealcoy.es\\\/es\\\/informativo-matinal-miercoles-26-de-febrero-2025-0750h\\\/\",\"name\":\"Informativo matinal mi\u00e9rcoles 26 de febrero 2025 (07:50h) - COPE Alcoy\",\"isPartOf\":{\"@id\":\"https:\\\/\\\/www.copealcoy.es\\\/es\\\/#website\"},\"primaryImageOfPage\":{\"@id\":\"https:\\\/\\\/www.copealcoy.es\\\/es\\\/informativo-matinal-miercoles-26-de-febrero-2025-0750h\\\/#primaryimage\"},\"image\":{\"@id\":\"https:\\\/\\\/www.copealcoy.es\\\/es\\\/informativo-matinal-miercoles-26-de-febrero-2025-0750h\\\/#primaryimage\"},\"thumbnailUrl\":\"https:\\\/\\\/www.copealcoy.es\\\/wp-content\\\/uploads\\\/2025\\\/02\\\/Informativo-Matinal-Castellano.png\",\"datePublished\":\"2025-02-26T06:30:54+00:00\",\"dateModified\":\"2025-02-26T14:56:54+00:00\",\"author\":{\"@id\":\"https:\\\/\\\/www.copealcoy.es\\\/es\\\/#\\\/schema\\\/person\\\/e777c87fa024e57d40170af9df39882c\"},\"breadcrumb\":{\"@id\":\"https:\\\/\\\/www.copealcoy.es\\\/es\\\/informativo-matinal-miercoles-26-de-febrero-2025-0750h\\\/#breadcrumb\"},\"inLanguage\":\"es\",\"potentialAction\":[{\"@type\":\"ReadAction\",\"target\":[\"https:\\\/\\\/www.copealcoy.es\\\/es\\\/informativo-matinal-miercoles-26-de-febrero-2025-0750h\\\/\"]}]},{\"@type\":\"ImageObject\",\"inLanguage\":\"es\",\"@id\":\"https:\\\/\\\/www.copealcoy.es\\\/es\\\/informativo-matinal-miercoles-26-de-febrero-2025-0750h\\\/#primaryimage\",\"url\":\"https:\\\/\\\/www.copealcoy.es\\\/wp-content\\\/uploads\\\/2025\\\/02\\\/Informativo-Matinal-Castellano.png\",\"contentUrl\":\"https:\\\/\\\/www.copealcoy.es\\\/wp-content\\\/uploads\\\/2025\\\/02\\\/Informativo-Matinal-Castellano.png\",\"width\":357,\"height\":290},{\"@type\":\"BreadcrumbList\",\"@id\":\"https:\\\/\\\/www.copealcoy.es\\\/es\\\/informativo-matinal-miercoles-26-de-febrero-2025-0750h\\\/#breadcrumb\",\"itemListElement\":[{\"@type\":\"ListItem\",\"position\":1,\"name\":\"Portada\",\"item\":\"https:\\\/\\\/www.copealcoy.es\\\/es\\\/\"},{\"@type\":\"ListItem\",\"position\":2,\"name\":\"Informativo matinal mi\u00e9rcoles 26 de febrero 2025 (07:50h)\"}]},{\"@type\":\"WebSite\",\"@id\":\"https:\\\/\\\/www.copealcoy.es\\\/es\\\/#website\",\"url\":\"https:\\\/\\\/www.copealcoy.es\\\/es\\\/\",\"name\":\"COPE Alcoy\",\"description\":\"Emisora COPE de radio local con emisi\u00f3n online. Pont de Sant Jordi 8-10 03803 Alcoy\",\"potentialAction\":[{\"@type\":\"SearchAction\",\"target\":{\"@type\":\"EntryPoint\",\"urlTemplate\":\"https:\\\/\\\/www.copealcoy.es\\\/es\\\/?s={search_term_string}\"},\"query-input\":{\"@type\":\"PropertyValueSpecification\",\"valueRequired\":true,\"valueName\":\"search_term_string\"}}],\"inLanguage\":\"es\"},{\"@type\":\"Person\",\"@id\":\"https:\\\/\\\/www.copealcoy.es\\\/es\\\/#\\\/schema\\\/person\\\/e777c87fa024e57d40170af9df39882c\",\"name\":\"Cope Alcoy\",\"image\":{\"@type\":\"ImageObject\",\"inLanguage\":\"es\",\"@id\":\"https:\\\/\\\/secure.gravatar.com\\\/avatar\\\/bb65d0283347e303893ba14f0692005417c1e0e690a325a4c5d8bb2b3943ee14?s=96&d=mm&r=g\",\"url\":\"https:\\\/\\\/secure.gravatar.com\\\/avatar\\\/bb65d0283347e303893ba14f0692005417c1e0e690a325a4c5d8bb2b3943ee14?s=96&d=mm&r=g\",\"contentUrl\":\"https:\\\/\\\/secure.gravatar.com\\\/avatar\\\/bb65d0283347e303893ba14f0692005417c1e0e690a325a4c5d8bb2b3943ee14?s=96&d=mm&r=g\",\"caption\":\"Cope Alcoy\"}}]}<\/script>\n<!-- \/ Yoast SEO plugin. -->","yoast_head_json":{"title":"Informativo matinal mi\u00e9rcoles 26 de febrero 2025 (07:50h) - COPE Alcoy","robots":{"index":"index","follow":"follow","max-snippet":"max-snippet:-1","max-image-preview":"max-image-preview:large","max-video-preview":"max-video-preview:-1"},"canonical":"https:\/\/www.copealcoy.es\/es\/informativo-matinal-miercoles-26-de-febrero-2025-0750h\/","og_locale":"es_ES","og_type":"article","og_title":"Informativo matinal mi\u00e9rcoles 26 de febrero 2025 (07:50h) - COPE Alcoy","og_description":"Hoy mi\u00e9rcoles hemos destacado que se van a llevar a cabo en Alcoy trabajos para acondicionar la calle Per\u00fa. Tambi\u00e9n...","og_url":"https:\/\/www.copealcoy.es\/es\/informativo-matinal-miercoles-26-de-febrero-2025-0750h\/","og_site_name":"COPE Alcoy","article_published_time":"2025-02-26T06:30:54+00:00","article_modified_time":"2025-02-26T14:56:54+00:00","og_image":[{"width":357,"height":290,"url":"https:\/\/www.copealcoy.es\/wp-content\/uploads\/2025\/02\/Informativo-Matinal-Castellano.png","type":"image\/png"}],"author":"Cope Alcoy","twitter_misc":{"Escrito por":"Cope Alcoy","Tiempo de lectura":"3 minutos"},"schema":{"@context":"https:\/\/schema.org","@graph":[{"@type":"Article","@id":"https:\/\/www.copealcoy.es\/es\/informativo-matinal-miercoles-26-de-febrero-2025-0750h\/#article","isPartOf":{"@id":"https:\/\/www.copealcoy.es\/es\/informativo-matinal-miercoles-26-de-febrero-2025-0750h\/"},"author":{"name":"Cope Alcoy","@id":"https:\/\/www.copealcoy.es\/es\/#\/schema\/person\/e777c87fa024e57d40170af9df39882c"},"headline":"Informativo matinal mi\u00e9rcoles 26 de febrero 2025 (07:50h)","datePublished":"2025-02-26T06:30:54+00:00","dateModified":"2025-02-26T14:56:54+00:00","mainEntityOfPage":{"@id":"https:\/\/www.copealcoy.es\/es\/informativo-matinal-miercoles-26-de-febrero-2025-0750h\/"},"wordCount":409,"commentCount":0,"image":{"@id":"https:\/\/www.copealcoy.es\/es\/informativo-matinal-miercoles-26-de-febrero-2025-0750h\/#primaryimage"},"thumbnailUrl":"https:\/\/www.copealcoy.es\/wp-content\/uploads\/2025\/02\/Informativo-Matinal-Castellano.png","articleSection":["Actualidad","Audios de los programas","Informativos","Noticias"],"inLanguage":"es"},{"@type":"WebPage","@id":"https:\/\/www.copealcoy.es\/es\/informativo-matinal-miercoles-26-de-febrero-2025-0750h\/","url":"https:\/\/www.copealcoy.es\/es\/informativo-matinal-miercoles-26-de-febrero-2025-0750h\/","name":"Informativo matinal mi\u00e9rcoles 26 de febrero 2025 (07:50h) - COPE Alcoy","isPartOf":{"@id":"https:\/\/www.copealcoy.es\/es\/#website"},"primaryImageOfPage":{"@id":"https:\/\/www.copealcoy.es\/es\/informativo-matinal-miercoles-26-de-febrero-2025-0750h\/#primaryimage"},"image":{"@id":"https:\/\/www.copealcoy.es\/es\/informativo-matinal-miercoles-26-de-febrero-2025-0750h\/#primaryimage"},"thumbnailUrl":"https:\/\/www.copealcoy.es\/wp-content\/uploads\/2025\/02\/Informativo-Matinal-Castellano.png","datePublished":"2025-02-26T06:30:54+00:00","dateModified":"2025-02-26T14:56:54+00:00","author":{"@id":"https:\/\/www.copealcoy.es\/es\/#\/schema\/person\/e777c87fa024e57d40170af9df39882c"},"breadcrumb":{"@id":"https:\/\/www.copealcoy.es\/es\/informativo-matinal-miercoles-26-de-febrero-2025-0750h\/#breadcrumb"},"inLanguage":"es","potentialAction":[{"@type":"ReadAction","target":["https:\/\/www.copealcoy.es\/es\/informativo-matinal-miercoles-26-de-febrero-2025-0750h\/"]}]},{"@type":"ImageObject","inLanguage":"es","@id":"https:\/\/www.copealcoy.es\/es\/informativo-matinal-miercoles-26-de-febrero-2025-0750h\/#primaryimage","url":"https:\/\/www.copealcoy.es\/wp-content\/uploads\/2025\/02\/Informativo-Matinal-Castellano.png","contentUrl":"https:\/\/www.copealcoy.es\/wp-content\/uploads\/2025\/02\/Informativo-Matinal-Castellano.png","width":357,"height":290},{"@type":"BreadcrumbList","@id":"https:\/\/www.copealcoy.es\/es\/informativo-matinal-miercoles-26-de-febrero-2025-0750h\/#breadcrumb","itemListElement":[{"@type":"ListItem","position":1,"name":"Portada","item":"https:\/\/www.copealcoy.es\/es\/"},{"@type":"ListItem","position":2,"name":"Informativo matinal mi\u00e9rcoles 26 de febrero 2025 (07:50h)"}]},{"@type":"WebSite","@id":"https:\/\/www.copealcoy.es\/es\/#website","url":"https:\/\/www.copealcoy.es\/es\/","name":"COPE Alcoy","description":"Emisora COPE de radio local con emisi\u00f3n online. Pont de Sant Jordi 8-10 03803 Alcoy","potentialAction":[{"@type":"SearchAction","target":{"@type":"EntryPoint","urlTemplate":"https:\/\/www.copealcoy.es\/es\/?s={search_term_string}"},"query-input":{"@type":"PropertyValueSpecification","valueRequired":true,"valueName":"search_term_string"}}],"inLanguage":"es"},{"@type":"Person","@id":"https:\/\/www.copealcoy.es\/es\/#\/schema\/person\/e777c87fa024e57d40170af9df39882c","name":"Cope Alcoy","image":{"@type":"ImageObject","inLanguage":"es","@id":"https:\/\/secure.gravatar.com\/avatar\/bb65d0283347e303893ba14f0692005417c1e0e690a325a4c5d8bb2b3943ee14?s=96&d=mm&r=g","url":"https:\/\/secure.gravatar.com\/avatar\/bb65d0283347e303893ba14f0692005417c1e0e690a325a4c5d8bb2b3943ee14?s=96&d=mm&r=g","contentUrl":"https:\/\/secure.gravatar.com\/avatar\/bb65d0283347e303893ba14f0692005417c1e0e690a325a4c5d8bb2b3943ee14?s=96&d=mm&r=g","caption":"Cope Alcoy"}}]}},"_links":{"self":[{"href":"https:\/\/www.copealcoy.es\/es\/wp-json\/wp\/v2\/posts\/148196","targetHints":{"allow":["GET"]}}],"collection":[{"href":"https:\/\/www.copealcoy.es\/es\/wp-json\/wp\/v2\/posts"}],"about":[{"href":"https:\/\/www.copealcoy.es\/es\/wp-json\/wp\/v2\/types\/post"}],"author":[{"embeddable":true,"href":"https:\/\/www.copealcoy.es\/es\/wp-json\/wp\/v2\/users\/1"}],"replies":[{"embeddable":true,"href":"https:\/\/www.copealcoy.es\/es\/wp-json\/wp\/v2\/comments?post=148196"}],"version-history":[{"count":0,"href":"https:\/\/www.copealcoy.es\/es\/wp-json\/wp\/v2\/posts\/148196\/revisions"}],"wp:featuredmedia":[{"embeddable":true,"href":"https:\/\/www.copealcoy.es\/es\/wp-json\/wp\/v2\/media\/147669"}],"wp:attachment":[{"href":"https:\/\/www.copealcoy.es\/es\/wp-json\/wp\/v2\/media?parent=148196"}],"wp:term":[{"taxonomy":"category","embeddable":true,"href":"https:\/\/www.copealcoy.es\/es\/wp-json\/wp\/v2\/categories?post=148196"},{"taxonomy":"post_tag","embeddable":true,"href":"https:\/\/www.copealcoy.es\/es\/wp-json\/wp\/v2\/tags?post=148196"}],"curies":[{"name":"wp","href":"https:\/\/api.w.org\/{rel}","templated":true}]}}