{"id":148120,"date":"2025-03-04T08:00:49","date_gmt":"2025-03-04T07:00:49","guid":{"rendered":"https:\/\/www.copealcoy.es\/?p=148120"},"modified":"2025-03-04T11:37:36","modified_gmt":"2025-03-04T10:37:36","slug":"aitex-abandera-un-proyecto-para-mejorar-la-sostenibilidad-en-la-industria-textil-y-cosmetica","status":"publish","type":"post","link":"https:\/\/www.copealcoy.es\/es\/aitex-abandera-un-proyecto-para-mejorar-la-sostenibilidad-en-la-industria-textil-y-cosmetica\/","title":{"rendered":"AITEX abandera un proyecto para mejorar la sostenibilidad en la industria textil y cosm\u00e9tica"},"content":{"rendered":"<p style=\"text-align: justify;\">La <a href=\"https:\/\/cindi.gva.es\/es\/\" target=\"_blank\" rel=\"noopener\"><span style=\"color: #0000ff;\"><strong>Conselleria de Innovaci\u00f3n, Industria, Comercio y Turismo<\/strong><\/span><\/a> ha puesto en marcha el proyecto <strong>PROSTECO<\/strong>, financiado a trav\u00e9s de la Direcci\u00f3n General de Innovaci\u00f3n, con el objetivo de <strong>fomentar procesos industriales m\u00e1s sostenibles en los sectores textil y cosm\u00e9tico<\/strong>. Esta ambiciosa iniciativa <strong>est\u00e1 liderada por el Centro de Investigaci\u00f3n e Innovaci\u00f3n AITEX<\/strong>\u00a0y <strong>se centra en reducir el impacto medioambiental<\/strong> tanto en los procesos como en los materiales utilizados, priorizando el empleo de productos de origen natural.<\/p>\n<p style=\"text-align: justify;\">Ante los efectos negativos del cambio clim\u00e1tico y la sobreexplotaci\u00f3n de recursos naturales, <strong>la industria se enfrenta a la necesidad urgente de adaptarse a un modelo de econom\u00eda circular<\/strong> que est\u00e9 alineado con las pol\u00edticas ambientales establecidas por la Uni\u00f3n Europea. En este contexto, <strong>AITEX busca desarrollar soluciones innovadoras<\/strong> que optimicen los procesos de producci\u00f3n, especialmente en el \u00e1rea del te\u00f1ido textil, con el fin de minimizar su huella ecol\u00f3gica.<\/p>\n<p style=\"text-align: justify;\">El director general de Innovaci\u00f3n, <strong>Juan Jos\u00e9 Cort\u00e9s<\/strong>, ha destacado la importancia de esta iniciativa para ayudar al sector a cumplir con los requisitos europeos en materia de sostenibilidad. \u201c<em>Gracias a la innovaci\u00f3n, nuestras empresas est\u00e1n mejor preparadas y son m\u00e1s competitivas para afrontar un futuro que necesariamente debe compatibilizar la actividad industrial con el respeto al medio ambiente<\/em>\u201d, afirma.<\/p>\n<p style=\"text-align: justify;\">En el \u00e1mbito textil, <strong>PROSTECO ha logrado avances significativos<\/strong>, reduciendo hasta diez veces el consumo de agua \u2014lo que representa un 90% menos respecto a los m\u00e9todos tradicionales\u2014 y disminuyendo tambi\u00e9n la aplicaci\u00f3n de productos qu\u00edmicos y el gasto energ\u00e9tico. Esto ha llevado a una notable reducci\u00f3n del volumen de aguas residuales generadas y su carga contaminante. Por otro lado, en el sector cosm\u00e9tico se han desarrollado formulaciones sostenibles que utilizan emulsiones en fr\u00edo y ingredientes reciclables (upcycled), as\u00ed como procesos sin agua (waterless). Estas innovaciones no solo contribuyen a la sostenibilidad ambiental, sino que tambi\u00e9n han permitido utilizar el 100% de subproductos alimentarios como materia prima para crear productos cosm\u00e9ticos. Entre estos productos destacan s\u00e9rums faciales, exfoliantes corporales y productos capilares.<\/p>\n<p style=\"text-align: justify;\">Adem\u00e1s, <strong>se han evaluado mejoras en la seguridad y eficacia<\/strong> de estos nuevos productos cosm\u00e9ticos, logrando un 15% m\u00e1s de hidrataci\u00f3n y una reducci\u00f3n del 60% en grasa capilar. Por \u00faltimo <strong>se han desarrollado cosmetotextiles<\/strong> que incorporan principios activos para el cuidado de la piel mediante un proceso innovador de micronebulizaci\u00f3n.<\/p>\n","protected":false},"excerpt":{"rendered":"<p>La Conselleria de Innovaci\u00f3n, Industria, Comercio y Turismo ha puesto en marcha el proyecto PROSTECO, financiado a trav\u00e9s de la&#8230;<\/p>\n","protected":false},"author":1,"featured_media":125428,"comment_status":"open","ping_status":"open","sticky":false,"template":"","format":"standard","meta":{"footnotes":""},"categories":[6909,97,75,79],"tags":[771,19257,19256,525,762,1429],"class_list":["post-148120","post","type-post","status-publish","format-standard","has-post-thumbnail","hentry","category-actualidad","category-alcoy","category-noticias","category-politicayeconomia","tag-aitex","tag-cosmetica-es","tag-prosteco","tag-proyecto","tag-sostenibilidad","tag-textil"],"yoast_head":"<!-- This site is optimized with the Yoast SEO plugin v27.3 - https:\/\/yoast.com\/product\/yoast-seo-wordpress\/ -->\n<title>AITEX abandera un proyecto para mejorar la sostenibilidad en la industria textil y cosm\u00e9tica - COPE Alcoy<\/title>\n<meta name=\"description\" content=\"La Conselleria de Innovaci\u00f3n, Industria, Comercio y Turismo ha puesto en marcha el proyecto PROSTECO, financiado a trav\u00e9s de la Direcci\u00f3n General de Innovaci\u00f3n, con el objetivo de fomentar procesos industriales m\u00e1s sostenibles en los sectores textil y cosm\u00e9tico\" \/>\n<meta name=\"robots\" content=\"index, follow, max-snippet:-1, max-image-preview:large, max-video-preview:-1\" \/>\n<link rel=\"canonical\" href=\"https:\/\/www.copealcoy.es\/es\/aitex-abandera-un-proyecto-para-mejorar-la-sostenibilidad-en-la-industria-textil-y-cosmetica\/\" \/>\n<meta property=\"og:locale\" content=\"es_ES\" \/>\n<meta property=\"og:type\" content=\"article\" \/>\n<meta property=\"og:title\" content=\"AITEX abandera un proyecto para mejorar la sostenibilidad en la industria textil y cosm\u00e9tica - COPE Alcoy\" \/>\n<meta property=\"og:description\" content=\"La Conselleria de Innovaci\u00f3n, Industria, Comercio y Turismo ha puesto en marcha el proyecto PROSTECO, financiado a trav\u00e9s de la Direcci\u00f3n General de Innovaci\u00f3n, con el objetivo de fomentar procesos industriales m\u00e1s sostenibles en los sectores textil y cosm\u00e9tico\" \/>\n<meta property=\"og:url\" content=\"https:\/\/www.copealcoy.es\/es\/aitex-abandera-un-proyecto-para-mejorar-la-sostenibilidad-en-la-industria-textil-y-cosmetica\/\" \/>\n<meta property=\"og:site_name\" content=\"COPE Alcoy\" \/>\n<meta property=\"article:published_time\" content=\"2025-03-04T07:00:49+00:00\" \/>\n<meta property=\"article:modified_time\" content=\"2025-03-04T10:37:36+00:00\" \/>\n<meta property=\"og:image\" content=\"https:\/\/www.copealcoy.es\/wp-content\/uploads\/2023\/11\/Esta-edicion-sera-la-primera-que-se-realice-en-la-nueva-sede-de-AITEX-scaled.jpg\" \/>\n\t<meta property=\"og:image:width\" content=\"1620\" \/>\n\t<meta property=\"og:image:height\" content=\"1080\" \/>\n\t<meta property=\"og:image:type\" content=\"image\/jpeg\" \/>\n<meta name=\"author\" content=\"Cope Alcoy\" \/>\n<meta name=\"twitter:label1\" content=\"Escrito por\" \/>\n\t<meta name=\"twitter:data1\" content=\"Cope Alcoy\" \/>\n\t<meta name=\"twitter:label2\" content=\"Tiempo de lectura\" \/>\n\t<meta name=\"twitter:data2\" content=\"3 minutos\" \/>\n<script type=\"application\/ld+json\" class=\"yoast-schema-graph\">{\"@context\":\"https:\\\/\\\/schema.org\",\"@graph\":[{\"@type\":\"Article\",\"@id\":\"https:\\\/\\\/www.copealcoy.es\\\/es\\\/aitex-abandera-un-proyecto-para-mejorar-la-sostenibilidad-en-la-industria-textil-y-cosmetica\\\/#article\",\"isPartOf\":{\"@id\":\"https:\\\/\\\/www.copealcoy.es\\\/es\\\/aitex-abandera-un-proyecto-para-mejorar-la-sostenibilidad-en-la-industria-textil-y-cosmetica\\\/\"},\"author\":{\"name\":\"Cope Alcoy\",\"@id\":\"https:\\\/\\\/www.copealcoy.es\\\/es\\\/#\\\/schema\\\/person\\\/e777c87fa024e57d40170af9df39882c\"},\"headline\":\"AITEX abandera un proyecto para mejorar la sostenibilidad en la industria textil y cosm\u00e9tica\",\"datePublished\":\"2025-03-04T07:00:49+00:00\",\"dateModified\":\"2025-03-04T10:37:36+00:00\",\"mainEntityOfPage\":{\"@id\":\"https:\\\/\\\/www.copealcoy.es\\\/es\\\/aitex-abandera-un-proyecto-para-mejorar-la-sostenibilidad-en-la-industria-textil-y-cosmetica\\\/\"},\"wordCount\":429,\"commentCount\":0,\"image\":{\"@id\":\"https:\\\/\\\/www.copealcoy.es\\\/es\\\/aitex-abandera-un-proyecto-para-mejorar-la-sostenibilidad-en-la-industria-textil-y-cosmetica\\\/#primaryimage\"},\"thumbnailUrl\":\"https:\\\/\\\/www.copealcoy.es\\\/wp-content\\\/uploads\\\/2023\\\/11\\\/Esta-edicion-sera-la-primera-que-se-realice-en-la-nueva-sede-de-AITEX-scaled.jpg\",\"keywords\":[\"Aitex\",\"cosm\u00e8tica\",\"PROSTECO\",\"Proyecto\",\"Sostenibilidad\",\"Textil\"],\"articleSection\":[\"Actualidad\",\"Alcoy\",\"Noticias\",\"Pol\u00edtica y Econom\u00eda\"],\"inLanguage\":\"es\"},{\"@type\":\"WebPage\",\"@id\":\"https:\\\/\\\/www.copealcoy.es\\\/es\\\/aitex-abandera-un-proyecto-para-mejorar-la-sostenibilidad-en-la-industria-textil-y-cosmetica\\\/\",\"url\":\"https:\\\/\\\/www.copealcoy.es\\\/es\\\/aitex-abandera-un-proyecto-para-mejorar-la-sostenibilidad-en-la-industria-textil-y-cosmetica\\\/\",\"name\":\"AITEX abandera un proyecto para mejorar la sostenibilidad en la industria textil y cosm\u00e9tica - COPE Alcoy\",\"isPartOf\":{\"@id\":\"https:\\\/\\\/www.copealcoy.es\\\/es\\\/#website\"},\"primaryImageOfPage\":{\"@id\":\"https:\\\/\\\/www.copealcoy.es\\\/es\\\/aitex-abandera-un-proyecto-para-mejorar-la-sostenibilidad-en-la-industria-textil-y-cosmetica\\\/#primaryimage\"},\"image\":{\"@id\":\"https:\\\/\\\/www.copealcoy.es\\\/es\\\/aitex-abandera-un-proyecto-para-mejorar-la-sostenibilidad-en-la-industria-textil-y-cosmetica\\\/#primaryimage\"},\"thumbnailUrl\":\"https:\\\/\\\/www.copealcoy.es\\\/wp-content\\\/uploads\\\/2023\\\/11\\\/Esta-edicion-sera-la-primera-que-se-realice-en-la-nueva-sede-de-AITEX-scaled.jpg\",\"datePublished\":\"2025-03-04T07:00:49+00:00\",\"dateModified\":\"2025-03-04T10:37:36+00:00\",\"author\":{\"@id\":\"https:\\\/\\\/www.copealcoy.es\\\/es\\\/#\\\/schema\\\/person\\\/e777c87fa024e57d40170af9df39882c\"},\"description\":\"La Conselleria de Innovaci\u00f3n, Industria, Comercio y Turismo ha puesto en marcha el proyecto PROSTECO, financiado a trav\u00e9s de la Direcci\u00f3n General de Innovaci\u00f3n, con el objetivo de fomentar procesos industriales m\u00e1s sostenibles en los sectores textil y cosm\u00e9tico\",\"breadcrumb\":{\"@id\":\"https:\\\/\\\/www.copealcoy.es\\\/es\\\/aitex-abandera-un-proyecto-para-mejorar-la-sostenibilidad-en-la-industria-textil-y-cosmetica\\\/#breadcrumb\"},\"inLanguage\":\"es\",\"potentialAction\":[{\"@type\":\"ReadAction\",\"target\":[\"https:\\\/\\\/www.copealcoy.es\\\/es\\\/aitex-abandera-un-proyecto-para-mejorar-la-sostenibilidad-en-la-industria-textil-y-cosmetica\\\/\"]}]},{\"@type\":\"ImageObject\",\"inLanguage\":\"es\",\"@id\":\"https:\\\/\\\/www.copealcoy.es\\\/es\\\/aitex-abandera-un-proyecto-para-mejorar-la-sostenibilidad-en-la-industria-textil-y-cosmetica\\\/#primaryimage\",\"url\":\"https:\\\/\\\/www.copealcoy.es\\\/wp-content\\\/uploads\\\/2023\\\/11\\\/Esta-edicion-sera-la-primera-que-se-realice-en-la-nueva-sede-de-AITEX-scaled.jpg\",\"contentUrl\":\"https:\\\/\\\/www.copealcoy.es\\\/wp-content\\\/uploads\\\/2023\\\/11\\\/Esta-edicion-sera-la-primera-que-se-realice-en-la-nueva-sede-de-AITEX-scaled.jpg\",\"width\":1620,\"height\":1080},{\"@type\":\"BreadcrumbList\",\"@id\":\"https:\\\/\\\/www.copealcoy.es\\\/es\\\/aitex-abandera-un-proyecto-para-mejorar-la-sostenibilidad-en-la-industria-textil-y-cosmetica\\\/#breadcrumb\",\"itemListElement\":[{\"@type\":\"ListItem\",\"position\":1,\"name\":\"Portada\",\"item\":\"https:\\\/\\\/www.copealcoy.es\\\/es\\\/\"},{\"@type\":\"ListItem\",\"position\":2,\"name\":\"AITEX abandera un proyecto para mejorar la sostenibilidad en la industria textil y cosm\u00e9tica\"}]},{\"@type\":\"WebSite\",\"@id\":\"https:\\\/\\\/www.copealcoy.es\\\/es\\\/#website\",\"url\":\"https:\\\/\\\/www.copealcoy.es\\\/es\\\/\",\"name\":\"COPE Alcoy\",\"description\":\"Emisora COPE de radio local con emisi\u00f3n online. Pont de Sant Jordi 8-10 03803 Alcoy\",\"potentialAction\":[{\"@type\":\"SearchAction\",\"target\":{\"@type\":\"EntryPoint\",\"urlTemplate\":\"https:\\\/\\\/www.copealcoy.es\\\/es\\\/?s={search_term_string}\"},\"query-input\":{\"@type\":\"PropertyValueSpecification\",\"valueRequired\":true,\"valueName\":\"search_term_string\"}}],\"inLanguage\":\"es\"},{\"@type\":\"Person\",\"@id\":\"https:\\\/\\\/www.copealcoy.es\\\/es\\\/#\\\/schema\\\/person\\\/e777c87fa024e57d40170af9df39882c\",\"name\":\"Cope Alcoy\",\"image\":{\"@type\":\"ImageObject\",\"inLanguage\":\"es\",\"@id\":\"https:\\\/\\\/secure.gravatar.com\\\/avatar\\\/bb65d0283347e303893ba14f0692005417c1e0e690a325a4c5d8bb2b3943ee14?s=96&d=mm&r=g\",\"url\":\"https:\\\/\\\/secure.gravatar.com\\\/avatar\\\/bb65d0283347e303893ba14f0692005417c1e0e690a325a4c5d8bb2b3943ee14?s=96&d=mm&r=g\",\"contentUrl\":\"https:\\\/\\\/secure.gravatar.com\\\/avatar\\\/bb65d0283347e303893ba14f0692005417c1e0e690a325a4c5d8bb2b3943ee14?s=96&d=mm&r=g\",\"caption\":\"Cope Alcoy\"}}]}<\/script>\n<!-- \/ Yoast SEO plugin. -->","yoast_head_json":{"title":"AITEX abandera un proyecto para mejorar la sostenibilidad en la industria textil y cosm\u00e9tica - COPE Alcoy","description":"La Conselleria de Innovaci\u00f3n, Industria, Comercio y Turismo ha puesto en marcha el proyecto PROSTECO, financiado a trav\u00e9s de la Direcci\u00f3n General de Innovaci\u00f3n, con el objetivo de fomentar procesos industriales m\u00e1s sostenibles en los sectores textil y cosm\u00e9tico","robots":{"index":"index","follow":"follow","max-snippet":"max-snippet:-1","max-image-preview":"max-image-preview:large","max-video-preview":"max-video-preview:-1"},"canonical":"https:\/\/www.copealcoy.es\/es\/aitex-abandera-un-proyecto-para-mejorar-la-sostenibilidad-en-la-industria-textil-y-cosmetica\/","og_locale":"es_ES","og_type":"article","og_title":"AITEX abandera un proyecto para mejorar la sostenibilidad en la industria textil y cosm\u00e9tica - COPE Alcoy","og_description":"La Conselleria de Innovaci\u00f3n, Industria, Comercio y Turismo ha puesto en marcha el proyecto PROSTECO, financiado a trav\u00e9s de la Direcci\u00f3n General de Innovaci\u00f3n, con el objetivo de fomentar procesos industriales m\u00e1s sostenibles en los sectores textil y cosm\u00e9tico","og_url":"https:\/\/www.copealcoy.es\/es\/aitex-abandera-un-proyecto-para-mejorar-la-sostenibilidad-en-la-industria-textil-y-cosmetica\/","og_site_name":"COPE Alcoy","article_published_time":"2025-03-04T07:00:49+00:00","article_modified_time":"2025-03-04T10:37:36+00:00","og_image":[{"width":1620,"height":1080,"url":"https:\/\/www.copealcoy.es\/wp-content\/uploads\/2023\/11\/Esta-edicion-sera-la-primera-que-se-realice-en-la-nueva-sede-de-AITEX-scaled.jpg","type":"image\/jpeg"}],"author":"Cope Alcoy","twitter_misc":{"Escrito por":"Cope Alcoy","Tiempo de lectura":"3 minutos"},"schema":{"@context":"https:\/\/schema.org","@graph":[{"@type":"Article","@id":"https:\/\/www.copealcoy.es\/es\/aitex-abandera-un-proyecto-para-mejorar-la-sostenibilidad-en-la-industria-textil-y-cosmetica\/#article","isPartOf":{"@id":"https:\/\/www.copealcoy.es\/es\/aitex-abandera-un-proyecto-para-mejorar-la-sostenibilidad-en-la-industria-textil-y-cosmetica\/"},"author":{"name":"Cope Alcoy","@id":"https:\/\/www.copealcoy.es\/es\/#\/schema\/person\/e777c87fa024e57d40170af9df39882c"},"headline":"AITEX abandera un proyecto para mejorar la sostenibilidad en la industria textil y cosm\u00e9tica","datePublished":"2025-03-04T07:00:49+00:00","dateModified":"2025-03-04T10:37:36+00:00","mainEntityOfPage":{"@id":"https:\/\/www.copealcoy.es\/es\/aitex-abandera-un-proyecto-para-mejorar-la-sostenibilidad-en-la-industria-textil-y-cosmetica\/"},"wordCount":429,"commentCount":0,"image":{"@id":"https:\/\/www.copealcoy.es\/es\/aitex-abandera-un-proyecto-para-mejorar-la-sostenibilidad-en-la-industria-textil-y-cosmetica\/#primaryimage"},"thumbnailUrl":"https:\/\/www.copealcoy.es\/wp-content\/uploads\/2023\/11\/Esta-edicion-sera-la-primera-que-se-realice-en-la-nueva-sede-de-AITEX-scaled.jpg","keywords":["Aitex","cosm\u00e8tica","PROSTECO","Proyecto","Sostenibilidad","Textil"],"articleSection":["Actualidad","Alcoy","Noticias","Pol\u00edtica y Econom\u00eda"],"inLanguage":"es"},{"@type":"WebPage","@id":"https:\/\/www.copealcoy.es\/es\/aitex-abandera-un-proyecto-para-mejorar-la-sostenibilidad-en-la-industria-textil-y-cosmetica\/","url":"https:\/\/www.copealcoy.es\/es\/aitex-abandera-un-proyecto-para-mejorar-la-sostenibilidad-en-la-industria-textil-y-cosmetica\/","name":"AITEX abandera un proyecto para mejorar la sostenibilidad en la industria textil y cosm\u00e9tica - COPE Alcoy","isPartOf":{"@id":"https:\/\/www.copealcoy.es\/es\/#website"},"primaryImageOfPage":{"@id":"https:\/\/www.copealcoy.es\/es\/aitex-abandera-un-proyecto-para-mejorar-la-sostenibilidad-en-la-industria-textil-y-cosmetica\/#primaryimage"},"image":{"@id":"https:\/\/www.copealcoy.es\/es\/aitex-abandera-un-proyecto-para-mejorar-la-sostenibilidad-en-la-industria-textil-y-cosmetica\/#primaryimage"},"thumbnailUrl":"https:\/\/www.copealcoy.es\/wp-content\/uploads\/2023\/11\/Esta-edicion-sera-la-primera-que-se-realice-en-la-nueva-sede-de-AITEX-scaled.jpg","datePublished":"2025-03-04T07:00:49+00:00","dateModified":"2025-03-04T10:37:36+00:00","author":{"@id":"https:\/\/www.copealcoy.es\/es\/#\/schema\/person\/e777c87fa024e57d40170af9df39882c"},"description":"La Conselleria de Innovaci\u00f3n, Industria, Comercio y Turismo ha puesto en marcha el proyecto PROSTECO, financiado a trav\u00e9s de la Direcci\u00f3n General de Innovaci\u00f3n, con el objetivo de fomentar procesos industriales m\u00e1s sostenibles en los sectores textil y cosm\u00e9tico","breadcrumb":{"@id":"https:\/\/www.copealcoy.es\/es\/aitex-abandera-un-proyecto-para-mejorar-la-sostenibilidad-en-la-industria-textil-y-cosmetica\/#breadcrumb"},"inLanguage":"es","potentialAction":[{"@type":"ReadAction","target":["https:\/\/www.copealcoy.es\/es\/aitex-abandera-un-proyecto-para-mejorar-la-sostenibilidad-en-la-industria-textil-y-cosmetica\/"]}]},{"@type":"ImageObject","inLanguage":"es","@id":"https:\/\/www.copealcoy.es\/es\/aitex-abandera-un-proyecto-para-mejorar-la-sostenibilidad-en-la-industria-textil-y-cosmetica\/#primaryimage","url":"https:\/\/www.copealcoy.es\/wp-content\/uploads\/2023\/11\/Esta-edicion-sera-la-primera-que-se-realice-en-la-nueva-sede-de-AITEX-scaled.jpg","contentUrl":"https:\/\/www.copealcoy.es\/wp-content\/uploads\/2023\/11\/Esta-edicion-sera-la-primera-que-se-realice-en-la-nueva-sede-de-AITEX-scaled.jpg","width":1620,"height":1080},{"@type":"BreadcrumbList","@id":"https:\/\/www.copealcoy.es\/es\/aitex-abandera-un-proyecto-para-mejorar-la-sostenibilidad-en-la-industria-textil-y-cosmetica\/#breadcrumb","itemListElement":[{"@type":"ListItem","position":1,"name":"Portada","item":"https:\/\/www.copealcoy.es\/es\/"},{"@type":"ListItem","position":2,"name":"AITEX abandera un proyecto para mejorar la sostenibilidad en la industria textil y cosm\u00e9tica"}]},{"@type":"WebSite","@id":"https:\/\/www.copealcoy.es\/es\/#website","url":"https:\/\/www.copealcoy.es\/es\/","name":"COPE Alcoy","description":"Emisora COPE de radio local con emisi\u00f3n online. Pont de Sant Jordi 8-10 03803 Alcoy","potentialAction":[{"@type":"SearchAction","target":{"@type":"EntryPoint","urlTemplate":"https:\/\/www.copealcoy.es\/es\/?s={search_term_string}"},"query-input":{"@type":"PropertyValueSpecification","valueRequired":true,"valueName":"search_term_string"}}],"inLanguage":"es"},{"@type":"Person","@id":"https:\/\/www.copealcoy.es\/es\/#\/schema\/person\/e777c87fa024e57d40170af9df39882c","name":"Cope Alcoy","image":{"@type":"ImageObject","inLanguage":"es","@id":"https:\/\/secure.gravatar.com\/avatar\/bb65d0283347e303893ba14f0692005417c1e0e690a325a4c5d8bb2b3943ee14?s=96&d=mm&r=g","url":"https:\/\/secure.gravatar.com\/avatar\/bb65d0283347e303893ba14f0692005417c1e0e690a325a4c5d8bb2b3943ee14?s=96&d=mm&r=g","contentUrl":"https:\/\/secure.gravatar.com\/avatar\/bb65d0283347e303893ba14f0692005417c1e0e690a325a4c5d8bb2b3943ee14?s=96&d=mm&r=g","caption":"Cope Alcoy"}}]}},"_links":{"self":[{"href":"https:\/\/www.copealcoy.es\/es\/wp-json\/wp\/v2\/posts\/148120","targetHints":{"allow":["GET"]}}],"collection":[{"href":"https:\/\/www.copealcoy.es\/es\/wp-json\/wp\/v2\/posts"}],"about":[{"href":"https:\/\/www.copealcoy.es\/es\/wp-json\/wp\/v2\/types\/post"}],"author":[{"embeddable":true,"href":"https:\/\/www.copealcoy.es\/es\/wp-json\/wp\/v2\/users\/1"}],"replies":[{"embeddable":true,"href":"https:\/\/www.copealcoy.es\/es\/wp-json\/wp\/v2\/comments?post=148120"}],"version-history":[{"count":0,"href":"https:\/\/www.copealcoy.es\/es\/wp-json\/wp\/v2\/posts\/148120\/revisions"}],"wp:featuredmedia":[{"embeddable":true,"href":"https:\/\/www.copealcoy.es\/es\/wp-json\/wp\/v2\/media\/125428"}],"wp:attachment":[{"href":"https:\/\/www.copealcoy.es\/es\/wp-json\/wp\/v2\/media?parent=148120"}],"wp:term":[{"taxonomy":"category","embeddable":true,"href":"https:\/\/www.copealcoy.es\/es\/wp-json\/wp\/v2\/categories?post=148120"},{"taxonomy":"post_tag","embeddable":true,"href":"https:\/\/www.copealcoy.es\/es\/wp-json\/wp\/v2\/tags?post=148120"}],"curies":[{"name":"wp","href":"https:\/\/api.w.org\/{rel}","templated":true}]}}