{"id":147791,"date":"2025-02-18T09:00:17","date_gmt":"2025-02-18T08:00:17","guid":{"rendered":"https:\/\/www.copealcoy.es\/?p=147791"},"modified":"2025-02-19T19:55:42","modified_gmt":"2025-02-19T18:55:42","slug":"muro-no-renuncia-a-un-futuro-poligono-comarcal-mancomunado","status":"publish","type":"post","link":"https:\/\/www.copealcoy.es\/es\/muro-no-renuncia-a-un-futuro-poligono-comarcal-mancomunado\/","title":{"rendered":"Muro no renuncia a un futuro Pol\u00edgono Comarcal Mancomunado"},"content":{"rendered":"<p style=\"text-align: justify;\">El <span style=\"color: #0000ff;\"><a style=\"color: #0000ff;\" href=\"https:\/\/www.vilademuro.net\/\" target=\"_blank\" rel=\"noopener\"><strong>Ayuntamiento de Muro<\/strong> <\/a><\/span>no renuncia a un Pol\u00edgono Comarcal Mancomunado y para ello destaca <strong>la importancia de la colaboraci\u00f3n entre administraciones<\/strong> para hacerlo posible de cara al futuro m\u00e1s inmediato. Esta es una de las cuestiones que destac\u00f3 ayer <strong>en la reuni\u00f3n<\/strong> que el Consistorio mantuvo con Mari\u00e1n Cano, la Consellera de Industria de la Generalitat Valenciana.<\/p>\n<p style=\"text-align: justify;\">Al margen de esto, <strong>se anunci\u00f3 que la poblaci\u00f3n dispone de 500.000 metros cuadrados disponibles para suelo industrial<\/strong> junto a la carretera de la pedan\u00eda de Ben\u00e0mer. El proyecto, calificado como &#8220;<em>ambicioso<\/em>&#8221; por el gobierno local de esta poblaci\u00f3n del Comtat <strong>podr\u00eda resolver en el plazo de una d\u00e9cada las necesidades de suelo industrial<\/strong> que en estos momentos tienen Muro y la comarca &#8220;<em>no podemos quedarnos quietos y esperar que nos venga la muerte anunciada. Esto nos permitir\u00eda establecer sinergias con El Comtat y l&#8217;Alcoi\u00e0, pero tambi\u00e9n con comarcas vecinas, puesto que actualmente tenemos empresarios interesados en establecer o ampliar sus f\u00e1bricas en Muro debido a su madurez como enclave industrial<\/em>&#8220;, se\u00f1al\u00f3 el alcalde de Muro; <strong>Vicent Molina<\/strong>. Desde la Generalitat Valenciana est\u00e1n abiertos a estudiar la iniciativa &#8220;<em>para ver si es viable dentro del Plan de Reindustrializaci\u00f3n que impulsa el gobierno auton\u00f3mico. Es<\/em> muy importante conocer <em>de primera mano las posibilidades colaboraci\u00f3n futura para vertebrar nuestro territorio&#8221;<\/em>, coment\u00f3 <strong>Mari\u00e1n Cano<\/strong>.<\/p>\n<p style=\"text-align: justify;\">A la reuni\u00f3n entre Consellera y Ayuntamiento <strong>asistieron<\/strong> tambi\u00e9n concejales de la Corporaci\u00f3n Municipal y Felipe Carrasco, Secretario Auton\u00f3mico de Industria. En el encuentro <strong>se habl\u00f3<\/strong> adem\u00e1s de la atracci\u00f3n de inversiones, fomentar la reindustrializaci\u00f3n o potenciar la formaci\u00f3n profesional especializada para dar apoyo al ecosistema empresarial. Unas directrices incluidas dentro del Plan Estrat\u00e9gico &#8216;Muro, districte cultural&#8217;, presentado recientemente.<\/p>\n","protected":false},"excerpt":{"rendered":"<p>El Ayuntamiento de Muro no renuncia a un Pol\u00edgono Comarcal Mancomunado y para ello destaca la importancia de la colaboraci\u00f3n&#8230;<\/p>\n","protected":false},"author":1,"featured_media":147792,"comment_status":"open","ping_status":"open","sticky":false,"template":"","format":"standard","meta":{"footnotes":""},"categories":[6909,98,75],"tags":[19231,135,1827,1154],"class_list":["post-147791","post","type-post","status-publish","format-standard","has-post-thumbnail","hentry","category-actualidad","category-comarcas","category-noticias","tag-consellera-industria-es","tag-muro","tag-suelo-industrial","tag-visita"],"yoast_head":"<!-- This site is optimized with the Yoast SEO plugin v27.3 - https:\/\/yoast.com\/product\/yoast-seo-wordpress\/ -->\n<title>Muro no renuncia a un futuro Pol\u00edgono Comarcal Mancomunado - COPE Alcoy<\/title>\n<meta name=\"robots\" content=\"index, follow, max-snippet:-1, max-image-preview:large, max-video-preview:-1\" \/>\n<link rel=\"canonical\" href=\"https:\/\/www.copealcoy.es\/es\/muro-no-renuncia-a-un-futuro-poligono-comarcal-mancomunado\/\" \/>\n<meta property=\"og:locale\" content=\"es_ES\" \/>\n<meta property=\"og:type\" content=\"article\" \/>\n<meta property=\"og:title\" content=\"Muro no renuncia a un futuro Pol\u00edgono Comarcal Mancomunado - COPE Alcoy\" \/>\n<meta property=\"og:description\" content=\"El Ayuntamiento de Muro no renuncia a un Pol\u00edgono Comarcal Mancomunado y para ello destaca la importancia de la colaboraci\u00f3n...\" \/>\n<meta property=\"og:url\" content=\"https:\/\/www.copealcoy.es\/es\/muro-no-renuncia-a-un-futuro-poligono-comarcal-mancomunado\/\" \/>\n<meta property=\"og:site_name\" content=\"COPE Alcoy\" \/>\n<meta property=\"article:published_time\" content=\"2025-02-18T08:00:17+00:00\" \/>\n<meta property=\"article:modified_time\" content=\"2025-02-19T18:55:42+00:00\" \/>\n<meta property=\"og:image\" content=\"https:\/\/www.copealcoy.es\/wp-content\/uploads\/2025\/02\/0-2.jpg\" \/>\n\t<meta property=\"og:image:width\" content=\"899\" \/>\n\t<meta property=\"og:image:height\" content=\"674\" \/>\n\t<meta property=\"og:image:type\" content=\"image\/jpeg\" \/>\n<meta name=\"author\" content=\"Cope Alcoy\" \/>\n<meta name=\"twitter:label1\" content=\"Escrito por\" \/>\n\t<meta name=\"twitter:data1\" content=\"Cope Alcoy\" \/>\n\t<meta name=\"twitter:label2\" content=\"Tiempo de lectura\" \/>\n\t<meta name=\"twitter:data2\" content=\"2 minutos\" \/>\n<script type=\"application\/ld+json\" class=\"yoast-schema-graph\">{\"@context\":\"https:\\\/\\\/schema.org\",\"@graph\":[{\"@type\":\"Article\",\"@id\":\"https:\\\/\\\/www.copealcoy.es\\\/es\\\/muro-no-renuncia-a-un-futuro-poligono-comarcal-mancomunado\\\/#article\",\"isPartOf\":{\"@id\":\"https:\\\/\\\/www.copealcoy.es\\\/es\\\/muro-no-renuncia-a-un-futuro-poligono-comarcal-mancomunado\\\/\"},\"author\":{\"name\":\"Cope Alcoy\",\"@id\":\"https:\\\/\\\/www.copealcoy.es\\\/es\\\/#\\\/schema\\\/person\\\/e777c87fa024e57d40170af9df39882c\"},\"headline\":\"Muro no renuncia a un futuro Pol\u00edgono Comarcal Mancomunado\",\"datePublished\":\"2025-02-18T08:00:17+00:00\",\"dateModified\":\"2025-02-19T18:55:42+00:00\",\"mainEntityOfPage\":{\"@id\":\"https:\\\/\\\/www.copealcoy.es\\\/es\\\/muro-no-renuncia-a-un-futuro-poligono-comarcal-mancomunado\\\/\"},\"wordCount\":317,\"commentCount\":0,\"image\":{\"@id\":\"https:\\\/\\\/www.copealcoy.es\\\/es\\\/muro-no-renuncia-a-un-futuro-poligono-comarcal-mancomunado\\\/#primaryimage\"},\"thumbnailUrl\":\"https:\\\/\\\/www.copealcoy.es\\\/wp-content\\\/uploads\\\/2025\\\/02\\\/0-2.jpg\",\"keywords\":[\"Consellera Ind\u00fastria\",\"Muro\",\"Suelo Industrial\",\"Visita\"],\"articleSection\":[\"Actualidad\",\"Comarcas\",\"Noticias\"],\"inLanguage\":\"es\"},{\"@type\":\"WebPage\",\"@id\":\"https:\\\/\\\/www.copealcoy.es\\\/es\\\/muro-no-renuncia-a-un-futuro-poligono-comarcal-mancomunado\\\/\",\"url\":\"https:\\\/\\\/www.copealcoy.es\\\/es\\\/muro-no-renuncia-a-un-futuro-poligono-comarcal-mancomunado\\\/\",\"name\":\"Muro no renuncia a un futuro Pol\u00edgono Comarcal Mancomunado - COPE Alcoy\",\"isPartOf\":{\"@id\":\"https:\\\/\\\/www.copealcoy.es\\\/es\\\/#website\"},\"primaryImageOfPage\":{\"@id\":\"https:\\\/\\\/www.copealcoy.es\\\/es\\\/muro-no-renuncia-a-un-futuro-poligono-comarcal-mancomunado\\\/#primaryimage\"},\"image\":{\"@id\":\"https:\\\/\\\/www.copealcoy.es\\\/es\\\/muro-no-renuncia-a-un-futuro-poligono-comarcal-mancomunado\\\/#primaryimage\"},\"thumbnailUrl\":\"https:\\\/\\\/www.copealcoy.es\\\/wp-content\\\/uploads\\\/2025\\\/02\\\/0-2.jpg\",\"datePublished\":\"2025-02-18T08:00:17+00:00\",\"dateModified\":\"2025-02-19T18:55:42+00:00\",\"author\":{\"@id\":\"https:\\\/\\\/www.copealcoy.es\\\/es\\\/#\\\/schema\\\/person\\\/e777c87fa024e57d40170af9df39882c\"},\"breadcrumb\":{\"@id\":\"https:\\\/\\\/www.copealcoy.es\\\/es\\\/muro-no-renuncia-a-un-futuro-poligono-comarcal-mancomunado\\\/#breadcrumb\"},\"inLanguage\":\"es\",\"potentialAction\":[{\"@type\":\"ReadAction\",\"target\":[\"https:\\\/\\\/www.copealcoy.es\\\/es\\\/muro-no-renuncia-a-un-futuro-poligono-comarcal-mancomunado\\\/\"]}]},{\"@type\":\"ImageObject\",\"inLanguage\":\"es\",\"@id\":\"https:\\\/\\\/www.copealcoy.es\\\/es\\\/muro-no-renuncia-a-un-futuro-poligono-comarcal-mancomunado\\\/#primaryimage\",\"url\":\"https:\\\/\\\/www.copealcoy.es\\\/wp-content\\\/uploads\\\/2025\\\/02\\\/0-2.jpg\",\"contentUrl\":\"https:\\\/\\\/www.copealcoy.es\\\/wp-content\\\/uploads\\\/2025\\\/02\\\/0-2.jpg\",\"width\":899,\"height\":674},{\"@type\":\"BreadcrumbList\",\"@id\":\"https:\\\/\\\/www.copealcoy.es\\\/es\\\/muro-no-renuncia-a-un-futuro-poligono-comarcal-mancomunado\\\/#breadcrumb\",\"itemListElement\":[{\"@type\":\"ListItem\",\"position\":1,\"name\":\"Portada\",\"item\":\"https:\\\/\\\/www.copealcoy.es\\\/es\\\/\"},{\"@type\":\"ListItem\",\"position\":2,\"name\":\"Muro no renuncia a un futuro Pol\u00edgono Comarcal Mancomunado\"}]},{\"@type\":\"WebSite\",\"@id\":\"https:\\\/\\\/www.copealcoy.es\\\/es\\\/#website\",\"url\":\"https:\\\/\\\/www.copealcoy.es\\\/es\\\/\",\"name\":\"COPE Alcoy\",\"description\":\"Emisora COPE de radio local con emisi\u00f3n online. Pont de Sant Jordi 8-10 03803 Alcoy\",\"potentialAction\":[{\"@type\":\"SearchAction\",\"target\":{\"@type\":\"EntryPoint\",\"urlTemplate\":\"https:\\\/\\\/www.copealcoy.es\\\/es\\\/?s={search_term_string}\"},\"query-input\":{\"@type\":\"PropertyValueSpecification\",\"valueRequired\":true,\"valueName\":\"search_term_string\"}}],\"inLanguage\":\"es\"},{\"@type\":\"Person\",\"@id\":\"https:\\\/\\\/www.copealcoy.es\\\/es\\\/#\\\/schema\\\/person\\\/e777c87fa024e57d40170af9df39882c\",\"name\":\"Cope Alcoy\",\"image\":{\"@type\":\"ImageObject\",\"inLanguage\":\"es\",\"@id\":\"https:\\\/\\\/secure.gravatar.com\\\/avatar\\\/bb65d0283347e303893ba14f0692005417c1e0e690a325a4c5d8bb2b3943ee14?s=96&d=mm&r=g\",\"url\":\"https:\\\/\\\/secure.gravatar.com\\\/avatar\\\/bb65d0283347e303893ba14f0692005417c1e0e690a325a4c5d8bb2b3943ee14?s=96&d=mm&r=g\",\"contentUrl\":\"https:\\\/\\\/secure.gravatar.com\\\/avatar\\\/bb65d0283347e303893ba14f0692005417c1e0e690a325a4c5d8bb2b3943ee14?s=96&d=mm&r=g\",\"caption\":\"Cope Alcoy\"}}]}<\/script>\n<!-- \/ Yoast SEO plugin. -->","yoast_head_json":{"title":"Muro no renuncia a un futuro Pol\u00edgono Comarcal Mancomunado - COPE Alcoy","robots":{"index":"index","follow":"follow","max-snippet":"max-snippet:-1","max-image-preview":"max-image-preview:large","max-video-preview":"max-video-preview:-1"},"canonical":"https:\/\/www.copealcoy.es\/es\/muro-no-renuncia-a-un-futuro-poligono-comarcal-mancomunado\/","og_locale":"es_ES","og_type":"article","og_title":"Muro no renuncia a un futuro Pol\u00edgono Comarcal Mancomunado - COPE Alcoy","og_description":"El Ayuntamiento de Muro no renuncia a un Pol\u00edgono Comarcal Mancomunado y para ello destaca la importancia de la colaboraci\u00f3n...","og_url":"https:\/\/www.copealcoy.es\/es\/muro-no-renuncia-a-un-futuro-poligono-comarcal-mancomunado\/","og_site_name":"COPE Alcoy","article_published_time":"2025-02-18T08:00:17+00:00","article_modified_time":"2025-02-19T18:55:42+00:00","og_image":[{"width":899,"height":674,"url":"https:\/\/www.copealcoy.es\/wp-content\/uploads\/2025\/02\/0-2.jpg","type":"image\/jpeg"}],"author":"Cope Alcoy","twitter_misc":{"Escrito por":"Cope Alcoy","Tiempo de lectura":"2 minutos"},"schema":{"@context":"https:\/\/schema.org","@graph":[{"@type":"Article","@id":"https:\/\/www.copealcoy.es\/es\/muro-no-renuncia-a-un-futuro-poligono-comarcal-mancomunado\/#article","isPartOf":{"@id":"https:\/\/www.copealcoy.es\/es\/muro-no-renuncia-a-un-futuro-poligono-comarcal-mancomunado\/"},"author":{"name":"Cope Alcoy","@id":"https:\/\/www.copealcoy.es\/es\/#\/schema\/person\/e777c87fa024e57d40170af9df39882c"},"headline":"Muro no renuncia a un futuro Pol\u00edgono Comarcal Mancomunado","datePublished":"2025-02-18T08:00:17+00:00","dateModified":"2025-02-19T18:55:42+00:00","mainEntityOfPage":{"@id":"https:\/\/www.copealcoy.es\/es\/muro-no-renuncia-a-un-futuro-poligono-comarcal-mancomunado\/"},"wordCount":317,"commentCount":0,"image":{"@id":"https:\/\/www.copealcoy.es\/es\/muro-no-renuncia-a-un-futuro-poligono-comarcal-mancomunado\/#primaryimage"},"thumbnailUrl":"https:\/\/www.copealcoy.es\/wp-content\/uploads\/2025\/02\/0-2.jpg","keywords":["Consellera Ind\u00fastria","Muro","Suelo Industrial","Visita"],"articleSection":["Actualidad","Comarcas","Noticias"],"inLanguage":"es"},{"@type":"WebPage","@id":"https:\/\/www.copealcoy.es\/es\/muro-no-renuncia-a-un-futuro-poligono-comarcal-mancomunado\/","url":"https:\/\/www.copealcoy.es\/es\/muro-no-renuncia-a-un-futuro-poligono-comarcal-mancomunado\/","name":"Muro no renuncia a un futuro Pol\u00edgono Comarcal Mancomunado - COPE Alcoy","isPartOf":{"@id":"https:\/\/www.copealcoy.es\/es\/#website"},"primaryImageOfPage":{"@id":"https:\/\/www.copealcoy.es\/es\/muro-no-renuncia-a-un-futuro-poligono-comarcal-mancomunado\/#primaryimage"},"image":{"@id":"https:\/\/www.copealcoy.es\/es\/muro-no-renuncia-a-un-futuro-poligono-comarcal-mancomunado\/#primaryimage"},"thumbnailUrl":"https:\/\/www.copealcoy.es\/wp-content\/uploads\/2025\/02\/0-2.jpg","datePublished":"2025-02-18T08:00:17+00:00","dateModified":"2025-02-19T18:55:42+00:00","author":{"@id":"https:\/\/www.copealcoy.es\/es\/#\/schema\/person\/e777c87fa024e57d40170af9df39882c"},"breadcrumb":{"@id":"https:\/\/www.copealcoy.es\/es\/muro-no-renuncia-a-un-futuro-poligono-comarcal-mancomunado\/#breadcrumb"},"inLanguage":"es","potentialAction":[{"@type":"ReadAction","target":["https:\/\/www.copealcoy.es\/es\/muro-no-renuncia-a-un-futuro-poligono-comarcal-mancomunado\/"]}]},{"@type":"ImageObject","inLanguage":"es","@id":"https:\/\/www.copealcoy.es\/es\/muro-no-renuncia-a-un-futuro-poligono-comarcal-mancomunado\/#primaryimage","url":"https:\/\/www.copealcoy.es\/wp-content\/uploads\/2025\/02\/0-2.jpg","contentUrl":"https:\/\/www.copealcoy.es\/wp-content\/uploads\/2025\/02\/0-2.jpg","width":899,"height":674},{"@type":"BreadcrumbList","@id":"https:\/\/www.copealcoy.es\/es\/muro-no-renuncia-a-un-futuro-poligono-comarcal-mancomunado\/#breadcrumb","itemListElement":[{"@type":"ListItem","position":1,"name":"Portada","item":"https:\/\/www.copealcoy.es\/es\/"},{"@type":"ListItem","position":2,"name":"Muro no renuncia a un futuro Pol\u00edgono Comarcal Mancomunado"}]},{"@type":"WebSite","@id":"https:\/\/www.copealcoy.es\/es\/#website","url":"https:\/\/www.copealcoy.es\/es\/","name":"COPE Alcoy","description":"Emisora COPE de radio local con emisi\u00f3n online. Pont de Sant Jordi 8-10 03803 Alcoy","potentialAction":[{"@type":"SearchAction","target":{"@type":"EntryPoint","urlTemplate":"https:\/\/www.copealcoy.es\/es\/?s={search_term_string}"},"query-input":{"@type":"PropertyValueSpecification","valueRequired":true,"valueName":"search_term_string"}}],"inLanguage":"es"},{"@type":"Person","@id":"https:\/\/www.copealcoy.es\/es\/#\/schema\/person\/e777c87fa024e57d40170af9df39882c","name":"Cope Alcoy","image":{"@type":"ImageObject","inLanguage":"es","@id":"https:\/\/secure.gravatar.com\/avatar\/bb65d0283347e303893ba14f0692005417c1e0e690a325a4c5d8bb2b3943ee14?s=96&d=mm&r=g","url":"https:\/\/secure.gravatar.com\/avatar\/bb65d0283347e303893ba14f0692005417c1e0e690a325a4c5d8bb2b3943ee14?s=96&d=mm&r=g","contentUrl":"https:\/\/secure.gravatar.com\/avatar\/bb65d0283347e303893ba14f0692005417c1e0e690a325a4c5d8bb2b3943ee14?s=96&d=mm&r=g","caption":"Cope Alcoy"}}]}},"_links":{"self":[{"href":"https:\/\/www.copealcoy.es\/es\/wp-json\/wp\/v2\/posts\/147791","targetHints":{"allow":["GET"]}}],"collection":[{"href":"https:\/\/www.copealcoy.es\/es\/wp-json\/wp\/v2\/posts"}],"about":[{"href":"https:\/\/www.copealcoy.es\/es\/wp-json\/wp\/v2\/types\/post"}],"author":[{"embeddable":true,"href":"https:\/\/www.copealcoy.es\/es\/wp-json\/wp\/v2\/users\/1"}],"replies":[{"embeddable":true,"href":"https:\/\/www.copealcoy.es\/es\/wp-json\/wp\/v2\/comments?post=147791"}],"version-history":[{"count":0,"href":"https:\/\/www.copealcoy.es\/es\/wp-json\/wp\/v2\/posts\/147791\/revisions"}],"wp:featuredmedia":[{"embeddable":true,"href":"https:\/\/www.copealcoy.es\/es\/wp-json\/wp\/v2\/media\/147792"}],"wp:attachment":[{"href":"https:\/\/www.copealcoy.es\/es\/wp-json\/wp\/v2\/media?parent=147791"}],"wp:term":[{"taxonomy":"category","embeddable":true,"href":"https:\/\/www.copealcoy.es\/es\/wp-json\/wp\/v2\/categories?post=147791"},{"taxonomy":"post_tag","embeddable":true,"href":"https:\/\/www.copealcoy.es\/es\/wp-json\/wp\/v2\/tags?post=147791"}],"curies":[{"name":"wp","href":"https:\/\/api.w.org\/{rel}","templated":true}]}}