{"id":147761,"date":"2025-02-18T08:01:23","date_gmt":"2025-02-18T07:01:23","guid":{"rendered":"https:\/\/www.copealcoy.es\/?p=147761"},"modified":"2025-02-18T12:44:02","modified_gmt":"2025-02-18T11:44:02","slug":"la-comarca-despide-una-campana-del-aceite-dificil-la-produccion-ha-sido-inferior","status":"publish","type":"post","link":"https:\/\/www.copealcoy.es\/es\/la-comarca-despide-una-campana-del-aceite-dificil-la-produccion-ha-sido-inferior\/","title":{"rendered":"La comarca despide una campa\u00f1a del aceite dif\u00edcil &#8220;la producci\u00f3n ha sido inferior&#8221;"},"content":{"rendered":"<p style=\"text-align: justify;\">Los <strong>productores de aceite de nuestras comarcas<\/strong> cierran una campa\u00f1a del aceite complicada que en algunas cooperativas del Comtat definen como &#8220;<em>nefasta<\/em>&#8220;. Y es que en 2024 la cosecha de aceituna <strong>se redujo considerablemente debido a las condiciones climatol\u00f3gicas que se dieron durante buena parte del a\u00f1o<\/strong>, una situaci\u00f3n atmosf\u00e9rica marcada por las elevadas temperaturas incluso en los meses de invierno y una ausencia considerable de precipitaciones.<\/p>\n<p style=\"text-align: justify;\">Desde la <span style=\"color: #0000ff;\"><a style=\"color: #0000ff;\" href=\"https:\/\/olielcomtat.com\/\" target=\"_blank\" rel=\"noopener\"><strong>Cooperativa Agr\u00edcola Cat\u00f3lica de Cocentaina<\/strong><\/a> <\/span><strong>recuerdan que las previsiones para este a\u00f1o eran de unas de cuatro mil toneladas en la provincia de Alicante<\/strong>, lo cual ya era inferior a las del pasado 2023 en un 51%, puesto que en aquel momento se obtuvieron 7.467 toneladas de este producto. Los resultados<strong> han sido todav\u00eda peores<\/strong> tal y como confirman desde la misma Cooperativa contestana &#8220;<em>en algunas almazaras de la zona se ha llegado a recoger hasta un 90% menos, ha sido quiz\u00e1s la campa\u00f1a m\u00e1s desastrosa de los \u00faltimos a\u00f1os<\/em>&#8220;, explica <strong>Rafael Montava<\/strong>; el presidente de la citada instituci\u00f3n de la capital del Comtat. Este contexto <strong>se ha traducido tambi\u00e9n en p\u00e9rdidas econ\u00f3micas para las almazaras que todav\u00eda no se han podido cifrar<\/strong> &#8220;<em>algunas, ante este escenario, decidieron ni siquiera abrir y nosotros cerramos incluso antes de tiempo porque hab\u00eda poca cosa que hacer. Esperamos que todo mejore este a\u00f1o y que volvamos a niveles de las \u00faltimas ediciones, unas campa\u00f1as que aunque tampoco fueron muy abundantes si que fueron m\u00e1s productivas que la anterior&#8221;<\/em>, cont\u00f3 tambi\u00e9n Rafael Montava a COPE ALCOY antes del AOVE F\u00f3rum Internacional de la Fira de Tots Sants celebrado a finales del pasado mes de enero.<\/p>\n<p class=\"v-p\" style=\"text-align: justify;\">En el conjunto del territorio de la Comunitat Valenciana <strong>las estimaciones de Agricultura apuntaban a que no se producir\u00edan m\u00e1s de 6.539 toneladas<\/strong>, datos que supon\u00edan <strong>una ca\u00edda del 71%<\/strong> en la producci\u00f3n respecto al anterior a\u00f1o. Esta cifra representa tambi\u00e9n un 69% menos si se compara con la media de los \u00faltimos seis a\u00f1os.<\/p>\n","protected":false},"excerpt":{"rendered":"<p>Los productores de aceite de nuestras comarcas cierran una campa\u00f1a del aceite complicada que en algunas cooperativas del Comtat definen&#8230;<\/p>\n","protected":false},"author":1,"featured_media":147762,"comment_status":"open","ping_status":"open","sticky":false,"template":"","format":"standard","meta":{"footnotes":""},"categories":[6909,98,75],"tags":[1638,199,132,237,1047],"class_list":["post-147761","post","type-post","status-publish","format-standard","has-post-thumbnail","hentry","category-actualidad","category-comarcas","category-noticias","tag-aceite","tag-campana","tag-cocentaina","tag-comtat","tag-resultados"],"yoast_head":"<!-- This site is optimized with the Yoast SEO plugin v27.3 - https:\/\/yoast.com\/product\/yoast-seo-wordpress\/ -->\n<title>La comarca despide una campa\u00f1a del aceite dif\u00edcil &quot;la producci\u00f3n ha sido inferior&quot; - COPE Alcoy<\/title>\n<meta name=\"description\" content=\"Los productores de aceite de nuestras comarcas cierran una campa\u00f1a del aceite complicada que en algunas cooperativas del Comtat definen como &quot;nefasta&quot;\" \/>\n<meta name=\"robots\" content=\"index, follow, max-snippet:-1, max-image-preview:large, max-video-preview:-1\" \/>\n<link rel=\"canonical\" href=\"https:\/\/www.copealcoy.es\/es\/la-comarca-despide-una-campana-del-aceite-dificil-la-produccion-ha-sido-inferior\/\" \/>\n<meta property=\"og:locale\" content=\"es_ES\" \/>\n<meta property=\"og:type\" content=\"article\" \/>\n<meta property=\"og:title\" content=\"La comarca despide una campa\u00f1a del aceite dif\u00edcil &quot;la producci\u00f3n ha sido inferior&quot; - COPE Alcoy\" \/>\n<meta property=\"og:description\" content=\"Los productores de aceite de nuestras comarcas cierran una campa\u00f1a del aceite complicada que en algunas cooperativas del Comtat definen como &quot;nefasta&quot;\" \/>\n<meta property=\"og:url\" content=\"https:\/\/www.copealcoy.es\/es\/la-comarca-despide-una-campana-del-aceite-dificil-la-produccion-ha-sido-inferior\/\" \/>\n<meta property=\"og:site_name\" content=\"COPE Alcoy\" \/>\n<meta property=\"article:published_time\" content=\"2025-02-18T07:01:23+00:00\" \/>\n<meta property=\"article:modified_time\" content=\"2025-02-18T11:44:02+00:00\" \/>\n<meta property=\"og:image\" content=\"https:\/\/www.copealcoy.es\/wp-content\/uploads\/2025\/02\/437060427_1899831787198577_4425280790562566065_n.jpg\" \/>\n\t<meta property=\"og:image:width\" content=\"868\" \/>\n\t<meta property=\"og:image:height\" content=\"485\" \/>\n\t<meta property=\"og:image:type\" content=\"image\/jpeg\" \/>\n<meta name=\"author\" content=\"Cope Alcoy\" \/>\n<meta name=\"twitter:label1\" content=\"Escrito por\" \/>\n\t<meta name=\"twitter:data1\" content=\"Cope Alcoy\" \/>\n\t<meta name=\"twitter:label2\" content=\"Tiempo de lectura\" \/>\n\t<meta name=\"twitter:data2\" content=\"2 minutos\" \/>\n<script type=\"application\/ld+json\" class=\"yoast-schema-graph\">{\"@context\":\"https:\\\/\\\/schema.org\",\"@graph\":[{\"@type\":\"Article\",\"@id\":\"https:\\\/\\\/www.copealcoy.es\\\/es\\\/la-comarca-despide-una-campana-del-aceite-dificil-la-produccion-ha-sido-inferior\\\/#article\",\"isPartOf\":{\"@id\":\"https:\\\/\\\/www.copealcoy.es\\\/es\\\/la-comarca-despide-una-campana-del-aceite-dificil-la-produccion-ha-sido-inferior\\\/\"},\"author\":{\"name\":\"Cope Alcoy\",\"@id\":\"https:\\\/\\\/www.copealcoy.es\\\/es\\\/#\\\/schema\\\/person\\\/e777c87fa024e57d40170af9df39882c\"},\"headline\":\"La comarca despide una campa\u00f1a del aceite dif\u00edcil &#8220;la producci\u00f3n ha sido inferior&#8221;\",\"datePublished\":\"2025-02-18T07:01:23+00:00\",\"dateModified\":\"2025-02-18T11:44:02+00:00\",\"mainEntityOfPage\":{\"@id\":\"https:\\\/\\\/www.copealcoy.es\\\/es\\\/la-comarca-despide-una-campana-del-aceite-dificil-la-produccion-ha-sido-inferior\\\/\"},\"wordCount\":365,\"commentCount\":0,\"image\":{\"@id\":\"https:\\\/\\\/www.copealcoy.es\\\/es\\\/la-comarca-despide-una-campana-del-aceite-dificil-la-produccion-ha-sido-inferior\\\/#primaryimage\"},\"thumbnailUrl\":\"https:\\\/\\\/www.copealcoy.es\\\/wp-content\\\/uploads\\\/2025\\\/02\\\/437060427_1899831787198577_4425280790562566065_n.jpg\",\"keywords\":[\"Aceite\",\"Campa\u00f1a\",\"Cocentaina\",\"Comtat\",\"Resultados\"],\"articleSection\":[\"Actualidad\",\"Comarcas\",\"Noticias\"],\"inLanguage\":\"es\"},{\"@type\":\"WebPage\",\"@id\":\"https:\\\/\\\/www.copealcoy.es\\\/es\\\/la-comarca-despide-una-campana-del-aceite-dificil-la-produccion-ha-sido-inferior\\\/\",\"url\":\"https:\\\/\\\/www.copealcoy.es\\\/es\\\/la-comarca-despide-una-campana-del-aceite-dificil-la-produccion-ha-sido-inferior\\\/\",\"name\":\"La comarca despide una campa\u00f1a del aceite dif\u00edcil \\\"la producci\u00f3n ha sido inferior\\\" - COPE Alcoy\",\"isPartOf\":{\"@id\":\"https:\\\/\\\/www.copealcoy.es\\\/es\\\/#website\"},\"primaryImageOfPage\":{\"@id\":\"https:\\\/\\\/www.copealcoy.es\\\/es\\\/la-comarca-despide-una-campana-del-aceite-dificil-la-produccion-ha-sido-inferior\\\/#primaryimage\"},\"image\":{\"@id\":\"https:\\\/\\\/www.copealcoy.es\\\/es\\\/la-comarca-despide-una-campana-del-aceite-dificil-la-produccion-ha-sido-inferior\\\/#primaryimage\"},\"thumbnailUrl\":\"https:\\\/\\\/www.copealcoy.es\\\/wp-content\\\/uploads\\\/2025\\\/02\\\/437060427_1899831787198577_4425280790562566065_n.jpg\",\"datePublished\":\"2025-02-18T07:01:23+00:00\",\"dateModified\":\"2025-02-18T11:44:02+00:00\",\"author\":{\"@id\":\"https:\\\/\\\/www.copealcoy.es\\\/es\\\/#\\\/schema\\\/person\\\/e777c87fa024e57d40170af9df39882c\"},\"description\":\"Los productores de aceite de nuestras comarcas cierran una campa\u00f1a del aceite complicada que en algunas cooperativas del Comtat definen como \\\"nefasta\\\"\",\"breadcrumb\":{\"@id\":\"https:\\\/\\\/www.copealcoy.es\\\/es\\\/la-comarca-despide-una-campana-del-aceite-dificil-la-produccion-ha-sido-inferior\\\/#breadcrumb\"},\"inLanguage\":\"es\",\"potentialAction\":[{\"@type\":\"ReadAction\",\"target\":[\"https:\\\/\\\/www.copealcoy.es\\\/es\\\/la-comarca-despide-una-campana-del-aceite-dificil-la-produccion-ha-sido-inferior\\\/\"]}]},{\"@type\":\"ImageObject\",\"inLanguage\":\"es\",\"@id\":\"https:\\\/\\\/www.copealcoy.es\\\/es\\\/la-comarca-despide-una-campana-del-aceite-dificil-la-produccion-ha-sido-inferior\\\/#primaryimage\",\"url\":\"https:\\\/\\\/www.copealcoy.es\\\/wp-content\\\/uploads\\\/2025\\\/02\\\/437060427_1899831787198577_4425280790562566065_n.jpg\",\"contentUrl\":\"https:\\\/\\\/www.copealcoy.es\\\/wp-content\\\/uploads\\\/2025\\\/02\\\/437060427_1899831787198577_4425280790562566065_n.jpg\",\"width\":868,\"height\":485},{\"@type\":\"BreadcrumbList\",\"@id\":\"https:\\\/\\\/www.copealcoy.es\\\/es\\\/la-comarca-despide-una-campana-del-aceite-dificil-la-produccion-ha-sido-inferior\\\/#breadcrumb\",\"itemListElement\":[{\"@type\":\"ListItem\",\"position\":1,\"name\":\"Portada\",\"item\":\"https:\\\/\\\/www.copealcoy.es\\\/es\\\/\"},{\"@type\":\"ListItem\",\"position\":2,\"name\":\"La comarca despide una campa\u00f1a del aceite dif\u00edcil &#8220;la producci\u00f3n ha sido inferior&#8221;\"}]},{\"@type\":\"WebSite\",\"@id\":\"https:\\\/\\\/www.copealcoy.es\\\/es\\\/#website\",\"url\":\"https:\\\/\\\/www.copealcoy.es\\\/es\\\/\",\"name\":\"COPE Alcoy\",\"description\":\"Emisora COPE de radio local con emisi\u00f3n online. Pont de Sant Jordi 8-10 03803 Alcoy\",\"potentialAction\":[{\"@type\":\"SearchAction\",\"target\":{\"@type\":\"EntryPoint\",\"urlTemplate\":\"https:\\\/\\\/www.copealcoy.es\\\/es\\\/?s={search_term_string}\"},\"query-input\":{\"@type\":\"PropertyValueSpecification\",\"valueRequired\":true,\"valueName\":\"search_term_string\"}}],\"inLanguage\":\"es\"},{\"@type\":\"Person\",\"@id\":\"https:\\\/\\\/www.copealcoy.es\\\/es\\\/#\\\/schema\\\/person\\\/e777c87fa024e57d40170af9df39882c\",\"name\":\"Cope Alcoy\",\"image\":{\"@type\":\"ImageObject\",\"inLanguage\":\"es\",\"@id\":\"https:\\\/\\\/secure.gravatar.com\\\/avatar\\\/bb65d0283347e303893ba14f0692005417c1e0e690a325a4c5d8bb2b3943ee14?s=96&d=mm&r=g\",\"url\":\"https:\\\/\\\/secure.gravatar.com\\\/avatar\\\/bb65d0283347e303893ba14f0692005417c1e0e690a325a4c5d8bb2b3943ee14?s=96&d=mm&r=g\",\"contentUrl\":\"https:\\\/\\\/secure.gravatar.com\\\/avatar\\\/bb65d0283347e303893ba14f0692005417c1e0e690a325a4c5d8bb2b3943ee14?s=96&d=mm&r=g\",\"caption\":\"Cope Alcoy\"}}]}<\/script>\n<!-- \/ Yoast SEO plugin. -->","yoast_head_json":{"title":"La comarca despide una campa\u00f1a del aceite dif\u00edcil \"la producci\u00f3n ha sido inferior\" - COPE Alcoy","description":"Los productores de aceite de nuestras comarcas cierran una campa\u00f1a del aceite complicada que en algunas cooperativas del Comtat definen como \"nefasta\"","robots":{"index":"index","follow":"follow","max-snippet":"max-snippet:-1","max-image-preview":"max-image-preview:large","max-video-preview":"max-video-preview:-1"},"canonical":"https:\/\/www.copealcoy.es\/es\/la-comarca-despide-una-campana-del-aceite-dificil-la-produccion-ha-sido-inferior\/","og_locale":"es_ES","og_type":"article","og_title":"La comarca despide una campa\u00f1a del aceite dif\u00edcil \"la producci\u00f3n ha sido inferior\" - COPE Alcoy","og_description":"Los productores de aceite de nuestras comarcas cierran una campa\u00f1a del aceite complicada que en algunas cooperativas del Comtat definen como \"nefasta\"","og_url":"https:\/\/www.copealcoy.es\/es\/la-comarca-despide-una-campana-del-aceite-dificil-la-produccion-ha-sido-inferior\/","og_site_name":"COPE Alcoy","article_published_time":"2025-02-18T07:01:23+00:00","article_modified_time":"2025-02-18T11:44:02+00:00","og_image":[{"width":868,"height":485,"url":"https:\/\/www.copealcoy.es\/wp-content\/uploads\/2025\/02\/437060427_1899831787198577_4425280790562566065_n.jpg","type":"image\/jpeg"}],"author":"Cope Alcoy","twitter_misc":{"Escrito por":"Cope Alcoy","Tiempo de lectura":"2 minutos"},"schema":{"@context":"https:\/\/schema.org","@graph":[{"@type":"Article","@id":"https:\/\/www.copealcoy.es\/es\/la-comarca-despide-una-campana-del-aceite-dificil-la-produccion-ha-sido-inferior\/#article","isPartOf":{"@id":"https:\/\/www.copealcoy.es\/es\/la-comarca-despide-una-campana-del-aceite-dificil-la-produccion-ha-sido-inferior\/"},"author":{"name":"Cope Alcoy","@id":"https:\/\/www.copealcoy.es\/es\/#\/schema\/person\/e777c87fa024e57d40170af9df39882c"},"headline":"La comarca despide una campa\u00f1a del aceite dif\u00edcil &#8220;la producci\u00f3n ha sido inferior&#8221;","datePublished":"2025-02-18T07:01:23+00:00","dateModified":"2025-02-18T11:44:02+00:00","mainEntityOfPage":{"@id":"https:\/\/www.copealcoy.es\/es\/la-comarca-despide-una-campana-del-aceite-dificil-la-produccion-ha-sido-inferior\/"},"wordCount":365,"commentCount":0,"image":{"@id":"https:\/\/www.copealcoy.es\/es\/la-comarca-despide-una-campana-del-aceite-dificil-la-produccion-ha-sido-inferior\/#primaryimage"},"thumbnailUrl":"https:\/\/www.copealcoy.es\/wp-content\/uploads\/2025\/02\/437060427_1899831787198577_4425280790562566065_n.jpg","keywords":["Aceite","Campa\u00f1a","Cocentaina","Comtat","Resultados"],"articleSection":["Actualidad","Comarcas","Noticias"],"inLanguage":"es"},{"@type":"WebPage","@id":"https:\/\/www.copealcoy.es\/es\/la-comarca-despide-una-campana-del-aceite-dificil-la-produccion-ha-sido-inferior\/","url":"https:\/\/www.copealcoy.es\/es\/la-comarca-despide-una-campana-del-aceite-dificil-la-produccion-ha-sido-inferior\/","name":"La comarca despide una campa\u00f1a del aceite dif\u00edcil \"la producci\u00f3n ha sido inferior\" - COPE Alcoy","isPartOf":{"@id":"https:\/\/www.copealcoy.es\/es\/#website"},"primaryImageOfPage":{"@id":"https:\/\/www.copealcoy.es\/es\/la-comarca-despide-una-campana-del-aceite-dificil-la-produccion-ha-sido-inferior\/#primaryimage"},"image":{"@id":"https:\/\/www.copealcoy.es\/es\/la-comarca-despide-una-campana-del-aceite-dificil-la-produccion-ha-sido-inferior\/#primaryimage"},"thumbnailUrl":"https:\/\/www.copealcoy.es\/wp-content\/uploads\/2025\/02\/437060427_1899831787198577_4425280790562566065_n.jpg","datePublished":"2025-02-18T07:01:23+00:00","dateModified":"2025-02-18T11:44:02+00:00","author":{"@id":"https:\/\/www.copealcoy.es\/es\/#\/schema\/person\/e777c87fa024e57d40170af9df39882c"},"description":"Los productores de aceite de nuestras comarcas cierran una campa\u00f1a del aceite complicada que en algunas cooperativas del Comtat definen como \"nefasta\"","breadcrumb":{"@id":"https:\/\/www.copealcoy.es\/es\/la-comarca-despide-una-campana-del-aceite-dificil-la-produccion-ha-sido-inferior\/#breadcrumb"},"inLanguage":"es","potentialAction":[{"@type":"ReadAction","target":["https:\/\/www.copealcoy.es\/es\/la-comarca-despide-una-campana-del-aceite-dificil-la-produccion-ha-sido-inferior\/"]}]},{"@type":"ImageObject","inLanguage":"es","@id":"https:\/\/www.copealcoy.es\/es\/la-comarca-despide-una-campana-del-aceite-dificil-la-produccion-ha-sido-inferior\/#primaryimage","url":"https:\/\/www.copealcoy.es\/wp-content\/uploads\/2025\/02\/437060427_1899831787198577_4425280790562566065_n.jpg","contentUrl":"https:\/\/www.copealcoy.es\/wp-content\/uploads\/2025\/02\/437060427_1899831787198577_4425280790562566065_n.jpg","width":868,"height":485},{"@type":"BreadcrumbList","@id":"https:\/\/www.copealcoy.es\/es\/la-comarca-despide-una-campana-del-aceite-dificil-la-produccion-ha-sido-inferior\/#breadcrumb","itemListElement":[{"@type":"ListItem","position":1,"name":"Portada","item":"https:\/\/www.copealcoy.es\/es\/"},{"@type":"ListItem","position":2,"name":"La comarca despide una campa\u00f1a del aceite dif\u00edcil &#8220;la producci\u00f3n ha sido inferior&#8221;"}]},{"@type":"WebSite","@id":"https:\/\/www.copealcoy.es\/es\/#website","url":"https:\/\/www.copealcoy.es\/es\/","name":"COPE Alcoy","description":"Emisora COPE de radio local con emisi\u00f3n online. Pont de Sant Jordi 8-10 03803 Alcoy","potentialAction":[{"@type":"SearchAction","target":{"@type":"EntryPoint","urlTemplate":"https:\/\/www.copealcoy.es\/es\/?s={search_term_string}"},"query-input":{"@type":"PropertyValueSpecification","valueRequired":true,"valueName":"search_term_string"}}],"inLanguage":"es"},{"@type":"Person","@id":"https:\/\/www.copealcoy.es\/es\/#\/schema\/person\/e777c87fa024e57d40170af9df39882c","name":"Cope Alcoy","image":{"@type":"ImageObject","inLanguage":"es","@id":"https:\/\/secure.gravatar.com\/avatar\/bb65d0283347e303893ba14f0692005417c1e0e690a325a4c5d8bb2b3943ee14?s=96&d=mm&r=g","url":"https:\/\/secure.gravatar.com\/avatar\/bb65d0283347e303893ba14f0692005417c1e0e690a325a4c5d8bb2b3943ee14?s=96&d=mm&r=g","contentUrl":"https:\/\/secure.gravatar.com\/avatar\/bb65d0283347e303893ba14f0692005417c1e0e690a325a4c5d8bb2b3943ee14?s=96&d=mm&r=g","caption":"Cope Alcoy"}}]}},"_links":{"self":[{"href":"https:\/\/www.copealcoy.es\/es\/wp-json\/wp\/v2\/posts\/147761","targetHints":{"allow":["GET"]}}],"collection":[{"href":"https:\/\/www.copealcoy.es\/es\/wp-json\/wp\/v2\/posts"}],"about":[{"href":"https:\/\/www.copealcoy.es\/es\/wp-json\/wp\/v2\/types\/post"}],"author":[{"embeddable":true,"href":"https:\/\/www.copealcoy.es\/es\/wp-json\/wp\/v2\/users\/1"}],"replies":[{"embeddable":true,"href":"https:\/\/www.copealcoy.es\/es\/wp-json\/wp\/v2\/comments?post=147761"}],"version-history":[{"count":0,"href":"https:\/\/www.copealcoy.es\/es\/wp-json\/wp\/v2\/posts\/147761\/revisions"}],"wp:featuredmedia":[{"embeddable":true,"href":"https:\/\/www.copealcoy.es\/es\/wp-json\/wp\/v2\/media\/147762"}],"wp:attachment":[{"href":"https:\/\/www.copealcoy.es\/es\/wp-json\/wp\/v2\/media?parent=147761"}],"wp:term":[{"taxonomy":"category","embeddable":true,"href":"https:\/\/www.copealcoy.es\/es\/wp-json\/wp\/v2\/categories?post=147761"},{"taxonomy":"post_tag","embeddable":true,"href":"https:\/\/www.copealcoy.es\/es\/wp-json\/wp\/v2\/tags?post=147761"}],"curies":[{"name":"wp","href":"https:\/\/api.w.org\/{rel}","templated":true}]}}