{"id":147736,"date":"2025-02-19T08:05:25","date_gmt":"2025-02-19T07:05:25","guid":{"rendered":"https:\/\/www.copealcoy.es\/?p=147736"},"modified":"2025-02-19T11:31:32","modified_gmt":"2025-02-19T10:31:32","slug":"cocentaina-conmemorara-el-i-centenario-del-nacimiento-del-canonge-soler","status":"publish","type":"post","link":"https:\/\/www.copealcoy.es\/es\/cocentaina-conmemorara-el-i-centenario-del-nacimiento-del-canonge-soler\/","title":{"rendered":"Cocentaina conmemorar\u00e1 el I Centenario del nacimiento del Canonge Soler"},"content":{"rendered":"<p style=\"text-align: justify;\">El pasado s\u00e1bado 15 de febrero, el sal\u00f3n de actos del <span style=\"color: #0000ff;\"><a style=\"color: #0000ff;\" href=\"https:\/\/www.copealcoy.es\/es\/el-patronat-de-cocentaina-cumple-100-anos-de-actividad\/\"><strong>Patronat Sagrat Cor de Jes\u00fas<\/strong><\/a><\/span> de Cocentaina, instituci\u00f3n que preside en estos momentos Quique Soler, <strong>fue el escenario de la presentaci\u00f3n oficial de la \u2018Associaci\u00f3 Cultural Canonge Soler Cardona\u2019<\/strong>. Esta nueva entidad se ha constituido en la capital del Comtat con el objetivo de <strong>organizar un amplio abanico de actividades<\/strong> de cara a celebrar el I Centenario del nacimiento del <strong>RVDO Don Jos\u00e9 Soler Cardona<\/strong>, efem\u00e9ride que se conmemorar\u00e1\u00a0<strong>el 19 de enero de 2026<\/strong>.<\/p>\n<p style=\"text-align: justify;\">Durante el mencionado acto,<strong> se present\u00f3 el logotipo que identificar\u00e1 a la efem\u00e9ride, dise\u00f1ado por la contestana Marta Cort\u00e9s i Morant,<\/strong> y se expusieron los objetivos y fines de la asociaci\u00f3n, presidida por <strong>Joaqu\u00edn Palac\u00ed Soler<\/strong>. La misma <strong>la integran tambi\u00e9n<\/strong> el Rvdo\u00a0 Ram\u00f3n Mic\u00f3 Colomer como Asesor Religioso y Mois\u00e9s Gil i Igual, Catedr\u00e1tico en Bellas Artes, como Asesor Art\u00edstico. Ambos intervinieron en la presentaci\u00f3n del s\u00e1bado y resaltaron la influencia cultural, art\u00edstica y pastoral que tuvo Don Jos\u00e9 Soler Cardona en Cocentaina, pero tambi\u00e9n en la provincia de Alicante, durante buena parte del pasado siglo XX.<\/p>\n<p style=\"text-align: justify;\">La presentaci\u00f3n cont\u00f3, adem\u00e1s,<strong> con la presencia<\/strong> de familiares del recordado Can\u00f3nigo, as\u00ed como representantes del \u00e1mbito cultural, religioso y festivo; tanto del \u00e1mbito local como provincial. Por otro lado, destac\u00f3 <strong>una nutrida representaci\u00f3n institucional<\/strong> encabezada por los alcaldes de Cocentaina (Jordi Pla) y Biar (M\u00aa Magdalena Mart\u00ednez); dos de las poblaciones en las que Don Jos\u00e9 Soler Cardona dej\u00f3 un importante legado,<\/p>\n<p style=\"text-align: justify;\">La celebraci\u00f3n del centenario, <strong>para la que ya se est\u00e1n perfilando numerosas propuestas<\/strong>,\u00a0ser\u00e1 itinerante y abarcar\u00e1 diversas localidades de la provincia de Alicante donde Don Jos\u00e9 Soler Cardona dej\u00f3 su huella &#8220;<em>con el acto de hoy damos el pistoletazo de salida a muchas actividades que est\u00e1n por venir y que se ir\u00e1n sucediendo a partir ya de este a\u00f1o, pero especialmente en 2026 que es cuando se cumple el I Centenario del nacimiento de Don Jos\u00e9 Soler Cardona. El principal objetivo de la Asociaci\u00f3n, y de esta conmemoraci\u00f3n, es recordar la figura de Don Jos\u00e9 Soler Cardona; pero tambi\u00e9n poner en valor el importante legado que dej\u00f3 en numerosos \u00e1mbitos tanto de Cocentaina como de toda la provincia<\/em>&#8220;, afirm\u00f3 Joaqu\u00edn Palac\u00ed Soler; presidente de la entidad.<\/p>\n<p style=\"text-align: justify;\">La presentaci\u00f3n, <strong>que llen\u00f3 por completo El Patronat<\/strong>, tambi\u00e9n tuvo <strong>varios gui\u00f1os significativos<\/strong>. Y es que sobre el escenario se pudo ver el logotipo del mismo Patronat Sagrat Cor de Jes\u00fas, creado en su d\u00eda por Don Jos\u00e9 Soler Cardona, as\u00ed como <strong>el lienzo que representa la &#8216;Crem\u00e0 de les 27 Fogueres&#8217;<\/strong> en la v\u00edspera del d\u00eda de la Mare de D\u00e9u del Miracle. Esta obra <strong>la culmin\u00f3 Don Jos\u00e9 Soler el 18 de abril de 2009<\/strong>, justo horas antes de fallecer repentinamente mientras se dirig\u00eda a participar en la procesi\u00f3n general de la patrona contestana.<\/p>\n","protected":false},"excerpt":{"rendered":"<p>El pasado s\u00e1bado 15 de febrero, el sal\u00f3n de actos del Patronat Sagrat Cor de Jes\u00fas de Cocentaina, instituci\u00f3n que&#8230;<\/p>\n","protected":false},"author":1,"featured_media":147737,"comment_status":"open","ping_status":"open","sticky":false,"template":"","format":"standard","meta":{"footnotes":""},"categories":[6909,98,75],"tags":[1494,19226,12667,1370],"class_list":["post-147736","post","type-post","status-publish","format-standard","has-post-thumbnail","hentry","category-actualidad","category-comarcas","category-noticias","tag-alcoy","tag-asociacion-cultural-canonge-soler-cardona","tag-don-jose-soler-cardona","tag-presentacion"],"yoast_head":"<!-- This site is optimized with the Yoast SEO plugin v27.3 - https:\/\/yoast.com\/product\/yoast-seo-wordpress\/ -->\n<title>Cocentaina conmemorar\u00e1 el I Centenario del nacimiento del Canonge Soler - COPE Alcoy<\/title>\n<meta name=\"description\" content=\"El pasado s\u00e1bado 15 de febrero, el sal\u00f3n de actos del Patronat Sagrat Cor de Jes\u00fas de Cocentaina fue el escenario de la presentaci\u00f3n oficial de la \u2018Associaci\u00f3 Cultural Canonge Soler Cardona\u2019\" \/>\n<meta name=\"robots\" content=\"index, follow, max-snippet:-1, max-image-preview:large, max-video-preview:-1\" \/>\n<link rel=\"canonical\" href=\"https:\/\/www.copealcoy.es\/es\/cocentaina-conmemorara-el-i-centenario-del-nacimiento-del-canonge-soler\/\" \/>\n<meta property=\"og:locale\" content=\"es_ES\" \/>\n<meta property=\"og:type\" content=\"article\" \/>\n<meta property=\"og:title\" content=\"Cocentaina conmemorar\u00e1 el I Centenario del nacimiento del Canonge Soler - COPE Alcoy\" \/>\n<meta property=\"og:description\" content=\"El pasado s\u00e1bado 15 de febrero, el sal\u00f3n de actos del Patronat Sagrat Cor de Jes\u00fas de Cocentaina fue el escenario de la presentaci\u00f3n oficial de la \u2018Associaci\u00f3 Cultural Canonge Soler Cardona\u2019\" \/>\n<meta property=\"og:url\" content=\"https:\/\/www.copealcoy.es\/es\/cocentaina-conmemorara-el-i-centenario-del-nacimiento-del-canonge-soler\/\" \/>\n<meta property=\"og:site_name\" content=\"COPE Alcoy\" \/>\n<meta property=\"article:published_time\" content=\"2025-02-19T07:05:25+00:00\" \/>\n<meta property=\"article:modified_time\" content=\"2025-02-19T10:31:32+00:00\" \/>\n<meta property=\"og:image\" content=\"https:\/\/www.copealcoy.es\/wp-content\/uploads\/2025\/02\/1-La-presentacion-de-la-Asociacion-tuvo-lugar-en-El-Patronat.jpg\" \/>\n\t<meta property=\"og:image:width\" content=\"899\" \/>\n\t<meta property=\"og:image:height\" content=\"674\" \/>\n\t<meta property=\"og:image:type\" content=\"image\/jpeg\" \/>\n<meta name=\"author\" content=\"Cope Alcoy\" \/>\n<meta name=\"twitter:label1\" content=\"Escrito por\" \/>\n\t<meta name=\"twitter:data1\" content=\"Cope Alcoy\" \/>\n\t<meta name=\"twitter:label2\" content=\"Tiempo de lectura\" \/>\n\t<meta name=\"twitter:data2\" content=\"3 minutos\" \/>\n<script type=\"application\/ld+json\" class=\"yoast-schema-graph\">{\"@context\":\"https:\\\/\\\/schema.org\",\"@graph\":[{\"@type\":\"Article\",\"@id\":\"https:\\\/\\\/www.copealcoy.es\\\/es\\\/cocentaina-conmemorara-el-i-centenario-del-nacimiento-del-canonge-soler\\\/#article\",\"isPartOf\":{\"@id\":\"https:\\\/\\\/www.copealcoy.es\\\/es\\\/cocentaina-conmemorara-el-i-centenario-del-nacimiento-del-canonge-soler\\\/\"},\"author\":{\"name\":\"Cope Alcoy\",\"@id\":\"https:\\\/\\\/www.copealcoy.es\\\/es\\\/#\\\/schema\\\/person\\\/e777c87fa024e57d40170af9df39882c\"},\"headline\":\"Cocentaina conmemorar\u00e1 el I Centenario del nacimiento del Canonge Soler\",\"datePublished\":\"2025-02-19T07:05:25+00:00\",\"dateModified\":\"2025-02-19T10:31:32+00:00\",\"mainEntityOfPage\":{\"@id\":\"https:\\\/\\\/www.copealcoy.es\\\/es\\\/cocentaina-conmemorara-el-i-centenario-del-nacimiento-del-canonge-soler\\\/\"},\"wordCount\":517,\"commentCount\":0,\"image\":{\"@id\":\"https:\\\/\\\/www.copealcoy.es\\\/es\\\/cocentaina-conmemorara-el-i-centenario-del-nacimiento-del-canonge-soler\\\/#primaryimage\"},\"thumbnailUrl\":\"https:\\\/\\\/www.copealcoy.es\\\/wp-content\\\/uploads\\\/2025\\\/02\\\/1-La-presentacion-de-la-Asociacion-tuvo-lugar-en-El-Patronat.jpg\",\"keywords\":[\"Alcoy\",\"Asociaci\u00f3n Cultural 'Canonge Soler Cardona'\",\"Don Jos\u00e9 Soler Cardona\",\"presentaci\u00f3n\"],\"articleSection\":[\"Actualidad\",\"Comarcas\",\"Noticias\"],\"inLanguage\":\"es\"},{\"@type\":\"WebPage\",\"@id\":\"https:\\\/\\\/www.copealcoy.es\\\/es\\\/cocentaina-conmemorara-el-i-centenario-del-nacimiento-del-canonge-soler\\\/\",\"url\":\"https:\\\/\\\/www.copealcoy.es\\\/es\\\/cocentaina-conmemorara-el-i-centenario-del-nacimiento-del-canonge-soler\\\/\",\"name\":\"Cocentaina conmemorar\u00e1 el I Centenario del nacimiento del Canonge Soler - COPE Alcoy\",\"isPartOf\":{\"@id\":\"https:\\\/\\\/www.copealcoy.es\\\/es\\\/#website\"},\"primaryImageOfPage\":{\"@id\":\"https:\\\/\\\/www.copealcoy.es\\\/es\\\/cocentaina-conmemorara-el-i-centenario-del-nacimiento-del-canonge-soler\\\/#primaryimage\"},\"image\":{\"@id\":\"https:\\\/\\\/www.copealcoy.es\\\/es\\\/cocentaina-conmemorara-el-i-centenario-del-nacimiento-del-canonge-soler\\\/#primaryimage\"},\"thumbnailUrl\":\"https:\\\/\\\/www.copealcoy.es\\\/wp-content\\\/uploads\\\/2025\\\/02\\\/1-La-presentacion-de-la-Asociacion-tuvo-lugar-en-El-Patronat.jpg\",\"datePublished\":\"2025-02-19T07:05:25+00:00\",\"dateModified\":\"2025-02-19T10:31:32+00:00\",\"author\":{\"@id\":\"https:\\\/\\\/www.copealcoy.es\\\/es\\\/#\\\/schema\\\/person\\\/e777c87fa024e57d40170af9df39882c\"},\"description\":\"El pasado s\u00e1bado 15 de febrero, el sal\u00f3n de actos del Patronat Sagrat Cor de Jes\u00fas de Cocentaina fue el escenario de la presentaci\u00f3n oficial de la \u2018Associaci\u00f3 Cultural Canonge Soler Cardona\u2019\",\"breadcrumb\":{\"@id\":\"https:\\\/\\\/www.copealcoy.es\\\/es\\\/cocentaina-conmemorara-el-i-centenario-del-nacimiento-del-canonge-soler\\\/#breadcrumb\"},\"inLanguage\":\"es\",\"potentialAction\":[{\"@type\":\"ReadAction\",\"target\":[\"https:\\\/\\\/www.copealcoy.es\\\/es\\\/cocentaina-conmemorara-el-i-centenario-del-nacimiento-del-canonge-soler\\\/\"]}]},{\"@type\":\"ImageObject\",\"inLanguage\":\"es\",\"@id\":\"https:\\\/\\\/www.copealcoy.es\\\/es\\\/cocentaina-conmemorara-el-i-centenario-del-nacimiento-del-canonge-soler\\\/#primaryimage\",\"url\":\"https:\\\/\\\/www.copealcoy.es\\\/wp-content\\\/uploads\\\/2025\\\/02\\\/1-La-presentacion-de-la-Asociacion-tuvo-lugar-en-El-Patronat.jpg\",\"contentUrl\":\"https:\\\/\\\/www.copealcoy.es\\\/wp-content\\\/uploads\\\/2025\\\/02\\\/1-La-presentacion-de-la-Asociacion-tuvo-lugar-en-El-Patronat.jpg\",\"width\":899,\"height\":674},{\"@type\":\"BreadcrumbList\",\"@id\":\"https:\\\/\\\/www.copealcoy.es\\\/es\\\/cocentaina-conmemorara-el-i-centenario-del-nacimiento-del-canonge-soler\\\/#breadcrumb\",\"itemListElement\":[{\"@type\":\"ListItem\",\"position\":1,\"name\":\"Portada\",\"item\":\"https:\\\/\\\/www.copealcoy.es\\\/es\\\/\"},{\"@type\":\"ListItem\",\"position\":2,\"name\":\"Cocentaina conmemorar\u00e1 el I Centenario del nacimiento del Canonge Soler\"}]},{\"@type\":\"WebSite\",\"@id\":\"https:\\\/\\\/www.copealcoy.es\\\/es\\\/#website\",\"url\":\"https:\\\/\\\/www.copealcoy.es\\\/es\\\/\",\"name\":\"COPE Alcoy\",\"description\":\"Emisora COPE de radio local con emisi\u00f3n online. Pont de Sant Jordi 8-10 03803 Alcoy\",\"potentialAction\":[{\"@type\":\"SearchAction\",\"target\":{\"@type\":\"EntryPoint\",\"urlTemplate\":\"https:\\\/\\\/www.copealcoy.es\\\/es\\\/?s={search_term_string}\"},\"query-input\":{\"@type\":\"PropertyValueSpecification\",\"valueRequired\":true,\"valueName\":\"search_term_string\"}}],\"inLanguage\":\"es\"},{\"@type\":\"Person\",\"@id\":\"https:\\\/\\\/www.copealcoy.es\\\/es\\\/#\\\/schema\\\/person\\\/e777c87fa024e57d40170af9df39882c\",\"name\":\"Cope Alcoy\",\"image\":{\"@type\":\"ImageObject\",\"inLanguage\":\"es\",\"@id\":\"https:\\\/\\\/secure.gravatar.com\\\/avatar\\\/bb65d0283347e303893ba14f0692005417c1e0e690a325a4c5d8bb2b3943ee14?s=96&d=mm&r=g\",\"url\":\"https:\\\/\\\/secure.gravatar.com\\\/avatar\\\/bb65d0283347e303893ba14f0692005417c1e0e690a325a4c5d8bb2b3943ee14?s=96&d=mm&r=g\",\"contentUrl\":\"https:\\\/\\\/secure.gravatar.com\\\/avatar\\\/bb65d0283347e303893ba14f0692005417c1e0e690a325a4c5d8bb2b3943ee14?s=96&d=mm&r=g\",\"caption\":\"Cope Alcoy\"}}]}<\/script>\n<!-- \/ Yoast SEO plugin. -->","yoast_head_json":{"title":"Cocentaina conmemorar\u00e1 el I Centenario del nacimiento del Canonge Soler - COPE Alcoy","description":"El pasado s\u00e1bado 15 de febrero, el sal\u00f3n de actos del Patronat Sagrat Cor de Jes\u00fas de Cocentaina fue el escenario de la presentaci\u00f3n oficial de la \u2018Associaci\u00f3 Cultural Canonge Soler Cardona\u2019","robots":{"index":"index","follow":"follow","max-snippet":"max-snippet:-1","max-image-preview":"max-image-preview:large","max-video-preview":"max-video-preview:-1"},"canonical":"https:\/\/www.copealcoy.es\/es\/cocentaina-conmemorara-el-i-centenario-del-nacimiento-del-canonge-soler\/","og_locale":"es_ES","og_type":"article","og_title":"Cocentaina conmemorar\u00e1 el I Centenario del nacimiento del Canonge Soler - COPE Alcoy","og_description":"El pasado s\u00e1bado 15 de febrero, el sal\u00f3n de actos del Patronat Sagrat Cor de Jes\u00fas de Cocentaina fue el escenario de la presentaci\u00f3n oficial de la \u2018Associaci\u00f3 Cultural Canonge Soler Cardona\u2019","og_url":"https:\/\/www.copealcoy.es\/es\/cocentaina-conmemorara-el-i-centenario-del-nacimiento-del-canonge-soler\/","og_site_name":"COPE Alcoy","article_published_time":"2025-02-19T07:05:25+00:00","article_modified_time":"2025-02-19T10:31:32+00:00","og_image":[{"width":899,"height":674,"url":"https:\/\/www.copealcoy.es\/wp-content\/uploads\/2025\/02\/1-La-presentacion-de-la-Asociacion-tuvo-lugar-en-El-Patronat.jpg","type":"image\/jpeg"}],"author":"Cope Alcoy","twitter_misc":{"Escrito por":"Cope Alcoy","Tiempo de lectura":"3 minutos"},"schema":{"@context":"https:\/\/schema.org","@graph":[{"@type":"Article","@id":"https:\/\/www.copealcoy.es\/es\/cocentaina-conmemorara-el-i-centenario-del-nacimiento-del-canonge-soler\/#article","isPartOf":{"@id":"https:\/\/www.copealcoy.es\/es\/cocentaina-conmemorara-el-i-centenario-del-nacimiento-del-canonge-soler\/"},"author":{"name":"Cope Alcoy","@id":"https:\/\/www.copealcoy.es\/es\/#\/schema\/person\/e777c87fa024e57d40170af9df39882c"},"headline":"Cocentaina conmemorar\u00e1 el I Centenario del nacimiento del Canonge Soler","datePublished":"2025-02-19T07:05:25+00:00","dateModified":"2025-02-19T10:31:32+00:00","mainEntityOfPage":{"@id":"https:\/\/www.copealcoy.es\/es\/cocentaina-conmemorara-el-i-centenario-del-nacimiento-del-canonge-soler\/"},"wordCount":517,"commentCount":0,"image":{"@id":"https:\/\/www.copealcoy.es\/es\/cocentaina-conmemorara-el-i-centenario-del-nacimiento-del-canonge-soler\/#primaryimage"},"thumbnailUrl":"https:\/\/www.copealcoy.es\/wp-content\/uploads\/2025\/02\/1-La-presentacion-de-la-Asociacion-tuvo-lugar-en-El-Patronat.jpg","keywords":["Alcoy","Asociaci\u00f3n Cultural 'Canonge Soler Cardona'","Don Jos\u00e9 Soler Cardona","presentaci\u00f3n"],"articleSection":["Actualidad","Comarcas","Noticias"],"inLanguage":"es"},{"@type":"WebPage","@id":"https:\/\/www.copealcoy.es\/es\/cocentaina-conmemorara-el-i-centenario-del-nacimiento-del-canonge-soler\/","url":"https:\/\/www.copealcoy.es\/es\/cocentaina-conmemorara-el-i-centenario-del-nacimiento-del-canonge-soler\/","name":"Cocentaina conmemorar\u00e1 el I Centenario del nacimiento del Canonge Soler - COPE Alcoy","isPartOf":{"@id":"https:\/\/www.copealcoy.es\/es\/#website"},"primaryImageOfPage":{"@id":"https:\/\/www.copealcoy.es\/es\/cocentaina-conmemorara-el-i-centenario-del-nacimiento-del-canonge-soler\/#primaryimage"},"image":{"@id":"https:\/\/www.copealcoy.es\/es\/cocentaina-conmemorara-el-i-centenario-del-nacimiento-del-canonge-soler\/#primaryimage"},"thumbnailUrl":"https:\/\/www.copealcoy.es\/wp-content\/uploads\/2025\/02\/1-La-presentacion-de-la-Asociacion-tuvo-lugar-en-El-Patronat.jpg","datePublished":"2025-02-19T07:05:25+00:00","dateModified":"2025-02-19T10:31:32+00:00","author":{"@id":"https:\/\/www.copealcoy.es\/es\/#\/schema\/person\/e777c87fa024e57d40170af9df39882c"},"description":"El pasado s\u00e1bado 15 de febrero, el sal\u00f3n de actos del Patronat Sagrat Cor de Jes\u00fas de Cocentaina fue el escenario de la presentaci\u00f3n oficial de la \u2018Associaci\u00f3 Cultural Canonge Soler Cardona\u2019","breadcrumb":{"@id":"https:\/\/www.copealcoy.es\/es\/cocentaina-conmemorara-el-i-centenario-del-nacimiento-del-canonge-soler\/#breadcrumb"},"inLanguage":"es","potentialAction":[{"@type":"ReadAction","target":["https:\/\/www.copealcoy.es\/es\/cocentaina-conmemorara-el-i-centenario-del-nacimiento-del-canonge-soler\/"]}]},{"@type":"ImageObject","inLanguage":"es","@id":"https:\/\/www.copealcoy.es\/es\/cocentaina-conmemorara-el-i-centenario-del-nacimiento-del-canonge-soler\/#primaryimage","url":"https:\/\/www.copealcoy.es\/wp-content\/uploads\/2025\/02\/1-La-presentacion-de-la-Asociacion-tuvo-lugar-en-El-Patronat.jpg","contentUrl":"https:\/\/www.copealcoy.es\/wp-content\/uploads\/2025\/02\/1-La-presentacion-de-la-Asociacion-tuvo-lugar-en-El-Patronat.jpg","width":899,"height":674},{"@type":"BreadcrumbList","@id":"https:\/\/www.copealcoy.es\/es\/cocentaina-conmemorara-el-i-centenario-del-nacimiento-del-canonge-soler\/#breadcrumb","itemListElement":[{"@type":"ListItem","position":1,"name":"Portada","item":"https:\/\/www.copealcoy.es\/es\/"},{"@type":"ListItem","position":2,"name":"Cocentaina conmemorar\u00e1 el I Centenario del nacimiento del Canonge Soler"}]},{"@type":"WebSite","@id":"https:\/\/www.copealcoy.es\/es\/#website","url":"https:\/\/www.copealcoy.es\/es\/","name":"COPE Alcoy","description":"Emisora COPE de radio local con emisi\u00f3n online. Pont de Sant Jordi 8-10 03803 Alcoy","potentialAction":[{"@type":"SearchAction","target":{"@type":"EntryPoint","urlTemplate":"https:\/\/www.copealcoy.es\/es\/?s={search_term_string}"},"query-input":{"@type":"PropertyValueSpecification","valueRequired":true,"valueName":"search_term_string"}}],"inLanguage":"es"},{"@type":"Person","@id":"https:\/\/www.copealcoy.es\/es\/#\/schema\/person\/e777c87fa024e57d40170af9df39882c","name":"Cope Alcoy","image":{"@type":"ImageObject","inLanguage":"es","@id":"https:\/\/secure.gravatar.com\/avatar\/bb65d0283347e303893ba14f0692005417c1e0e690a325a4c5d8bb2b3943ee14?s=96&d=mm&r=g","url":"https:\/\/secure.gravatar.com\/avatar\/bb65d0283347e303893ba14f0692005417c1e0e690a325a4c5d8bb2b3943ee14?s=96&d=mm&r=g","contentUrl":"https:\/\/secure.gravatar.com\/avatar\/bb65d0283347e303893ba14f0692005417c1e0e690a325a4c5d8bb2b3943ee14?s=96&d=mm&r=g","caption":"Cope Alcoy"}}]}},"_links":{"self":[{"href":"https:\/\/www.copealcoy.es\/es\/wp-json\/wp\/v2\/posts\/147736","targetHints":{"allow":["GET"]}}],"collection":[{"href":"https:\/\/www.copealcoy.es\/es\/wp-json\/wp\/v2\/posts"}],"about":[{"href":"https:\/\/www.copealcoy.es\/es\/wp-json\/wp\/v2\/types\/post"}],"author":[{"embeddable":true,"href":"https:\/\/www.copealcoy.es\/es\/wp-json\/wp\/v2\/users\/1"}],"replies":[{"embeddable":true,"href":"https:\/\/www.copealcoy.es\/es\/wp-json\/wp\/v2\/comments?post=147736"}],"version-history":[{"count":0,"href":"https:\/\/www.copealcoy.es\/es\/wp-json\/wp\/v2\/posts\/147736\/revisions"}],"wp:featuredmedia":[{"embeddable":true,"href":"https:\/\/www.copealcoy.es\/es\/wp-json\/wp\/v2\/media\/147737"}],"wp:attachment":[{"href":"https:\/\/www.copealcoy.es\/es\/wp-json\/wp\/v2\/media?parent=147736"}],"wp:term":[{"taxonomy":"category","embeddable":true,"href":"https:\/\/www.copealcoy.es\/es\/wp-json\/wp\/v2\/categories?post=147736"},{"taxonomy":"post_tag","embeddable":true,"href":"https:\/\/www.copealcoy.es\/es\/wp-json\/wp\/v2\/tags?post=147736"}],"curies":[{"name":"wp","href":"https:\/\/api.w.org\/{rel}","templated":true}]}}