{"id":147636,"date":"2025-02-14T11:31:43","date_gmt":"2025-02-14T10:31:43","guid":{"rendered":"https:\/\/www.copealcoy.es\/?p=147636"},"modified":"2025-02-14T11:39:43","modified_gmt":"2025-02-14T10:39:43","slug":"que-aspectos-contempla-la-nueva-ordenanza-de-peatonalizacion-del-centro-de-alcoy","status":"publish","type":"post","link":"https:\/\/www.copealcoy.es\/es\/que-aspectos-contempla-la-nueva-ordenanza-de-peatonalizacion-del-centro-de-alcoy\/","title":{"rendered":"\u00bfQu\u00e9 aspectos contempla la nueva Ordenanza de peatonalizaci\u00f3n del Centro de Alcoy?"},"content":{"rendered":"<p style=\"text-align: justify;\">Esta semana os hemos contado que el Ayuntamiento de Alcoy <strong>ya ha abierto el periodo de exposici\u00f3n p\u00fablica de la nueva Ordenanza de peatonalizaci\u00f3n del Centro<\/strong>. A partir de ahora, y un plazo de veinte d\u00edas h\u00e1biles que comenz\u00f3 el 5 de febrero y acabar\u00e1 el 5 de marzo, <strong>se podr\u00e1n presentar alegaciones al texto<\/strong> por parte de cualquier vecino, organizaci\u00f3n o asociaci\u00f3n de la ciudad.<\/p>\n<p style=\"text-align: justify;\">Hay que recordar que <strong>la segunda Ordenanza de peatonalizaci\u00f3n surge despu\u00e9s de que el Tribunal Superior de Justicia de la Comunitat Valenciana declara la primera nula<\/strong> a principios del oto\u00f1o de 2023, una sentencia que el Ayuntamiento no recurri\u00f3 y en la que se enfatizaba que no hab\u00eda habido una adecuada participaci\u00f3n ciudadana al igual que se advert\u00eda de la falta de algunos documentos. Tras este varapalo, <strong>el Consistorio elimin\u00f3 todas las restricciones de movilidad del Centro<\/strong> y empez\u00f3 a trabajar <strong>en la elaboraci\u00f3n de un documento renovado<\/strong> que ahora se ha completado tras una completa fase previa en la que se ha escuchado a todas las partes implicadas.<\/p>\n<p style=\"text-align: justify;\">Una de <strong>las novedades<\/strong> de esta segunda ordenanza la encontramos en<strong> la calle Sant Nicolau<\/strong>, la cual dejar\u00e1 de estar incluida en el \u00e1rea peatonal. Por otro lado, <strong>se eliminan los horarios de acceso<\/strong> para quienes, por ejemplo, tengan un garaje en la zona o personas con movilidad reducida; y s\u00ed que habr\u00e1 horario para carga o descarga e incluso para repartos a domicilios o farmacias. En este caso se precisar\u00e1 de una autorizaci\u00f3n al igual que para ocasiones puntuales. El citado documento, con todo detalle, se puede consultar <a href=\"https:\/\/www.alcoi.org\/es\/areas\/igs\/noticias\/noticies\/noticia_0061.html\" target=\"_blank\" rel=\"noopener\"><span style=\"color: #0000ff;\"><strong>aqu\u00ed<\/strong><\/span><\/a>.<\/p>\n<p style=\"text-align: justify;\">Una vez finalizado el periodo de exposici\u00f3n p\u00fablica, se valorar\u00e1n e incorporar\u00e1n las modificaciones necesarias. En el caso de que algunas alegaciones no se incorporen al texto final, los t\u00e9cnicos\u00a0 municipales deber\u00e1 responder e informar de los motivos de la no aceptaci\u00f3n de las mismas. Seguidamente, <strong>la ordenanza se someter\u00e1 a aprobaci\u00f3n<\/strong> en el Pleno municipal de forma provisional. Si tras un periodo de 30 d\u00edas de exposici\u00f3n p\u00fablica no se presentan nuevas alegaciones, se aprobar\u00e1 definitivamente y se publicar\u00e1 en el Bolet\u00edn Oficial de la Provincia (BOP).<\/p>\n","protected":false},"excerpt":{"rendered":"<p>Esta semana os hemos contado que el Ayuntamiento de Alcoy ya ha abierto el periodo de exposici\u00f3n p\u00fablica de la&#8230;<\/p>\n","protected":false},"author":1,"featured_media":122008,"comment_status":"open","ping_status":"open","sticky":false,"template":"","format":"standard","meta":{"footnotes":""},"categories":[6909,97,75,125],"tags":[1494,295,4875,294],"class_list":["post-147636","post","type-post","status-publish","format-standard","has-post-thumbnail","hentry","category-actualidad","category-alcoy","category-noticias","category-portada","tag-alcoy","tag-centro","tag-nueva-ordenanza","tag-peatonalizacion"],"yoast_head":"<!-- This site is optimized with the Yoast SEO plugin v27.3 - https:\/\/yoast.com\/product\/yoast-seo-wordpress\/ -->\n<title>\u00bfQu\u00e9 aspectos contempla la nueva Ordenanza de peatonalizaci\u00f3n del Centro de Alcoy? - COPE Alcoy<\/title>\n<meta name=\"robots\" content=\"index, follow, max-snippet:-1, max-image-preview:large, max-video-preview:-1\" \/>\n<link rel=\"canonical\" href=\"https:\/\/www.copealcoy.es\/es\/que-aspectos-contempla-la-nueva-ordenanza-de-peatonalizacion-del-centro-de-alcoy\/\" \/>\n<meta property=\"og:locale\" content=\"es_ES\" \/>\n<meta property=\"og:type\" content=\"article\" \/>\n<meta property=\"og:title\" content=\"\u00bfQu\u00e9 aspectos contempla la nueva Ordenanza de peatonalizaci\u00f3n del Centro de Alcoy? - COPE Alcoy\" \/>\n<meta property=\"og:description\" content=\"Esta semana os hemos contado que el Ayuntamiento de Alcoy ya ha abierto el periodo de exposici\u00f3n p\u00fablica de la...\" \/>\n<meta property=\"og:url\" content=\"https:\/\/www.copealcoy.es\/es\/que-aspectos-contempla-la-nueva-ordenanza-de-peatonalizacion-del-centro-de-alcoy\/\" \/>\n<meta property=\"og:site_name\" content=\"COPE Alcoy\" \/>\n<meta property=\"article:published_time\" content=\"2025-02-14T10:31:43+00:00\" \/>\n<meta property=\"article:modified_time\" content=\"2025-02-14T10:39:43+00:00\" \/>\n<meta property=\"og:image\" content=\"https:\/\/www.copealcoy.es\/wp-content\/uploads\/2023\/09\/8e0c5544-ec21-4cdf-9823-43b37dece592.jpg\" \/>\n\t<meta property=\"og:image:width\" content=\"640\" \/>\n\t<meta property=\"og:image:height\" content=\"480\" \/>\n\t<meta property=\"og:image:type\" content=\"image\/jpeg\" \/>\n<meta name=\"author\" content=\"Cope Alcoy\" \/>\n<meta name=\"twitter:label1\" content=\"Escrito por\" \/>\n\t<meta name=\"twitter:data1\" content=\"Cope Alcoy\" \/>\n\t<meta name=\"twitter:label2\" content=\"Tiempo de lectura\" \/>\n\t<meta name=\"twitter:data2\" content=\"3 minutos\" \/>\n<script type=\"application\/ld+json\" class=\"yoast-schema-graph\">{\"@context\":\"https:\\\/\\\/schema.org\",\"@graph\":[{\"@type\":\"Article\",\"@id\":\"https:\\\/\\\/www.copealcoy.es\\\/es\\\/que-aspectos-contempla-la-nueva-ordenanza-de-peatonalizacion-del-centro-de-alcoy\\\/#article\",\"isPartOf\":{\"@id\":\"https:\\\/\\\/www.copealcoy.es\\\/es\\\/que-aspectos-contempla-la-nueva-ordenanza-de-peatonalizacion-del-centro-de-alcoy\\\/\"},\"author\":{\"name\":\"Cope Alcoy\",\"@id\":\"https:\\\/\\\/www.copealcoy.es\\\/es\\\/#\\\/schema\\\/person\\\/e777c87fa024e57d40170af9df39882c\"},\"headline\":\"\u00bfQu\u00e9 aspectos contempla la nueva Ordenanza de peatonalizaci\u00f3n del Centro de Alcoy?\",\"datePublished\":\"2025-02-14T10:31:43+00:00\",\"dateModified\":\"2025-02-14T10:39:43+00:00\",\"mainEntityOfPage\":{\"@id\":\"https:\\\/\\\/www.copealcoy.es\\\/es\\\/que-aspectos-contempla-la-nueva-ordenanza-de-peatonalizacion-del-centro-de-alcoy\\\/\"},\"wordCount\":389,\"commentCount\":0,\"image\":{\"@id\":\"https:\\\/\\\/www.copealcoy.es\\\/es\\\/que-aspectos-contempla-la-nueva-ordenanza-de-peatonalizacion-del-centro-de-alcoy\\\/#primaryimage\"},\"thumbnailUrl\":\"https:\\\/\\\/www.copealcoy.es\\\/wp-content\\\/uploads\\\/2023\\\/09\\\/8e0c5544-ec21-4cdf-9823-43b37dece592.jpg\",\"keywords\":[\"Alcoy\",\"Centro\",\"nueva ordenanza\",\"Peatonalizaci\u00f3n\"],\"articleSection\":[\"Actualidad\",\"Alcoy\",\"Noticias\",\"Portada\"],\"inLanguage\":\"es\"},{\"@type\":\"WebPage\",\"@id\":\"https:\\\/\\\/www.copealcoy.es\\\/es\\\/que-aspectos-contempla-la-nueva-ordenanza-de-peatonalizacion-del-centro-de-alcoy\\\/\",\"url\":\"https:\\\/\\\/www.copealcoy.es\\\/es\\\/que-aspectos-contempla-la-nueva-ordenanza-de-peatonalizacion-del-centro-de-alcoy\\\/\",\"name\":\"\u00bfQu\u00e9 aspectos contempla la nueva Ordenanza de peatonalizaci\u00f3n del Centro de Alcoy? - COPE Alcoy\",\"isPartOf\":{\"@id\":\"https:\\\/\\\/www.copealcoy.es\\\/es\\\/#website\"},\"primaryImageOfPage\":{\"@id\":\"https:\\\/\\\/www.copealcoy.es\\\/es\\\/que-aspectos-contempla-la-nueva-ordenanza-de-peatonalizacion-del-centro-de-alcoy\\\/#primaryimage\"},\"image\":{\"@id\":\"https:\\\/\\\/www.copealcoy.es\\\/es\\\/que-aspectos-contempla-la-nueva-ordenanza-de-peatonalizacion-del-centro-de-alcoy\\\/#primaryimage\"},\"thumbnailUrl\":\"https:\\\/\\\/www.copealcoy.es\\\/wp-content\\\/uploads\\\/2023\\\/09\\\/8e0c5544-ec21-4cdf-9823-43b37dece592.jpg\",\"datePublished\":\"2025-02-14T10:31:43+00:00\",\"dateModified\":\"2025-02-14T10:39:43+00:00\",\"author\":{\"@id\":\"https:\\\/\\\/www.copealcoy.es\\\/es\\\/#\\\/schema\\\/person\\\/e777c87fa024e57d40170af9df39882c\"},\"breadcrumb\":{\"@id\":\"https:\\\/\\\/www.copealcoy.es\\\/es\\\/que-aspectos-contempla-la-nueva-ordenanza-de-peatonalizacion-del-centro-de-alcoy\\\/#breadcrumb\"},\"inLanguage\":\"es\",\"potentialAction\":[{\"@type\":\"ReadAction\",\"target\":[\"https:\\\/\\\/www.copealcoy.es\\\/es\\\/que-aspectos-contempla-la-nueva-ordenanza-de-peatonalizacion-del-centro-de-alcoy\\\/\"]}]},{\"@type\":\"ImageObject\",\"inLanguage\":\"es\",\"@id\":\"https:\\\/\\\/www.copealcoy.es\\\/es\\\/que-aspectos-contempla-la-nueva-ordenanza-de-peatonalizacion-del-centro-de-alcoy\\\/#primaryimage\",\"url\":\"https:\\\/\\\/www.copealcoy.es\\\/wp-content\\\/uploads\\\/2023\\\/09\\\/8e0c5544-ec21-4cdf-9823-43b37dece592.jpg\",\"contentUrl\":\"https:\\\/\\\/www.copealcoy.es\\\/wp-content\\\/uploads\\\/2023\\\/09\\\/8e0c5544-ec21-4cdf-9823-43b37dece592.jpg\",\"width\":640,\"height\":480},{\"@type\":\"BreadcrumbList\",\"@id\":\"https:\\\/\\\/www.copealcoy.es\\\/es\\\/que-aspectos-contempla-la-nueva-ordenanza-de-peatonalizacion-del-centro-de-alcoy\\\/#breadcrumb\",\"itemListElement\":[{\"@type\":\"ListItem\",\"position\":1,\"name\":\"Portada\",\"item\":\"https:\\\/\\\/www.copealcoy.es\\\/es\\\/\"},{\"@type\":\"ListItem\",\"position\":2,\"name\":\"\u00bfQu\u00e9 aspectos contempla la nueva Ordenanza de peatonalizaci\u00f3n del Centro de Alcoy?\"}]},{\"@type\":\"WebSite\",\"@id\":\"https:\\\/\\\/www.copealcoy.es\\\/es\\\/#website\",\"url\":\"https:\\\/\\\/www.copealcoy.es\\\/es\\\/\",\"name\":\"COPE Alcoy\",\"description\":\"Emisora COPE de radio local con emisi\u00f3n online. Pont de Sant Jordi 8-10 03803 Alcoy\",\"potentialAction\":[{\"@type\":\"SearchAction\",\"target\":{\"@type\":\"EntryPoint\",\"urlTemplate\":\"https:\\\/\\\/www.copealcoy.es\\\/es\\\/?s={search_term_string}\"},\"query-input\":{\"@type\":\"PropertyValueSpecification\",\"valueRequired\":true,\"valueName\":\"search_term_string\"}}],\"inLanguage\":\"es\"},{\"@type\":\"Person\",\"@id\":\"https:\\\/\\\/www.copealcoy.es\\\/es\\\/#\\\/schema\\\/person\\\/e777c87fa024e57d40170af9df39882c\",\"name\":\"Cope Alcoy\",\"image\":{\"@type\":\"ImageObject\",\"inLanguage\":\"es\",\"@id\":\"https:\\\/\\\/secure.gravatar.com\\\/avatar\\\/bb65d0283347e303893ba14f0692005417c1e0e690a325a4c5d8bb2b3943ee14?s=96&d=mm&r=g\",\"url\":\"https:\\\/\\\/secure.gravatar.com\\\/avatar\\\/bb65d0283347e303893ba14f0692005417c1e0e690a325a4c5d8bb2b3943ee14?s=96&d=mm&r=g\",\"contentUrl\":\"https:\\\/\\\/secure.gravatar.com\\\/avatar\\\/bb65d0283347e303893ba14f0692005417c1e0e690a325a4c5d8bb2b3943ee14?s=96&d=mm&r=g\",\"caption\":\"Cope Alcoy\"}}]}<\/script>\n<!-- \/ Yoast SEO plugin. -->","yoast_head_json":{"title":"\u00bfQu\u00e9 aspectos contempla la nueva Ordenanza de peatonalizaci\u00f3n del Centro de Alcoy? - COPE Alcoy","robots":{"index":"index","follow":"follow","max-snippet":"max-snippet:-1","max-image-preview":"max-image-preview:large","max-video-preview":"max-video-preview:-1"},"canonical":"https:\/\/www.copealcoy.es\/es\/que-aspectos-contempla-la-nueva-ordenanza-de-peatonalizacion-del-centro-de-alcoy\/","og_locale":"es_ES","og_type":"article","og_title":"\u00bfQu\u00e9 aspectos contempla la nueva Ordenanza de peatonalizaci\u00f3n del Centro de Alcoy? - COPE Alcoy","og_description":"Esta semana os hemos contado que el Ayuntamiento de Alcoy ya ha abierto el periodo de exposici\u00f3n p\u00fablica de la...","og_url":"https:\/\/www.copealcoy.es\/es\/que-aspectos-contempla-la-nueva-ordenanza-de-peatonalizacion-del-centro-de-alcoy\/","og_site_name":"COPE Alcoy","article_published_time":"2025-02-14T10:31:43+00:00","article_modified_time":"2025-02-14T10:39:43+00:00","og_image":[{"width":640,"height":480,"url":"https:\/\/www.copealcoy.es\/wp-content\/uploads\/2023\/09\/8e0c5544-ec21-4cdf-9823-43b37dece592.jpg","type":"image\/jpeg"}],"author":"Cope Alcoy","twitter_misc":{"Escrito por":"Cope Alcoy","Tiempo de lectura":"3 minutos"},"schema":{"@context":"https:\/\/schema.org","@graph":[{"@type":"Article","@id":"https:\/\/www.copealcoy.es\/es\/que-aspectos-contempla-la-nueva-ordenanza-de-peatonalizacion-del-centro-de-alcoy\/#article","isPartOf":{"@id":"https:\/\/www.copealcoy.es\/es\/que-aspectos-contempla-la-nueva-ordenanza-de-peatonalizacion-del-centro-de-alcoy\/"},"author":{"name":"Cope Alcoy","@id":"https:\/\/www.copealcoy.es\/es\/#\/schema\/person\/e777c87fa024e57d40170af9df39882c"},"headline":"\u00bfQu\u00e9 aspectos contempla la nueva Ordenanza de peatonalizaci\u00f3n del Centro de Alcoy?","datePublished":"2025-02-14T10:31:43+00:00","dateModified":"2025-02-14T10:39:43+00:00","mainEntityOfPage":{"@id":"https:\/\/www.copealcoy.es\/es\/que-aspectos-contempla-la-nueva-ordenanza-de-peatonalizacion-del-centro-de-alcoy\/"},"wordCount":389,"commentCount":0,"image":{"@id":"https:\/\/www.copealcoy.es\/es\/que-aspectos-contempla-la-nueva-ordenanza-de-peatonalizacion-del-centro-de-alcoy\/#primaryimage"},"thumbnailUrl":"https:\/\/www.copealcoy.es\/wp-content\/uploads\/2023\/09\/8e0c5544-ec21-4cdf-9823-43b37dece592.jpg","keywords":["Alcoy","Centro","nueva ordenanza","Peatonalizaci\u00f3n"],"articleSection":["Actualidad","Alcoy","Noticias","Portada"],"inLanguage":"es"},{"@type":"WebPage","@id":"https:\/\/www.copealcoy.es\/es\/que-aspectos-contempla-la-nueva-ordenanza-de-peatonalizacion-del-centro-de-alcoy\/","url":"https:\/\/www.copealcoy.es\/es\/que-aspectos-contempla-la-nueva-ordenanza-de-peatonalizacion-del-centro-de-alcoy\/","name":"\u00bfQu\u00e9 aspectos contempla la nueva Ordenanza de peatonalizaci\u00f3n del Centro de Alcoy? - COPE Alcoy","isPartOf":{"@id":"https:\/\/www.copealcoy.es\/es\/#website"},"primaryImageOfPage":{"@id":"https:\/\/www.copealcoy.es\/es\/que-aspectos-contempla-la-nueva-ordenanza-de-peatonalizacion-del-centro-de-alcoy\/#primaryimage"},"image":{"@id":"https:\/\/www.copealcoy.es\/es\/que-aspectos-contempla-la-nueva-ordenanza-de-peatonalizacion-del-centro-de-alcoy\/#primaryimage"},"thumbnailUrl":"https:\/\/www.copealcoy.es\/wp-content\/uploads\/2023\/09\/8e0c5544-ec21-4cdf-9823-43b37dece592.jpg","datePublished":"2025-02-14T10:31:43+00:00","dateModified":"2025-02-14T10:39:43+00:00","author":{"@id":"https:\/\/www.copealcoy.es\/es\/#\/schema\/person\/e777c87fa024e57d40170af9df39882c"},"breadcrumb":{"@id":"https:\/\/www.copealcoy.es\/es\/que-aspectos-contempla-la-nueva-ordenanza-de-peatonalizacion-del-centro-de-alcoy\/#breadcrumb"},"inLanguage":"es","potentialAction":[{"@type":"ReadAction","target":["https:\/\/www.copealcoy.es\/es\/que-aspectos-contempla-la-nueva-ordenanza-de-peatonalizacion-del-centro-de-alcoy\/"]}]},{"@type":"ImageObject","inLanguage":"es","@id":"https:\/\/www.copealcoy.es\/es\/que-aspectos-contempla-la-nueva-ordenanza-de-peatonalizacion-del-centro-de-alcoy\/#primaryimage","url":"https:\/\/www.copealcoy.es\/wp-content\/uploads\/2023\/09\/8e0c5544-ec21-4cdf-9823-43b37dece592.jpg","contentUrl":"https:\/\/www.copealcoy.es\/wp-content\/uploads\/2023\/09\/8e0c5544-ec21-4cdf-9823-43b37dece592.jpg","width":640,"height":480},{"@type":"BreadcrumbList","@id":"https:\/\/www.copealcoy.es\/es\/que-aspectos-contempla-la-nueva-ordenanza-de-peatonalizacion-del-centro-de-alcoy\/#breadcrumb","itemListElement":[{"@type":"ListItem","position":1,"name":"Portada","item":"https:\/\/www.copealcoy.es\/es\/"},{"@type":"ListItem","position":2,"name":"\u00bfQu\u00e9 aspectos contempla la nueva Ordenanza de peatonalizaci\u00f3n del Centro de Alcoy?"}]},{"@type":"WebSite","@id":"https:\/\/www.copealcoy.es\/es\/#website","url":"https:\/\/www.copealcoy.es\/es\/","name":"COPE Alcoy","description":"Emisora COPE de radio local con emisi\u00f3n online. Pont de Sant Jordi 8-10 03803 Alcoy","potentialAction":[{"@type":"SearchAction","target":{"@type":"EntryPoint","urlTemplate":"https:\/\/www.copealcoy.es\/es\/?s={search_term_string}"},"query-input":{"@type":"PropertyValueSpecification","valueRequired":true,"valueName":"search_term_string"}}],"inLanguage":"es"},{"@type":"Person","@id":"https:\/\/www.copealcoy.es\/es\/#\/schema\/person\/e777c87fa024e57d40170af9df39882c","name":"Cope Alcoy","image":{"@type":"ImageObject","inLanguage":"es","@id":"https:\/\/secure.gravatar.com\/avatar\/bb65d0283347e303893ba14f0692005417c1e0e690a325a4c5d8bb2b3943ee14?s=96&d=mm&r=g","url":"https:\/\/secure.gravatar.com\/avatar\/bb65d0283347e303893ba14f0692005417c1e0e690a325a4c5d8bb2b3943ee14?s=96&d=mm&r=g","contentUrl":"https:\/\/secure.gravatar.com\/avatar\/bb65d0283347e303893ba14f0692005417c1e0e690a325a4c5d8bb2b3943ee14?s=96&d=mm&r=g","caption":"Cope Alcoy"}}]}},"_links":{"self":[{"href":"https:\/\/www.copealcoy.es\/es\/wp-json\/wp\/v2\/posts\/147636","targetHints":{"allow":["GET"]}}],"collection":[{"href":"https:\/\/www.copealcoy.es\/es\/wp-json\/wp\/v2\/posts"}],"about":[{"href":"https:\/\/www.copealcoy.es\/es\/wp-json\/wp\/v2\/types\/post"}],"author":[{"embeddable":true,"href":"https:\/\/www.copealcoy.es\/es\/wp-json\/wp\/v2\/users\/1"}],"replies":[{"embeddable":true,"href":"https:\/\/www.copealcoy.es\/es\/wp-json\/wp\/v2\/comments?post=147636"}],"version-history":[{"count":0,"href":"https:\/\/www.copealcoy.es\/es\/wp-json\/wp\/v2\/posts\/147636\/revisions"}],"wp:featuredmedia":[{"embeddable":true,"href":"https:\/\/www.copealcoy.es\/es\/wp-json\/wp\/v2\/media\/122008"}],"wp:attachment":[{"href":"https:\/\/www.copealcoy.es\/es\/wp-json\/wp\/v2\/media?parent=147636"}],"wp:term":[{"taxonomy":"category","embeddable":true,"href":"https:\/\/www.copealcoy.es\/es\/wp-json\/wp\/v2\/categories?post=147636"},{"taxonomy":"post_tag","embeddable":true,"href":"https:\/\/www.copealcoy.es\/es\/wp-json\/wp\/v2\/tags?post=147636"}],"curies":[{"name":"wp","href":"https:\/\/api.w.org\/{rel}","templated":true}]}}