{"id":147572,"date":"2025-02-13T17:20:19","date_gmt":"2025-02-13T16:20:19","guid":{"rendered":"https:\/\/www.copealcoy.es\/?p=147572"},"modified":"2025-02-13T17:32:23","modified_gmt":"2025-02-13T16:32:23","slug":"pau-bernabeu-reelegido-como-director-del-campus-de-alcoy-de-la-upv","status":"publish","type":"post","link":"https:\/\/www.copealcoy.es\/es\/pau-bernabeu-reelegido-como-director-del-campus-de-alcoy-de-la-upv\/","title":{"rendered":"Pau Bernab\u00e9u, reelegido como director del Campus de Alcoy de la UPV"},"content":{"rendered":"<p style=\"text-align: justify;\">El hasta ahora director del <a href=\"https:\/\/www.upv.es\/otros\/como-llegar-upv\/campus-alcoy\/index-es.html\" target=\"_blank\" rel=\"noopener\"><span style=\"color: #0000ff;\"><strong>Campus de Alcoy de la UPV<\/strong><\/span><\/a> seguir\u00e1 al frente del cargo otros seis a\u00f1os m\u00e1s. As\u00ed qued\u00f3 ratificado <strong>durante el proceso electoral celebrado ayer<\/strong>, cuyos resultados se conocieron anoche, y tras <strong>unas elecciones que situaron a Bernab\u00e9u como claro vencedor<\/strong> con respecto a Josefa Mula que era la otra candidata que aspiraba a la direcci\u00f3n.<\/p>\n<p style=\"text-align: justify;\">Pau Bernab\u00e9u <strong>obtuvo el 64,7% del voto ponderado frente al 35,3% de Mula<\/strong>. Fueron unos 2.800 los que ten\u00edan derecho a voto en la jornada de ayer destacando en alumnos los 889 votos frente a los 311. En personal docente-investigadores permanentes, seg\u00fan la informaci\u00f3n facilitada, fueron 75 frente 46; en personal docente-investigadores no permanente a tiempo completo 8 ante 4; en personal docente-investigadores a tiempo parcial 31 frente a 21 y en personal t\u00e9cnico de gesti\u00f3n, de administraci\u00f3n y servicios, 24 y 17. Bernab\u00e9u, que afronta el reto con ilusi\u00f3n, <strong>iniciar\u00e1 as\u00ed su segunda legislatura como director del Campus de Alcoy de la UPV<\/strong> con una destacada lista de objetivos sobre la mesa &#8220;<em>vamos a seguir trabajando para incrementar el n\u00famero de alumnos, ofertando nuevas titulaciones acorde a las necesidades actuales del mercado laboral, con el objetivo de consolidar al Campus de Alcoy de la UPV como un aut\u00e9ntico generador de talento en el conjunto de las comarcas centrales valencianas. A todo ello se le une el impulso a la investigaci\u00f3n, con la Ciudad Polit\u00e9cnica de la Innovaci\u00f3n, y la creaci\u00f3n de nuevas infraestructuras ampliando el Campus hasta La Beniata con instalaciones deportivas, zonas verdes y mucho m\u00e1s<\/em>&#8220;, explicaba el hasta ayer candidato el pasado martes en declaraciones a COPE ALCOY.<\/p>\n<p style=\"text-align: justify;\">Al reci\u00e9n elegido director, <strong>le acompa\u00f1an ahora en su equipo<\/strong> Miguel Reig, Antonio Arques, Javier Silvestre, Jos\u00e9 Manuel Diez, Francisca Sempere. A ello se le unen Pau Mir\u00f3, Luc\u00eda Agud, Patricia Carrecedo, Isaac Montava, Jos\u00e9 Mar\u00eda Gadea, Beatriz Teixeres. Las votaciones arrancaron ayer a las ocho de la ma\u00f1ana y se desarrollaron hasta las ocho de la tarde de manera electr\u00f3nica.<\/p>\n","protected":false},"excerpt":{"rendered":"<p>El hasta ahora director del Campus de Alcoy de la UPV seguir\u00e1 al frente del cargo otros seis a\u00f1os m\u00e1s&#8230;.<\/p>\n","protected":false},"author":1,"featured_media":147573,"comment_status":"open","ping_status":"open","sticky":false,"template":"","format":"standard","meta":{"footnotes":""},"categories":[6909,97,5374,900,75],"tags":[1494,1732,307,10295,674],"class_list":["post-147572","post","type-post","status-publish","format-standard","has-post-thumbnail","hentry","category-actualidad","category-alcoy","category-campus-de-alcoy","category-educacion","category-noticias","tag-alcoy","tag-campus-alcoy","tag-elecciones","tag-pau-bernabeu","tag-upv"],"yoast_head":"<!-- This site is optimized with the Yoast SEO plugin v27.3 - https:\/\/yoast.com\/product\/yoast-seo-wordpress\/ -->\n<title>Pau Bernab\u00e9u, reelegido como director del Campus de Alcoy de la UPV - COPE Alcoy<\/title>\n<meta name=\"description\" content=\"El hasta ahora director del Campus de Alcoy de la UPV seguir\u00e1 al frente del cargo otros seis a\u00f1os m\u00e1s\" \/>\n<meta name=\"robots\" content=\"index, follow, max-snippet:-1, max-image-preview:large, max-video-preview:-1\" \/>\n<link rel=\"canonical\" href=\"https:\/\/www.copealcoy.es\/es\/pau-bernabeu-reelegido-como-director-del-campus-de-alcoy-de-la-upv\/\" \/>\n<meta property=\"og:locale\" content=\"es_ES\" \/>\n<meta property=\"og:type\" content=\"article\" \/>\n<meta property=\"og:title\" content=\"Pau Bernab\u00e9u, reelegido como director del Campus de Alcoy de la UPV - COPE Alcoy\" \/>\n<meta property=\"og:description\" content=\"El hasta ahora director del Campus de Alcoy de la UPV seguir\u00e1 al frente del cargo otros seis a\u00f1os m\u00e1s\" \/>\n<meta property=\"og:url\" content=\"https:\/\/www.copealcoy.es\/es\/pau-bernabeu-reelegido-como-director-del-campus-de-alcoy-de-la-upv\/\" \/>\n<meta property=\"og:site_name\" content=\"COPE Alcoy\" \/>\n<meta property=\"article:published_time\" content=\"2025-02-13T16:20:19+00:00\" \/>\n<meta property=\"article:modified_time\" content=\"2025-02-13T16:32:23+00:00\" \/>\n<meta property=\"og:image\" content=\"https:\/\/www.copealcoy.es\/wp-content\/uploads\/2025\/02\/IMG_6886.jpg\" \/>\n\t<meta property=\"og:image:width\" content=\"1179\" \/>\n\t<meta property=\"og:image:height\" content=\"611\" \/>\n\t<meta property=\"og:image:type\" content=\"image\/jpeg\" \/>\n<meta name=\"author\" content=\"Cope Alcoy\" \/>\n<meta name=\"twitter:label1\" content=\"Escrito por\" \/>\n\t<meta name=\"twitter:data1\" content=\"Cope Alcoy\" \/>\n\t<meta name=\"twitter:label2\" content=\"Tiempo de lectura\" \/>\n\t<meta name=\"twitter:data2\" content=\"3 minutos\" \/>\n<script type=\"application\/ld+json\" class=\"yoast-schema-graph\">{\"@context\":\"https:\\\/\\\/schema.org\",\"@graph\":[{\"@type\":\"Article\",\"@id\":\"https:\\\/\\\/www.copealcoy.es\\\/es\\\/pau-bernabeu-reelegido-como-director-del-campus-de-alcoy-de-la-upv\\\/#article\",\"isPartOf\":{\"@id\":\"https:\\\/\\\/www.copealcoy.es\\\/es\\\/pau-bernabeu-reelegido-como-director-del-campus-de-alcoy-de-la-upv\\\/\"},\"author\":{\"name\":\"Cope Alcoy\",\"@id\":\"https:\\\/\\\/www.copealcoy.es\\\/es\\\/#\\\/schema\\\/person\\\/e777c87fa024e57d40170af9df39882c\"},\"headline\":\"Pau Bernab\u00e9u, reelegido como director del Campus de Alcoy de la UPV\",\"datePublished\":\"2025-02-13T16:20:19+00:00\",\"dateModified\":\"2025-02-13T16:32:23+00:00\",\"mainEntityOfPage\":{\"@id\":\"https:\\\/\\\/www.copealcoy.es\\\/es\\\/pau-bernabeu-reelegido-como-director-del-campus-de-alcoy-de-la-upv\\\/\"},\"wordCount\":358,\"commentCount\":0,\"image\":{\"@id\":\"https:\\\/\\\/www.copealcoy.es\\\/es\\\/pau-bernabeu-reelegido-como-director-del-campus-de-alcoy-de-la-upv\\\/#primaryimage\"},\"thumbnailUrl\":\"https:\\\/\\\/www.copealcoy.es\\\/wp-content\\\/uploads\\\/2025\\\/02\\\/IMG_6886.jpg\",\"keywords\":[\"Alcoy\",\"Campus Alcoy\",\"Elecciones\",\"Pau Bernab\u00e9u\",\"UPV\"],\"articleSection\":[\"Actualidad\",\"Alcoy\",\"Campus de Alcoy\",\"Educaci\u00f3n\",\"Noticias\"],\"inLanguage\":\"es\"},{\"@type\":\"WebPage\",\"@id\":\"https:\\\/\\\/www.copealcoy.es\\\/es\\\/pau-bernabeu-reelegido-como-director-del-campus-de-alcoy-de-la-upv\\\/\",\"url\":\"https:\\\/\\\/www.copealcoy.es\\\/es\\\/pau-bernabeu-reelegido-como-director-del-campus-de-alcoy-de-la-upv\\\/\",\"name\":\"Pau Bernab\u00e9u, reelegido como director del Campus de Alcoy de la UPV - COPE Alcoy\",\"isPartOf\":{\"@id\":\"https:\\\/\\\/www.copealcoy.es\\\/es\\\/#website\"},\"primaryImageOfPage\":{\"@id\":\"https:\\\/\\\/www.copealcoy.es\\\/es\\\/pau-bernabeu-reelegido-como-director-del-campus-de-alcoy-de-la-upv\\\/#primaryimage\"},\"image\":{\"@id\":\"https:\\\/\\\/www.copealcoy.es\\\/es\\\/pau-bernabeu-reelegido-como-director-del-campus-de-alcoy-de-la-upv\\\/#primaryimage\"},\"thumbnailUrl\":\"https:\\\/\\\/www.copealcoy.es\\\/wp-content\\\/uploads\\\/2025\\\/02\\\/IMG_6886.jpg\",\"datePublished\":\"2025-02-13T16:20:19+00:00\",\"dateModified\":\"2025-02-13T16:32:23+00:00\",\"author\":{\"@id\":\"https:\\\/\\\/www.copealcoy.es\\\/es\\\/#\\\/schema\\\/person\\\/e777c87fa024e57d40170af9df39882c\"},\"description\":\"El hasta ahora director del Campus de Alcoy de la UPV seguir\u00e1 al frente del cargo otros seis a\u00f1os m\u00e1s\",\"breadcrumb\":{\"@id\":\"https:\\\/\\\/www.copealcoy.es\\\/es\\\/pau-bernabeu-reelegido-como-director-del-campus-de-alcoy-de-la-upv\\\/#breadcrumb\"},\"inLanguage\":\"es\",\"potentialAction\":[{\"@type\":\"ReadAction\",\"target\":[\"https:\\\/\\\/www.copealcoy.es\\\/es\\\/pau-bernabeu-reelegido-como-director-del-campus-de-alcoy-de-la-upv\\\/\"]}]},{\"@type\":\"ImageObject\",\"inLanguage\":\"es\",\"@id\":\"https:\\\/\\\/www.copealcoy.es\\\/es\\\/pau-bernabeu-reelegido-como-director-del-campus-de-alcoy-de-la-upv\\\/#primaryimage\",\"url\":\"https:\\\/\\\/www.copealcoy.es\\\/wp-content\\\/uploads\\\/2025\\\/02\\\/IMG_6886.jpg\",\"contentUrl\":\"https:\\\/\\\/www.copealcoy.es\\\/wp-content\\\/uploads\\\/2025\\\/02\\\/IMG_6886.jpg\",\"width\":1179,\"height\":611},{\"@type\":\"BreadcrumbList\",\"@id\":\"https:\\\/\\\/www.copealcoy.es\\\/es\\\/pau-bernabeu-reelegido-como-director-del-campus-de-alcoy-de-la-upv\\\/#breadcrumb\",\"itemListElement\":[{\"@type\":\"ListItem\",\"position\":1,\"name\":\"Portada\",\"item\":\"https:\\\/\\\/www.copealcoy.es\\\/es\\\/\"},{\"@type\":\"ListItem\",\"position\":2,\"name\":\"Pau Bernab\u00e9u, reelegido como director del Campus de Alcoy de la UPV\"}]},{\"@type\":\"WebSite\",\"@id\":\"https:\\\/\\\/www.copealcoy.es\\\/es\\\/#website\",\"url\":\"https:\\\/\\\/www.copealcoy.es\\\/es\\\/\",\"name\":\"COPE Alcoy\",\"description\":\"Emisora COPE de radio local con emisi\u00f3n online. Pont de Sant Jordi 8-10 03803 Alcoy\",\"potentialAction\":[{\"@type\":\"SearchAction\",\"target\":{\"@type\":\"EntryPoint\",\"urlTemplate\":\"https:\\\/\\\/www.copealcoy.es\\\/es\\\/?s={search_term_string}\"},\"query-input\":{\"@type\":\"PropertyValueSpecification\",\"valueRequired\":true,\"valueName\":\"search_term_string\"}}],\"inLanguage\":\"es\"},{\"@type\":\"Person\",\"@id\":\"https:\\\/\\\/www.copealcoy.es\\\/es\\\/#\\\/schema\\\/person\\\/e777c87fa024e57d40170af9df39882c\",\"name\":\"Cope Alcoy\",\"image\":{\"@type\":\"ImageObject\",\"inLanguage\":\"es\",\"@id\":\"https:\\\/\\\/secure.gravatar.com\\\/avatar\\\/bb65d0283347e303893ba14f0692005417c1e0e690a325a4c5d8bb2b3943ee14?s=96&d=mm&r=g\",\"url\":\"https:\\\/\\\/secure.gravatar.com\\\/avatar\\\/bb65d0283347e303893ba14f0692005417c1e0e690a325a4c5d8bb2b3943ee14?s=96&d=mm&r=g\",\"contentUrl\":\"https:\\\/\\\/secure.gravatar.com\\\/avatar\\\/bb65d0283347e303893ba14f0692005417c1e0e690a325a4c5d8bb2b3943ee14?s=96&d=mm&r=g\",\"caption\":\"Cope Alcoy\"}}]}<\/script>\n<!-- \/ Yoast SEO plugin. -->","yoast_head_json":{"title":"Pau Bernab\u00e9u, reelegido como director del Campus de Alcoy de la UPV - COPE Alcoy","description":"El hasta ahora director del Campus de Alcoy de la UPV seguir\u00e1 al frente del cargo otros seis a\u00f1os m\u00e1s","robots":{"index":"index","follow":"follow","max-snippet":"max-snippet:-1","max-image-preview":"max-image-preview:large","max-video-preview":"max-video-preview:-1"},"canonical":"https:\/\/www.copealcoy.es\/es\/pau-bernabeu-reelegido-como-director-del-campus-de-alcoy-de-la-upv\/","og_locale":"es_ES","og_type":"article","og_title":"Pau Bernab\u00e9u, reelegido como director del Campus de Alcoy de la UPV - COPE Alcoy","og_description":"El hasta ahora director del Campus de Alcoy de la UPV seguir\u00e1 al frente del cargo otros seis a\u00f1os m\u00e1s","og_url":"https:\/\/www.copealcoy.es\/es\/pau-bernabeu-reelegido-como-director-del-campus-de-alcoy-de-la-upv\/","og_site_name":"COPE Alcoy","article_published_time":"2025-02-13T16:20:19+00:00","article_modified_time":"2025-02-13T16:32:23+00:00","og_image":[{"width":1179,"height":611,"url":"https:\/\/www.copealcoy.es\/wp-content\/uploads\/2025\/02\/IMG_6886.jpg","type":"image\/jpeg"}],"author":"Cope Alcoy","twitter_misc":{"Escrito por":"Cope Alcoy","Tiempo de lectura":"3 minutos"},"schema":{"@context":"https:\/\/schema.org","@graph":[{"@type":"Article","@id":"https:\/\/www.copealcoy.es\/es\/pau-bernabeu-reelegido-como-director-del-campus-de-alcoy-de-la-upv\/#article","isPartOf":{"@id":"https:\/\/www.copealcoy.es\/es\/pau-bernabeu-reelegido-como-director-del-campus-de-alcoy-de-la-upv\/"},"author":{"name":"Cope Alcoy","@id":"https:\/\/www.copealcoy.es\/es\/#\/schema\/person\/e777c87fa024e57d40170af9df39882c"},"headline":"Pau Bernab\u00e9u, reelegido como director del Campus de Alcoy de la UPV","datePublished":"2025-02-13T16:20:19+00:00","dateModified":"2025-02-13T16:32:23+00:00","mainEntityOfPage":{"@id":"https:\/\/www.copealcoy.es\/es\/pau-bernabeu-reelegido-como-director-del-campus-de-alcoy-de-la-upv\/"},"wordCount":358,"commentCount":0,"image":{"@id":"https:\/\/www.copealcoy.es\/es\/pau-bernabeu-reelegido-como-director-del-campus-de-alcoy-de-la-upv\/#primaryimage"},"thumbnailUrl":"https:\/\/www.copealcoy.es\/wp-content\/uploads\/2025\/02\/IMG_6886.jpg","keywords":["Alcoy","Campus Alcoy","Elecciones","Pau Bernab\u00e9u","UPV"],"articleSection":["Actualidad","Alcoy","Campus de Alcoy","Educaci\u00f3n","Noticias"],"inLanguage":"es"},{"@type":"WebPage","@id":"https:\/\/www.copealcoy.es\/es\/pau-bernabeu-reelegido-como-director-del-campus-de-alcoy-de-la-upv\/","url":"https:\/\/www.copealcoy.es\/es\/pau-bernabeu-reelegido-como-director-del-campus-de-alcoy-de-la-upv\/","name":"Pau Bernab\u00e9u, reelegido como director del Campus de Alcoy de la UPV - COPE Alcoy","isPartOf":{"@id":"https:\/\/www.copealcoy.es\/es\/#website"},"primaryImageOfPage":{"@id":"https:\/\/www.copealcoy.es\/es\/pau-bernabeu-reelegido-como-director-del-campus-de-alcoy-de-la-upv\/#primaryimage"},"image":{"@id":"https:\/\/www.copealcoy.es\/es\/pau-bernabeu-reelegido-como-director-del-campus-de-alcoy-de-la-upv\/#primaryimage"},"thumbnailUrl":"https:\/\/www.copealcoy.es\/wp-content\/uploads\/2025\/02\/IMG_6886.jpg","datePublished":"2025-02-13T16:20:19+00:00","dateModified":"2025-02-13T16:32:23+00:00","author":{"@id":"https:\/\/www.copealcoy.es\/es\/#\/schema\/person\/e777c87fa024e57d40170af9df39882c"},"description":"El hasta ahora director del Campus de Alcoy de la UPV seguir\u00e1 al frente del cargo otros seis a\u00f1os m\u00e1s","breadcrumb":{"@id":"https:\/\/www.copealcoy.es\/es\/pau-bernabeu-reelegido-como-director-del-campus-de-alcoy-de-la-upv\/#breadcrumb"},"inLanguage":"es","potentialAction":[{"@type":"ReadAction","target":["https:\/\/www.copealcoy.es\/es\/pau-bernabeu-reelegido-como-director-del-campus-de-alcoy-de-la-upv\/"]}]},{"@type":"ImageObject","inLanguage":"es","@id":"https:\/\/www.copealcoy.es\/es\/pau-bernabeu-reelegido-como-director-del-campus-de-alcoy-de-la-upv\/#primaryimage","url":"https:\/\/www.copealcoy.es\/wp-content\/uploads\/2025\/02\/IMG_6886.jpg","contentUrl":"https:\/\/www.copealcoy.es\/wp-content\/uploads\/2025\/02\/IMG_6886.jpg","width":1179,"height":611},{"@type":"BreadcrumbList","@id":"https:\/\/www.copealcoy.es\/es\/pau-bernabeu-reelegido-como-director-del-campus-de-alcoy-de-la-upv\/#breadcrumb","itemListElement":[{"@type":"ListItem","position":1,"name":"Portada","item":"https:\/\/www.copealcoy.es\/es\/"},{"@type":"ListItem","position":2,"name":"Pau Bernab\u00e9u, reelegido como director del Campus de Alcoy de la UPV"}]},{"@type":"WebSite","@id":"https:\/\/www.copealcoy.es\/es\/#website","url":"https:\/\/www.copealcoy.es\/es\/","name":"COPE Alcoy","description":"Emisora COPE de radio local con emisi\u00f3n online. Pont de Sant Jordi 8-10 03803 Alcoy","potentialAction":[{"@type":"SearchAction","target":{"@type":"EntryPoint","urlTemplate":"https:\/\/www.copealcoy.es\/es\/?s={search_term_string}"},"query-input":{"@type":"PropertyValueSpecification","valueRequired":true,"valueName":"search_term_string"}}],"inLanguage":"es"},{"@type":"Person","@id":"https:\/\/www.copealcoy.es\/es\/#\/schema\/person\/e777c87fa024e57d40170af9df39882c","name":"Cope Alcoy","image":{"@type":"ImageObject","inLanguage":"es","@id":"https:\/\/secure.gravatar.com\/avatar\/bb65d0283347e303893ba14f0692005417c1e0e690a325a4c5d8bb2b3943ee14?s=96&d=mm&r=g","url":"https:\/\/secure.gravatar.com\/avatar\/bb65d0283347e303893ba14f0692005417c1e0e690a325a4c5d8bb2b3943ee14?s=96&d=mm&r=g","contentUrl":"https:\/\/secure.gravatar.com\/avatar\/bb65d0283347e303893ba14f0692005417c1e0e690a325a4c5d8bb2b3943ee14?s=96&d=mm&r=g","caption":"Cope Alcoy"}}]}},"_links":{"self":[{"href":"https:\/\/www.copealcoy.es\/es\/wp-json\/wp\/v2\/posts\/147572","targetHints":{"allow":["GET"]}}],"collection":[{"href":"https:\/\/www.copealcoy.es\/es\/wp-json\/wp\/v2\/posts"}],"about":[{"href":"https:\/\/www.copealcoy.es\/es\/wp-json\/wp\/v2\/types\/post"}],"author":[{"embeddable":true,"href":"https:\/\/www.copealcoy.es\/es\/wp-json\/wp\/v2\/users\/1"}],"replies":[{"embeddable":true,"href":"https:\/\/www.copealcoy.es\/es\/wp-json\/wp\/v2\/comments?post=147572"}],"version-history":[{"count":0,"href":"https:\/\/www.copealcoy.es\/es\/wp-json\/wp\/v2\/posts\/147572\/revisions"}],"wp:featuredmedia":[{"embeddable":true,"href":"https:\/\/www.copealcoy.es\/es\/wp-json\/wp\/v2\/media\/147573"}],"wp:attachment":[{"href":"https:\/\/www.copealcoy.es\/es\/wp-json\/wp\/v2\/media?parent=147572"}],"wp:term":[{"taxonomy":"category","embeddable":true,"href":"https:\/\/www.copealcoy.es\/es\/wp-json\/wp\/v2\/categories?post=147572"},{"taxonomy":"post_tag","embeddable":true,"href":"https:\/\/www.copealcoy.es\/es\/wp-json\/wp\/v2\/tags?post=147572"}],"curies":[{"name":"wp","href":"https:\/\/api.w.org\/{rel}","templated":true}]}}