{"id":14757,"date":"2015-08-04T20:21:33","date_gmt":"2015-08-04T20:21:33","guid":{"rendered":"http:\/\/copealcoi.es\/new\/?p=14757"},"modified":"2015-08-04T20:21:33","modified_gmt":"2015-08-04T20:21:33","slug":"alcoy-inicia-una-campana-para-limpiar-los-grafitis-del-centro","status":"publish","type":"post","link":"https:\/\/www.copealcoy.es\/es\/alcoy-inicia-una-campana-para-limpiar-los-grafitis-del-centro\/","title":{"rendered":"Alcoy inicia una campa\u00f1a para limpiar los grafitis del Centro"},"content":{"rendered":"<p style=\"text-align: justify;\">El Ayuntamiento de Alcoy ha puesto en marcha la\u00a0campa\u00f1a\u00a0<em>Alcoi m\u00e9s net\u00a0<\/em>con el objetivo de limpiar los grafitis en la zona del Centro. La iniciativa, planteada por la concejal\u00eda de Turismo, \u00a0ha conseguido una subvenci\u00f3n del SERVEF y permitir\u00e1 contratar a dos personas para realizar estas tareas que se desarrollar\u00e1n en las v\u00edas del casco hist\u00f3rico que han resultado da\u00f1adas por este tipo de pintadas. La actuaci\u00f3n ha dado inicio hoy mismo y la edil Lorena Zamorano ha explicado que servir\u00e1 para mejorar el entorno diario &#8220;no solo damos una imagen mejorada al Centro sino que tambi\u00e9n se crea empleo&#8221;, asegura. Adem\u00e1s la concejal resalta que el Gobierno Local seguir\u00e1 trabajando para conseguir todas las ayudas posibles que\u00a0&#8220;nos puedan aportar recursos y empleo para la ciudad y que contribuyan a favorecer nuestra tarea de hacer Alcoy referente de turismo de interior en el \u00e1mbito nacional&#8221;, concluye.<\/p>\n<p style=\"text-align: justify;\">Se\u00f1alar que los trabajos se desarrollar\u00e1n en un periodo de dos meses seg\u00fan ha apuntado la propia concejal\u00eda de Turismo.<\/p>\n<p style=\"text-align: justify;\">\n","protected":false},"excerpt":{"rendered":"<p>El Ayuntamiento de Alcoy ha puesto en marcha la\u00a0campa\u00f1a\u00a0Alcoi m\u00e9s net\u00a0con el objetivo de limpiar los grafitis en la zona&#8230;<\/p>\n","protected":false},"author":1,"featured_media":14758,"comment_status":"open","ping_status":"open","sticky":false,"template":"","format":"standard","meta":{"footnotes":""},"categories":[97,75,79],"tags":[1494,199,295,1308,136],"class_list":["post-14757","post","type-post","status-publish","format-standard","has-post-thumbnail","hentry","category-alcoy","category-noticias","category-politicayeconomia","tag-alcoy","tag-campana","tag-centro","tag-grafitis","tag-limpieza"],"yoast_head":"<!-- This site is optimized with the Yoast SEO plugin v27.3 - https:\/\/yoast.com\/product\/yoast-seo-wordpress\/ -->\n<title>Alcoy inicia una campa\u00f1a para limpiar los grafitis del Centro - COPE Alcoy<\/title>\n<meta name=\"robots\" content=\"index, follow, max-snippet:-1, max-image-preview:large, max-video-preview:-1\" \/>\n<link rel=\"canonical\" href=\"https:\/\/www.copealcoy.es\/es\/alcoy-inicia-una-campana-para-limpiar-los-grafitis-del-centro\/\" \/>\n<meta property=\"og:locale\" content=\"es_ES\" \/>\n<meta property=\"og:type\" content=\"article\" \/>\n<meta property=\"og:title\" content=\"Alcoy inicia una campa\u00f1a para limpiar los grafitis del Centro - COPE Alcoy\" \/>\n<meta property=\"og:description\" content=\"El Ayuntamiento de Alcoy ha puesto en marcha la\u00a0campa\u00f1a\u00a0Alcoi m\u00e9s net\u00a0con el objetivo de limpiar los grafitis en la zona...\" \/>\n<meta property=\"og:url\" content=\"https:\/\/www.copealcoy.es\/es\/alcoy-inicia-una-campana-para-limpiar-los-grafitis-del-centro\/\" \/>\n<meta property=\"og:site_name\" content=\"COPE Alcoy\" \/>\n<meta property=\"article:published_time\" content=\"2015-08-04T20:21:33+00:00\" \/>\n<meta property=\"og:image\" content=\"https:\/\/www.copealcoy.es\/wp-content\/uploads\/2015\/08\/orihuela-estudia.jpg\" \/>\n\t<meta property=\"og:image:width\" content=\"478\" \/>\n\t<meta property=\"og:image:height\" content=\"303\" \/>\n\t<meta property=\"og:image:type\" content=\"image\/jpeg\" \/>\n<meta name=\"author\" content=\"Cope Alcoy\" \/>\n<meta name=\"twitter:label1\" content=\"Escrito por\" \/>\n\t<meta name=\"twitter:data1\" content=\"Cope Alcoy\" \/>\n\t<meta name=\"twitter:label2\" content=\"Tiempo de lectura\" \/>\n\t<meta name=\"twitter:data2\" content=\"1 minuto\" \/>\n<script type=\"application\/ld+json\" class=\"yoast-schema-graph\">{\"@context\":\"https:\\\/\\\/schema.org\",\"@graph\":[{\"@type\":\"Article\",\"@id\":\"https:\\\/\\\/www.copealcoy.es\\\/es\\\/alcoy-inicia-una-campana-para-limpiar-los-grafitis-del-centro\\\/#article\",\"isPartOf\":{\"@id\":\"https:\\\/\\\/www.copealcoy.es\\\/es\\\/alcoy-inicia-una-campana-para-limpiar-los-grafitis-del-centro\\\/\"},\"author\":{\"name\":\"Cope Alcoy\",\"@id\":\"https:\\\/\\\/www.copealcoy.es\\\/es\\\/#\\\/schema\\\/person\\\/e777c87fa024e57d40170af9df39882c\"},\"headline\":\"Alcoy inicia una campa\u00f1a para limpiar los grafitis del Centro\",\"datePublished\":\"2015-08-04T20:21:33+00:00\",\"mainEntityOfPage\":{\"@id\":\"https:\\\/\\\/www.copealcoy.es\\\/es\\\/alcoy-inicia-una-campana-para-limpiar-los-grafitis-del-centro\\\/\"},\"wordCount\":195,\"commentCount\":0,\"image\":{\"@id\":\"https:\\\/\\\/www.copealcoy.es\\\/es\\\/alcoy-inicia-una-campana-para-limpiar-los-grafitis-del-centro\\\/#primaryimage\"},\"thumbnailUrl\":\"https:\\\/\\\/www.copealcoy.es\\\/wp-content\\\/uploads\\\/2015\\\/08\\\/orihuela-estudia.jpg\",\"keywords\":[\"Alcoy\",\"Campa\u00f1a\",\"Centro\",\"grafitis\",\"Limpieza\"],\"articleSection\":[\"Alcoy\",\"Noticias\",\"Pol\u00edtica y Econom\u00eda\"],\"inLanguage\":\"es\"},{\"@type\":\"WebPage\",\"@id\":\"https:\\\/\\\/www.copealcoy.es\\\/es\\\/alcoy-inicia-una-campana-para-limpiar-los-grafitis-del-centro\\\/\",\"url\":\"https:\\\/\\\/www.copealcoy.es\\\/es\\\/alcoy-inicia-una-campana-para-limpiar-los-grafitis-del-centro\\\/\",\"name\":\"Alcoy inicia una campa\u00f1a para limpiar los grafitis del Centro - COPE Alcoy\",\"isPartOf\":{\"@id\":\"https:\\\/\\\/www.copealcoy.es\\\/es\\\/#website\"},\"primaryImageOfPage\":{\"@id\":\"https:\\\/\\\/www.copealcoy.es\\\/es\\\/alcoy-inicia-una-campana-para-limpiar-los-grafitis-del-centro\\\/#primaryimage\"},\"image\":{\"@id\":\"https:\\\/\\\/www.copealcoy.es\\\/es\\\/alcoy-inicia-una-campana-para-limpiar-los-grafitis-del-centro\\\/#primaryimage\"},\"thumbnailUrl\":\"https:\\\/\\\/www.copealcoy.es\\\/wp-content\\\/uploads\\\/2015\\\/08\\\/orihuela-estudia.jpg\",\"datePublished\":\"2015-08-04T20:21:33+00:00\",\"author\":{\"@id\":\"https:\\\/\\\/www.copealcoy.es\\\/es\\\/#\\\/schema\\\/person\\\/e777c87fa024e57d40170af9df39882c\"},\"breadcrumb\":{\"@id\":\"https:\\\/\\\/www.copealcoy.es\\\/es\\\/alcoy-inicia-una-campana-para-limpiar-los-grafitis-del-centro\\\/#breadcrumb\"},\"inLanguage\":\"es\",\"potentialAction\":[{\"@type\":\"ReadAction\",\"target\":[\"https:\\\/\\\/www.copealcoy.es\\\/es\\\/alcoy-inicia-una-campana-para-limpiar-los-grafitis-del-centro\\\/\"]}]},{\"@type\":\"ImageObject\",\"inLanguage\":\"es\",\"@id\":\"https:\\\/\\\/www.copealcoy.es\\\/es\\\/alcoy-inicia-una-campana-para-limpiar-los-grafitis-del-centro\\\/#primaryimage\",\"url\":\"https:\\\/\\\/www.copealcoy.es\\\/wp-content\\\/uploads\\\/2015\\\/08\\\/orihuela-estudia.jpg\",\"contentUrl\":\"https:\\\/\\\/www.copealcoy.es\\\/wp-content\\\/uploads\\\/2015\\\/08\\\/orihuela-estudia.jpg\",\"width\":478,\"height\":303,\"caption\":\"La campa\u00f1a se desarrollar\u00e1 en el Centro de Alcoy\"},{\"@type\":\"BreadcrumbList\",\"@id\":\"https:\\\/\\\/www.copealcoy.es\\\/es\\\/alcoy-inicia-una-campana-para-limpiar-los-grafitis-del-centro\\\/#breadcrumb\",\"itemListElement\":[{\"@type\":\"ListItem\",\"position\":1,\"name\":\"Portada\",\"item\":\"https:\\\/\\\/www.copealcoy.es\\\/es\\\/\"},{\"@type\":\"ListItem\",\"position\":2,\"name\":\"Alcoy inicia una campa\u00f1a para limpiar los grafitis del Centro\"}]},{\"@type\":\"WebSite\",\"@id\":\"https:\\\/\\\/www.copealcoy.es\\\/es\\\/#website\",\"url\":\"https:\\\/\\\/www.copealcoy.es\\\/es\\\/\",\"name\":\"COPE Alcoy\",\"description\":\"Emisora COPE de radio local con emisi\u00f3n online. Pont de Sant Jordi 8-10 03803 Alcoy\",\"potentialAction\":[{\"@type\":\"SearchAction\",\"target\":{\"@type\":\"EntryPoint\",\"urlTemplate\":\"https:\\\/\\\/www.copealcoy.es\\\/es\\\/?s={search_term_string}\"},\"query-input\":{\"@type\":\"PropertyValueSpecification\",\"valueRequired\":true,\"valueName\":\"search_term_string\"}}],\"inLanguage\":\"es\"},{\"@type\":\"Person\",\"@id\":\"https:\\\/\\\/www.copealcoy.es\\\/es\\\/#\\\/schema\\\/person\\\/e777c87fa024e57d40170af9df39882c\",\"name\":\"Cope Alcoy\",\"image\":{\"@type\":\"ImageObject\",\"inLanguage\":\"es\",\"@id\":\"https:\\\/\\\/secure.gravatar.com\\\/avatar\\\/bb65d0283347e303893ba14f0692005417c1e0e690a325a4c5d8bb2b3943ee14?s=96&d=mm&r=g\",\"url\":\"https:\\\/\\\/secure.gravatar.com\\\/avatar\\\/bb65d0283347e303893ba14f0692005417c1e0e690a325a4c5d8bb2b3943ee14?s=96&d=mm&r=g\",\"contentUrl\":\"https:\\\/\\\/secure.gravatar.com\\\/avatar\\\/bb65d0283347e303893ba14f0692005417c1e0e690a325a4c5d8bb2b3943ee14?s=96&d=mm&r=g\",\"caption\":\"Cope Alcoy\"}}]}<\/script>\n<!-- \/ Yoast SEO plugin. -->","yoast_head_json":{"title":"Alcoy inicia una campa\u00f1a para limpiar los grafitis del Centro - COPE Alcoy","robots":{"index":"index","follow":"follow","max-snippet":"max-snippet:-1","max-image-preview":"max-image-preview:large","max-video-preview":"max-video-preview:-1"},"canonical":"https:\/\/www.copealcoy.es\/es\/alcoy-inicia-una-campana-para-limpiar-los-grafitis-del-centro\/","og_locale":"es_ES","og_type":"article","og_title":"Alcoy inicia una campa\u00f1a para limpiar los grafitis del Centro - COPE Alcoy","og_description":"El Ayuntamiento de Alcoy ha puesto en marcha la\u00a0campa\u00f1a\u00a0Alcoi m\u00e9s net\u00a0con el objetivo de limpiar los grafitis en la zona...","og_url":"https:\/\/www.copealcoy.es\/es\/alcoy-inicia-una-campana-para-limpiar-los-grafitis-del-centro\/","og_site_name":"COPE Alcoy","article_published_time":"2015-08-04T20:21:33+00:00","og_image":[{"width":478,"height":303,"url":"https:\/\/www.copealcoy.es\/wp-content\/uploads\/2015\/08\/orihuela-estudia.jpg","type":"image\/jpeg"}],"author":"Cope Alcoy","twitter_misc":{"Escrito por":"Cope Alcoy","Tiempo de lectura":"1 minuto"},"schema":{"@context":"https:\/\/schema.org","@graph":[{"@type":"Article","@id":"https:\/\/www.copealcoy.es\/es\/alcoy-inicia-una-campana-para-limpiar-los-grafitis-del-centro\/#article","isPartOf":{"@id":"https:\/\/www.copealcoy.es\/es\/alcoy-inicia-una-campana-para-limpiar-los-grafitis-del-centro\/"},"author":{"name":"Cope Alcoy","@id":"https:\/\/www.copealcoy.es\/es\/#\/schema\/person\/e777c87fa024e57d40170af9df39882c"},"headline":"Alcoy inicia una campa\u00f1a para limpiar los grafitis del Centro","datePublished":"2015-08-04T20:21:33+00:00","mainEntityOfPage":{"@id":"https:\/\/www.copealcoy.es\/es\/alcoy-inicia-una-campana-para-limpiar-los-grafitis-del-centro\/"},"wordCount":195,"commentCount":0,"image":{"@id":"https:\/\/www.copealcoy.es\/es\/alcoy-inicia-una-campana-para-limpiar-los-grafitis-del-centro\/#primaryimage"},"thumbnailUrl":"https:\/\/www.copealcoy.es\/wp-content\/uploads\/2015\/08\/orihuela-estudia.jpg","keywords":["Alcoy","Campa\u00f1a","Centro","grafitis","Limpieza"],"articleSection":["Alcoy","Noticias","Pol\u00edtica y Econom\u00eda"],"inLanguage":"es"},{"@type":"WebPage","@id":"https:\/\/www.copealcoy.es\/es\/alcoy-inicia-una-campana-para-limpiar-los-grafitis-del-centro\/","url":"https:\/\/www.copealcoy.es\/es\/alcoy-inicia-una-campana-para-limpiar-los-grafitis-del-centro\/","name":"Alcoy inicia una campa\u00f1a para limpiar los grafitis del Centro - COPE Alcoy","isPartOf":{"@id":"https:\/\/www.copealcoy.es\/es\/#website"},"primaryImageOfPage":{"@id":"https:\/\/www.copealcoy.es\/es\/alcoy-inicia-una-campana-para-limpiar-los-grafitis-del-centro\/#primaryimage"},"image":{"@id":"https:\/\/www.copealcoy.es\/es\/alcoy-inicia-una-campana-para-limpiar-los-grafitis-del-centro\/#primaryimage"},"thumbnailUrl":"https:\/\/www.copealcoy.es\/wp-content\/uploads\/2015\/08\/orihuela-estudia.jpg","datePublished":"2015-08-04T20:21:33+00:00","author":{"@id":"https:\/\/www.copealcoy.es\/es\/#\/schema\/person\/e777c87fa024e57d40170af9df39882c"},"breadcrumb":{"@id":"https:\/\/www.copealcoy.es\/es\/alcoy-inicia-una-campana-para-limpiar-los-grafitis-del-centro\/#breadcrumb"},"inLanguage":"es","potentialAction":[{"@type":"ReadAction","target":["https:\/\/www.copealcoy.es\/es\/alcoy-inicia-una-campana-para-limpiar-los-grafitis-del-centro\/"]}]},{"@type":"ImageObject","inLanguage":"es","@id":"https:\/\/www.copealcoy.es\/es\/alcoy-inicia-una-campana-para-limpiar-los-grafitis-del-centro\/#primaryimage","url":"https:\/\/www.copealcoy.es\/wp-content\/uploads\/2015\/08\/orihuela-estudia.jpg","contentUrl":"https:\/\/www.copealcoy.es\/wp-content\/uploads\/2015\/08\/orihuela-estudia.jpg","width":478,"height":303,"caption":"La campa\u00f1a se desarrollar\u00e1 en el Centro de Alcoy"},{"@type":"BreadcrumbList","@id":"https:\/\/www.copealcoy.es\/es\/alcoy-inicia-una-campana-para-limpiar-los-grafitis-del-centro\/#breadcrumb","itemListElement":[{"@type":"ListItem","position":1,"name":"Portada","item":"https:\/\/www.copealcoy.es\/es\/"},{"@type":"ListItem","position":2,"name":"Alcoy inicia una campa\u00f1a para limpiar los grafitis del Centro"}]},{"@type":"WebSite","@id":"https:\/\/www.copealcoy.es\/es\/#website","url":"https:\/\/www.copealcoy.es\/es\/","name":"COPE Alcoy","description":"Emisora COPE de radio local con emisi\u00f3n online. Pont de Sant Jordi 8-10 03803 Alcoy","potentialAction":[{"@type":"SearchAction","target":{"@type":"EntryPoint","urlTemplate":"https:\/\/www.copealcoy.es\/es\/?s={search_term_string}"},"query-input":{"@type":"PropertyValueSpecification","valueRequired":true,"valueName":"search_term_string"}}],"inLanguage":"es"},{"@type":"Person","@id":"https:\/\/www.copealcoy.es\/es\/#\/schema\/person\/e777c87fa024e57d40170af9df39882c","name":"Cope Alcoy","image":{"@type":"ImageObject","inLanguage":"es","@id":"https:\/\/secure.gravatar.com\/avatar\/bb65d0283347e303893ba14f0692005417c1e0e690a325a4c5d8bb2b3943ee14?s=96&d=mm&r=g","url":"https:\/\/secure.gravatar.com\/avatar\/bb65d0283347e303893ba14f0692005417c1e0e690a325a4c5d8bb2b3943ee14?s=96&d=mm&r=g","contentUrl":"https:\/\/secure.gravatar.com\/avatar\/bb65d0283347e303893ba14f0692005417c1e0e690a325a4c5d8bb2b3943ee14?s=96&d=mm&r=g","caption":"Cope Alcoy"}}]}},"_links":{"self":[{"href":"https:\/\/www.copealcoy.es\/es\/wp-json\/wp\/v2\/posts\/14757","targetHints":{"allow":["GET"]}}],"collection":[{"href":"https:\/\/www.copealcoy.es\/es\/wp-json\/wp\/v2\/posts"}],"about":[{"href":"https:\/\/www.copealcoy.es\/es\/wp-json\/wp\/v2\/types\/post"}],"author":[{"embeddable":true,"href":"https:\/\/www.copealcoy.es\/es\/wp-json\/wp\/v2\/users\/1"}],"replies":[{"embeddable":true,"href":"https:\/\/www.copealcoy.es\/es\/wp-json\/wp\/v2\/comments?post=14757"}],"version-history":[{"count":0,"href":"https:\/\/www.copealcoy.es\/es\/wp-json\/wp\/v2\/posts\/14757\/revisions"}],"wp:featuredmedia":[{"embeddable":true,"href":"https:\/\/www.copealcoy.es\/es\/wp-json\/wp\/v2\/media\/14758"}],"wp:attachment":[{"href":"https:\/\/www.copealcoy.es\/es\/wp-json\/wp\/v2\/media?parent=14757"}],"wp:term":[{"taxonomy":"category","embeddable":true,"href":"https:\/\/www.copealcoy.es\/es\/wp-json\/wp\/v2\/categories?post=14757"},{"taxonomy":"post_tag","embeddable":true,"href":"https:\/\/www.copealcoy.es\/es\/wp-json\/wp\/v2\/tags?post=14757"}],"curies":[{"name":"wp","href":"https:\/\/api.w.org\/{rel}","templated":true}]}}