{"id":147488,"date":"2025-02-12T07:30:02","date_gmt":"2025-02-12T06:30:02","guid":{"rendered":"https:\/\/www.copealcoy.es\/?p=147488"},"modified":"2025-02-12T13:55:39","modified_gmt":"2025-02-12T12:55:39","slug":"informativo-matinal-miercoles-12-de-febrero-2025-0750h","status":"publish","type":"post","link":"https:\/\/www.copealcoy.es\/es\/informativo-matinal-miercoles-12-de-febrero-2025-0750h\/","title":{"rendered":"Informativo matinal mi\u00e9rcoles 12 de febrero 2025 (07:50h)"},"content":{"rendered":"<p><iframe loading=\"lazy\" title=\"Informativo Matinal Mi\u00e9rcoles 12 De Febrero 2025 (07:50h)\" width=\"100%\" height=\"120\" src=\"https:\/\/www.mixcloud.com\/widget\/iframe\/?feed=https%3A%2F%2Fwww.mixcloud.com%2FCOPEAlcoy%2Finformativo-matinal-mi%25C3%25A9rcoles-12-de-febrero-2025-0750h%2F&amp;hide_cover=1\" frameborder=\"0\"><\/iframe><\/p>\n<p style=\"text-align: justify;\">Hoy mi\u00e9rcoles hemos hablado de <strong>las elecciones para escoger al nuevo director del Campus de Alcoy de la UPV<\/strong>. Tambi\u00e9n <strong>nos hemos centrado en los Premios Empresariales de AITEX 2024<\/strong>, cita que tendr\u00e1 lugar el d\u00eda 25 de febrero.<\/p>\n<p style=\"text-align: justify;\">AITEX\u00a0<strong>ha dado a conocer las empresas finalistas de los Premios Empresariales AITEX 2024<\/strong>, destacando la participaci\u00f3n de\u00a0<strong>m\u00e1s de 100 proyectos nacionales<\/strong>. Un jurado compuesto por expertos en el sector\u00a0<strong>ha seleccionado a cinco empresas en cada modalidad<\/strong>: textil, cosm\u00e9tica y emprendimiento. Este a\u00f1o, la\u00a0<strong>procedencia<\/strong>\u00a0de las empresas finalistas es diversa, con un notable 66.66% (10 de 15) provenientes de fuera de la Comunidad Valenciana, lo que refleja la expansi\u00f3n nacional del certamen. Las provincias con mayor representaci\u00f3n son Barcelona, Alicante y Valencia, adem\u00e1s de Sevilla, Pa\u00eds Vasco, Madrid, Cantabria y Guadalajara.<\/p>\n<p style=\"text-align: justify;\">En la modalidad del\u00a0<strong>Premio AITEX a la innovaci\u00f3n y\/o sostenibilidad en textil<\/strong>, los finalistas son Grupo Maya, CREVIN, ITURRI, Realturf Systems y Textil Santanderina. Por otro lado, en el\u00a0<strong>Premio AITEX a la innovaci\u00f3n y\/o sostenibilidad en cosm\u00e9tica<\/strong>\u00a0se han destacado System Skin, Prospera Biotech, Sesderma, Mixer &amp; Pack y Vytrus Biotech. Finalmente, en la categor\u00eda del\u00a0<strong>Premio AITEX a la mejor iniciativa emprendedora<\/strong>\u00a0compiten Zenit Solar, The Post Fiber, Hydros Power, Fitplanet y Kemchain Solutions.<\/p>\n<p style=\"text-align: justify;\">El\u00a0<strong>jurado<\/strong>\u00a0encargado de evaluar los proyectos est\u00e1 formado por representantes destacados del sector industrial textil y cosm\u00e9tico as\u00ed como del \u00e1mbito acad\u00e9mico. Los\u00a0<strong>criterios utilizados<\/strong>\u00a0para la selecci\u00f3n incluyen propuesta de valor, calidad de la propuesta presentada, innovaci\u00f3n y resultados obtenidos, as\u00ed como impacto socioecon\u00f3mico y medioambiental. En el\u00a0<strong>jurado<\/strong>\u00a0del Premio AITEX a la innovaci\u00f3n y\/o sostenibilidad en textil han participado Ignacio Montava (Universidad Polit\u00e9cnica de Valencia), Salom\u00e9 Beneyto (ATEVAL), Vicente Cambra (AITEX), Meritxell Mart\u00ed (Universitat Polit\u00e8cnica de Catalunya) y Eva Maria Genicio (CDTI). Para el Premio AITEX a la innovaci\u00f3n y\/o sostenibilidad en cosm\u00e9tica han estado Maria Aurora Benaiges (Sociedad Espa\u00f1ola de Qu\u00edmicos Cosm\u00e9ticos), Fernanda L\u00f3pez (Universidad Polit\u00e9cnica de Valencia), Ana Bernabeu (CDTI), Isabel Soriano (AITEX) y Mar\u00eda Blanes (AITEX). En cuanto al Premio AITEX a la mejor iniciativa emprendedora, el jurado ha estado compuesto por Juan Sim\u00f3 (CEEI Alcoy), Lorena Pedros (Ideas UPV Valencia), Mabel Pisa (ESIC Business &amp; Marketing School), Ra\u00fal Ruiz (Universidad Alicante) y Jorge Pereira Moliner (Facultad).<\/p>\n<p style=\"text-align: justify;\">La\u00a0<strong>entrega de los Premios Empresariales AITEX<\/strong>\u00a0se llevar\u00e1 a cabo el pr\u00f3ximo martes 25 de febrero a las 17:45 h en el sal\u00f3n de actos de AITEX en Alcoy. Durante este evento se anunciar\u00e1n los ganadores y se contar\u00e1 con la presencia de las empresas finalistas y representantes del tejido empresarial local. Adem\u00e1s, el acto incluir\u00e1\u00a0<strong>una conferencia impartida por Daniel Lacalle<\/strong>, economista reconocido internacionalmente. Su ponencia titulada \u00abOportunidades en la econom\u00eda global ante la senda de baja de tipos\u00bb abordar\u00e1 c\u00f3mo la reducci\u00f3n global de tipos puede afectar a las empresas e inversores. Las\u00a0<strong>inscripciones<\/strong>\u00a0para el evento son gratuitas hasta completar aforo y est\u00e1n disponibles en el mismo portal web de\u00a0<span style=\"color: #0000ff;\"><a style=\"color: #0000ff;\" href=\"https:\/\/www.aitex.es\/premios-empresariales-aitex\/\" target=\"_blank\" rel=\"noopener noreferrer\"><strong>AITEX<\/strong><\/a><\/span>.<\/p>\n","protected":false},"excerpt":{"rendered":"<p>Hoy mi\u00e9rcoles hemos hablado de las elecciones para escoger al nuevo director del Campus de Alcoy de la UPV. Tambi\u00e9n&#8230;<\/p>\n","protected":false},"author":1,"featured_media":147419,"comment_status":"open","ping_status":"open","sticky":false,"template":"","format":"standard","meta":{"footnotes":""},"categories":[6909,89,91,75],"tags":[],"class_list":["post-147488","post","type-post","status-publish","format-standard","has-post-thumbnail","hentry","category-actualidad","category-audiosdelosprogramas","category-informativos","category-noticias"],"yoast_head":"<!-- This site is optimized with the Yoast SEO plugin v27.3 - https:\/\/yoast.com\/product\/yoast-seo-wordpress\/ -->\n<title>Informativo matinal mi\u00e9rcoles 12 de febrero 2025 (07:50h) - COPE Alcoy<\/title>\n<meta name=\"robots\" content=\"index, follow, max-snippet:-1, max-image-preview:large, max-video-preview:-1\" \/>\n<link rel=\"canonical\" href=\"https:\/\/www.copealcoy.es\/es\/informativo-matinal-miercoles-12-de-febrero-2025-0750h\/\" \/>\n<meta property=\"og:locale\" content=\"es_ES\" \/>\n<meta property=\"og:type\" content=\"article\" \/>\n<meta property=\"og:title\" content=\"Informativo matinal mi\u00e9rcoles 12 de febrero 2025 (07:50h) - COPE Alcoy\" \/>\n<meta property=\"og:description\" content=\"Hoy mi\u00e9rcoles hemos hablado de las elecciones para escoger al nuevo director del Campus de Alcoy de la UPV. Tambi\u00e9n...\" \/>\n<meta property=\"og:url\" content=\"https:\/\/www.copealcoy.es\/es\/informativo-matinal-miercoles-12-de-febrero-2025-0750h\/\" \/>\n<meta property=\"og:site_name\" content=\"COPE Alcoy\" \/>\n<meta property=\"article:published_time\" content=\"2025-02-12T06:30:02+00:00\" \/>\n<meta property=\"article:modified_time\" content=\"2025-02-12T12:55:39+00:00\" \/>\n<meta property=\"og:image\" content=\"https:\/\/www.copealcoy.es\/wp-content\/uploads\/2025\/01\/Informativo-matinal-castellano-3.png\" \/>\n\t<meta property=\"og:image:width\" content=\"357\" \/>\n\t<meta property=\"og:image:height\" content=\"290\" \/>\n\t<meta property=\"og:image:type\" content=\"image\/png\" \/>\n<meta name=\"author\" content=\"Cope Alcoy\" \/>\n<meta name=\"twitter:label1\" content=\"Escrito por\" \/>\n\t<meta name=\"twitter:data1\" content=\"Cope Alcoy\" \/>\n\t<meta name=\"twitter:label2\" content=\"Tiempo de lectura\" \/>\n\t<meta name=\"twitter:data2\" content=\"3 minutos\" \/>\n<script type=\"application\/ld+json\" class=\"yoast-schema-graph\">{\"@context\":\"https:\\\/\\\/schema.org\",\"@graph\":[{\"@type\":\"Article\",\"@id\":\"https:\\\/\\\/www.copealcoy.es\\\/es\\\/informativo-matinal-miercoles-12-de-febrero-2025-0750h\\\/#article\",\"isPartOf\":{\"@id\":\"https:\\\/\\\/www.copealcoy.es\\\/es\\\/informativo-matinal-miercoles-12-de-febrero-2025-0750h\\\/\"},\"author\":{\"name\":\"Cope Alcoy\",\"@id\":\"https:\\\/\\\/www.copealcoy.es\\\/es\\\/#\\\/schema\\\/person\\\/e777c87fa024e57d40170af9df39882c\"},\"headline\":\"Informativo matinal mi\u00e9rcoles 12 de febrero 2025 (07:50h)\",\"datePublished\":\"2025-02-12T06:30:02+00:00\",\"dateModified\":\"2025-02-12T12:55:39+00:00\",\"mainEntityOfPage\":{\"@id\":\"https:\\\/\\\/www.copealcoy.es\\\/es\\\/informativo-matinal-miercoles-12-de-febrero-2025-0750h\\\/\"},\"wordCount\":543,\"commentCount\":0,\"image\":{\"@id\":\"https:\\\/\\\/www.copealcoy.es\\\/es\\\/informativo-matinal-miercoles-12-de-febrero-2025-0750h\\\/#primaryimage\"},\"thumbnailUrl\":\"https:\\\/\\\/www.copealcoy.es\\\/wp-content\\\/uploads\\\/2025\\\/01\\\/Informativo-matinal-castellano-3.png\",\"articleSection\":[\"Actualidad\",\"Audios de los programas\",\"Informativos\",\"Noticias\"],\"inLanguage\":\"es\"},{\"@type\":\"WebPage\",\"@id\":\"https:\\\/\\\/www.copealcoy.es\\\/es\\\/informativo-matinal-miercoles-12-de-febrero-2025-0750h\\\/\",\"url\":\"https:\\\/\\\/www.copealcoy.es\\\/es\\\/informativo-matinal-miercoles-12-de-febrero-2025-0750h\\\/\",\"name\":\"Informativo matinal mi\u00e9rcoles 12 de febrero 2025 (07:50h) - COPE Alcoy\",\"isPartOf\":{\"@id\":\"https:\\\/\\\/www.copealcoy.es\\\/es\\\/#website\"},\"primaryImageOfPage\":{\"@id\":\"https:\\\/\\\/www.copealcoy.es\\\/es\\\/informativo-matinal-miercoles-12-de-febrero-2025-0750h\\\/#primaryimage\"},\"image\":{\"@id\":\"https:\\\/\\\/www.copealcoy.es\\\/es\\\/informativo-matinal-miercoles-12-de-febrero-2025-0750h\\\/#primaryimage\"},\"thumbnailUrl\":\"https:\\\/\\\/www.copealcoy.es\\\/wp-content\\\/uploads\\\/2025\\\/01\\\/Informativo-matinal-castellano-3.png\",\"datePublished\":\"2025-02-12T06:30:02+00:00\",\"dateModified\":\"2025-02-12T12:55:39+00:00\",\"author\":{\"@id\":\"https:\\\/\\\/www.copealcoy.es\\\/es\\\/#\\\/schema\\\/person\\\/e777c87fa024e57d40170af9df39882c\"},\"breadcrumb\":{\"@id\":\"https:\\\/\\\/www.copealcoy.es\\\/es\\\/informativo-matinal-miercoles-12-de-febrero-2025-0750h\\\/#breadcrumb\"},\"inLanguage\":\"es\",\"potentialAction\":[{\"@type\":\"ReadAction\",\"target\":[\"https:\\\/\\\/www.copealcoy.es\\\/es\\\/informativo-matinal-miercoles-12-de-febrero-2025-0750h\\\/\"]}]},{\"@type\":\"ImageObject\",\"inLanguage\":\"es\",\"@id\":\"https:\\\/\\\/www.copealcoy.es\\\/es\\\/informativo-matinal-miercoles-12-de-febrero-2025-0750h\\\/#primaryimage\",\"url\":\"https:\\\/\\\/www.copealcoy.es\\\/wp-content\\\/uploads\\\/2025\\\/01\\\/Informativo-matinal-castellano-3.png\",\"contentUrl\":\"https:\\\/\\\/www.copealcoy.es\\\/wp-content\\\/uploads\\\/2025\\\/01\\\/Informativo-matinal-castellano-3.png\",\"width\":357,\"height\":290},{\"@type\":\"BreadcrumbList\",\"@id\":\"https:\\\/\\\/www.copealcoy.es\\\/es\\\/informativo-matinal-miercoles-12-de-febrero-2025-0750h\\\/#breadcrumb\",\"itemListElement\":[{\"@type\":\"ListItem\",\"position\":1,\"name\":\"Portada\",\"item\":\"https:\\\/\\\/www.copealcoy.es\\\/es\\\/\"},{\"@type\":\"ListItem\",\"position\":2,\"name\":\"Informativo matinal mi\u00e9rcoles 12 de febrero 2025 (07:50h)\"}]},{\"@type\":\"WebSite\",\"@id\":\"https:\\\/\\\/www.copealcoy.es\\\/es\\\/#website\",\"url\":\"https:\\\/\\\/www.copealcoy.es\\\/es\\\/\",\"name\":\"COPE Alcoy\",\"description\":\"Emisora COPE de radio local con emisi\u00f3n online. Pont de Sant Jordi 8-10 03803 Alcoy\",\"potentialAction\":[{\"@type\":\"SearchAction\",\"target\":{\"@type\":\"EntryPoint\",\"urlTemplate\":\"https:\\\/\\\/www.copealcoy.es\\\/es\\\/?s={search_term_string}\"},\"query-input\":{\"@type\":\"PropertyValueSpecification\",\"valueRequired\":true,\"valueName\":\"search_term_string\"}}],\"inLanguage\":\"es\"},{\"@type\":\"Person\",\"@id\":\"https:\\\/\\\/www.copealcoy.es\\\/es\\\/#\\\/schema\\\/person\\\/e777c87fa024e57d40170af9df39882c\",\"name\":\"Cope Alcoy\",\"image\":{\"@type\":\"ImageObject\",\"inLanguage\":\"es\",\"@id\":\"https:\\\/\\\/secure.gravatar.com\\\/avatar\\\/bb65d0283347e303893ba14f0692005417c1e0e690a325a4c5d8bb2b3943ee14?s=96&d=mm&r=g\",\"url\":\"https:\\\/\\\/secure.gravatar.com\\\/avatar\\\/bb65d0283347e303893ba14f0692005417c1e0e690a325a4c5d8bb2b3943ee14?s=96&d=mm&r=g\",\"contentUrl\":\"https:\\\/\\\/secure.gravatar.com\\\/avatar\\\/bb65d0283347e303893ba14f0692005417c1e0e690a325a4c5d8bb2b3943ee14?s=96&d=mm&r=g\",\"caption\":\"Cope Alcoy\"}}]}<\/script>\n<!-- \/ Yoast SEO plugin. -->","yoast_head_json":{"title":"Informativo matinal mi\u00e9rcoles 12 de febrero 2025 (07:50h) - COPE Alcoy","robots":{"index":"index","follow":"follow","max-snippet":"max-snippet:-1","max-image-preview":"max-image-preview:large","max-video-preview":"max-video-preview:-1"},"canonical":"https:\/\/www.copealcoy.es\/es\/informativo-matinal-miercoles-12-de-febrero-2025-0750h\/","og_locale":"es_ES","og_type":"article","og_title":"Informativo matinal mi\u00e9rcoles 12 de febrero 2025 (07:50h) - COPE Alcoy","og_description":"Hoy mi\u00e9rcoles hemos hablado de las elecciones para escoger al nuevo director del Campus de Alcoy de la UPV. Tambi\u00e9n...","og_url":"https:\/\/www.copealcoy.es\/es\/informativo-matinal-miercoles-12-de-febrero-2025-0750h\/","og_site_name":"COPE Alcoy","article_published_time":"2025-02-12T06:30:02+00:00","article_modified_time":"2025-02-12T12:55:39+00:00","og_image":[{"width":357,"height":290,"url":"https:\/\/www.copealcoy.es\/wp-content\/uploads\/2025\/01\/Informativo-matinal-castellano-3.png","type":"image\/png"}],"author":"Cope Alcoy","twitter_misc":{"Escrito por":"Cope Alcoy","Tiempo de lectura":"3 minutos"},"schema":{"@context":"https:\/\/schema.org","@graph":[{"@type":"Article","@id":"https:\/\/www.copealcoy.es\/es\/informativo-matinal-miercoles-12-de-febrero-2025-0750h\/#article","isPartOf":{"@id":"https:\/\/www.copealcoy.es\/es\/informativo-matinal-miercoles-12-de-febrero-2025-0750h\/"},"author":{"name":"Cope Alcoy","@id":"https:\/\/www.copealcoy.es\/es\/#\/schema\/person\/e777c87fa024e57d40170af9df39882c"},"headline":"Informativo matinal mi\u00e9rcoles 12 de febrero 2025 (07:50h)","datePublished":"2025-02-12T06:30:02+00:00","dateModified":"2025-02-12T12:55:39+00:00","mainEntityOfPage":{"@id":"https:\/\/www.copealcoy.es\/es\/informativo-matinal-miercoles-12-de-febrero-2025-0750h\/"},"wordCount":543,"commentCount":0,"image":{"@id":"https:\/\/www.copealcoy.es\/es\/informativo-matinal-miercoles-12-de-febrero-2025-0750h\/#primaryimage"},"thumbnailUrl":"https:\/\/www.copealcoy.es\/wp-content\/uploads\/2025\/01\/Informativo-matinal-castellano-3.png","articleSection":["Actualidad","Audios de los programas","Informativos","Noticias"],"inLanguage":"es"},{"@type":"WebPage","@id":"https:\/\/www.copealcoy.es\/es\/informativo-matinal-miercoles-12-de-febrero-2025-0750h\/","url":"https:\/\/www.copealcoy.es\/es\/informativo-matinal-miercoles-12-de-febrero-2025-0750h\/","name":"Informativo matinal mi\u00e9rcoles 12 de febrero 2025 (07:50h) - COPE Alcoy","isPartOf":{"@id":"https:\/\/www.copealcoy.es\/es\/#website"},"primaryImageOfPage":{"@id":"https:\/\/www.copealcoy.es\/es\/informativo-matinal-miercoles-12-de-febrero-2025-0750h\/#primaryimage"},"image":{"@id":"https:\/\/www.copealcoy.es\/es\/informativo-matinal-miercoles-12-de-febrero-2025-0750h\/#primaryimage"},"thumbnailUrl":"https:\/\/www.copealcoy.es\/wp-content\/uploads\/2025\/01\/Informativo-matinal-castellano-3.png","datePublished":"2025-02-12T06:30:02+00:00","dateModified":"2025-02-12T12:55:39+00:00","author":{"@id":"https:\/\/www.copealcoy.es\/es\/#\/schema\/person\/e777c87fa024e57d40170af9df39882c"},"breadcrumb":{"@id":"https:\/\/www.copealcoy.es\/es\/informativo-matinal-miercoles-12-de-febrero-2025-0750h\/#breadcrumb"},"inLanguage":"es","potentialAction":[{"@type":"ReadAction","target":["https:\/\/www.copealcoy.es\/es\/informativo-matinal-miercoles-12-de-febrero-2025-0750h\/"]}]},{"@type":"ImageObject","inLanguage":"es","@id":"https:\/\/www.copealcoy.es\/es\/informativo-matinal-miercoles-12-de-febrero-2025-0750h\/#primaryimage","url":"https:\/\/www.copealcoy.es\/wp-content\/uploads\/2025\/01\/Informativo-matinal-castellano-3.png","contentUrl":"https:\/\/www.copealcoy.es\/wp-content\/uploads\/2025\/01\/Informativo-matinal-castellano-3.png","width":357,"height":290},{"@type":"BreadcrumbList","@id":"https:\/\/www.copealcoy.es\/es\/informativo-matinal-miercoles-12-de-febrero-2025-0750h\/#breadcrumb","itemListElement":[{"@type":"ListItem","position":1,"name":"Portada","item":"https:\/\/www.copealcoy.es\/es\/"},{"@type":"ListItem","position":2,"name":"Informativo matinal mi\u00e9rcoles 12 de febrero 2025 (07:50h)"}]},{"@type":"WebSite","@id":"https:\/\/www.copealcoy.es\/es\/#website","url":"https:\/\/www.copealcoy.es\/es\/","name":"COPE Alcoy","description":"Emisora COPE de radio local con emisi\u00f3n online. Pont de Sant Jordi 8-10 03803 Alcoy","potentialAction":[{"@type":"SearchAction","target":{"@type":"EntryPoint","urlTemplate":"https:\/\/www.copealcoy.es\/es\/?s={search_term_string}"},"query-input":{"@type":"PropertyValueSpecification","valueRequired":true,"valueName":"search_term_string"}}],"inLanguage":"es"},{"@type":"Person","@id":"https:\/\/www.copealcoy.es\/es\/#\/schema\/person\/e777c87fa024e57d40170af9df39882c","name":"Cope Alcoy","image":{"@type":"ImageObject","inLanguage":"es","@id":"https:\/\/secure.gravatar.com\/avatar\/bb65d0283347e303893ba14f0692005417c1e0e690a325a4c5d8bb2b3943ee14?s=96&d=mm&r=g","url":"https:\/\/secure.gravatar.com\/avatar\/bb65d0283347e303893ba14f0692005417c1e0e690a325a4c5d8bb2b3943ee14?s=96&d=mm&r=g","contentUrl":"https:\/\/secure.gravatar.com\/avatar\/bb65d0283347e303893ba14f0692005417c1e0e690a325a4c5d8bb2b3943ee14?s=96&d=mm&r=g","caption":"Cope Alcoy"}}]}},"_links":{"self":[{"href":"https:\/\/www.copealcoy.es\/es\/wp-json\/wp\/v2\/posts\/147488","targetHints":{"allow":["GET"]}}],"collection":[{"href":"https:\/\/www.copealcoy.es\/es\/wp-json\/wp\/v2\/posts"}],"about":[{"href":"https:\/\/www.copealcoy.es\/es\/wp-json\/wp\/v2\/types\/post"}],"author":[{"embeddable":true,"href":"https:\/\/www.copealcoy.es\/es\/wp-json\/wp\/v2\/users\/1"}],"replies":[{"embeddable":true,"href":"https:\/\/www.copealcoy.es\/es\/wp-json\/wp\/v2\/comments?post=147488"}],"version-history":[{"count":0,"href":"https:\/\/www.copealcoy.es\/es\/wp-json\/wp\/v2\/posts\/147488\/revisions"}],"wp:featuredmedia":[{"embeddable":true,"href":"https:\/\/www.copealcoy.es\/es\/wp-json\/wp\/v2\/media\/147419"}],"wp:attachment":[{"href":"https:\/\/www.copealcoy.es\/es\/wp-json\/wp\/v2\/media?parent=147488"}],"wp:term":[{"taxonomy":"category","embeddable":true,"href":"https:\/\/www.copealcoy.es\/es\/wp-json\/wp\/v2\/categories?post=147488"},{"taxonomy":"post_tag","embeddable":true,"href":"https:\/\/www.copealcoy.es\/es\/wp-json\/wp\/v2\/tags?post=147488"}],"curies":[{"name":"wp","href":"https:\/\/api.w.org\/{rel}","templated":true}]}}