{"id":147407,"date":"2025-02-11T07:30:03","date_gmt":"2025-02-11T06:30:03","guid":{"rendered":"https:\/\/www.copealcoy.es\/?p=147407"},"modified":"2025-02-11T17:12:25","modified_gmt":"2025-02-11T16:12:25","slug":"informativo-matinal-martes-11-de-febrero-2025-0750h","status":"publish","type":"post","link":"https:\/\/www.copealcoy.es\/es\/informativo-matinal-martes-11-de-febrero-2025-0750h\/","title":{"rendered":"Informativo matinal martes 11 de febrero 2025 (07:50h)"},"content":{"rendered":"<p><iframe loading=\"lazy\" title=\"Informativo Matinal Martes 11 De Febrero 2025 (07:50h)\" width=\"100%\" height=\"120\" src=\"https:\/\/www.mixcloud.com\/widget\/iframe\/?feed=https%3A%2F%2Fwww.mixcloud.com%2FCOPEAlcoy%2Finformativo-matinal-martes-11-de-febrero-2025-0750h%2F&amp;hide_cover=1\" frameborder=\"0\"><\/iframe><\/p>\n<p style=\"text-align: justify;\">Hoy martes hemos destacado que <strong>ya se encuentra en fase de exposici\u00f3n p\u00fablica la nueva ordenanza de peatonalizaci\u00f3n del Centro de Alcoy<\/strong>. Tambi\u00e9n hemos hablado de l<strong>as mejoras que plantea Beniarr\u00e9s<\/strong> a la hora de su conexi\u00f3n en bus con nuestra ciudad.<\/p>\n<p style=\"text-align: justify;\">Beniarr\u00e9s arranca el a\u00f1o 2025 con\u00a0<strong>importantes retos<\/strong>\u00a0encima de la mesa. El municipio\u00a0<strong>mantiene su fuerte apuesta por el turismo<\/strong>, pero tambi\u00e9n por la mejora de infraestructuras contando para ello con la importante colaboraci\u00f3n de la Diputaci\u00f3n Provincial de Alicante.<\/p>\n<p style=\"text-align: justify;\">El alcalde de esta localidad del Comtat,\u00a0<strong>Francisco Sell\u00e9s<\/strong>, ha pasado\u00a0 por COPE ALCOY para hacer tambi\u00e9n balance del 2024. En este sentido <strong>ha comentado las actuaciones realizadas durante el pasado a\u00f1o para conservar el patrimonio local<\/strong>, como la mejora del pavimento de la iglesia o la intervenci\u00f3n en la ermita, y ha detallado que\u00a0<strong>se hizo un importante trabajo administrativo<\/strong>\u00a0para optar a las diferentes subvenciones que llegar\u00e1n durante 2025. Sell\u00e9s tambi\u00e9n ha remarcado\u00a0<strong>la buena acogida que est\u00e1n teniendo las visitas a la Cova de l\u2019Or<\/strong>\u00a0\u00ab<em>gracias al trabajo hecho por la Diputaci\u00f3n, a trav\u00e9s del MARQ, se ha conseguido recuperar un enclave que nos ayuda a entender nuestra historia, pero que tambi\u00e9n se ha convertido en aut\u00e9ntico polo de atracci\u00f3n de turistas. Las diferentes campa\u00f1as de visitas han ido muy bien y esperamos seguir con esta tendencia<\/em>\u00ab, manifest\u00f3.<\/p>\n<p style=\"text-align: justify;\">El primer edil de\u00a0<span style=\"color: #0000ff;\"><a style=\"color: #0000ff;\" href=\"https:\/\/www.beniarres.es\/\" target=\"_blank\" rel=\"noopener\"><strong>Beniarr\u00e9s<\/strong><\/a><\/span>\u00a0reconoce que otro de los principales objetivos de las localidades peque\u00f1as de nuestras comarcas<strong>\u00a0es hacer frente a la despoblaci\u00f3n<\/strong>. Pese a que su municipio es uno de esos peque\u00f1os con mayor poblaci\u00f3n del Comtat,\u00a0<strong>defiende la necesidad de unas mejores comunicaciones<\/strong>\u00a0para facilitar el acceso a servicios b\u00e1sicos como el Hospital Virgen de los Lirios \u00ab<em>actualmente tenemos un servicio de bus pero que finaliza en Muro y que sale a primera hora de la ma\u00f1ana, lo cual no es \u00fatil para nuestros vecinos. Estamos trabajando para conseguir que pudiera haber una l\u00ednea hasta Alcoy porque es aqu\u00ed donde muchas personas tienen que venir a diario para consultas m\u00e9dicas en el Hospital Comarcal o realizar diferentes tr\u00e1mites en la administraci\u00f3n<\/em>\u00ab, concluye.<\/p>\n<p style=\"text-align: justify;\">Por \u00faltimo, Francisco Sell\u00e9s apunta que\u00a0<strong>Beniarr\u00e9s ha sido beneficiaria del plan de obras de la Diputaci\u00f3n de Alicante<\/strong>, lo cual permitir\u00e1 actuar en la zona conocido como la de \u2018Els Pisos\u2019, o en la calle Sant Francesc. Tambi\u00e9n se\u00f1ala las intervenciones previstas para mejorar la Plaza Doctor Fleming, haciendo de la misma un entorno m\u00e1s agradable para la poblaci\u00f3n.<\/p>\n","protected":false},"excerpt":{"rendered":"<p>Hoy martes hemos destacado que ya se encuentra en fase de exposici\u00f3n p\u00fablica la nueva ordenanza de peatonalizaci\u00f3n del Centro&#8230;<\/p>\n","protected":false},"author":1,"featured_media":147419,"comment_status":"open","ping_status":"open","sticky":false,"template":"","format":"standard","meta":{"footnotes":""},"categories":[6909,89,91,75],"tags":[],"class_list":["post-147407","post","type-post","status-publish","format-standard","has-post-thumbnail","hentry","category-actualidad","category-audiosdelosprogramas","category-informativos","category-noticias"],"yoast_head":"<!-- This site is optimized with the Yoast SEO plugin v27.3 - https:\/\/yoast.com\/product\/yoast-seo-wordpress\/ -->\n<title>Informativo matinal martes 11 de febrero 2025 (07:50h) - COPE Alcoy<\/title>\n<meta name=\"robots\" content=\"index, follow, max-snippet:-1, max-image-preview:large, max-video-preview:-1\" \/>\n<link rel=\"canonical\" href=\"https:\/\/www.copealcoy.es\/es\/informativo-matinal-martes-11-de-febrero-2025-0750h\/\" \/>\n<meta property=\"og:locale\" content=\"es_ES\" \/>\n<meta property=\"og:type\" content=\"article\" \/>\n<meta property=\"og:title\" content=\"Informativo matinal martes 11 de febrero 2025 (07:50h) - COPE Alcoy\" \/>\n<meta property=\"og:description\" content=\"Hoy martes hemos destacado que ya se encuentra en fase de exposici\u00f3n p\u00fablica la nueva ordenanza de peatonalizaci\u00f3n del Centro...\" \/>\n<meta property=\"og:url\" content=\"https:\/\/www.copealcoy.es\/es\/informativo-matinal-martes-11-de-febrero-2025-0750h\/\" \/>\n<meta property=\"og:site_name\" content=\"COPE Alcoy\" \/>\n<meta property=\"article:published_time\" content=\"2025-02-11T06:30:03+00:00\" \/>\n<meta property=\"article:modified_time\" content=\"2025-02-11T16:12:25+00:00\" \/>\n<meta property=\"og:image\" content=\"https:\/\/www.copealcoy.es\/wp-content\/uploads\/2025\/01\/Informativo-matinal-castellano-3.png\" \/>\n\t<meta property=\"og:image:width\" content=\"357\" \/>\n\t<meta property=\"og:image:height\" content=\"290\" \/>\n\t<meta property=\"og:image:type\" content=\"image\/png\" \/>\n<meta name=\"author\" content=\"Cope Alcoy\" \/>\n<meta name=\"twitter:label1\" content=\"Escrito por\" \/>\n\t<meta name=\"twitter:data1\" content=\"Cope Alcoy\" \/>\n\t<meta name=\"twitter:label2\" content=\"Tiempo de lectura\" \/>\n\t<meta name=\"twitter:data2\" content=\"3 minutos\" \/>\n<script type=\"application\/ld+json\" class=\"yoast-schema-graph\">{\"@context\":\"https:\\\/\\\/schema.org\",\"@graph\":[{\"@type\":\"Article\",\"@id\":\"https:\\\/\\\/www.copealcoy.es\\\/es\\\/informativo-matinal-martes-11-de-febrero-2025-0750h\\\/#article\",\"isPartOf\":{\"@id\":\"https:\\\/\\\/www.copealcoy.es\\\/es\\\/informativo-matinal-martes-11-de-febrero-2025-0750h\\\/\"},\"author\":{\"name\":\"Cope Alcoy\",\"@id\":\"https:\\\/\\\/www.copealcoy.es\\\/es\\\/#\\\/schema\\\/person\\\/e777c87fa024e57d40170af9df39882c\"},\"headline\":\"Informativo matinal martes 11 de febrero 2025 (07:50h)\",\"datePublished\":\"2025-02-11T06:30:03+00:00\",\"dateModified\":\"2025-02-11T16:12:25+00:00\",\"mainEntityOfPage\":{\"@id\":\"https:\\\/\\\/www.copealcoy.es\\\/es\\\/informativo-matinal-martes-11-de-febrero-2025-0750h\\\/\"},\"wordCount\":466,\"commentCount\":0,\"image\":{\"@id\":\"https:\\\/\\\/www.copealcoy.es\\\/es\\\/informativo-matinal-martes-11-de-febrero-2025-0750h\\\/#primaryimage\"},\"thumbnailUrl\":\"https:\\\/\\\/www.copealcoy.es\\\/wp-content\\\/uploads\\\/2025\\\/01\\\/Informativo-matinal-castellano-3.png\",\"articleSection\":[\"Actualidad\",\"Audios de los programas\",\"Informativos\",\"Noticias\"],\"inLanguage\":\"es\"},{\"@type\":\"WebPage\",\"@id\":\"https:\\\/\\\/www.copealcoy.es\\\/es\\\/informativo-matinal-martes-11-de-febrero-2025-0750h\\\/\",\"url\":\"https:\\\/\\\/www.copealcoy.es\\\/es\\\/informativo-matinal-martes-11-de-febrero-2025-0750h\\\/\",\"name\":\"Informativo matinal martes 11 de febrero 2025 (07:50h) - COPE Alcoy\",\"isPartOf\":{\"@id\":\"https:\\\/\\\/www.copealcoy.es\\\/es\\\/#website\"},\"primaryImageOfPage\":{\"@id\":\"https:\\\/\\\/www.copealcoy.es\\\/es\\\/informativo-matinal-martes-11-de-febrero-2025-0750h\\\/#primaryimage\"},\"image\":{\"@id\":\"https:\\\/\\\/www.copealcoy.es\\\/es\\\/informativo-matinal-martes-11-de-febrero-2025-0750h\\\/#primaryimage\"},\"thumbnailUrl\":\"https:\\\/\\\/www.copealcoy.es\\\/wp-content\\\/uploads\\\/2025\\\/01\\\/Informativo-matinal-castellano-3.png\",\"datePublished\":\"2025-02-11T06:30:03+00:00\",\"dateModified\":\"2025-02-11T16:12:25+00:00\",\"author\":{\"@id\":\"https:\\\/\\\/www.copealcoy.es\\\/es\\\/#\\\/schema\\\/person\\\/e777c87fa024e57d40170af9df39882c\"},\"breadcrumb\":{\"@id\":\"https:\\\/\\\/www.copealcoy.es\\\/es\\\/informativo-matinal-martes-11-de-febrero-2025-0750h\\\/#breadcrumb\"},\"inLanguage\":\"es\",\"potentialAction\":[{\"@type\":\"ReadAction\",\"target\":[\"https:\\\/\\\/www.copealcoy.es\\\/es\\\/informativo-matinal-martes-11-de-febrero-2025-0750h\\\/\"]}]},{\"@type\":\"ImageObject\",\"inLanguage\":\"es\",\"@id\":\"https:\\\/\\\/www.copealcoy.es\\\/es\\\/informativo-matinal-martes-11-de-febrero-2025-0750h\\\/#primaryimage\",\"url\":\"https:\\\/\\\/www.copealcoy.es\\\/wp-content\\\/uploads\\\/2025\\\/01\\\/Informativo-matinal-castellano-3.png\",\"contentUrl\":\"https:\\\/\\\/www.copealcoy.es\\\/wp-content\\\/uploads\\\/2025\\\/01\\\/Informativo-matinal-castellano-3.png\",\"width\":357,\"height\":290},{\"@type\":\"BreadcrumbList\",\"@id\":\"https:\\\/\\\/www.copealcoy.es\\\/es\\\/informativo-matinal-martes-11-de-febrero-2025-0750h\\\/#breadcrumb\",\"itemListElement\":[{\"@type\":\"ListItem\",\"position\":1,\"name\":\"Portada\",\"item\":\"https:\\\/\\\/www.copealcoy.es\\\/es\\\/\"},{\"@type\":\"ListItem\",\"position\":2,\"name\":\"Informativo matinal martes 11 de febrero 2025 (07:50h)\"}]},{\"@type\":\"WebSite\",\"@id\":\"https:\\\/\\\/www.copealcoy.es\\\/es\\\/#website\",\"url\":\"https:\\\/\\\/www.copealcoy.es\\\/es\\\/\",\"name\":\"COPE Alcoy\",\"description\":\"Emisora COPE de radio local con emisi\u00f3n online. Pont de Sant Jordi 8-10 03803 Alcoy\",\"potentialAction\":[{\"@type\":\"SearchAction\",\"target\":{\"@type\":\"EntryPoint\",\"urlTemplate\":\"https:\\\/\\\/www.copealcoy.es\\\/es\\\/?s={search_term_string}\"},\"query-input\":{\"@type\":\"PropertyValueSpecification\",\"valueRequired\":true,\"valueName\":\"search_term_string\"}}],\"inLanguage\":\"es\"},{\"@type\":\"Person\",\"@id\":\"https:\\\/\\\/www.copealcoy.es\\\/es\\\/#\\\/schema\\\/person\\\/e777c87fa024e57d40170af9df39882c\",\"name\":\"Cope Alcoy\",\"image\":{\"@type\":\"ImageObject\",\"inLanguage\":\"es\",\"@id\":\"https:\\\/\\\/secure.gravatar.com\\\/avatar\\\/bb65d0283347e303893ba14f0692005417c1e0e690a325a4c5d8bb2b3943ee14?s=96&d=mm&r=g\",\"url\":\"https:\\\/\\\/secure.gravatar.com\\\/avatar\\\/bb65d0283347e303893ba14f0692005417c1e0e690a325a4c5d8bb2b3943ee14?s=96&d=mm&r=g\",\"contentUrl\":\"https:\\\/\\\/secure.gravatar.com\\\/avatar\\\/bb65d0283347e303893ba14f0692005417c1e0e690a325a4c5d8bb2b3943ee14?s=96&d=mm&r=g\",\"caption\":\"Cope Alcoy\"}}]}<\/script>\n<!-- \/ Yoast SEO plugin. -->","yoast_head_json":{"title":"Informativo matinal martes 11 de febrero 2025 (07:50h) - COPE Alcoy","robots":{"index":"index","follow":"follow","max-snippet":"max-snippet:-1","max-image-preview":"max-image-preview:large","max-video-preview":"max-video-preview:-1"},"canonical":"https:\/\/www.copealcoy.es\/es\/informativo-matinal-martes-11-de-febrero-2025-0750h\/","og_locale":"es_ES","og_type":"article","og_title":"Informativo matinal martes 11 de febrero 2025 (07:50h) - COPE Alcoy","og_description":"Hoy martes hemos destacado que ya se encuentra en fase de exposici\u00f3n p\u00fablica la nueva ordenanza de peatonalizaci\u00f3n del Centro...","og_url":"https:\/\/www.copealcoy.es\/es\/informativo-matinal-martes-11-de-febrero-2025-0750h\/","og_site_name":"COPE Alcoy","article_published_time":"2025-02-11T06:30:03+00:00","article_modified_time":"2025-02-11T16:12:25+00:00","og_image":[{"width":357,"height":290,"url":"https:\/\/www.copealcoy.es\/wp-content\/uploads\/2025\/01\/Informativo-matinal-castellano-3.png","type":"image\/png"}],"author":"Cope Alcoy","twitter_misc":{"Escrito por":"Cope Alcoy","Tiempo de lectura":"3 minutos"},"schema":{"@context":"https:\/\/schema.org","@graph":[{"@type":"Article","@id":"https:\/\/www.copealcoy.es\/es\/informativo-matinal-martes-11-de-febrero-2025-0750h\/#article","isPartOf":{"@id":"https:\/\/www.copealcoy.es\/es\/informativo-matinal-martes-11-de-febrero-2025-0750h\/"},"author":{"name":"Cope Alcoy","@id":"https:\/\/www.copealcoy.es\/es\/#\/schema\/person\/e777c87fa024e57d40170af9df39882c"},"headline":"Informativo matinal martes 11 de febrero 2025 (07:50h)","datePublished":"2025-02-11T06:30:03+00:00","dateModified":"2025-02-11T16:12:25+00:00","mainEntityOfPage":{"@id":"https:\/\/www.copealcoy.es\/es\/informativo-matinal-martes-11-de-febrero-2025-0750h\/"},"wordCount":466,"commentCount":0,"image":{"@id":"https:\/\/www.copealcoy.es\/es\/informativo-matinal-martes-11-de-febrero-2025-0750h\/#primaryimage"},"thumbnailUrl":"https:\/\/www.copealcoy.es\/wp-content\/uploads\/2025\/01\/Informativo-matinal-castellano-3.png","articleSection":["Actualidad","Audios de los programas","Informativos","Noticias"],"inLanguage":"es"},{"@type":"WebPage","@id":"https:\/\/www.copealcoy.es\/es\/informativo-matinal-martes-11-de-febrero-2025-0750h\/","url":"https:\/\/www.copealcoy.es\/es\/informativo-matinal-martes-11-de-febrero-2025-0750h\/","name":"Informativo matinal martes 11 de febrero 2025 (07:50h) - COPE Alcoy","isPartOf":{"@id":"https:\/\/www.copealcoy.es\/es\/#website"},"primaryImageOfPage":{"@id":"https:\/\/www.copealcoy.es\/es\/informativo-matinal-martes-11-de-febrero-2025-0750h\/#primaryimage"},"image":{"@id":"https:\/\/www.copealcoy.es\/es\/informativo-matinal-martes-11-de-febrero-2025-0750h\/#primaryimage"},"thumbnailUrl":"https:\/\/www.copealcoy.es\/wp-content\/uploads\/2025\/01\/Informativo-matinal-castellano-3.png","datePublished":"2025-02-11T06:30:03+00:00","dateModified":"2025-02-11T16:12:25+00:00","author":{"@id":"https:\/\/www.copealcoy.es\/es\/#\/schema\/person\/e777c87fa024e57d40170af9df39882c"},"breadcrumb":{"@id":"https:\/\/www.copealcoy.es\/es\/informativo-matinal-martes-11-de-febrero-2025-0750h\/#breadcrumb"},"inLanguage":"es","potentialAction":[{"@type":"ReadAction","target":["https:\/\/www.copealcoy.es\/es\/informativo-matinal-martes-11-de-febrero-2025-0750h\/"]}]},{"@type":"ImageObject","inLanguage":"es","@id":"https:\/\/www.copealcoy.es\/es\/informativo-matinal-martes-11-de-febrero-2025-0750h\/#primaryimage","url":"https:\/\/www.copealcoy.es\/wp-content\/uploads\/2025\/01\/Informativo-matinal-castellano-3.png","contentUrl":"https:\/\/www.copealcoy.es\/wp-content\/uploads\/2025\/01\/Informativo-matinal-castellano-3.png","width":357,"height":290},{"@type":"BreadcrumbList","@id":"https:\/\/www.copealcoy.es\/es\/informativo-matinal-martes-11-de-febrero-2025-0750h\/#breadcrumb","itemListElement":[{"@type":"ListItem","position":1,"name":"Portada","item":"https:\/\/www.copealcoy.es\/es\/"},{"@type":"ListItem","position":2,"name":"Informativo matinal martes 11 de febrero 2025 (07:50h)"}]},{"@type":"WebSite","@id":"https:\/\/www.copealcoy.es\/es\/#website","url":"https:\/\/www.copealcoy.es\/es\/","name":"COPE Alcoy","description":"Emisora COPE de radio local con emisi\u00f3n online. Pont de Sant Jordi 8-10 03803 Alcoy","potentialAction":[{"@type":"SearchAction","target":{"@type":"EntryPoint","urlTemplate":"https:\/\/www.copealcoy.es\/es\/?s={search_term_string}"},"query-input":{"@type":"PropertyValueSpecification","valueRequired":true,"valueName":"search_term_string"}}],"inLanguage":"es"},{"@type":"Person","@id":"https:\/\/www.copealcoy.es\/es\/#\/schema\/person\/e777c87fa024e57d40170af9df39882c","name":"Cope Alcoy","image":{"@type":"ImageObject","inLanguage":"es","@id":"https:\/\/secure.gravatar.com\/avatar\/bb65d0283347e303893ba14f0692005417c1e0e690a325a4c5d8bb2b3943ee14?s=96&d=mm&r=g","url":"https:\/\/secure.gravatar.com\/avatar\/bb65d0283347e303893ba14f0692005417c1e0e690a325a4c5d8bb2b3943ee14?s=96&d=mm&r=g","contentUrl":"https:\/\/secure.gravatar.com\/avatar\/bb65d0283347e303893ba14f0692005417c1e0e690a325a4c5d8bb2b3943ee14?s=96&d=mm&r=g","caption":"Cope Alcoy"}}]}},"_links":{"self":[{"href":"https:\/\/www.copealcoy.es\/es\/wp-json\/wp\/v2\/posts\/147407","targetHints":{"allow":["GET"]}}],"collection":[{"href":"https:\/\/www.copealcoy.es\/es\/wp-json\/wp\/v2\/posts"}],"about":[{"href":"https:\/\/www.copealcoy.es\/es\/wp-json\/wp\/v2\/types\/post"}],"author":[{"embeddable":true,"href":"https:\/\/www.copealcoy.es\/es\/wp-json\/wp\/v2\/users\/1"}],"replies":[{"embeddable":true,"href":"https:\/\/www.copealcoy.es\/es\/wp-json\/wp\/v2\/comments?post=147407"}],"version-history":[{"count":0,"href":"https:\/\/www.copealcoy.es\/es\/wp-json\/wp\/v2\/posts\/147407\/revisions"}],"wp:featuredmedia":[{"embeddable":true,"href":"https:\/\/www.copealcoy.es\/es\/wp-json\/wp\/v2\/media\/147419"}],"wp:attachment":[{"href":"https:\/\/www.copealcoy.es\/es\/wp-json\/wp\/v2\/media?parent=147407"}],"wp:term":[{"taxonomy":"category","embeddable":true,"href":"https:\/\/www.copealcoy.es\/es\/wp-json\/wp\/v2\/categories?post=147407"},{"taxonomy":"post_tag","embeddable":true,"href":"https:\/\/www.copealcoy.es\/es\/wp-json\/wp\/v2\/tags?post=147407"}],"curies":[{"name":"wp","href":"https:\/\/api.w.org\/{rel}","templated":true}]}}