{"id":147369,"date":"2025-02-12T07:59:13","date_gmt":"2025-02-12T06:59:13","guid":{"rendered":"https:\/\/www.copealcoy.es\/?p=147369"},"modified":"2025-02-12T12:34:05","modified_gmt":"2025-02-12T11:34:05","slug":"el-comercio-de-alcoy-optimista-tras-el-primer-mes-de-rebajas","status":"publish","type":"post","link":"https:\/\/www.copealcoy.es\/es\/el-comercio-de-alcoy-optimista-tras-el-primer-mes-de-rebajas\/","title":{"rendered":"El comercio de Alcoy, optimista tras el primer mes de rebajas"},"content":{"rendered":"<p style=\"text-align: justify;\">Se ha cumplido el <strong>primer mes del inicio de la campa\u00f1a de rebajas de invierno<\/strong> y desde el sector comercial de Alcoy<strong> hacen un balance algo m\u00e1s positivo<\/strong> que el del a\u00f1o anterior. Detr\u00e1s de todo ello est\u00e1 el fr\u00edo y el hecho de que las bajas temperaturas<strong> han animado<\/strong>, tal y como afirman, a hacer m\u00e1s compras de roba de abrigo.<\/p>\n<p style=\"text-align: justify;\">As\u00ed lo han asegurado en COPE ALCOY desde <a href=\"https:\/\/www.facebook.com\/alcoycomercial\" target=\"_blank\" rel=\"noopener\"><span style=\"color: #0000ff;\"><strong>la Federaci\u00f3n de Comercio Alcoy Comercial<\/strong><\/span><\/a>. Su presidente, <strong>Alejandro Cerro<\/strong>, se mostraba optimista ante <strong>los primeros resultados<\/strong> de las rebajas y recordaba que el ritmo de ventas ha sido mejor en 2025 que en los pasados 2023 o 2024 &#8220;<em>a veces parece una tonter\u00eda, pero el hecho de que haga m\u00e1s fr\u00edo influye en las compras de las rebajas. La gente espera estas fechas para comprar prendas de abrigo a un precio m\u00e1s rebajado as\u00ed que este a\u00f1o, como las temperaturas han sido m\u00e1s bajas, si que los comerciantes que venden este tipo de art\u00edculos han notado una mejor\u00eda en las ventas respecto a los campa\u00f1as anteriores que fueron m\u00e1s complicadas<\/em>&#8220;, afirmaba. Cerro reconoce tambi\u00e9n que <strong>las rebajas han cambiado respecto a a\u00f1os anteriores<\/strong> desde la puesta en marcha de la liberalizaci\u00f3n de las mismas &#8220;<em>es cierto que existe una fuerte competencia para el comercio local, con descuentos en diferentes \u00e9pocas del a\u00f1o por esa desestacionalizaci\u00f3n, y para algunos sectores si que ha afectado mucho el hecho de que en grandes superficies o negocios de moda r\u00e1pida online haya descuentos durante todo el a\u00f1o. Estamos luchando contra algo que perjudica al peque\u00f1o comercio, que no puede competir ni compararse con el grande porque no tiene margen suficiente&#8221;, <\/em>concluye Cerro.<\/p>\n<p style=\"text-align: justify;\">Pese a esta situaci\u00f3n, <strong>el 7 de enero sigue siendo sin\u00f3nimo de rebajas<\/strong> y los comercios ponen en pr\u00e1ctica esos apetecibles descuentos tras pasar la Navidad. Con ellos seguir\u00e1n hasta finales de febrero, o principios de marzo, y a partir de esa fecha los negocios de ropa y complemento ya pasar\u00e1n a iniciar la campa\u00f1a de primavera.<\/p>\n","protected":false},"excerpt":{"rendered":"<p>Se ha cumplido el primer mes del inicio de la campa\u00f1a de rebajas de invierno y desde el sector comercial&#8230;<\/p>\n","protected":false},"author":1,"featured_media":147370,"comment_status":"open","ping_status":"open","sticky":false,"template":"","format":"standard","meta":{"footnotes":""},"categories":[6909,97,75],"tags":[1494,430,467,5064,511],"class_list":["post-147369","post","type-post","status-publish","format-standard","has-post-thumbnail","hentry","category-actualidad","category-alcoy","category-noticias","tag-alcoy","tag-balance","tag-comercio","tag-invierno","tag-rebajas"],"yoast_head":"<!-- This site is optimized with the Yoast SEO plugin v27.3 - https:\/\/yoast.com\/product\/yoast-seo-wordpress\/ -->\n<title>El comercio de Alcoy, optimista tras el primer mes de rebajas - COPE Alcoy<\/title>\n<meta name=\"description\" content=\"Se ha cumplido el primer mes del inicio de la campa\u00f1a de rebajas de invierno y desde el sector comercial de Alcoy hacen un balance algo m\u00e1s positivo que el del a\u00f1o anterior\" \/>\n<meta name=\"robots\" content=\"index, follow, max-snippet:-1, max-image-preview:large, max-video-preview:-1\" \/>\n<link rel=\"canonical\" href=\"https:\/\/www.copealcoy.es\/es\/el-comercio-de-alcoy-optimista-tras-el-primer-mes-de-rebajas\/\" \/>\n<meta property=\"og:locale\" content=\"es_ES\" \/>\n<meta property=\"og:type\" content=\"article\" \/>\n<meta property=\"og:title\" content=\"El comercio de Alcoy, optimista tras el primer mes de rebajas - COPE Alcoy\" \/>\n<meta property=\"og:description\" content=\"Se ha cumplido el primer mes del inicio de la campa\u00f1a de rebajas de invierno y desde el sector comercial de Alcoy hacen un balance algo m\u00e1s positivo que el del a\u00f1o anterior\" \/>\n<meta property=\"og:url\" content=\"https:\/\/www.copealcoy.es\/es\/el-comercio-de-alcoy-optimista-tras-el-primer-mes-de-rebajas\/\" \/>\n<meta property=\"og:site_name\" content=\"COPE Alcoy\" \/>\n<meta property=\"article:published_time\" content=\"2025-02-12T06:59:13+00:00\" \/>\n<meta property=\"article:modified_time\" content=\"2025-02-12T11:34:05+00:00\" \/>\n<meta property=\"og:image\" content=\"https:\/\/www.copealcoy.es\/wp-content\/uploads\/2025\/02\/IMG_6757.jpg\" \/>\n\t<meta property=\"og:image:width\" content=\"1179\" \/>\n\t<meta property=\"og:image:height\" content=\"818\" \/>\n\t<meta property=\"og:image:type\" content=\"image\/jpeg\" \/>\n<meta name=\"author\" content=\"Cope Alcoy\" \/>\n<meta name=\"twitter:label1\" content=\"Escrito por\" \/>\n\t<meta name=\"twitter:data1\" content=\"Cope Alcoy\" \/>\n\t<meta name=\"twitter:label2\" content=\"Tiempo de lectura\" \/>\n\t<meta name=\"twitter:data2\" content=\"3 minutos\" \/>\n<script type=\"application\/ld+json\" class=\"yoast-schema-graph\">{\"@context\":\"https:\\\/\\\/schema.org\",\"@graph\":[{\"@type\":\"Article\",\"@id\":\"https:\\\/\\\/www.copealcoy.es\\\/es\\\/el-comercio-de-alcoy-optimista-tras-el-primer-mes-de-rebajas\\\/#article\",\"isPartOf\":{\"@id\":\"https:\\\/\\\/www.copealcoy.es\\\/es\\\/el-comercio-de-alcoy-optimista-tras-el-primer-mes-de-rebajas\\\/\"},\"author\":{\"name\":\"Cope Alcoy\",\"@id\":\"https:\\\/\\\/www.copealcoy.es\\\/es\\\/#\\\/schema\\\/person\\\/e777c87fa024e57d40170af9df39882c\"},\"headline\":\"El comercio de Alcoy, optimista tras el primer mes de rebajas\",\"datePublished\":\"2025-02-12T06:59:13+00:00\",\"dateModified\":\"2025-02-12T11:34:05+00:00\",\"mainEntityOfPage\":{\"@id\":\"https:\\\/\\\/www.copealcoy.es\\\/es\\\/el-comercio-de-alcoy-optimista-tras-el-primer-mes-de-rebajas\\\/\"},\"wordCount\":374,\"commentCount\":0,\"image\":{\"@id\":\"https:\\\/\\\/www.copealcoy.es\\\/es\\\/el-comercio-de-alcoy-optimista-tras-el-primer-mes-de-rebajas\\\/#primaryimage\"},\"thumbnailUrl\":\"https:\\\/\\\/www.copealcoy.es\\\/wp-content\\\/uploads\\\/2025\\\/02\\\/IMG_6757.jpg\",\"keywords\":[\"Alcoy\",\"Balance\",\"Comercio\",\"invierno\",\"Rebajas\"],\"articleSection\":[\"Actualidad\",\"Alcoy\",\"Noticias\"],\"inLanguage\":\"es\"},{\"@type\":\"WebPage\",\"@id\":\"https:\\\/\\\/www.copealcoy.es\\\/es\\\/el-comercio-de-alcoy-optimista-tras-el-primer-mes-de-rebajas\\\/\",\"url\":\"https:\\\/\\\/www.copealcoy.es\\\/es\\\/el-comercio-de-alcoy-optimista-tras-el-primer-mes-de-rebajas\\\/\",\"name\":\"El comercio de Alcoy, optimista tras el primer mes de rebajas - COPE Alcoy\",\"isPartOf\":{\"@id\":\"https:\\\/\\\/www.copealcoy.es\\\/es\\\/#website\"},\"primaryImageOfPage\":{\"@id\":\"https:\\\/\\\/www.copealcoy.es\\\/es\\\/el-comercio-de-alcoy-optimista-tras-el-primer-mes-de-rebajas\\\/#primaryimage\"},\"image\":{\"@id\":\"https:\\\/\\\/www.copealcoy.es\\\/es\\\/el-comercio-de-alcoy-optimista-tras-el-primer-mes-de-rebajas\\\/#primaryimage\"},\"thumbnailUrl\":\"https:\\\/\\\/www.copealcoy.es\\\/wp-content\\\/uploads\\\/2025\\\/02\\\/IMG_6757.jpg\",\"datePublished\":\"2025-02-12T06:59:13+00:00\",\"dateModified\":\"2025-02-12T11:34:05+00:00\",\"author\":{\"@id\":\"https:\\\/\\\/www.copealcoy.es\\\/es\\\/#\\\/schema\\\/person\\\/e777c87fa024e57d40170af9df39882c\"},\"description\":\"Se ha cumplido el primer mes del inicio de la campa\u00f1a de rebajas de invierno y desde el sector comercial de Alcoy hacen un balance algo m\u00e1s positivo que el del a\u00f1o anterior\",\"breadcrumb\":{\"@id\":\"https:\\\/\\\/www.copealcoy.es\\\/es\\\/el-comercio-de-alcoy-optimista-tras-el-primer-mes-de-rebajas\\\/#breadcrumb\"},\"inLanguage\":\"es\",\"potentialAction\":[{\"@type\":\"ReadAction\",\"target\":[\"https:\\\/\\\/www.copealcoy.es\\\/es\\\/el-comercio-de-alcoy-optimista-tras-el-primer-mes-de-rebajas\\\/\"]}]},{\"@type\":\"ImageObject\",\"inLanguage\":\"es\",\"@id\":\"https:\\\/\\\/www.copealcoy.es\\\/es\\\/el-comercio-de-alcoy-optimista-tras-el-primer-mes-de-rebajas\\\/#primaryimage\",\"url\":\"https:\\\/\\\/www.copealcoy.es\\\/wp-content\\\/uploads\\\/2025\\\/02\\\/IMG_6757.jpg\",\"contentUrl\":\"https:\\\/\\\/www.copealcoy.es\\\/wp-content\\\/uploads\\\/2025\\\/02\\\/IMG_6757.jpg\",\"width\":1179,\"height\":818},{\"@type\":\"BreadcrumbList\",\"@id\":\"https:\\\/\\\/www.copealcoy.es\\\/es\\\/el-comercio-de-alcoy-optimista-tras-el-primer-mes-de-rebajas\\\/#breadcrumb\",\"itemListElement\":[{\"@type\":\"ListItem\",\"position\":1,\"name\":\"Portada\",\"item\":\"https:\\\/\\\/www.copealcoy.es\\\/es\\\/\"},{\"@type\":\"ListItem\",\"position\":2,\"name\":\"El comercio de Alcoy, optimista tras el primer mes de rebajas\"}]},{\"@type\":\"WebSite\",\"@id\":\"https:\\\/\\\/www.copealcoy.es\\\/es\\\/#website\",\"url\":\"https:\\\/\\\/www.copealcoy.es\\\/es\\\/\",\"name\":\"COPE Alcoy\",\"description\":\"Emisora COPE de radio local con emisi\u00f3n online. Pont de Sant Jordi 8-10 03803 Alcoy\",\"potentialAction\":[{\"@type\":\"SearchAction\",\"target\":{\"@type\":\"EntryPoint\",\"urlTemplate\":\"https:\\\/\\\/www.copealcoy.es\\\/es\\\/?s={search_term_string}\"},\"query-input\":{\"@type\":\"PropertyValueSpecification\",\"valueRequired\":true,\"valueName\":\"search_term_string\"}}],\"inLanguage\":\"es\"},{\"@type\":\"Person\",\"@id\":\"https:\\\/\\\/www.copealcoy.es\\\/es\\\/#\\\/schema\\\/person\\\/e777c87fa024e57d40170af9df39882c\",\"name\":\"Cope Alcoy\",\"image\":{\"@type\":\"ImageObject\",\"inLanguage\":\"es\",\"@id\":\"https:\\\/\\\/secure.gravatar.com\\\/avatar\\\/bb65d0283347e303893ba14f0692005417c1e0e690a325a4c5d8bb2b3943ee14?s=96&d=mm&r=g\",\"url\":\"https:\\\/\\\/secure.gravatar.com\\\/avatar\\\/bb65d0283347e303893ba14f0692005417c1e0e690a325a4c5d8bb2b3943ee14?s=96&d=mm&r=g\",\"contentUrl\":\"https:\\\/\\\/secure.gravatar.com\\\/avatar\\\/bb65d0283347e303893ba14f0692005417c1e0e690a325a4c5d8bb2b3943ee14?s=96&d=mm&r=g\",\"caption\":\"Cope Alcoy\"}}]}<\/script>\n<!-- \/ Yoast SEO plugin. -->","yoast_head_json":{"title":"El comercio de Alcoy, optimista tras el primer mes de rebajas - COPE Alcoy","description":"Se ha cumplido el primer mes del inicio de la campa\u00f1a de rebajas de invierno y desde el sector comercial de Alcoy hacen un balance algo m\u00e1s positivo que el del a\u00f1o anterior","robots":{"index":"index","follow":"follow","max-snippet":"max-snippet:-1","max-image-preview":"max-image-preview:large","max-video-preview":"max-video-preview:-1"},"canonical":"https:\/\/www.copealcoy.es\/es\/el-comercio-de-alcoy-optimista-tras-el-primer-mes-de-rebajas\/","og_locale":"es_ES","og_type":"article","og_title":"El comercio de Alcoy, optimista tras el primer mes de rebajas - COPE Alcoy","og_description":"Se ha cumplido el primer mes del inicio de la campa\u00f1a de rebajas de invierno y desde el sector comercial de Alcoy hacen un balance algo m\u00e1s positivo que el del a\u00f1o anterior","og_url":"https:\/\/www.copealcoy.es\/es\/el-comercio-de-alcoy-optimista-tras-el-primer-mes-de-rebajas\/","og_site_name":"COPE Alcoy","article_published_time":"2025-02-12T06:59:13+00:00","article_modified_time":"2025-02-12T11:34:05+00:00","og_image":[{"width":1179,"height":818,"url":"https:\/\/www.copealcoy.es\/wp-content\/uploads\/2025\/02\/IMG_6757.jpg","type":"image\/jpeg"}],"author":"Cope Alcoy","twitter_misc":{"Escrito por":"Cope Alcoy","Tiempo de lectura":"3 minutos"},"schema":{"@context":"https:\/\/schema.org","@graph":[{"@type":"Article","@id":"https:\/\/www.copealcoy.es\/es\/el-comercio-de-alcoy-optimista-tras-el-primer-mes-de-rebajas\/#article","isPartOf":{"@id":"https:\/\/www.copealcoy.es\/es\/el-comercio-de-alcoy-optimista-tras-el-primer-mes-de-rebajas\/"},"author":{"name":"Cope Alcoy","@id":"https:\/\/www.copealcoy.es\/es\/#\/schema\/person\/e777c87fa024e57d40170af9df39882c"},"headline":"El comercio de Alcoy, optimista tras el primer mes de rebajas","datePublished":"2025-02-12T06:59:13+00:00","dateModified":"2025-02-12T11:34:05+00:00","mainEntityOfPage":{"@id":"https:\/\/www.copealcoy.es\/es\/el-comercio-de-alcoy-optimista-tras-el-primer-mes-de-rebajas\/"},"wordCount":374,"commentCount":0,"image":{"@id":"https:\/\/www.copealcoy.es\/es\/el-comercio-de-alcoy-optimista-tras-el-primer-mes-de-rebajas\/#primaryimage"},"thumbnailUrl":"https:\/\/www.copealcoy.es\/wp-content\/uploads\/2025\/02\/IMG_6757.jpg","keywords":["Alcoy","Balance","Comercio","invierno","Rebajas"],"articleSection":["Actualidad","Alcoy","Noticias"],"inLanguage":"es"},{"@type":"WebPage","@id":"https:\/\/www.copealcoy.es\/es\/el-comercio-de-alcoy-optimista-tras-el-primer-mes-de-rebajas\/","url":"https:\/\/www.copealcoy.es\/es\/el-comercio-de-alcoy-optimista-tras-el-primer-mes-de-rebajas\/","name":"El comercio de Alcoy, optimista tras el primer mes de rebajas - COPE Alcoy","isPartOf":{"@id":"https:\/\/www.copealcoy.es\/es\/#website"},"primaryImageOfPage":{"@id":"https:\/\/www.copealcoy.es\/es\/el-comercio-de-alcoy-optimista-tras-el-primer-mes-de-rebajas\/#primaryimage"},"image":{"@id":"https:\/\/www.copealcoy.es\/es\/el-comercio-de-alcoy-optimista-tras-el-primer-mes-de-rebajas\/#primaryimage"},"thumbnailUrl":"https:\/\/www.copealcoy.es\/wp-content\/uploads\/2025\/02\/IMG_6757.jpg","datePublished":"2025-02-12T06:59:13+00:00","dateModified":"2025-02-12T11:34:05+00:00","author":{"@id":"https:\/\/www.copealcoy.es\/es\/#\/schema\/person\/e777c87fa024e57d40170af9df39882c"},"description":"Se ha cumplido el primer mes del inicio de la campa\u00f1a de rebajas de invierno y desde el sector comercial de Alcoy hacen un balance algo m\u00e1s positivo que el del a\u00f1o anterior","breadcrumb":{"@id":"https:\/\/www.copealcoy.es\/es\/el-comercio-de-alcoy-optimista-tras-el-primer-mes-de-rebajas\/#breadcrumb"},"inLanguage":"es","potentialAction":[{"@type":"ReadAction","target":["https:\/\/www.copealcoy.es\/es\/el-comercio-de-alcoy-optimista-tras-el-primer-mes-de-rebajas\/"]}]},{"@type":"ImageObject","inLanguage":"es","@id":"https:\/\/www.copealcoy.es\/es\/el-comercio-de-alcoy-optimista-tras-el-primer-mes-de-rebajas\/#primaryimage","url":"https:\/\/www.copealcoy.es\/wp-content\/uploads\/2025\/02\/IMG_6757.jpg","contentUrl":"https:\/\/www.copealcoy.es\/wp-content\/uploads\/2025\/02\/IMG_6757.jpg","width":1179,"height":818},{"@type":"BreadcrumbList","@id":"https:\/\/www.copealcoy.es\/es\/el-comercio-de-alcoy-optimista-tras-el-primer-mes-de-rebajas\/#breadcrumb","itemListElement":[{"@type":"ListItem","position":1,"name":"Portada","item":"https:\/\/www.copealcoy.es\/es\/"},{"@type":"ListItem","position":2,"name":"El comercio de Alcoy, optimista tras el primer mes de rebajas"}]},{"@type":"WebSite","@id":"https:\/\/www.copealcoy.es\/es\/#website","url":"https:\/\/www.copealcoy.es\/es\/","name":"COPE Alcoy","description":"Emisora COPE de radio local con emisi\u00f3n online. Pont de Sant Jordi 8-10 03803 Alcoy","potentialAction":[{"@type":"SearchAction","target":{"@type":"EntryPoint","urlTemplate":"https:\/\/www.copealcoy.es\/es\/?s={search_term_string}"},"query-input":{"@type":"PropertyValueSpecification","valueRequired":true,"valueName":"search_term_string"}}],"inLanguage":"es"},{"@type":"Person","@id":"https:\/\/www.copealcoy.es\/es\/#\/schema\/person\/e777c87fa024e57d40170af9df39882c","name":"Cope Alcoy","image":{"@type":"ImageObject","inLanguage":"es","@id":"https:\/\/secure.gravatar.com\/avatar\/bb65d0283347e303893ba14f0692005417c1e0e690a325a4c5d8bb2b3943ee14?s=96&d=mm&r=g","url":"https:\/\/secure.gravatar.com\/avatar\/bb65d0283347e303893ba14f0692005417c1e0e690a325a4c5d8bb2b3943ee14?s=96&d=mm&r=g","contentUrl":"https:\/\/secure.gravatar.com\/avatar\/bb65d0283347e303893ba14f0692005417c1e0e690a325a4c5d8bb2b3943ee14?s=96&d=mm&r=g","caption":"Cope Alcoy"}}]}},"_links":{"self":[{"href":"https:\/\/www.copealcoy.es\/es\/wp-json\/wp\/v2\/posts\/147369","targetHints":{"allow":["GET"]}}],"collection":[{"href":"https:\/\/www.copealcoy.es\/es\/wp-json\/wp\/v2\/posts"}],"about":[{"href":"https:\/\/www.copealcoy.es\/es\/wp-json\/wp\/v2\/types\/post"}],"author":[{"embeddable":true,"href":"https:\/\/www.copealcoy.es\/es\/wp-json\/wp\/v2\/users\/1"}],"replies":[{"embeddable":true,"href":"https:\/\/www.copealcoy.es\/es\/wp-json\/wp\/v2\/comments?post=147369"}],"version-history":[{"count":0,"href":"https:\/\/www.copealcoy.es\/es\/wp-json\/wp\/v2\/posts\/147369\/revisions"}],"wp:featuredmedia":[{"embeddable":true,"href":"https:\/\/www.copealcoy.es\/es\/wp-json\/wp\/v2\/media\/147370"}],"wp:attachment":[{"href":"https:\/\/www.copealcoy.es\/es\/wp-json\/wp\/v2\/media?parent=147369"}],"wp:term":[{"taxonomy":"category","embeddable":true,"href":"https:\/\/www.copealcoy.es\/es\/wp-json\/wp\/v2\/categories?post=147369"},{"taxonomy":"post_tag","embeddable":true,"href":"https:\/\/www.copealcoy.es\/es\/wp-json\/wp\/v2\/tags?post=147369"}],"curies":[{"name":"wp","href":"https:\/\/api.w.org\/{rel}","templated":true}]}}