{"id":147354,"date":"2025-02-10T08:05:53","date_gmt":"2025-02-10T07:05:53","guid":{"rendered":"https:\/\/www.copealcoy.es\/?p=147354"},"modified":"2025-02-10T11:21:25","modified_gmt":"2025-02-10T10:21:25","slug":"francisco-selles-mejores-comunicaciones-de-beniarres-con-alcoy-es-prioritario","status":"publish","type":"post","link":"https:\/\/www.copealcoy.es\/es\/francisco-selles-mejores-comunicaciones-de-beniarres-con-alcoy-es-prioritario\/","title":{"rendered":"Francisco Sell\u00e9s: &#8220;mejores comunicaciones de Beniarr\u00e9s con Alcoy es prioritario&#8221;"},"content":{"rendered":"<p style=\"text-align: justify;\">Beniarr\u00e9s arranca el a\u00f1o 2025 con <strong>importantes retos<\/strong> encima de la mesa. El municipio <strong>mantiene su fuerte apuesta por el turismo<\/strong>, pero tambi\u00e9n por la mejora de infraestructuras contando para ello con la importante colaboraci\u00f3n de la Diputaci\u00f3n Provincial de Alicante.<\/p>\n<p style=\"text-align: justify;\">El alcalde de esta localidad del Comtat, <strong>Francisco Sell\u00e9s<\/strong>, ha pasado este lunes por COPE ALCOY para hacer tambi\u00e9n balance del 2024. En este sentido <strong>ha comentado las actuaciones realizadas durante el pasado a\u00f1o para conservar el patrimonio local<\/strong>, como la mejora del pavimento de la iglesia o la intervenci\u00f3n en la ermita, y ha detallado que <strong>se hizo un importante trabajo administrativo<\/strong> para optar a las diferentes subvenciones que llegar\u00e1n durante 2025. Sell\u00e9s tambi\u00e9n ha remarcado <strong>la buena acogida que est\u00e1n teniendo las visitas a la Cova de l&#8217;Or<\/strong> &#8220;<em>gracias al trabajo hecho por la Diputaci\u00f3n, a trav\u00e9s del MARQ, se ha conseguido recuperar un enclave que nos ayuda a entender nuestra historia, pero que tambi\u00e9n se ha convertido en aut\u00e9ntico polo de atracci\u00f3n de turistas. Las diferentes campa\u00f1as de visitas han ido muy bien y esperamos seguir con esta tendencia<\/em>&#8220;, manifest\u00f3.<\/p>\n<p style=\"text-align: justify;\">El primer edil de <a href=\"https:\/\/www.beniarres.es\/\" target=\"_blank\" rel=\"noopener\"><strong><span style=\"color: #0000ff;\">Beniarr\u00e9s<\/span><\/strong><\/a> reconoce que otro de los principales objetivos de las localidades peque\u00f1as de nuestras comarcas<strong> es hacer frente a la despoblaci\u00f3n<\/strong>. Pese a que su municipio es uno de esos peque\u00f1os con mayor poblaci\u00f3n del Comtat, <strong>defiende la necesidad de unas mejores comunicaciones<\/strong> para facilitar el acceso a servicios b\u00e1sicos como el Hospital Virgen de los Lirios &#8220;<em>actualmente tenemos un servicio de bus pero que finaliza en Muro y que sale a primera hora de la ma\u00f1ana, lo cual no es \u00fatil para nuestros vecinos. Estamos trabajando para conseguir que pudiera haber una l\u00ednea hasta Alcoy porque es aqu\u00ed donde muchas personas tienen que venir a diario para consultas m\u00e9dicas en el Hospital Comarcal o realizar diferentes tr\u00e1mites en la administraci\u00f3n<\/em>&#8220;, concluye.<\/p>\n<p style=\"text-align: justify;\">Por \u00faltimo, Francisco Sell\u00e9s apunta que <strong>Beniarr\u00e9s ha sido beneficiaria del plan de obras de la Diputaci\u00f3n de Alicante<\/strong>, lo cual permitir\u00e1 actuar en la zona conocido como la de &#8216;Els Pisos&#8217;, o en la calle Sant Francesc. Tambi\u00e9n se\u00f1ala las intervenciones previstas para mejorar la Plaza Doctor Fleming, haciendo de la misma un entorno m\u00e1s agradable para la poblaci\u00f3n.<\/p>\n","protected":false},"excerpt":{"rendered":"<p>Beniarr\u00e9s arranca el a\u00f1o 2025 con importantes retos encima de la mesa. El municipio mantiene su fuerte apuesta por el&#8230;<\/p>\n","protected":false},"author":1,"featured_media":147357,"comment_status":"open","ping_status":"open","sticky":false,"template":"","format":"standard","meta":{"footnotes":""},"categories":[6909,98,75],"tags":[430,851,2968,4446],"class_list":["post-147354","post","type-post","status-publish","format-standard","has-post-thumbnail","hentry","category-actualidad","category-comarcas","category-noticias","tag-balance","tag-beniarres","tag-entrevista","tag-francisco-selles"],"yoast_head":"<!-- This site is optimized with the Yoast SEO plugin v27.3 - https:\/\/yoast.com\/product\/yoast-seo-wordpress\/ -->\n<title>Francisco Sell\u00e9s: &quot;mejores comunicaciones de Beniarr\u00e9s con Alcoy es prioritario&quot; - COPE Alcoy<\/title>\n<meta name=\"description\" content=\"Beniarr\u00e9s arranca el a\u00f1o 2025 con importantes retos encima de la mesa, el municipio mantiene su fuerte apuesta por el turismo\" \/>\n<meta name=\"robots\" content=\"index, follow, max-snippet:-1, max-image-preview:large, max-video-preview:-1\" \/>\n<link rel=\"canonical\" href=\"https:\/\/www.copealcoy.es\/es\/francisco-selles-mejores-comunicaciones-de-beniarres-con-alcoy-es-prioritario\/\" \/>\n<meta property=\"og:locale\" content=\"es_ES\" \/>\n<meta property=\"og:type\" content=\"article\" \/>\n<meta property=\"og:title\" content=\"Francisco Sell\u00e9s: &quot;mejores comunicaciones de Beniarr\u00e9s con Alcoy es prioritario&quot; - COPE Alcoy\" \/>\n<meta property=\"og:description\" content=\"Beniarr\u00e9s arranca el a\u00f1o 2025 con importantes retos encima de la mesa, el municipio mantiene su fuerte apuesta por el turismo\" \/>\n<meta property=\"og:url\" content=\"https:\/\/www.copealcoy.es\/es\/francisco-selles-mejores-comunicaciones-de-beniarres-con-alcoy-es-prioritario\/\" \/>\n<meta property=\"og:site_name\" content=\"COPE Alcoy\" \/>\n<meta property=\"article:published_time\" content=\"2025-02-10T07:05:53+00:00\" \/>\n<meta property=\"article:modified_time\" content=\"2025-02-10T10:21:25+00:00\" \/>\n<meta property=\"og:image\" content=\"https:\/\/www.copealcoy.es\/wp-content\/uploads\/2025\/02\/0-e1739182634703.jpg\" \/>\n\t<meta property=\"og:image:width\" content=\"992\" \/>\n\t<meta property=\"og:image:height\" content=\"590\" \/>\n\t<meta property=\"og:image:type\" content=\"image\/jpeg\" \/>\n<meta name=\"author\" content=\"Cope Alcoy\" \/>\n<meta name=\"twitter:label1\" content=\"Escrito por\" \/>\n\t<meta name=\"twitter:data1\" content=\"Cope Alcoy\" \/>\n\t<meta name=\"twitter:label2\" content=\"Tiempo de lectura\" \/>\n\t<meta name=\"twitter:data2\" content=\"3 minutos\" \/>\n<script type=\"application\/ld+json\" class=\"yoast-schema-graph\">{\"@context\":\"https:\\\/\\\/schema.org\",\"@graph\":[{\"@type\":\"Article\",\"@id\":\"https:\\\/\\\/www.copealcoy.es\\\/es\\\/francisco-selles-mejores-comunicaciones-de-beniarres-con-alcoy-es-prioritario\\\/#article\",\"isPartOf\":{\"@id\":\"https:\\\/\\\/www.copealcoy.es\\\/es\\\/francisco-selles-mejores-comunicaciones-de-beniarres-con-alcoy-es-prioritario\\\/\"},\"author\":{\"name\":\"Cope Alcoy\",\"@id\":\"https:\\\/\\\/www.copealcoy.es\\\/es\\\/#\\\/schema\\\/person\\\/e777c87fa024e57d40170af9df39882c\"},\"headline\":\"Francisco Sell\u00e9s: &#8220;mejores comunicaciones de Beniarr\u00e9s con Alcoy es prioritario&#8221;\",\"datePublished\":\"2025-02-10T07:05:53+00:00\",\"dateModified\":\"2025-02-10T10:21:25+00:00\",\"mainEntityOfPage\":{\"@id\":\"https:\\\/\\\/www.copealcoy.es\\\/es\\\/francisco-selles-mejores-comunicaciones-de-beniarres-con-alcoy-es-prioritario\\\/\"},\"wordCount\":417,\"commentCount\":0,\"image\":{\"@id\":\"https:\\\/\\\/www.copealcoy.es\\\/es\\\/francisco-selles-mejores-comunicaciones-de-beniarres-con-alcoy-es-prioritario\\\/#primaryimage\"},\"thumbnailUrl\":\"https:\\\/\\\/www.copealcoy.es\\\/wp-content\\\/uploads\\\/2025\\\/02\\\/0-e1739182634703.jpg\",\"keywords\":[\"Balance\",\"Beniarres\",\"entrevista\",\"Francisco Sell\u00e9s\"],\"articleSection\":[\"Actualidad\",\"Comarcas\",\"Noticias\"],\"inLanguage\":\"es\"},{\"@type\":\"WebPage\",\"@id\":\"https:\\\/\\\/www.copealcoy.es\\\/es\\\/francisco-selles-mejores-comunicaciones-de-beniarres-con-alcoy-es-prioritario\\\/\",\"url\":\"https:\\\/\\\/www.copealcoy.es\\\/es\\\/francisco-selles-mejores-comunicaciones-de-beniarres-con-alcoy-es-prioritario\\\/\",\"name\":\"Francisco Sell\u00e9s: \\\"mejores comunicaciones de Beniarr\u00e9s con Alcoy es prioritario\\\" - COPE Alcoy\",\"isPartOf\":{\"@id\":\"https:\\\/\\\/www.copealcoy.es\\\/es\\\/#website\"},\"primaryImageOfPage\":{\"@id\":\"https:\\\/\\\/www.copealcoy.es\\\/es\\\/francisco-selles-mejores-comunicaciones-de-beniarres-con-alcoy-es-prioritario\\\/#primaryimage\"},\"image\":{\"@id\":\"https:\\\/\\\/www.copealcoy.es\\\/es\\\/francisco-selles-mejores-comunicaciones-de-beniarres-con-alcoy-es-prioritario\\\/#primaryimage\"},\"thumbnailUrl\":\"https:\\\/\\\/www.copealcoy.es\\\/wp-content\\\/uploads\\\/2025\\\/02\\\/0-e1739182634703.jpg\",\"datePublished\":\"2025-02-10T07:05:53+00:00\",\"dateModified\":\"2025-02-10T10:21:25+00:00\",\"author\":{\"@id\":\"https:\\\/\\\/www.copealcoy.es\\\/es\\\/#\\\/schema\\\/person\\\/e777c87fa024e57d40170af9df39882c\"},\"description\":\"Beniarr\u00e9s arranca el a\u00f1o 2025 con importantes retos encima de la mesa, el municipio mantiene su fuerte apuesta por el turismo\",\"breadcrumb\":{\"@id\":\"https:\\\/\\\/www.copealcoy.es\\\/es\\\/francisco-selles-mejores-comunicaciones-de-beniarres-con-alcoy-es-prioritario\\\/#breadcrumb\"},\"inLanguage\":\"es\",\"potentialAction\":[{\"@type\":\"ReadAction\",\"target\":[\"https:\\\/\\\/www.copealcoy.es\\\/es\\\/francisco-selles-mejores-comunicaciones-de-beniarres-con-alcoy-es-prioritario\\\/\"]}]},{\"@type\":\"ImageObject\",\"inLanguage\":\"es\",\"@id\":\"https:\\\/\\\/www.copealcoy.es\\\/es\\\/francisco-selles-mejores-comunicaciones-de-beniarres-con-alcoy-es-prioritario\\\/#primaryimage\",\"url\":\"https:\\\/\\\/www.copealcoy.es\\\/wp-content\\\/uploads\\\/2025\\\/02\\\/0-e1739182634703.jpg\",\"contentUrl\":\"https:\\\/\\\/www.copealcoy.es\\\/wp-content\\\/uploads\\\/2025\\\/02\\\/0-e1739182634703.jpg\",\"width\":992,\"height\":590},{\"@type\":\"BreadcrumbList\",\"@id\":\"https:\\\/\\\/www.copealcoy.es\\\/es\\\/francisco-selles-mejores-comunicaciones-de-beniarres-con-alcoy-es-prioritario\\\/#breadcrumb\",\"itemListElement\":[{\"@type\":\"ListItem\",\"position\":1,\"name\":\"Portada\",\"item\":\"https:\\\/\\\/www.copealcoy.es\\\/es\\\/\"},{\"@type\":\"ListItem\",\"position\":2,\"name\":\"Francisco Sell\u00e9s: &#8220;mejores comunicaciones de Beniarr\u00e9s con Alcoy es prioritario&#8221;\"}]},{\"@type\":\"WebSite\",\"@id\":\"https:\\\/\\\/www.copealcoy.es\\\/es\\\/#website\",\"url\":\"https:\\\/\\\/www.copealcoy.es\\\/es\\\/\",\"name\":\"COPE Alcoy\",\"description\":\"Emisora COPE de radio local con emisi\u00f3n online. Pont de Sant Jordi 8-10 03803 Alcoy\",\"potentialAction\":[{\"@type\":\"SearchAction\",\"target\":{\"@type\":\"EntryPoint\",\"urlTemplate\":\"https:\\\/\\\/www.copealcoy.es\\\/es\\\/?s={search_term_string}\"},\"query-input\":{\"@type\":\"PropertyValueSpecification\",\"valueRequired\":true,\"valueName\":\"search_term_string\"}}],\"inLanguage\":\"es\"},{\"@type\":\"Person\",\"@id\":\"https:\\\/\\\/www.copealcoy.es\\\/es\\\/#\\\/schema\\\/person\\\/e777c87fa024e57d40170af9df39882c\",\"name\":\"Cope Alcoy\",\"image\":{\"@type\":\"ImageObject\",\"inLanguage\":\"es\",\"@id\":\"https:\\\/\\\/secure.gravatar.com\\\/avatar\\\/bb65d0283347e303893ba14f0692005417c1e0e690a325a4c5d8bb2b3943ee14?s=96&d=mm&r=g\",\"url\":\"https:\\\/\\\/secure.gravatar.com\\\/avatar\\\/bb65d0283347e303893ba14f0692005417c1e0e690a325a4c5d8bb2b3943ee14?s=96&d=mm&r=g\",\"contentUrl\":\"https:\\\/\\\/secure.gravatar.com\\\/avatar\\\/bb65d0283347e303893ba14f0692005417c1e0e690a325a4c5d8bb2b3943ee14?s=96&d=mm&r=g\",\"caption\":\"Cope Alcoy\"}}]}<\/script>\n<!-- \/ Yoast SEO plugin. -->","yoast_head_json":{"title":"Francisco Sell\u00e9s: \"mejores comunicaciones de Beniarr\u00e9s con Alcoy es prioritario\" - COPE Alcoy","description":"Beniarr\u00e9s arranca el a\u00f1o 2025 con importantes retos encima de la mesa, el municipio mantiene su fuerte apuesta por el turismo","robots":{"index":"index","follow":"follow","max-snippet":"max-snippet:-1","max-image-preview":"max-image-preview:large","max-video-preview":"max-video-preview:-1"},"canonical":"https:\/\/www.copealcoy.es\/es\/francisco-selles-mejores-comunicaciones-de-beniarres-con-alcoy-es-prioritario\/","og_locale":"es_ES","og_type":"article","og_title":"Francisco Sell\u00e9s: \"mejores comunicaciones de Beniarr\u00e9s con Alcoy es prioritario\" - COPE Alcoy","og_description":"Beniarr\u00e9s arranca el a\u00f1o 2025 con importantes retos encima de la mesa, el municipio mantiene su fuerte apuesta por el turismo","og_url":"https:\/\/www.copealcoy.es\/es\/francisco-selles-mejores-comunicaciones-de-beniarres-con-alcoy-es-prioritario\/","og_site_name":"COPE Alcoy","article_published_time":"2025-02-10T07:05:53+00:00","article_modified_time":"2025-02-10T10:21:25+00:00","og_image":[{"width":992,"height":590,"url":"https:\/\/www.copealcoy.es\/wp-content\/uploads\/2025\/02\/0-e1739182634703.jpg","type":"image\/jpeg"}],"author":"Cope Alcoy","twitter_misc":{"Escrito por":"Cope Alcoy","Tiempo de lectura":"3 minutos"},"schema":{"@context":"https:\/\/schema.org","@graph":[{"@type":"Article","@id":"https:\/\/www.copealcoy.es\/es\/francisco-selles-mejores-comunicaciones-de-beniarres-con-alcoy-es-prioritario\/#article","isPartOf":{"@id":"https:\/\/www.copealcoy.es\/es\/francisco-selles-mejores-comunicaciones-de-beniarres-con-alcoy-es-prioritario\/"},"author":{"name":"Cope Alcoy","@id":"https:\/\/www.copealcoy.es\/es\/#\/schema\/person\/e777c87fa024e57d40170af9df39882c"},"headline":"Francisco Sell\u00e9s: &#8220;mejores comunicaciones de Beniarr\u00e9s con Alcoy es prioritario&#8221;","datePublished":"2025-02-10T07:05:53+00:00","dateModified":"2025-02-10T10:21:25+00:00","mainEntityOfPage":{"@id":"https:\/\/www.copealcoy.es\/es\/francisco-selles-mejores-comunicaciones-de-beniarres-con-alcoy-es-prioritario\/"},"wordCount":417,"commentCount":0,"image":{"@id":"https:\/\/www.copealcoy.es\/es\/francisco-selles-mejores-comunicaciones-de-beniarres-con-alcoy-es-prioritario\/#primaryimage"},"thumbnailUrl":"https:\/\/www.copealcoy.es\/wp-content\/uploads\/2025\/02\/0-e1739182634703.jpg","keywords":["Balance","Beniarres","entrevista","Francisco Sell\u00e9s"],"articleSection":["Actualidad","Comarcas","Noticias"],"inLanguage":"es"},{"@type":"WebPage","@id":"https:\/\/www.copealcoy.es\/es\/francisco-selles-mejores-comunicaciones-de-beniarres-con-alcoy-es-prioritario\/","url":"https:\/\/www.copealcoy.es\/es\/francisco-selles-mejores-comunicaciones-de-beniarres-con-alcoy-es-prioritario\/","name":"Francisco Sell\u00e9s: \"mejores comunicaciones de Beniarr\u00e9s con Alcoy es prioritario\" - COPE Alcoy","isPartOf":{"@id":"https:\/\/www.copealcoy.es\/es\/#website"},"primaryImageOfPage":{"@id":"https:\/\/www.copealcoy.es\/es\/francisco-selles-mejores-comunicaciones-de-beniarres-con-alcoy-es-prioritario\/#primaryimage"},"image":{"@id":"https:\/\/www.copealcoy.es\/es\/francisco-selles-mejores-comunicaciones-de-beniarres-con-alcoy-es-prioritario\/#primaryimage"},"thumbnailUrl":"https:\/\/www.copealcoy.es\/wp-content\/uploads\/2025\/02\/0-e1739182634703.jpg","datePublished":"2025-02-10T07:05:53+00:00","dateModified":"2025-02-10T10:21:25+00:00","author":{"@id":"https:\/\/www.copealcoy.es\/es\/#\/schema\/person\/e777c87fa024e57d40170af9df39882c"},"description":"Beniarr\u00e9s arranca el a\u00f1o 2025 con importantes retos encima de la mesa, el municipio mantiene su fuerte apuesta por el turismo","breadcrumb":{"@id":"https:\/\/www.copealcoy.es\/es\/francisco-selles-mejores-comunicaciones-de-beniarres-con-alcoy-es-prioritario\/#breadcrumb"},"inLanguage":"es","potentialAction":[{"@type":"ReadAction","target":["https:\/\/www.copealcoy.es\/es\/francisco-selles-mejores-comunicaciones-de-beniarres-con-alcoy-es-prioritario\/"]}]},{"@type":"ImageObject","inLanguage":"es","@id":"https:\/\/www.copealcoy.es\/es\/francisco-selles-mejores-comunicaciones-de-beniarres-con-alcoy-es-prioritario\/#primaryimage","url":"https:\/\/www.copealcoy.es\/wp-content\/uploads\/2025\/02\/0-e1739182634703.jpg","contentUrl":"https:\/\/www.copealcoy.es\/wp-content\/uploads\/2025\/02\/0-e1739182634703.jpg","width":992,"height":590},{"@type":"BreadcrumbList","@id":"https:\/\/www.copealcoy.es\/es\/francisco-selles-mejores-comunicaciones-de-beniarres-con-alcoy-es-prioritario\/#breadcrumb","itemListElement":[{"@type":"ListItem","position":1,"name":"Portada","item":"https:\/\/www.copealcoy.es\/es\/"},{"@type":"ListItem","position":2,"name":"Francisco Sell\u00e9s: &#8220;mejores comunicaciones de Beniarr\u00e9s con Alcoy es prioritario&#8221;"}]},{"@type":"WebSite","@id":"https:\/\/www.copealcoy.es\/es\/#website","url":"https:\/\/www.copealcoy.es\/es\/","name":"COPE Alcoy","description":"Emisora COPE de radio local con emisi\u00f3n online. Pont de Sant Jordi 8-10 03803 Alcoy","potentialAction":[{"@type":"SearchAction","target":{"@type":"EntryPoint","urlTemplate":"https:\/\/www.copealcoy.es\/es\/?s={search_term_string}"},"query-input":{"@type":"PropertyValueSpecification","valueRequired":true,"valueName":"search_term_string"}}],"inLanguage":"es"},{"@type":"Person","@id":"https:\/\/www.copealcoy.es\/es\/#\/schema\/person\/e777c87fa024e57d40170af9df39882c","name":"Cope Alcoy","image":{"@type":"ImageObject","inLanguage":"es","@id":"https:\/\/secure.gravatar.com\/avatar\/bb65d0283347e303893ba14f0692005417c1e0e690a325a4c5d8bb2b3943ee14?s=96&d=mm&r=g","url":"https:\/\/secure.gravatar.com\/avatar\/bb65d0283347e303893ba14f0692005417c1e0e690a325a4c5d8bb2b3943ee14?s=96&d=mm&r=g","contentUrl":"https:\/\/secure.gravatar.com\/avatar\/bb65d0283347e303893ba14f0692005417c1e0e690a325a4c5d8bb2b3943ee14?s=96&d=mm&r=g","caption":"Cope Alcoy"}}]}},"_links":{"self":[{"href":"https:\/\/www.copealcoy.es\/es\/wp-json\/wp\/v2\/posts\/147354","targetHints":{"allow":["GET"]}}],"collection":[{"href":"https:\/\/www.copealcoy.es\/es\/wp-json\/wp\/v2\/posts"}],"about":[{"href":"https:\/\/www.copealcoy.es\/es\/wp-json\/wp\/v2\/types\/post"}],"author":[{"embeddable":true,"href":"https:\/\/www.copealcoy.es\/es\/wp-json\/wp\/v2\/users\/1"}],"replies":[{"embeddable":true,"href":"https:\/\/www.copealcoy.es\/es\/wp-json\/wp\/v2\/comments?post=147354"}],"version-history":[{"count":0,"href":"https:\/\/www.copealcoy.es\/es\/wp-json\/wp\/v2\/posts\/147354\/revisions"}],"wp:featuredmedia":[{"embeddable":true,"href":"https:\/\/www.copealcoy.es\/es\/wp-json\/wp\/v2\/media\/147357"}],"wp:attachment":[{"href":"https:\/\/www.copealcoy.es\/es\/wp-json\/wp\/v2\/media?parent=147354"}],"wp:term":[{"taxonomy":"category","embeddable":true,"href":"https:\/\/www.copealcoy.es\/es\/wp-json\/wp\/v2\/categories?post=147354"},{"taxonomy":"post_tag","embeddable":true,"href":"https:\/\/www.copealcoy.es\/es\/wp-json\/wp\/v2\/tags?post=147354"}],"curies":[{"name":"wp","href":"https:\/\/api.w.org\/{rel}","templated":true}]}}