{"id":147291,"date":"2025-02-10T10:00:57","date_gmt":"2025-02-10T09:00:57","guid":{"rendered":"https:\/\/www.copealcoy.es\/?p=147291"},"modified":"2025-02-10T12:16:52","modified_gmt":"2025-02-10T11:16:52","slug":"sang-valenti-la-iniciativa-solidaria-que-ayuda-a-salvar-vidas","status":"publish","type":"post","link":"https:\/\/www.copealcoy.es\/es\/sang-valenti-la-iniciativa-solidaria-que-ayuda-a-salvar-vidas\/","title":{"rendered":"&#8216;Sang Valent\u00ed&#8217;, la iniciativa solidaria que ayuda a salvar vidas"},"content":{"rendered":"<p style=\"text-align: justify;\">Una de cada dos personas residentes en Espa\u00f1a <strong>necesitar\u00e1 sangre alguna vez en su vida<\/strong>, seg\u00fan datos de\u00a0<span style=\"color: #0000ff;\"><a style=\"color: #0000ff;\" href=\"https:\/\/www.donarsangre.org\/todo-sobre-la-sangre\/para-que-se-utiliza-la-sangre\/\" target=\"_blank\" rel=\"noopener\"><strong>Cruz Roja<\/strong><\/a><\/span>. Las donaciones de sangre son, por tanto, una necesidad social. Y es que\u00a0<strong>donar salva vidas<\/strong> como insisten en reiteradas ocasiones desde organismos como el Centro de Transfusiones de Aicante . Con tan solo 450 ml de sangre, que es lo que se recoge en cada extracci\u00f3n, se puede llegar a <strong>salvar la vida de tres personas<\/strong>.<\/p>\n<p style=\"text-align: justify;\">Por este motivo, un a\u00f1o m\u00e1s, <strong>varios centros educativos diocesanos de la Comunitat Valenciana realizan la campa\u00f1a de donaci\u00f3n de sangre<\/strong> <a href=\"https:\/\/sangvalenti.es\/#proyecto\" target=\"_blank\" rel=\"noopener\"><span style=\"color: #0000ff;\"><strong>\u2018Sang Valent\u00ed\u2019<\/strong><\/span>\u00a0<\/a>, iniciativa a la que se suman tambi\u00e9n colegios de Alcoy y de otros puntos de la comarca. En esta edici\u00f3n participan en nuestra ciudad el <strong>Colegio Santa Ana<\/strong>, donde podremos donar sangre el lunes 10 de febrero, mientras que el 11 de febrero ser\u00e1 en <strong>San Roque<\/strong>, el mi\u00e9rcoles 12 en <strong>San Vicente de Pa\u00fal<\/strong> y el jueves 13 en el <strong>Colegio Jos\u00e9 Arnauda<\/strong>. Por su parte, en el <strong>Colegio Fundaci\u00f3n Ribera de Banyeres de Mariola<\/strong>; se podr\u00e1 donar el martes11 y mi\u00e9rcoles 12 de febrero.<\/p>\n<p style=\"text-align: justify;\">En esta edici\u00f3n <a href=\"https:\/\/sangvalenti.es\/#proyecto\" target=\"_blank\" rel=\"noopener\"><span style=\"color: #0000ff;\"><strong>podemos reservar cita<\/strong><\/span><\/a> para hacer la donaci\u00f3n a trav\u00e9s de la web del proyecto y en el caso de Alcoy <strong>se ha contado con la implicaci\u00f3n<\/strong> de los cuatro principales clubes deportivos de la ciudad: Alcoyano, Alcodiam, Nou B\u00e0squet Alcoi y Serelles. El objetivo del proyecto, como cada a\u00f1o, no es otro que<strong> ayudar a incrementar las reservas de sangre<\/strong> pero tambi\u00e9n que <strong>los alumnos<\/strong> <strong>aprendan en las diferentes fases del proceso<\/strong> &#8220;<em>conocen cu\u00e1l es la finalidad de una donaci\u00f3n de sangre, investigan los tipos sangu\u00edneos y sus compatibilidades, y comprenden el funcionamiento del aparato circulatorio. Tambi\u00e9n ahondan las principales enfermedades asociadas a este sistema y c\u00f3mo mantener buenos h\u00e1bitos de vida, profundizar\u00e1n en el manejo de datos, y hacen pr\u00e1cticas de laboratorio. A todo ello se le unen, entre otros conceptos, como la comunicaci\u00f3n de la iniciativa, la difusi\u00f3n de la misma a trav\u00e9s de diferentes plataformas o incluso el fomento de v\u00ednculos con entidades o asociaciones. Es un proyecto en el que se trabaja de manera transversal en todas las asignaturas<\/em>&#8220;, explicaron d\u00edas atr\u00e1s desde la organizaci\u00f3n en COPE ALCOY.<\/p>\n<p style=\"text-align: justify;\">El proyecto de &#8216;Sang Valent\u00ed&#8217; <strong>empez\u00f3 en Alcoy hace cuatro a\u00f1os<\/strong> con centros educativos de la ciudad sum\u00e1ndose a la iniciativa tambi\u00e9n el Colegio Fundaci\u00f3n Ribera de Valencia. La propuesta tuvo tanto \u00e9xito que se acab\u00f3 extendiendo a la Fundaci\u00f3n de Colegio Diocesanos siendo el pasado a\u00f1o m\u00e1s de sesenta los centros de la Di\u00f3cesis de Valencia que se adhirieron al proyecto.<\/p>\n<p style=\"text-align: justify;\">Aqu\u00ed <strong>puedes escuchar<\/strong> el programa de &#8216;DidacTIC&#8217; dedicado a &#8216;Sang Valent\u00ed&#8217;:<\/p>\n<p><iframe loading=\"lazy\" title=\"#Didactic Jueves 23 De Enero 2025\" width=\"100%\" height=\"120\" src=\"https:\/\/www.mixcloud.com\/widget\/iframe\/?feed=https%3A%2F%2Fwww.mixcloud.com%2FCOPEAlcoy%2Fdidactic-jueves-23-de-enero-2025%2F&amp;hide_cover=1\" frameborder=\"0\"><\/iframe><\/p>\n","protected":false},"excerpt":{"rendered":"<p>Una de cada dos personas residentes en Espa\u00f1a necesitar\u00e1 sangre alguna vez en su vida, seg\u00fan datos de\u00a0Cruz Roja. Las&#8230;<\/p>\n","protected":false},"author":1,"featured_media":146540,"comment_status":"open","ping_status":"open","sticky":false,"template":"","format":"standard","meta":{"footnotes":""},"categories":[6909,97,75,125],"tags":[1494,199,2503,14045],"class_list":["post-147291","post","type-post","status-publish","format-standard","has-post-thumbnail","hentry","category-actualidad","category-alcoy","category-noticias","category-portada","tag-alcoy","tag-campana","tag-donaciones-de-sangre","tag-sang-valenti-2"],"yoast_head":"<!-- This site is optimized with the Yoast SEO plugin v27.3 - https:\/\/yoast.com\/product\/yoast-seo-wordpress\/ -->\n<title>&#039;Sang Valent\u00ed&#039;, la iniciativa solidaria que ayuda a salvar vidas - COPE Alcoy<\/title>\n<meta name=\"robots\" content=\"index, follow, max-snippet:-1, max-image-preview:large, max-video-preview:-1\" \/>\n<link rel=\"canonical\" href=\"https:\/\/www.copealcoy.es\/es\/sang-valenti-la-iniciativa-solidaria-que-ayuda-a-salvar-vidas\/\" \/>\n<meta property=\"og:locale\" content=\"es_ES\" \/>\n<meta property=\"og:type\" content=\"article\" \/>\n<meta property=\"og:title\" content=\"&#039;Sang Valent\u00ed&#039;, la iniciativa solidaria que ayuda a salvar vidas - COPE Alcoy\" \/>\n<meta property=\"og:description\" content=\"Una de cada dos personas residentes en Espa\u00f1a necesitar\u00e1 sangre alguna vez en su vida, seg\u00fan datos de\u00a0Cruz Roja. Las...\" \/>\n<meta property=\"og:url\" content=\"https:\/\/www.copealcoy.es\/es\/sang-valenti-la-iniciativa-solidaria-que-ayuda-a-salvar-vidas\/\" \/>\n<meta property=\"og:site_name\" content=\"COPE Alcoy\" \/>\n<meta property=\"article:published_time\" content=\"2025-02-10T09:00:57+00:00\" \/>\n<meta property=\"article:modified_time\" content=\"2025-02-10T11:16:52+00:00\" \/>\n<meta property=\"og:image\" content=\"https:\/\/www.copealcoy.es\/wp-content\/uploads\/2025\/01\/unnamed-1-27.jpg\" \/>\n\t<meta property=\"og:image:width\" content=\"1580\" \/>\n\t<meta property=\"og:image:height\" content=\"882\" \/>\n\t<meta property=\"og:image:type\" content=\"image\/jpeg\" \/>\n<meta name=\"author\" content=\"Cope Alcoy\" \/>\n<meta name=\"twitter:label1\" content=\"Escrito por\" \/>\n\t<meta name=\"twitter:data1\" content=\"Cope Alcoy\" \/>\n\t<meta name=\"twitter:label2\" content=\"Tiempo de lectura\" \/>\n\t<meta name=\"twitter:data2\" content=\"3 minutos\" \/>\n<script type=\"application\/ld+json\" class=\"yoast-schema-graph\">{\"@context\":\"https:\\\/\\\/schema.org\",\"@graph\":[{\"@type\":\"Article\",\"@id\":\"https:\\\/\\\/www.copealcoy.es\\\/es\\\/sang-valenti-la-iniciativa-solidaria-que-ayuda-a-salvar-vidas\\\/#article\",\"isPartOf\":{\"@id\":\"https:\\\/\\\/www.copealcoy.es\\\/es\\\/sang-valenti-la-iniciativa-solidaria-que-ayuda-a-salvar-vidas\\\/\"},\"author\":{\"name\":\"Cope Alcoy\",\"@id\":\"https:\\\/\\\/www.copealcoy.es\\\/es\\\/#\\\/schema\\\/person\\\/e777c87fa024e57d40170af9df39882c\"},\"headline\":\"&#8216;Sang Valent\u00ed&#8217;, la iniciativa solidaria que ayuda a salvar vidas\",\"datePublished\":\"2025-02-10T09:00:57+00:00\",\"dateModified\":\"2025-02-10T11:16:52+00:00\",\"mainEntityOfPage\":{\"@id\":\"https:\\\/\\\/www.copealcoy.es\\\/es\\\/sang-valenti-la-iniciativa-solidaria-que-ayuda-a-salvar-vidas\\\/\"},\"wordCount\":497,\"commentCount\":0,\"image\":{\"@id\":\"https:\\\/\\\/www.copealcoy.es\\\/es\\\/sang-valenti-la-iniciativa-solidaria-que-ayuda-a-salvar-vidas\\\/#primaryimage\"},\"thumbnailUrl\":\"https:\\\/\\\/www.copealcoy.es\\\/wp-content\\\/uploads\\\/2025\\\/01\\\/unnamed-1-27.jpg\",\"keywords\":[\"Alcoy\",\"Campa\u00f1a\",\"Donaciones de Sangre\",\"Sang Valent\u00ed\"],\"articleSection\":[\"Actualidad\",\"Alcoy\",\"Noticias\",\"Portada\"],\"inLanguage\":\"es\"},{\"@type\":\"WebPage\",\"@id\":\"https:\\\/\\\/www.copealcoy.es\\\/es\\\/sang-valenti-la-iniciativa-solidaria-que-ayuda-a-salvar-vidas\\\/\",\"url\":\"https:\\\/\\\/www.copealcoy.es\\\/es\\\/sang-valenti-la-iniciativa-solidaria-que-ayuda-a-salvar-vidas\\\/\",\"name\":\"'Sang Valent\u00ed', la iniciativa solidaria que ayuda a salvar vidas - COPE Alcoy\",\"isPartOf\":{\"@id\":\"https:\\\/\\\/www.copealcoy.es\\\/es\\\/#website\"},\"primaryImageOfPage\":{\"@id\":\"https:\\\/\\\/www.copealcoy.es\\\/es\\\/sang-valenti-la-iniciativa-solidaria-que-ayuda-a-salvar-vidas\\\/#primaryimage\"},\"image\":{\"@id\":\"https:\\\/\\\/www.copealcoy.es\\\/es\\\/sang-valenti-la-iniciativa-solidaria-que-ayuda-a-salvar-vidas\\\/#primaryimage\"},\"thumbnailUrl\":\"https:\\\/\\\/www.copealcoy.es\\\/wp-content\\\/uploads\\\/2025\\\/01\\\/unnamed-1-27.jpg\",\"datePublished\":\"2025-02-10T09:00:57+00:00\",\"dateModified\":\"2025-02-10T11:16:52+00:00\",\"author\":{\"@id\":\"https:\\\/\\\/www.copealcoy.es\\\/es\\\/#\\\/schema\\\/person\\\/e777c87fa024e57d40170af9df39882c\"},\"breadcrumb\":{\"@id\":\"https:\\\/\\\/www.copealcoy.es\\\/es\\\/sang-valenti-la-iniciativa-solidaria-que-ayuda-a-salvar-vidas\\\/#breadcrumb\"},\"inLanguage\":\"es\",\"potentialAction\":[{\"@type\":\"ReadAction\",\"target\":[\"https:\\\/\\\/www.copealcoy.es\\\/es\\\/sang-valenti-la-iniciativa-solidaria-que-ayuda-a-salvar-vidas\\\/\"]}]},{\"@type\":\"ImageObject\",\"inLanguage\":\"es\",\"@id\":\"https:\\\/\\\/www.copealcoy.es\\\/es\\\/sang-valenti-la-iniciativa-solidaria-que-ayuda-a-salvar-vidas\\\/#primaryimage\",\"url\":\"https:\\\/\\\/www.copealcoy.es\\\/wp-content\\\/uploads\\\/2025\\\/01\\\/unnamed-1-27.jpg\",\"contentUrl\":\"https:\\\/\\\/www.copealcoy.es\\\/wp-content\\\/uploads\\\/2025\\\/01\\\/unnamed-1-27.jpg\",\"width\":1580,\"height\":882},{\"@type\":\"BreadcrumbList\",\"@id\":\"https:\\\/\\\/www.copealcoy.es\\\/es\\\/sang-valenti-la-iniciativa-solidaria-que-ayuda-a-salvar-vidas\\\/#breadcrumb\",\"itemListElement\":[{\"@type\":\"ListItem\",\"position\":1,\"name\":\"Portada\",\"item\":\"https:\\\/\\\/www.copealcoy.es\\\/es\\\/\"},{\"@type\":\"ListItem\",\"position\":2,\"name\":\"&#8216;Sang Valent\u00ed&#8217;, la iniciativa solidaria que ayuda a salvar vidas\"}]},{\"@type\":\"WebSite\",\"@id\":\"https:\\\/\\\/www.copealcoy.es\\\/es\\\/#website\",\"url\":\"https:\\\/\\\/www.copealcoy.es\\\/es\\\/\",\"name\":\"COPE Alcoy\",\"description\":\"Emisora COPE de radio local con emisi\u00f3n online. Pont de Sant Jordi 8-10 03803 Alcoy\",\"potentialAction\":[{\"@type\":\"SearchAction\",\"target\":{\"@type\":\"EntryPoint\",\"urlTemplate\":\"https:\\\/\\\/www.copealcoy.es\\\/es\\\/?s={search_term_string}\"},\"query-input\":{\"@type\":\"PropertyValueSpecification\",\"valueRequired\":true,\"valueName\":\"search_term_string\"}}],\"inLanguage\":\"es\"},{\"@type\":\"Person\",\"@id\":\"https:\\\/\\\/www.copealcoy.es\\\/es\\\/#\\\/schema\\\/person\\\/e777c87fa024e57d40170af9df39882c\",\"name\":\"Cope Alcoy\",\"image\":{\"@type\":\"ImageObject\",\"inLanguage\":\"es\",\"@id\":\"https:\\\/\\\/secure.gravatar.com\\\/avatar\\\/bb65d0283347e303893ba14f0692005417c1e0e690a325a4c5d8bb2b3943ee14?s=96&d=mm&r=g\",\"url\":\"https:\\\/\\\/secure.gravatar.com\\\/avatar\\\/bb65d0283347e303893ba14f0692005417c1e0e690a325a4c5d8bb2b3943ee14?s=96&d=mm&r=g\",\"contentUrl\":\"https:\\\/\\\/secure.gravatar.com\\\/avatar\\\/bb65d0283347e303893ba14f0692005417c1e0e690a325a4c5d8bb2b3943ee14?s=96&d=mm&r=g\",\"caption\":\"Cope Alcoy\"}}]}<\/script>\n<!-- \/ Yoast SEO plugin. -->","yoast_head_json":{"title":"'Sang Valent\u00ed', la iniciativa solidaria que ayuda a salvar vidas - COPE Alcoy","robots":{"index":"index","follow":"follow","max-snippet":"max-snippet:-1","max-image-preview":"max-image-preview:large","max-video-preview":"max-video-preview:-1"},"canonical":"https:\/\/www.copealcoy.es\/es\/sang-valenti-la-iniciativa-solidaria-que-ayuda-a-salvar-vidas\/","og_locale":"es_ES","og_type":"article","og_title":"'Sang Valent\u00ed', la iniciativa solidaria que ayuda a salvar vidas - COPE Alcoy","og_description":"Una de cada dos personas residentes en Espa\u00f1a necesitar\u00e1 sangre alguna vez en su vida, seg\u00fan datos de\u00a0Cruz Roja. Las...","og_url":"https:\/\/www.copealcoy.es\/es\/sang-valenti-la-iniciativa-solidaria-que-ayuda-a-salvar-vidas\/","og_site_name":"COPE Alcoy","article_published_time":"2025-02-10T09:00:57+00:00","article_modified_time":"2025-02-10T11:16:52+00:00","og_image":[{"width":1580,"height":882,"url":"https:\/\/www.copealcoy.es\/wp-content\/uploads\/2025\/01\/unnamed-1-27.jpg","type":"image\/jpeg"}],"author":"Cope Alcoy","twitter_misc":{"Escrito por":"Cope Alcoy","Tiempo de lectura":"3 minutos"},"schema":{"@context":"https:\/\/schema.org","@graph":[{"@type":"Article","@id":"https:\/\/www.copealcoy.es\/es\/sang-valenti-la-iniciativa-solidaria-que-ayuda-a-salvar-vidas\/#article","isPartOf":{"@id":"https:\/\/www.copealcoy.es\/es\/sang-valenti-la-iniciativa-solidaria-que-ayuda-a-salvar-vidas\/"},"author":{"name":"Cope Alcoy","@id":"https:\/\/www.copealcoy.es\/es\/#\/schema\/person\/e777c87fa024e57d40170af9df39882c"},"headline":"&#8216;Sang Valent\u00ed&#8217;, la iniciativa solidaria que ayuda a salvar vidas","datePublished":"2025-02-10T09:00:57+00:00","dateModified":"2025-02-10T11:16:52+00:00","mainEntityOfPage":{"@id":"https:\/\/www.copealcoy.es\/es\/sang-valenti-la-iniciativa-solidaria-que-ayuda-a-salvar-vidas\/"},"wordCount":497,"commentCount":0,"image":{"@id":"https:\/\/www.copealcoy.es\/es\/sang-valenti-la-iniciativa-solidaria-que-ayuda-a-salvar-vidas\/#primaryimage"},"thumbnailUrl":"https:\/\/www.copealcoy.es\/wp-content\/uploads\/2025\/01\/unnamed-1-27.jpg","keywords":["Alcoy","Campa\u00f1a","Donaciones de Sangre","Sang Valent\u00ed"],"articleSection":["Actualidad","Alcoy","Noticias","Portada"],"inLanguage":"es"},{"@type":"WebPage","@id":"https:\/\/www.copealcoy.es\/es\/sang-valenti-la-iniciativa-solidaria-que-ayuda-a-salvar-vidas\/","url":"https:\/\/www.copealcoy.es\/es\/sang-valenti-la-iniciativa-solidaria-que-ayuda-a-salvar-vidas\/","name":"'Sang Valent\u00ed', la iniciativa solidaria que ayuda a salvar vidas - COPE Alcoy","isPartOf":{"@id":"https:\/\/www.copealcoy.es\/es\/#website"},"primaryImageOfPage":{"@id":"https:\/\/www.copealcoy.es\/es\/sang-valenti-la-iniciativa-solidaria-que-ayuda-a-salvar-vidas\/#primaryimage"},"image":{"@id":"https:\/\/www.copealcoy.es\/es\/sang-valenti-la-iniciativa-solidaria-que-ayuda-a-salvar-vidas\/#primaryimage"},"thumbnailUrl":"https:\/\/www.copealcoy.es\/wp-content\/uploads\/2025\/01\/unnamed-1-27.jpg","datePublished":"2025-02-10T09:00:57+00:00","dateModified":"2025-02-10T11:16:52+00:00","author":{"@id":"https:\/\/www.copealcoy.es\/es\/#\/schema\/person\/e777c87fa024e57d40170af9df39882c"},"breadcrumb":{"@id":"https:\/\/www.copealcoy.es\/es\/sang-valenti-la-iniciativa-solidaria-que-ayuda-a-salvar-vidas\/#breadcrumb"},"inLanguage":"es","potentialAction":[{"@type":"ReadAction","target":["https:\/\/www.copealcoy.es\/es\/sang-valenti-la-iniciativa-solidaria-que-ayuda-a-salvar-vidas\/"]}]},{"@type":"ImageObject","inLanguage":"es","@id":"https:\/\/www.copealcoy.es\/es\/sang-valenti-la-iniciativa-solidaria-que-ayuda-a-salvar-vidas\/#primaryimage","url":"https:\/\/www.copealcoy.es\/wp-content\/uploads\/2025\/01\/unnamed-1-27.jpg","contentUrl":"https:\/\/www.copealcoy.es\/wp-content\/uploads\/2025\/01\/unnamed-1-27.jpg","width":1580,"height":882},{"@type":"BreadcrumbList","@id":"https:\/\/www.copealcoy.es\/es\/sang-valenti-la-iniciativa-solidaria-que-ayuda-a-salvar-vidas\/#breadcrumb","itemListElement":[{"@type":"ListItem","position":1,"name":"Portada","item":"https:\/\/www.copealcoy.es\/es\/"},{"@type":"ListItem","position":2,"name":"&#8216;Sang Valent\u00ed&#8217;, la iniciativa solidaria que ayuda a salvar vidas"}]},{"@type":"WebSite","@id":"https:\/\/www.copealcoy.es\/es\/#website","url":"https:\/\/www.copealcoy.es\/es\/","name":"COPE Alcoy","description":"Emisora COPE de radio local con emisi\u00f3n online. Pont de Sant Jordi 8-10 03803 Alcoy","potentialAction":[{"@type":"SearchAction","target":{"@type":"EntryPoint","urlTemplate":"https:\/\/www.copealcoy.es\/es\/?s={search_term_string}"},"query-input":{"@type":"PropertyValueSpecification","valueRequired":true,"valueName":"search_term_string"}}],"inLanguage":"es"},{"@type":"Person","@id":"https:\/\/www.copealcoy.es\/es\/#\/schema\/person\/e777c87fa024e57d40170af9df39882c","name":"Cope Alcoy","image":{"@type":"ImageObject","inLanguage":"es","@id":"https:\/\/secure.gravatar.com\/avatar\/bb65d0283347e303893ba14f0692005417c1e0e690a325a4c5d8bb2b3943ee14?s=96&d=mm&r=g","url":"https:\/\/secure.gravatar.com\/avatar\/bb65d0283347e303893ba14f0692005417c1e0e690a325a4c5d8bb2b3943ee14?s=96&d=mm&r=g","contentUrl":"https:\/\/secure.gravatar.com\/avatar\/bb65d0283347e303893ba14f0692005417c1e0e690a325a4c5d8bb2b3943ee14?s=96&d=mm&r=g","caption":"Cope Alcoy"}}]}},"_links":{"self":[{"href":"https:\/\/www.copealcoy.es\/es\/wp-json\/wp\/v2\/posts\/147291","targetHints":{"allow":["GET"]}}],"collection":[{"href":"https:\/\/www.copealcoy.es\/es\/wp-json\/wp\/v2\/posts"}],"about":[{"href":"https:\/\/www.copealcoy.es\/es\/wp-json\/wp\/v2\/types\/post"}],"author":[{"embeddable":true,"href":"https:\/\/www.copealcoy.es\/es\/wp-json\/wp\/v2\/users\/1"}],"replies":[{"embeddable":true,"href":"https:\/\/www.copealcoy.es\/es\/wp-json\/wp\/v2\/comments?post=147291"}],"version-history":[{"count":0,"href":"https:\/\/www.copealcoy.es\/es\/wp-json\/wp\/v2\/posts\/147291\/revisions"}],"wp:featuredmedia":[{"embeddable":true,"href":"https:\/\/www.copealcoy.es\/es\/wp-json\/wp\/v2\/media\/146540"}],"wp:attachment":[{"href":"https:\/\/www.copealcoy.es\/es\/wp-json\/wp\/v2\/media?parent=147291"}],"wp:term":[{"taxonomy":"category","embeddable":true,"href":"https:\/\/www.copealcoy.es\/es\/wp-json\/wp\/v2\/categories?post=147291"},{"taxonomy":"post_tag","embeddable":true,"href":"https:\/\/www.copealcoy.es\/es\/wp-json\/wp\/v2\/tags?post=147291"}],"curies":[{"name":"wp","href":"https:\/\/api.w.org\/{rel}","templated":true}]}}