{"id":147243,"date":"2025-02-06T17:56:27","date_gmt":"2025-02-06T16:56:27","guid":{"rendered":"https:\/\/www.copealcoy.es\/?p=147243"},"modified":"2025-02-06T17:57:57","modified_gmt":"2025-02-06T16:57:57","slug":"alcoy-contara-con-un-centro-de-tratamiento-de-datos-en-rodes","status":"publish","type":"post","link":"https:\/\/www.copealcoy.es\/es\/alcoy-contara-con-un-centro-de-tratamiento-de-datos-en-rodes\/","title":{"rendered":"Alcoy contar\u00e1 con un centro de tratamiento de datos en Rodes"},"content":{"rendered":"<p style=\"text-align: justify;\">El <strong>Parque Tecnol\u00f3gico Urbano de Rodes de Alcoy<\/strong> dispondr\u00e1 pr\u00f3ximamente de un <strong>centro de excelencia para el tratamiento de datos<\/strong>, herramienta que promueve <strong>la Federaci\u00f3n Espa\u00f1ola de Municipios y Provincias (FEMP)<\/strong> y que cuenta con inversi\u00f3n de Fondos Europeos junto a una aportaci\u00f3n municipal. Nuestra ciudad ha sido la \u00fanica de menos de 100.000 habitantes <strong>que podr\u00e1 desarrollar este proyecto<\/strong>, en el marco del programa <a href=\"https:\/\/www.femp.es\/comunicacion\/noticias\/la-femp-valora-la-asignacion-de-13-millones-de-euros-al-proyecto-edint\" target=\"_blank\" rel=\"noopener\"><span style=\"color: #0000ff;\"><strong>EDINT<\/strong><\/span><\/a> (Espacio de Datos para Infraestructuras Inteligentes), y ser\u00e1 tambi\u00e9n <strong>una de las 12 espa\u00f1olas<\/strong> que contar\u00e1n con una iniciativa similar.<\/p>\n<p style=\"text-align: justify;\">Este centro, seg\u00fan ha explicado el alcalde de Alcoy, <strong>estar\u00e1 habilitado con las herramientas inform\u00e1ticas y tecnol\u00f3gicas necesarias<\/strong> para recoger cualquier tipo de datos. Estos \u00faltimos estar\u00e1n despu\u00e9s <strong>a disposici\u00f3n de empresas o instituciones como las universidades<\/strong> con el fin de que puedan emplearlos a la hora de desarrollar productos o aplicaciones &#8220;<em>los expertos afirman que los datos son el petr\u00f3leo del siglo XXI, pues en Alcoy vamos a tener un yacimiento petrol\u00edfero que ser\u00e1 capaz de generar riqueza y ocupaci\u00f3n. Todo ello, cumpliendo tambi\u00e9n con el objetivo de atraer talento y retenerlo. Alcoy se sit\u00faa en una posici\u00f3n delantera para ofrecer valor a las empresas a la hora de hacer posibles sus proyectos<\/em>&#8220;, explic\u00f3 <strong>Toni Franc\u00e9s<\/strong>. El primer edil se\u00f1al\u00f3, por otro lado, que <strong>el embri\u00f3n de este centro de gesti\u00f3n de datos comenzar\u00e1 a funcionar a partir de marzo de este a\u00f1o<\/strong> siendo posible con una inversi\u00f3n de poco m\u00e1s de un mill\u00f3n de euros de los que un 85% vienen de Europa y un 15% ser\u00e1n de aportaci\u00f3n municipal; lo cual se traduce en 45.000 euros al a\u00f1o en cuatro anualidades &#8220;<em>dos expertos ayudar\u00e1n a su puesta en marcha durante un a\u00f1o y a partir de 2026 ya estar\u00e1 atendido por trabajadores municipales<\/em>&#8220;, concluy\u00f3.<\/p>\n<p style=\"text-align: justify;\">Indicar que Alcoy <strong>ser\u00e1 el \u00fanico municipio de la provincia de Alicante<\/strong> en contar con este centro de datos. En el conjunto de la Comunitat Valenciana, adem\u00e1s del nuestro, habr\u00e1 otro m\u00e1s tal y como ha apuntado Franc\u00e9s.<\/p>\n","protected":false},"excerpt":{"rendered":"<p>El Parque Tecnol\u00f3gico Urbano de Rodes de Alcoy dispondr\u00e1 pr\u00f3ximamente de un centro de excelencia para el tratamiento de datos,&#8230;<\/p>\n","protected":false},"author":1,"featured_media":147244,"comment_status":"open","ping_status":"open","sticky":false,"template":"","format":"standard","meta":{"footnotes":""},"categories":[6909,97,75],"tags":[1494,19189,803,681],"class_list":["post-147243","post","type-post","status-publish","format-standard","has-post-thumbnail","hentry","category-actualidad","category-alcoy","category-noticias","tag-alcoy","tag-centro-de-gestion-de-datos","tag-rodes","tag-toni-frances"],"yoast_head":"<!-- This site is optimized with the Yoast SEO plugin v27.3 - https:\/\/yoast.com\/product\/yoast-seo-wordpress\/ -->\n<title>Alcoy contar\u00e1 con un centro de tratamiento de datos en Rodes - COPE Alcoy<\/title>\n<meta name=\"description\" content=\"El Parque Tecnol\u00f3gico Urbano de Rodes de Alcoy dispondr\u00e1 pr\u00f3ximamente de un centro de excelencia para el tratamiento de datos\" \/>\n<meta name=\"robots\" content=\"index, follow, max-snippet:-1, max-image-preview:large, max-video-preview:-1\" \/>\n<link rel=\"canonical\" href=\"https:\/\/www.copealcoy.es\/es\/alcoy-contara-con-un-centro-de-tratamiento-de-datos-en-rodes\/\" \/>\n<meta property=\"og:locale\" content=\"es_ES\" \/>\n<meta property=\"og:type\" content=\"article\" \/>\n<meta property=\"og:title\" content=\"Alcoy contar\u00e1 con un centro de tratamiento de datos en Rodes - COPE Alcoy\" \/>\n<meta property=\"og:description\" content=\"El Parque Tecnol\u00f3gico Urbano de Rodes de Alcoy dispondr\u00e1 pr\u00f3ximamente de un centro de excelencia para el tratamiento de datos\" \/>\n<meta property=\"og:url\" content=\"https:\/\/www.copealcoy.es\/es\/alcoy-contara-con-un-centro-de-tratamiento-de-datos-en-rodes\/\" \/>\n<meta property=\"og:site_name\" content=\"COPE Alcoy\" \/>\n<meta property=\"article:published_time\" content=\"2025-02-06T16:56:27+00:00\" \/>\n<meta property=\"article:modified_time\" content=\"2025-02-06T16:57:57+00:00\" \/>\n<meta property=\"og:image\" content=\"https:\/\/www.copealcoy.es\/wp-content\/uploads\/2025\/02\/El-alcalde-de-Alcoy-Toni-Frances-rueda-de-prensa-presentacion-proyecto-EDINT.jpg_1760067043.jpg\" \/>\n\t<meta property=\"og:image:width\" content=\"625\" \/>\n\t<meta property=\"og:image:height\" content=\"469\" \/>\n\t<meta property=\"og:image:type\" content=\"image\/jpeg\" \/>\n<meta name=\"author\" content=\"Cope Alcoy\" \/>\n<meta name=\"twitter:label1\" content=\"Escrito por\" \/>\n\t<meta name=\"twitter:data1\" content=\"Cope Alcoy\" \/>\n\t<meta name=\"twitter:label2\" content=\"Tiempo de lectura\" \/>\n\t<meta name=\"twitter:data2\" content=\"3 minutos\" \/>\n<script type=\"application\/ld+json\" class=\"yoast-schema-graph\">{\"@context\":\"https:\\\/\\\/schema.org\",\"@graph\":[{\"@type\":\"Article\",\"@id\":\"https:\\\/\\\/www.copealcoy.es\\\/es\\\/alcoy-contara-con-un-centro-de-tratamiento-de-datos-en-rodes\\\/#article\",\"isPartOf\":{\"@id\":\"https:\\\/\\\/www.copealcoy.es\\\/es\\\/alcoy-contara-con-un-centro-de-tratamiento-de-datos-en-rodes\\\/\"},\"author\":{\"name\":\"Cope Alcoy\",\"@id\":\"https:\\\/\\\/www.copealcoy.es\\\/es\\\/#\\\/schema\\\/person\\\/e777c87fa024e57d40170af9df39882c\"},\"headline\":\"Alcoy contar\u00e1 con un centro de tratamiento de datos en Rodes\",\"datePublished\":\"2025-02-06T16:56:27+00:00\",\"dateModified\":\"2025-02-06T16:57:57+00:00\",\"mainEntityOfPage\":{\"@id\":\"https:\\\/\\\/www.copealcoy.es\\\/es\\\/alcoy-contara-con-un-centro-de-tratamiento-de-datos-en-rodes\\\/\"},\"wordCount\":373,\"commentCount\":0,\"image\":{\"@id\":\"https:\\\/\\\/www.copealcoy.es\\\/es\\\/alcoy-contara-con-un-centro-de-tratamiento-de-datos-en-rodes\\\/#primaryimage\"},\"thumbnailUrl\":\"https:\\\/\\\/www.copealcoy.es\\\/wp-content\\\/uploads\\\/2025\\\/02\\\/El-alcalde-de-Alcoy-Toni-Frances-rueda-de-prensa-presentacion-proyecto-EDINT.jpg_1760067043.jpg\",\"keywords\":[\"Alcoy\",\"Centro de Gesti\u00f3n de Datos\",\"Rodes\",\"Toni Franc\u00e9s\"],\"articleSection\":[\"Actualidad\",\"Alcoy\",\"Noticias\"],\"inLanguage\":\"es\"},{\"@type\":\"WebPage\",\"@id\":\"https:\\\/\\\/www.copealcoy.es\\\/es\\\/alcoy-contara-con-un-centro-de-tratamiento-de-datos-en-rodes\\\/\",\"url\":\"https:\\\/\\\/www.copealcoy.es\\\/es\\\/alcoy-contara-con-un-centro-de-tratamiento-de-datos-en-rodes\\\/\",\"name\":\"Alcoy contar\u00e1 con un centro de tratamiento de datos en Rodes - COPE Alcoy\",\"isPartOf\":{\"@id\":\"https:\\\/\\\/www.copealcoy.es\\\/es\\\/#website\"},\"primaryImageOfPage\":{\"@id\":\"https:\\\/\\\/www.copealcoy.es\\\/es\\\/alcoy-contara-con-un-centro-de-tratamiento-de-datos-en-rodes\\\/#primaryimage\"},\"image\":{\"@id\":\"https:\\\/\\\/www.copealcoy.es\\\/es\\\/alcoy-contara-con-un-centro-de-tratamiento-de-datos-en-rodes\\\/#primaryimage\"},\"thumbnailUrl\":\"https:\\\/\\\/www.copealcoy.es\\\/wp-content\\\/uploads\\\/2025\\\/02\\\/El-alcalde-de-Alcoy-Toni-Frances-rueda-de-prensa-presentacion-proyecto-EDINT.jpg_1760067043.jpg\",\"datePublished\":\"2025-02-06T16:56:27+00:00\",\"dateModified\":\"2025-02-06T16:57:57+00:00\",\"author\":{\"@id\":\"https:\\\/\\\/www.copealcoy.es\\\/es\\\/#\\\/schema\\\/person\\\/e777c87fa024e57d40170af9df39882c\"},\"description\":\"El Parque Tecnol\u00f3gico Urbano de Rodes de Alcoy dispondr\u00e1 pr\u00f3ximamente de un centro de excelencia para el tratamiento de datos\",\"breadcrumb\":{\"@id\":\"https:\\\/\\\/www.copealcoy.es\\\/es\\\/alcoy-contara-con-un-centro-de-tratamiento-de-datos-en-rodes\\\/#breadcrumb\"},\"inLanguage\":\"es\",\"potentialAction\":[{\"@type\":\"ReadAction\",\"target\":[\"https:\\\/\\\/www.copealcoy.es\\\/es\\\/alcoy-contara-con-un-centro-de-tratamiento-de-datos-en-rodes\\\/\"]}]},{\"@type\":\"ImageObject\",\"inLanguage\":\"es\",\"@id\":\"https:\\\/\\\/www.copealcoy.es\\\/es\\\/alcoy-contara-con-un-centro-de-tratamiento-de-datos-en-rodes\\\/#primaryimage\",\"url\":\"https:\\\/\\\/www.copealcoy.es\\\/wp-content\\\/uploads\\\/2025\\\/02\\\/El-alcalde-de-Alcoy-Toni-Frances-rueda-de-prensa-presentacion-proyecto-EDINT.jpg_1760067043.jpg\",\"contentUrl\":\"https:\\\/\\\/www.copealcoy.es\\\/wp-content\\\/uploads\\\/2025\\\/02\\\/El-alcalde-de-Alcoy-Toni-Frances-rueda-de-prensa-presentacion-proyecto-EDINT.jpg_1760067043.jpg\",\"width\":625,\"height\":469},{\"@type\":\"BreadcrumbList\",\"@id\":\"https:\\\/\\\/www.copealcoy.es\\\/es\\\/alcoy-contara-con-un-centro-de-tratamiento-de-datos-en-rodes\\\/#breadcrumb\",\"itemListElement\":[{\"@type\":\"ListItem\",\"position\":1,\"name\":\"Portada\",\"item\":\"https:\\\/\\\/www.copealcoy.es\\\/es\\\/\"},{\"@type\":\"ListItem\",\"position\":2,\"name\":\"Alcoy contar\u00e1 con un centro de tratamiento de datos en Rodes\"}]},{\"@type\":\"WebSite\",\"@id\":\"https:\\\/\\\/www.copealcoy.es\\\/es\\\/#website\",\"url\":\"https:\\\/\\\/www.copealcoy.es\\\/es\\\/\",\"name\":\"COPE Alcoy\",\"description\":\"Emisora COPE de radio local con emisi\u00f3n online. Pont de Sant Jordi 8-10 03803 Alcoy\",\"potentialAction\":[{\"@type\":\"SearchAction\",\"target\":{\"@type\":\"EntryPoint\",\"urlTemplate\":\"https:\\\/\\\/www.copealcoy.es\\\/es\\\/?s={search_term_string}\"},\"query-input\":{\"@type\":\"PropertyValueSpecification\",\"valueRequired\":true,\"valueName\":\"search_term_string\"}}],\"inLanguage\":\"es\"},{\"@type\":\"Person\",\"@id\":\"https:\\\/\\\/www.copealcoy.es\\\/es\\\/#\\\/schema\\\/person\\\/e777c87fa024e57d40170af9df39882c\",\"name\":\"Cope Alcoy\",\"image\":{\"@type\":\"ImageObject\",\"inLanguage\":\"es\",\"@id\":\"https:\\\/\\\/secure.gravatar.com\\\/avatar\\\/bb65d0283347e303893ba14f0692005417c1e0e690a325a4c5d8bb2b3943ee14?s=96&d=mm&r=g\",\"url\":\"https:\\\/\\\/secure.gravatar.com\\\/avatar\\\/bb65d0283347e303893ba14f0692005417c1e0e690a325a4c5d8bb2b3943ee14?s=96&d=mm&r=g\",\"contentUrl\":\"https:\\\/\\\/secure.gravatar.com\\\/avatar\\\/bb65d0283347e303893ba14f0692005417c1e0e690a325a4c5d8bb2b3943ee14?s=96&d=mm&r=g\",\"caption\":\"Cope Alcoy\"}}]}<\/script>\n<!-- \/ Yoast SEO plugin. -->","yoast_head_json":{"title":"Alcoy contar\u00e1 con un centro de tratamiento de datos en Rodes - COPE Alcoy","description":"El Parque Tecnol\u00f3gico Urbano de Rodes de Alcoy dispondr\u00e1 pr\u00f3ximamente de un centro de excelencia para el tratamiento de datos","robots":{"index":"index","follow":"follow","max-snippet":"max-snippet:-1","max-image-preview":"max-image-preview:large","max-video-preview":"max-video-preview:-1"},"canonical":"https:\/\/www.copealcoy.es\/es\/alcoy-contara-con-un-centro-de-tratamiento-de-datos-en-rodes\/","og_locale":"es_ES","og_type":"article","og_title":"Alcoy contar\u00e1 con un centro de tratamiento de datos en Rodes - COPE Alcoy","og_description":"El Parque Tecnol\u00f3gico Urbano de Rodes de Alcoy dispondr\u00e1 pr\u00f3ximamente de un centro de excelencia para el tratamiento de datos","og_url":"https:\/\/www.copealcoy.es\/es\/alcoy-contara-con-un-centro-de-tratamiento-de-datos-en-rodes\/","og_site_name":"COPE Alcoy","article_published_time":"2025-02-06T16:56:27+00:00","article_modified_time":"2025-02-06T16:57:57+00:00","og_image":[{"width":625,"height":469,"url":"https:\/\/www.copealcoy.es\/wp-content\/uploads\/2025\/02\/El-alcalde-de-Alcoy-Toni-Frances-rueda-de-prensa-presentacion-proyecto-EDINT.jpg_1760067043.jpg","type":"image\/jpeg"}],"author":"Cope Alcoy","twitter_misc":{"Escrito por":"Cope Alcoy","Tiempo de lectura":"3 minutos"},"schema":{"@context":"https:\/\/schema.org","@graph":[{"@type":"Article","@id":"https:\/\/www.copealcoy.es\/es\/alcoy-contara-con-un-centro-de-tratamiento-de-datos-en-rodes\/#article","isPartOf":{"@id":"https:\/\/www.copealcoy.es\/es\/alcoy-contara-con-un-centro-de-tratamiento-de-datos-en-rodes\/"},"author":{"name":"Cope Alcoy","@id":"https:\/\/www.copealcoy.es\/es\/#\/schema\/person\/e777c87fa024e57d40170af9df39882c"},"headline":"Alcoy contar\u00e1 con un centro de tratamiento de datos en Rodes","datePublished":"2025-02-06T16:56:27+00:00","dateModified":"2025-02-06T16:57:57+00:00","mainEntityOfPage":{"@id":"https:\/\/www.copealcoy.es\/es\/alcoy-contara-con-un-centro-de-tratamiento-de-datos-en-rodes\/"},"wordCount":373,"commentCount":0,"image":{"@id":"https:\/\/www.copealcoy.es\/es\/alcoy-contara-con-un-centro-de-tratamiento-de-datos-en-rodes\/#primaryimage"},"thumbnailUrl":"https:\/\/www.copealcoy.es\/wp-content\/uploads\/2025\/02\/El-alcalde-de-Alcoy-Toni-Frances-rueda-de-prensa-presentacion-proyecto-EDINT.jpg_1760067043.jpg","keywords":["Alcoy","Centro de Gesti\u00f3n de Datos","Rodes","Toni Franc\u00e9s"],"articleSection":["Actualidad","Alcoy","Noticias"],"inLanguage":"es"},{"@type":"WebPage","@id":"https:\/\/www.copealcoy.es\/es\/alcoy-contara-con-un-centro-de-tratamiento-de-datos-en-rodes\/","url":"https:\/\/www.copealcoy.es\/es\/alcoy-contara-con-un-centro-de-tratamiento-de-datos-en-rodes\/","name":"Alcoy contar\u00e1 con un centro de tratamiento de datos en Rodes - COPE Alcoy","isPartOf":{"@id":"https:\/\/www.copealcoy.es\/es\/#website"},"primaryImageOfPage":{"@id":"https:\/\/www.copealcoy.es\/es\/alcoy-contara-con-un-centro-de-tratamiento-de-datos-en-rodes\/#primaryimage"},"image":{"@id":"https:\/\/www.copealcoy.es\/es\/alcoy-contara-con-un-centro-de-tratamiento-de-datos-en-rodes\/#primaryimage"},"thumbnailUrl":"https:\/\/www.copealcoy.es\/wp-content\/uploads\/2025\/02\/El-alcalde-de-Alcoy-Toni-Frances-rueda-de-prensa-presentacion-proyecto-EDINT.jpg_1760067043.jpg","datePublished":"2025-02-06T16:56:27+00:00","dateModified":"2025-02-06T16:57:57+00:00","author":{"@id":"https:\/\/www.copealcoy.es\/es\/#\/schema\/person\/e777c87fa024e57d40170af9df39882c"},"description":"El Parque Tecnol\u00f3gico Urbano de Rodes de Alcoy dispondr\u00e1 pr\u00f3ximamente de un centro de excelencia para el tratamiento de datos","breadcrumb":{"@id":"https:\/\/www.copealcoy.es\/es\/alcoy-contara-con-un-centro-de-tratamiento-de-datos-en-rodes\/#breadcrumb"},"inLanguage":"es","potentialAction":[{"@type":"ReadAction","target":["https:\/\/www.copealcoy.es\/es\/alcoy-contara-con-un-centro-de-tratamiento-de-datos-en-rodes\/"]}]},{"@type":"ImageObject","inLanguage":"es","@id":"https:\/\/www.copealcoy.es\/es\/alcoy-contara-con-un-centro-de-tratamiento-de-datos-en-rodes\/#primaryimage","url":"https:\/\/www.copealcoy.es\/wp-content\/uploads\/2025\/02\/El-alcalde-de-Alcoy-Toni-Frances-rueda-de-prensa-presentacion-proyecto-EDINT.jpg_1760067043.jpg","contentUrl":"https:\/\/www.copealcoy.es\/wp-content\/uploads\/2025\/02\/El-alcalde-de-Alcoy-Toni-Frances-rueda-de-prensa-presentacion-proyecto-EDINT.jpg_1760067043.jpg","width":625,"height":469},{"@type":"BreadcrumbList","@id":"https:\/\/www.copealcoy.es\/es\/alcoy-contara-con-un-centro-de-tratamiento-de-datos-en-rodes\/#breadcrumb","itemListElement":[{"@type":"ListItem","position":1,"name":"Portada","item":"https:\/\/www.copealcoy.es\/es\/"},{"@type":"ListItem","position":2,"name":"Alcoy contar\u00e1 con un centro de tratamiento de datos en Rodes"}]},{"@type":"WebSite","@id":"https:\/\/www.copealcoy.es\/es\/#website","url":"https:\/\/www.copealcoy.es\/es\/","name":"COPE Alcoy","description":"Emisora COPE de radio local con emisi\u00f3n online. Pont de Sant Jordi 8-10 03803 Alcoy","potentialAction":[{"@type":"SearchAction","target":{"@type":"EntryPoint","urlTemplate":"https:\/\/www.copealcoy.es\/es\/?s={search_term_string}"},"query-input":{"@type":"PropertyValueSpecification","valueRequired":true,"valueName":"search_term_string"}}],"inLanguage":"es"},{"@type":"Person","@id":"https:\/\/www.copealcoy.es\/es\/#\/schema\/person\/e777c87fa024e57d40170af9df39882c","name":"Cope Alcoy","image":{"@type":"ImageObject","inLanguage":"es","@id":"https:\/\/secure.gravatar.com\/avatar\/bb65d0283347e303893ba14f0692005417c1e0e690a325a4c5d8bb2b3943ee14?s=96&d=mm&r=g","url":"https:\/\/secure.gravatar.com\/avatar\/bb65d0283347e303893ba14f0692005417c1e0e690a325a4c5d8bb2b3943ee14?s=96&d=mm&r=g","contentUrl":"https:\/\/secure.gravatar.com\/avatar\/bb65d0283347e303893ba14f0692005417c1e0e690a325a4c5d8bb2b3943ee14?s=96&d=mm&r=g","caption":"Cope Alcoy"}}]}},"_links":{"self":[{"href":"https:\/\/www.copealcoy.es\/es\/wp-json\/wp\/v2\/posts\/147243","targetHints":{"allow":["GET"]}}],"collection":[{"href":"https:\/\/www.copealcoy.es\/es\/wp-json\/wp\/v2\/posts"}],"about":[{"href":"https:\/\/www.copealcoy.es\/es\/wp-json\/wp\/v2\/types\/post"}],"author":[{"embeddable":true,"href":"https:\/\/www.copealcoy.es\/es\/wp-json\/wp\/v2\/users\/1"}],"replies":[{"embeddable":true,"href":"https:\/\/www.copealcoy.es\/es\/wp-json\/wp\/v2\/comments?post=147243"}],"version-history":[{"count":0,"href":"https:\/\/www.copealcoy.es\/es\/wp-json\/wp\/v2\/posts\/147243\/revisions"}],"wp:featuredmedia":[{"embeddable":true,"href":"https:\/\/www.copealcoy.es\/es\/wp-json\/wp\/v2\/media\/147244"}],"wp:attachment":[{"href":"https:\/\/www.copealcoy.es\/es\/wp-json\/wp\/v2\/media?parent=147243"}],"wp:term":[{"taxonomy":"category","embeddable":true,"href":"https:\/\/www.copealcoy.es\/es\/wp-json\/wp\/v2\/categories?post=147243"},{"taxonomy":"post_tag","embeddable":true,"href":"https:\/\/www.copealcoy.es\/es\/wp-json\/wp\/v2\/tags?post=147243"}],"curies":[{"name":"wp","href":"https:\/\/api.w.org\/{rel}","templated":true}]}}