{"id":147176,"date":"2025-02-05T07:30:59","date_gmt":"2025-02-05T06:30:59","guid":{"rendered":"https:\/\/www.copealcoy.es\/?p=147176"},"modified":"2025-02-15T19:44:38","modified_gmt":"2025-02-15T18:44:38","slug":"informativo-matinal-miercoles-5-de-febrero-2025-0750h","status":"publish","type":"post","link":"https:\/\/www.copealcoy.es\/es\/informativo-matinal-miercoles-5-de-febrero-2025-0750h\/","title":{"rendered":"Informativo matinal mi\u00e9rcoles 5 de febrero 2025 (07:50h)"},"content":{"rendered":"<p><iframe loading=\"lazy\" title=\"Informativo Matinal Mi\u00e9rcoles 5 De Febrero 2025 (07:50h)\" width=\"100%\" height=\"120\" src=\"https:\/\/www.mixcloud.com\/widget\/iframe\/?feed=https%3A%2F%2Fwww.mixcloud.com%2FCOPEAlcoy%2Finformativo-matinal-mi%25C3%25A9rcoles-5-de-febrero-2025-0750h%2F&amp;hide_cover=1\" frameborder=\"0\"><\/iframe><\/p>\n<p style=\"text-align: justify;\">Hoy mi\u00e9rcoles hemos recordado<strong> la inversi\u00f3n que ha realizado AITEX<\/strong> para <strong>dotar de una nueva imagen al Hospital de D\u00eda del Virgen de los Lirios de Alcoy<\/strong>. Tambi\u00e9n hemos hablado de <strong>los cambios que se van a aplicar en la procesi\u00f3n de &#8216;La Baix\u00e0&#8217;<\/strong> de las Fiestas de Moros y Cristianos de Muro.<\/p>\n<p style=\"text-align: justify;\">La\u00a0<strong>Junta de Festes<\/strong>\u00a0y la\u00a0<span style=\"color: #0000ff;\"><a style=\"color: #0000ff;\" href=\"https:\/\/www.facebook.com\/confrariaMaredeDeudelsDesemparatsMurodeAlcoy\" target=\"_blank\" rel=\"noopener\"><strong>Cofrad\u00eda de la Virgen de los Desamparados<\/strong><\/a>\u00a0<\/span>de Muro<strong>\u00a0han consensuado cambiar de d\u00eda\u00a0 \u2018La Baix\u00e0\u2019 de la Mare de D\u00e9u desde su ermita hasta el templo parroquial de San Juan Bautista<\/strong>, uno de los momentos m\u00e1s esperados dentro de las Fiestas de Moros y Cristianos de esta localidad del Comtat. El acuerdo\u00a0<strong>llega tras a\u00f1os de desencuentros entre las dos entidades<\/strong>\u00a0y con el objetivo de\u00a0<strong>fomentar la participaci\u00f3n<\/strong>\u00a0en las procesiones, las cuales hab\u00edan dejado de ser actos oficiales para las Filaes del municipio en las \u00faltimas ediciones de los festejos.<\/p>\n<p style=\"text-align: justify;\">Cabe recordar que\u00a0<strong>\u2018La Baix\u00e0\u2019 de la Virgen de los Desamparados ten\u00eda lugar siempre despu\u00e9s de la Entrada del s\u00e1bado<\/strong>\u00a0y la misma finalizaba avanzada ya la noche, lo cual supon\u00eda un contratiempo para festeros y festeras tras una intensa primera jornada de celebraciones. En\u00a0<strong>2017<\/strong>\u00a0se prob\u00f3 trasladar esta procesi\u00f3n al s\u00e1bado de la semana anterior a los festejos, con muy buena acogida en el \u00e1mbito de la Fiesta, pero el resultado no gust\u00f3 a la Cofrad\u00eda de la Mare de D\u00e9u ni\u00a0 a algunos sectores de la poblaci\u00f3n. Posteriormente,\u00a0<strong>en 2018 y 2019<\/strong>, se prob\u00f3 realizar \u2018La Baix\u00e0\u2019 a mediod\u00eda del mismo s\u00e1bado de la Entrada y tras la \u2018Misa de Clavariesas\u2019; lo cual tambi\u00e9n se tradujo en un inconveniente para las Filaes de cargo porque las pillaba en pleno preparativos de los desfiles. Por \u00faltimo, y al no cuajar tampoco esta opci\u00f3n,\u00a0<strong>se decidi\u00f3 en 2022 volver a atr\u00e1s<\/strong>\u00a0y hacer el traslado de la patrona a la parroquia tras la Entrada del s\u00e1bado con la salvedad de que la participaci\u00f3n de las mismas Filaes fuese voluntaria.<\/p>\n<p style=\"text-align: justify;\">Ahora, y\u00a0<strong>una vez analizada la participaci\u00f3n<\/strong>\u00a0en las procesiones de 2022, 2023 y 2024, se celebr\u00f3 una reuni\u00f3n antes de Navidad donde Junta de Festes, Fil\u00e0 de la Mare de D\u00e9u, Cofrad\u00eda y Parroquia\u00a0<strong>coincidieron en la idea de cambiar de nuevo \u2018La Baix\u00e0\u2019<\/strong>\u00a0para que sea el s\u00e1bado anterior a Fiestas. La propuesta\u00a0<strong>qued\u00f3 ratificada en una nueva sesi\u00f3n<\/strong>\u00a0celebrada hace unos d\u00edas y ya se pondr\u00e1 en marcha en las pr\u00f3ximas Fiestas. De esta forma,\u00a0<strong>el d\u00eda 3 de mayo<\/strong>\u00a0<strong>de este a\u00f1o<\/strong>\u00a0ser\u00e1 la procesi\u00f3n de \u2018La Baix\u00e0\u2019 a partir de las 20:00h \u00ab<em>el encuentro se alarg\u00f3 m\u00e1s de tres horas, se pusieron sobre la mesa los pros y contras, y al final se vio que lo mejor era hacerlo as\u00ed. Esto permitir\u00e1 que todas las Filaes vuelvan a participar en las procesiones , con car\u00e1cter oficial, y que incluso la gente del pueblo pueda rendir homenaje a la Mare de D\u00e9u de una forma m\u00e1s sosegada\u00a0<\/em><em>ya que hasta ahora la intensidad de los d\u00edas de Fiestas complicaba la participaci\u00f3n en la misma \u2018Baix\u00e0\u2019 o en la procesi\u00f3n general<\/em>\u00ab, explicaba en COPE ALCOY\u00a0<strong>Don Diego Ferr\u00e1ndiz<\/strong>; titular de la misma parroquia de Muro. Tambi\u00e9n desde\u00a0<strong>la Junta de Festes<\/strong>\u00a0valoran muy positivamente que se haya llegado a un acuerdo que, seg\u00fan consideran, beneficia a todos \u00ab<em>creemos que la procesi\u00f3n de \u2018La Baix\u00e0\u2019 ganar\u00e1 en brillantez si la pasamos al s\u00e1bado previo a Fiestas y, sin lugar a dudas, las Filaes lo agradecer\u00e1n ya que al s\u00e1bado siguiente se podr\u00e1 disfrutar con m\u00e1s tranquilidad de las Entradas. Sin duda, ser\u00e1 positivo para nuestras Fiestas y esperemos que dure muchos a\u00f1os el cambio\u00bb,<\/em>\u00a0manifestaba\u00a0<strong>Paco Vicedo<\/strong>; presidente de la entidad.<\/p>\n<p style=\"text-align: justify;\">Tras la modificaci\u00f3n\u00a0<strong>el calendario de procesiones<\/strong>\u00a0<strong>de las Fiestas de Muro<\/strong>\u00a0quedar\u00e1 as\u00ed. El\u00a0<strong>s\u00e1bado 3 de mayo<\/strong>\u00a0a las 20:00h ser\u00e1 \u2018La Baix\u00e0\u2019 desde la ermita hasta la parroquia, mientras que el\u00a0<strong>domingo d\u00eda 11<\/strong>\u00a0por la noche ser\u00e1 la conocida como \u2018Process\u00f3 Llarga\u2019 en el d\u00eda de la festividad de la patrona. Ya el<strong>\u00a0domingo<\/strong>\u00a0<strong>18 de mayo<\/strong>, a las 20:30h, se efectuar\u00e1 \u2018La Puj\u00e0\u2019 hasta la ermita poniendo fin a los Moros y Cristianos 2025. La curiosidad de este a\u00f1o la encontramos en que\u00a0<strong>\u2018La Baix\u00e0\u2019 coincidir\u00e1 con el D\u00eda de las Entradas de Alcoy<\/strong>\u00a0al atrasarse las Fiestas de la capital de l\u2019Alcoi\u00e0 al primer fin de semana de mayo, todo ello debido a que la Semana Santa cae tard\u00eda en el calendario.<\/p>\n","protected":false},"excerpt":{"rendered":"<p>Hoy mi\u00e9rcoles hemos recordado la inversi\u00f3n que ha realizado AITEX para dotar de una nueva imagen al Hospital de D\u00eda&#8230;<\/p>\n","protected":false},"author":1,"featured_media":147419,"comment_status":"open","ping_status":"open","sticky":false,"template":"","format":"standard","meta":{"footnotes":""},"categories":[6909,89,91,75],"tags":[],"class_list":["post-147176","post","type-post","status-publish","format-standard","has-post-thumbnail","hentry","category-actualidad","category-audiosdelosprogramas","category-informativos","category-noticias"],"yoast_head":"<!-- This site is optimized with the Yoast SEO plugin v27.3 - https:\/\/yoast.com\/product\/yoast-seo-wordpress\/ -->\n<title>Informativo matinal mi\u00e9rcoles 5 de febrero 2025 (07:50h) - COPE Alcoy<\/title>\n<meta name=\"robots\" content=\"index, follow, max-snippet:-1, max-image-preview:large, max-video-preview:-1\" \/>\n<link rel=\"canonical\" href=\"https:\/\/www.copealcoy.es\/es\/informativo-matinal-miercoles-5-de-febrero-2025-0750h\/\" \/>\n<meta property=\"og:locale\" content=\"es_ES\" \/>\n<meta property=\"og:type\" content=\"article\" \/>\n<meta property=\"og:title\" content=\"Informativo matinal mi\u00e9rcoles 5 de febrero 2025 (07:50h) - COPE Alcoy\" \/>\n<meta property=\"og:description\" content=\"Hoy mi\u00e9rcoles hemos recordado la inversi\u00f3n que ha realizado AITEX para dotar de una nueva imagen al Hospital de D\u00eda...\" \/>\n<meta property=\"og:url\" content=\"https:\/\/www.copealcoy.es\/es\/informativo-matinal-miercoles-5-de-febrero-2025-0750h\/\" \/>\n<meta property=\"og:site_name\" content=\"COPE Alcoy\" \/>\n<meta property=\"article:published_time\" content=\"2025-02-05T06:30:59+00:00\" \/>\n<meta property=\"article:modified_time\" content=\"2025-02-15T18:44:38+00:00\" \/>\n<meta property=\"og:image\" content=\"https:\/\/www.copealcoy.es\/wp-content\/uploads\/2025\/01\/Informativo-matinal-castellano-3.png\" \/>\n\t<meta property=\"og:image:width\" content=\"357\" \/>\n\t<meta property=\"og:image:height\" content=\"290\" \/>\n\t<meta property=\"og:image:type\" content=\"image\/png\" \/>\n<meta name=\"author\" content=\"Cope Alcoy\" \/>\n<meta name=\"twitter:label1\" content=\"Escrito por\" \/>\n\t<meta name=\"twitter:data1\" content=\"Cope Alcoy\" \/>\n\t<meta name=\"twitter:label2\" content=\"Tiempo de lectura\" \/>\n\t<meta name=\"twitter:data2\" content=\"5 minutos\" \/>\n<script type=\"application\/ld+json\" class=\"yoast-schema-graph\">{\"@context\":\"https:\\\/\\\/schema.org\",\"@graph\":[{\"@type\":\"Article\",\"@id\":\"https:\\\/\\\/www.copealcoy.es\\\/es\\\/informativo-matinal-miercoles-5-de-febrero-2025-0750h\\\/#article\",\"isPartOf\":{\"@id\":\"https:\\\/\\\/www.copealcoy.es\\\/es\\\/informativo-matinal-miercoles-5-de-febrero-2025-0750h\\\/\"},\"author\":{\"name\":\"Cope Alcoy\",\"@id\":\"https:\\\/\\\/www.copealcoy.es\\\/es\\\/#\\\/schema\\\/person\\\/e777c87fa024e57d40170af9df39882c\"},\"headline\":\"Informativo matinal mi\u00e9rcoles 5 de febrero 2025 (07:50h)\",\"datePublished\":\"2025-02-05T06:30:59+00:00\",\"dateModified\":\"2025-02-15T18:44:38+00:00\",\"mainEntityOfPage\":{\"@id\":\"https:\\\/\\\/www.copealcoy.es\\\/es\\\/informativo-matinal-miercoles-5-de-febrero-2025-0750h\\\/\"},\"wordCount\":812,\"commentCount\":0,\"image\":{\"@id\":\"https:\\\/\\\/www.copealcoy.es\\\/es\\\/informativo-matinal-miercoles-5-de-febrero-2025-0750h\\\/#primaryimage\"},\"thumbnailUrl\":\"https:\\\/\\\/www.copealcoy.es\\\/wp-content\\\/uploads\\\/2025\\\/01\\\/Informativo-matinal-castellano-3.png\",\"articleSection\":[\"Actualidad\",\"Audios de los programas\",\"Informativos\",\"Noticias\"],\"inLanguage\":\"es\"},{\"@type\":\"WebPage\",\"@id\":\"https:\\\/\\\/www.copealcoy.es\\\/es\\\/informativo-matinal-miercoles-5-de-febrero-2025-0750h\\\/\",\"url\":\"https:\\\/\\\/www.copealcoy.es\\\/es\\\/informativo-matinal-miercoles-5-de-febrero-2025-0750h\\\/\",\"name\":\"Informativo matinal mi\u00e9rcoles 5 de febrero 2025 (07:50h) - COPE Alcoy\",\"isPartOf\":{\"@id\":\"https:\\\/\\\/www.copealcoy.es\\\/es\\\/#website\"},\"primaryImageOfPage\":{\"@id\":\"https:\\\/\\\/www.copealcoy.es\\\/es\\\/informativo-matinal-miercoles-5-de-febrero-2025-0750h\\\/#primaryimage\"},\"image\":{\"@id\":\"https:\\\/\\\/www.copealcoy.es\\\/es\\\/informativo-matinal-miercoles-5-de-febrero-2025-0750h\\\/#primaryimage\"},\"thumbnailUrl\":\"https:\\\/\\\/www.copealcoy.es\\\/wp-content\\\/uploads\\\/2025\\\/01\\\/Informativo-matinal-castellano-3.png\",\"datePublished\":\"2025-02-05T06:30:59+00:00\",\"dateModified\":\"2025-02-15T18:44:38+00:00\",\"author\":{\"@id\":\"https:\\\/\\\/www.copealcoy.es\\\/es\\\/#\\\/schema\\\/person\\\/e777c87fa024e57d40170af9df39882c\"},\"breadcrumb\":{\"@id\":\"https:\\\/\\\/www.copealcoy.es\\\/es\\\/informativo-matinal-miercoles-5-de-febrero-2025-0750h\\\/#breadcrumb\"},\"inLanguage\":\"es\",\"potentialAction\":[{\"@type\":\"ReadAction\",\"target\":[\"https:\\\/\\\/www.copealcoy.es\\\/es\\\/informativo-matinal-miercoles-5-de-febrero-2025-0750h\\\/\"]}]},{\"@type\":\"ImageObject\",\"inLanguage\":\"es\",\"@id\":\"https:\\\/\\\/www.copealcoy.es\\\/es\\\/informativo-matinal-miercoles-5-de-febrero-2025-0750h\\\/#primaryimage\",\"url\":\"https:\\\/\\\/www.copealcoy.es\\\/wp-content\\\/uploads\\\/2025\\\/01\\\/Informativo-matinal-castellano-3.png\",\"contentUrl\":\"https:\\\/\\\/www.copealcoy.es\\\/wp-content\\\/uploads\\\/2025\\\/01\\\/Informativo-matinal-castellano-3.png\",\"width\":357,\"height\":290},{\"@type\":\"BreadcrumbList\",\"@id\":\"https:\\\/\\\/www.copealcoy.es\\\/es\\\/informativo-matinal-miercoles-5-de-febrero-2025-0750h\\\/#breadcrumb\",\"itemListElement\":[{\"@type\":\"ListItem\",\"position\":1,\"name\":\"Portada\",\"item\":\"https:\\\/\\\/www.copealcoy.es\\\/es\\\/\"},{\"@type\":\"ListItem\",\"position\":2,\"name\":\"Informativo matinal mi\u00e9rcoles 5 de febrero 2025 (07:50h)\"}]},{\"@type\":\"WebSite\",\"@id\":\"https:\\\/\\\/www.copealcoy.es\\\/es\\\/#website\",\"url\":\"https:\\\/\\\/www.copealcoy.es\\\/es\\\/\",\"name\":\"COPE Alcoy\",\"description\":\"Emisora COPE de radio local con emisi\u00f3n online. Pont de Sant Jordi 8-10 03803 Alcoy\",\"potentialAction\":[{\"@type\":\"SearchAction\",\"target\":{\"@type\":\"EntryPoint\",\"urlTemplate\":\"https:\\\/\\\/www.copealcoy.es\\\/es\\\/?s={search_term_string}\"},\"query-input\":{\"@type\":\"PropertyValueSpecification\",\"valueRequired\":true,\"valueName\":\"search_term_string\"}}],\"inLanguage\":\"es\"},{\"@type\":\"Person\",\"@id\":\"https:\\\/\\\/www.copealcoy.es\\\/es\\\/#\\\/schema\\\/person\\\/e777c87fa024e57d40170af9df39882c\",\"name\":\"Cope Alcoy\",\"image\":{\"@type\":\"ImageObject\",\"inLanguage\":\"es\",\"@id\":\"https:\\\/\\\/secure.gravatar.com\\\/avatar\\\/bb65d0283347e303893ba14f0692005417c1e0e690a325a4c5d8bb2b3943ee14?s=96&d=mm&r=g\",\"url\":\"https:\\\/\\\/secure.gravatar.com\\\/avatar\\\/bb65d0283347e303893ba14f0692005417c1e0e690a325a4c5d8bb2b3943ee14?s=96&d=mm&r=g\",\"contentUrl\":\"https:\\\/\\\/secure.gravatar.com\\\/avatar\\\/bb65d0283347e303893ba14f0692005417c1e0e690a325a4c5d8bb2b3943ee14?s=96&d=mm&r=g\",\"caption\":\"Cope Alcoy\"}}]}<\/script>\n<!-- \/ Yoast SEO plugin. -->","yoast_head_json":{"title":"Informativo matinal mi\u00e9rcoles 5 de febrero 2025 (07:50h) - COPE Alcoy","robots":{"index":"index","follow":"follow","max-snippet":"max-snippet:-1","max-image-preview":"max-image-preview:large","max-video-preview":"max-video-preview:-1"},"canonical":"https:\/\/www.copealcoy.es\/es\/informativo-matinal-miercoles-5-de-febrero-2025-0750h\/","og_locale":"es_ES","og_type":"article","og_title":"Informativo matinal mi\u00e9rcoles 5 de febrero 2025 (07:50h) - COPE Alcoy","og_description":"Hoy mi\u00e9rcoles hemos recordado la inversi\u00f3n que ha realizado AITEX para dotar de una nueva imagen al Hospital de D\u00eda...","og_url":"https:\/\/www.copealcoy.es\/es\/informativo-matinal-miercoles-5-de-febrero-2025-0750h\/","og_site_name":"COPE Alcoy","article_published_time":"2025-02-05T06:30:59+00:00","article_modified_time":"2025-02-15T18:44:38+00:00","og_image":[{"width":357,"height":290,"url":"https:\/\/www.copealcoy.es\/wp-content\/uploads\/2025\/01\/Informativo-matinal-castellano-3.png","type":"image\/png"}],"author":"Cope Alcoy","twitter_misc":{"Escrito por":"Cope Alcoy","Tiempo de lectura":"5 minutos"},"schema":{"@context":"https:\/\/schema.org","@graph":[{"@type":"Article","@id":"https:\/\/www.copealcoy.es\/es\/informativo-matinal-miercoles-5-de-febrero-2025-0750h\/#article","isPartOf":{"@id":"https:\/\/www.copealcoy.es\/es\/informativo-matinal-miercoles-5-de-febrero-2025-0750h\/"},"author":{"name":"Cope Alcoy","@id":"https:\/\/www.copealcoy.es\/es\/#\/schema\/person\/e777c87fa024e57d40170af9df39882c"},"headline":"Informativo matinal mi\u00e9rcoles 5 de febrero 2025 (07:50h)","datePublished":"2025-02-05T06:30:59+00:00","dateModified":"2025-02-15T18:44:38+00:00","mainEntityOfPage":{"@id":"https:\/\/www.copealcoy.es\/es\/informativo-matinal-miercoles-5-de-febrero-2025-0750h\/"},"wordCount":812,"commentCount":0,"image":{"@id":"https:\/\/www.copealcoy.es\/es\/informativo-matinal-miercoles-5-de-febrero-2025-0750h\/#primaryimage"},"thumbnailUrl":"https:\/\/www.copealcoy.es\/wp-content\/uploads\/2025\/01\/Informativo-matinal-castellano-3.png","articleSection":["Actualidad","Audios de los programas","Informativos","Noticias"],"inLanguage":"es"},{"@type":"WebPage","@id":"https:\/\/www.copealcoy.es\/es\/informativo-matinal-miercoles-5-de-febrero-2025-0750h\/","url":"https:\/\/www.copealcoy.es\/es\/informativo-matinal-miercoles-5-de-febrero-2025-0750h\/","name":"Informativo matinal mi\u00e9rcoles 5 de febrero 2025 (07:50h) - COPE Alcoy","isPartOf":{"@id":"https:\/\/www.copealcoy.es\/es\/#website"},"primaryImageOfPage":{"@id":"https:\/\/www.copealcoy.es\/es\/informativo-matinal-miercoles-5-de-febrero-2025-0750h\/#primaryimage"},"image":{"@id":"https:\/\/www.copealcoy.es\/es\/informativo-matinal-miercoles-5-de-febrero-2025-0750h\/#primaryimage"},"thumbnailUrl":"https:\/\/www.copealcoy.es\/wp-content\/uploads\/2025\/01\/Informativo-matinal-castellano-3.png","datePublished":"2025-02-05T06:30:59+00:00","dateModified":"2025-02-15T18:44:38+00:00","author":{"@id":"https:\/\/www.copealcoy.es\/es\/#\/schema\/person\/e777c87fa024e57d40170af9df39882c"},"breadcrumb":{"@id":"https:\/\/www.copealcoy.es\/es\/informativo-matinal-miercoles-5-de-febrero-2025-0750h\/#breadcrumb"},"inLanguage":"es","potentialAction":[{"@type":"ReadAction","target":["https:\/\/www.copealcoy.es\/es\/informativo-matinal-miercoles-5-de-febrero-2025-0750h\/"]}]},{"@type":"ImageObject","inLanguage":"es","@id":"https:\/\/www.copealcoy.es\/es\/informativo-matinal-miercoles-5-de-febrero-2025-0750h\/#primaryimage","url":"https:\/\/www.copealcoy.es\/wp-content\/uploads\/2025\/01\/Informativo-matinal-castellano-3.png","contentUrl":"https:\/\/www.copealcoy.es\/wp-content\/uploads\/2025\/01\/Informativo-matinal-castellano-3.png","width":357,"height":290},{"@type":"BreadcrumbList","@id":"https:\/\/www.copealcoy.es\/es\/informativo-matinal-miercoles-5-de-febrero-2025-0750h\/#breadcrumb","itemListElement":[{"@type":"ListItem","position":1,"name":"Portada","item":"https:\/\/www.copealcoy.es\/es\/"},{"@type":"ListItem","position":2,"name":"Informativo matinal mi\u00e9rcoles 5 de febrero 2025 (07:50h)"}]},{"@type":"WebSite","@id":"https:\/\/www.copealcoy.es\/es\/#website","url":"https:\/\/www.copealcoy.es\/es\/","name":"COPE Alcoy","description":"Emisora COPE de radio local con emisi\u00f3n online. Pont de Sant Jordi 8-10 03803 Alcoy","potentialAction":[{"@type":"SearchAction","target":{"@type":"EntryPoint","urlTemplate":"https:\/\/www.copealcoy.es\/es\/?s={search_term_string}"},"query-input":{"@type":"PropertyValueSpecification","valueRequired":true,"valueName":"search_term_string"}}],"inLanguage":"es"},{"@type":"Person","@id":"https:\/\/www.copealcoy.es\/es\/#\/schema\/person\/e777c87fa024e57d40170af9df39882c","name":"Cope Alcoy","image":{"@type":"ImageObject","inLanguage":"es","@id":"https:\/\/secure.gravatar.com\/avatar\/bb65d0283347e303893ba14f0692005417c1e0e690a325a4c5d8bb2b3943ee14?s=96&d=mm&r=g","url":"https:\/\/secure.gravatar.com\/avatar\/bb65d0283347e303893ba14f0692005417c1e0e690a325a4c5d8bb2b3943ee14?s=96&d=mm&r=g","contentUrl":"https:\/\/secure.gravatar.com\/avatar\/bb65d0283347e303893ba14f0692005417c1e0e690a325a4c5d8bb2b3943ee14?s=96&d=mm&r=g","caption":"Cope Alcoy"}}]}},"_links":{"self":[{"href":"https:\/\/www.copealcoy.es\/es\/wp-json\/wp\/v2\/posts\/147176","targetHints":{"allow":["GET"]}}],"collection":[{"href":"https:\/\/www.copealcoy.es\/es\/wp-json\/wp\/v2\/posts"}],"about":[{"href":"https:\/\/www.copealcoy.es\/es\/wp-json\/wp\/v2\/types\/post"}],"author":[{"embeddable":true,"href":"https:\/\/www.copealcoy.es\/es\/wp-json\/wp\/v2\/users\/1"}],"replies":[{"embeddable":true,"href":"https:\/\/www.copealcoy.es\/es\/wp-json\/wp\/v2\/comments?post=147176"}],"version-history":[{"count":0,"href":"https:\/\/www.copealcoy.es\/es\/wp-json\/wp\/v2\/posts\/147176\/revisions"}],"wp:featuredmedia":[{"embeddable":true,"href":"https:\/\/www.copealcoy.es\/es\/wp-json\/wp\/v2\/media\/147419"}],"wp:attachment":[{"href":"https:\/\/www.copealcoy.es\/es\/wp-json\/wp\/v2\/media?parent=147176"}],"wp:term":[{"taxonomy":"category","embeddable":true,"href":"https:\/\/www.copealcoy.es\/es\/wp-json\/wp\/v2\/categories?post=147176"},{"taxonomy":"post_tag","embeddable":true,"href":"https:\/\/www.copealcoy.es\/es\/wp-json\/wp\/v2\/tags?post=147176"}],"curies":[{"name":"wp","href":"https:\/\/api.w.org\/{rel}","templated":true}]}}