{"id":147132,"date":"2025-02-04T07:30:44","date_gmt":"2025-02-04T06:30:44","guid":{"rendered":"https:\/\/www.copealcoy.es\/?p=147132"},"modified":"2025-02-15T19:46:36","modified_gmt":"2025-02-15T18:46:36","slug":"informativo-matinal-martes-4-de-febrero-2025-0750h","status":"publish","type":"post","link":"https:\/\/www.copealcoy.es\/es\/informativo-matinal-martes-4-de-febrero-2025-0750h\/","title":{"rendered":"Informativo matinal martes 4 de febrero 2025 (07:50h)"},"content":{"rendered":"<p><iframe loading=\"lazy\" title=\"Informativo Matinal Martes 4 De Febrero 2025 (07:50h)\" width=\"100%\" height=\"120\" src=\"https:\/\/www.mixcloud.com\/widget\/iframe\/?feed=https%3A%2F%2Fwww.mixcloud.com%2FCOPEAlcoy%2Finformativo-matinal-martes-4-de-febrero-2025-0750h%2F&amp;hide_cover=1\" frameborder=\"0\"><\/iframe><\/p>\n<p style=\"text-align: justify;\">Hoy martes hemos recordado que <strong>en el 4 de febrero conmemoramos el D\u00eda Internacional de la lucha contra el C\u00e1ncer<\/strong>. Tambi\u00e9n hemos hablado del <strong>AOVE F\u00f3rum Internacional Fira de Cocentaina<\/strong> que tuvo lugar la pasada semana.<\/p>\n<p style=\"text-align: justify;\">La\u00a0<strong>Finca Varona la Vella<\/strong>, situada en Sant Mateu (Castell\u00f3), se ha consagrado como\u00a0<strong>la gran vencedora del\u00a0<span style=\"color: #0000ff;\"><a style=\"color: #0000ff;\" href=\"https:\/\/www.firadecocentaina.org\/es\/ocio\/actividades\/v-aove-forum-internacional\" target=\"_blank\" rel=\"noopener\">V AOVE F\u00f3rum Internacional-Fira de Tots Sants<\/a><\/span><\/strong>, celebrado en Cocentaina del 29 al 31 de enero. Este certamen,\u00a0<strong>que re\u00fane a los mejores productores de aceite de oliva virgen extra<\/strong>, otorg\u00f3 a la firma castellonense tres importantes galardones, consolidando la variedad Morrut como un referente en la producci\u00f3n de AOVE.<\/p>\n<p style=\"text-align: justify;\">Entre<strong>\u00a0los premios obtenidos<\/strong>\u00a0por Finca Varona la Vella se encuentran el reconocimiento al Mejor AOVE de la Comunidad Valenciana y el Mejor AOVE Ecol\u00f3gico de la Comunidad Valenciana. Adem\u00e1s, logr\u00f3 el Primer Premio al Mejor AOVE, este \u00faltimo compartido con El Empiedro, de la DO Priego de C\u00f3rdoba. Pablo Pascual, representante de Finca Varona la Vella,\u00a0<strong>expres\u00f3 su satisfacci\u00f3n<\/strong>\u00a0durante la entrega: \u00abe<em>s un aceite delicado pero muy complejo. El panel de cata ha resaltado su persistencia en boca, lo que confirma que estamos en el camino correcto. Estos premios son un reconocimiento al trabajo de todo el a\u00f1o<\/em>\u00ab, manifest\u00f3.<\/p>\n<p style=\"text-align: justify;\">La ceremonia<strong>\u00a0tuvo lugar en el Centre Cultural El Teular<\/strong>\u00a0y cont\u00f3 con la presencia de\u00a0 expertos del sector y una nutrida representaci\u00f3n institucional encabezada por el Diputado Provincial;\u00a0<strong>Carlos Pastor<\/strong>. Junto a \u00e9l se encontraban\u00a0<strong>Jordi Pla<\/strong>, alcalde de Cocentaina; y\u00a0<strong>Mar\u00eda Luisa Ruiz<\/strong>, jefe del Panel Oficial de Cata de Aceite de Oliva Virgen de la Comunidad Valenciana. El panel de cata, compuesto por 18 especialistas bajo la direcci\u00f3n de Ruiz,\u00a0<strong>evalu\u00f3 los aceites presentados<\/strong>\u00a0a ciegas, evidenciando el alto nivel competitivo con dos empates t\u00e9cnicos registrados en las categor\u00edas.<\/p>\n<p style=\"text-align: justify;\">Adem\u00e1s de los premios a los aceites,\u00a0<strong>el certamen tambi\u00e9n otorg\u00f3 reconocimientos a iniciativas destacadas en la difusi\u00f3n del AOVE<\/strong>. La\u00a0<strong>Fundaci\u00f3n Dieta Mediterr\u00e1nea<\/strong>\u00a0recibi\u00f3 un premio que fue recogido por la nutricionista Blanca Raid\u00f3 tras su ponencia durante el evento. Asimismo,\u00a0<strong>el programa Aqu\u00ed la Tierra de RTVE<\/strong>\u00a0fue reconocido por su labor informativa sobre el aceite.<\/p>\n<p style=\"text-align: justify;\"><strong>Marcela Richart<\/strong>, edil de Fira, valor\u00f3 positivamente el desarrollo del certamen y su crecimiento en cada edici\u00f3n: \u00ab<em>Ha sido una edici\u00f3n muy completa que ha introducido interesantes novedades en programaci\u00f3n y formato<\/em>\u00ab. Por su parte,\u00a0<strong>Jordi Pla<\/strong>\u00a0reafirm\u00f3 el compromiso municipal con el sector primario y destac\u00f3 que \u00ab<em>Cocentaina seguir\u00e1 siendo un referente para eventos que promueven productos aut\u00f3ctonos\u00bb,\u00a0<\/em>dijo el primer edil contestano<em>.\u00a0<\/em>Finalmente,\u00a0<strong>Rafael Montava<\/strong>, presidente de la Cooperativa Agr\u00edcola Cat\u00f3lica de Cocentaina, promotora del evento, destac\u00f3 el nivel excepcional de los aceites participantes y expres\u00f3 su agradecimiento a todos los que hab\u00edan hecho posible el V AOVE F\u00f3rum Internacional Fira de Cocentaina.<\/p>\n<p style=\"text-align: justify;\">El evento culmin\u00f3 con\u00a0<strong>una cata experiencial<\/strong>\u00a0guiada por OLENDA que permiti\u00f3 a los asistentes descubrir las caracter\u00edsticas sensoriales de los aceites premiados. Esta actividad estuvo amenizada por m\u00fasica tradicional del Grupo Margall\u00f3, fusionando gastronom\u00eda y cultura. Como broche final,\u00a0<strong>el Chef Dani Garc\u00eda Peinado<\/strong>\u00a0ofreci\u00f3 un showcooking utilizando los aceites galardonados para demostrar su versatilidad en alta cocina.\u00a0 Tras el \u00e9xito de esta edici\u00f3n,\u00a0 la organizaci\u00f3n\u00a0<strong>ya est\u00e1 planificando una sexta\u00a0<\/strong>que promete seguir elevando el prestigio del evento y del producto estrella: el aceite de oliva virgen extra.<\/p>\n","protected":false},"excerpt":{"rendered":"<p>Hoy martes hemos recordado que en el 4 de febrero conmemoramos el D\u00eda Internacional de la lucha contra el C\u00e1ncer&#8230;.<\/p>\n","protected":false},"author":1,"featured_media":147419,"comment_status":"open","ping_status":"open","sticky":false,"template":"","format":"standard","meta":{"footnotes":""},"categories":[6909,89,91,75],"tags":[],"class_list":["post-147132","post","type-post","status-publish","format-standard","has-post-thumbnail","hentry","category-actualidad","category-audiosdelosprogramas","category-informativos","category-noticias"],"yoast_head":"<!-- This site is optimized with the Yoast SEO plugin v27.3 - https:\/\/yoast.com\/product\/yoast-seo-wordpress\/ -->\n<title>Informativo matinal martes 4 de febrero 2025 (07:50h) - COPE Alcoy<\/title>\n<meta name=\"robots\" content=\"index, follow, max-snippet:-1, max-image-preview:large, max-video-preview:-1\" \/>\n<link rel=\"canonical\" href=\"https:\/\/www.copealcoy.es\/es\/informativo-matinal-martes-4-de-febrero-2025-0750h\/\" \/>\n<meta property=\"og:locale\" content=\"es_ES\" \/>\n<meta property=\"og:type\" content=\"article\" \/>\n<meta property=\"og:title\" content=\"Informativo matinal martes 4 de febrero 2025 (07:50h) - COPE Alcoy\" \/>\n<meta property=\"og:description\" content=\"Hoy martes hemos recordado que en el 4 de febrero conmemoramos el D\u00eda Internacional de la lucha contra el C\u00e1ncer....\" \/>\n<meta property=\"og:url\" content=\"https:\/\/www.copealcoy.es\/es\/informativo-matinal-martes-4-de-febrero-2025-0750h\/\" \/>\n<meta property=\"og:site_name\" content=\"COPE Alcoy\" \/>\n<meta property=\"article:published_time\" content=\"2025-02-04T06:30:44+00:00\" \/>\n<meta property=\"article:modified_time\" content=\"2025-02-15T18:46:36+00:00\" \/>\n<meta property=\"og:image\" content=\"https:\/\/www.copealcoy.es\/wp-content\/uploads\/2025\/01\/Informativo-matinal-castellano-3.png\" \/>\n\t<meta property=\"og:image:width\" content=\"357\" \/>\n\t<meta property=\"og:image:height\" content=\"290\" \/>\n\t<meta property=\"og:image:type\" content=\"image\/png\" \/>\n<meta name=\"author\" content=\"Cope Alcoy\" \/>\n<meta name=\"twitter:label1\" content=\"Escrito por\" \/>\n\t<meta name=\"twitter:data1\" content=\"Cope Alcoy\" \/>\n\t<meta name=\"twitter:label2\" content=\"Tiempo de lectura\" \/>\n\t<meta name=\"twitter:data2\" content=\"4 minutos\" \/>\n<script type=\"application\/ld+json\" class=\"yoast-schema-graph\">{\"@context\":\"https:\\\/\\\/schema.org\",\"@graph\":[{\"@type\":\"Article\",\"@id\":\"https:\\\/\\\/www.copealcoy.es\\\/es\\\/informativo-matinal-martes-4-de-febrero-2025-0750h\\\/#article\",\"isPartOf\":{\"@id\":\"https:\\\/\\\/www.copealcoy.es\\\/es\\\/informativo-matinal-martes-4-de-febrero-2025-0750h\\\/\"},\"author\":{\"name\":\"Cope Alcoy\",\"@id\":\"https:\\\/\\\/www.copealcoy.es\\\/es\\\/#\\\/schema\\\/person\\\/e777c87fa024e57d40170af9df39882c\"},\"headline\":\"Informativo matinal martes 4 de febrero 2025 (07:50h)\",\"datePublished\":\"2025-02-04T06:30:44+00:00\",\"dateModified\":\"2025-02-15T18:46:36+00:00\",\"mainEntityOfPage\":{\"@id\":\"https:\\\/\\\/www.copealcoy.es\\\/es\\\/informativo-matinal-martes-4-de-febrero-2025-0750h\\\/\"},\"wordCount\":597,\"commentCount\":0,\"image\":{\"@id\":\"https:\\\/\\\/www.copealcoy.es\\\/es\\\/informativo-matinal-martes-4-de-febrero-2025-0750h\\\/#primaryimage\"},\"thumbnailUrl\":\"https:\\\/\\\/www.copealcoy.es\\\/wp-content\\\/uploads\\\/2025\\\/01\\\/Informativo-matinal-castellano-3.png\",\"articleSection\":[\"Actualidad\",\"Audios de los programas\",\"Informativos\",\"Noticias\"],\"inLanguage\":\"es\"},{\"@type\":\"WebPage\",\"@id\":\"https:\\\/\\\/www.copealcoy.es\\\/es\\\/informativo-matinal-martes-4-de-febrero-2025-0750h\\\/\",\"url\":\"https:\\\/\\\/www.copealcoy.es\\\/es\\\/informativo-matinal-martes-4-de-febrero-2025-0750h\\\/\",\"name\":\"Informativo matinal martes 4 de febrero 2025 (07:50h) - COPE Alcoy\",\"isPartOf\":{\"@id\":\"https:\\\/\\\/www.copealcoy.es\\\/es\\\/#website\"},\"primaryImageOfPage\":{\"@id\":\"https:\\\/\\\/www.copealcoy.es\\\/es\\\/informativo-matinal-martes-4-de-febrero-2025-0750h\\\/#primaryimage\"},\"image\":{\"@id\":\"https:\\\/\\\/www.copealcoy.es\\\/es\\\/informativo-matinal-martes-4-de-febrero-2025-0750h\\\/#primaryimage\"},\"thumbnailUrl\":\"https:\\\/\\\/www.copealcoy.es\\\/wp-content\\\/uploads\\\/2025\\\/01\\\/Informativo-matinal-castellano-3.png\",\"datePublished\":\"2025-02-04T06:30:44+00:00\",\"dateModified\":\"2025-02-15T18:46:36+00:00\",\"author\":{\"@id\":\"https:\\\/\\\/www.copealcoy.es\\\/es\\\/#\\\/schema\\\/person\\\/e777c87fa024e57d40170af9df39882c\"},\"breadcrumb\":{\"@id\":\"https:\\\/\\\/www.copealcoy.es\\\/es\\\/informativo-matinal-martes-4-de-febrero-2025-0750h\\\/#breadcrumb\"},\"inLanguage\":\"es\",\"potentialAction\":[{\"@type\":\"ReadAction\",\"target\":[\"https:\\\/\\\/www.copealcoy.es\\\/es\\\/informativo-matinal-martes-4-de-febrero-2025-0750h\\\/\"]}]},{\"@type\":\"ImageObject\",\"inLanguage\":\"es\",\"@id\":\"https:\\\/\\\/www.copealcoy.es\\\/es\\\/informativo-matinal-martes-4-de-febrero-2025-0750h\\\/#primaryimage\",\"url\":\"https:\\\/\\\/www.copealcoy.es\\\/wp-content\\\/uploads\\\/2025\\\/01\\\/Informativo-matinal-castellano-3.png\",\"contentUrl\":\"https:\\\/\\\/www.copealcoy.es\\\/wp-content\\\/uploads\\\/2025\\\/01\\\/Informativo-matinal-castellano-3.png\",\"width\":357,\"height\":290},{\"@type\":\"BreadcrumbList\",\"@id\":\"https:\\\/\\\/www.copealcoy.es\\\/es\\\/informativo-matinal-martes-4-de-febrero-2025-0750h\\\/#breadcrumb\",\"itemListElement\":[{\"@type\":\"ListItem\",\"position\":1,\"name\":\"Portada\",\"item\":\"https:\\\/\\\/www.copealcoy.es\\\/es\\\/\"},{\"@type\":\"ListItem\",\"position\":2,\"name\":\"Informativo matinal martes 4 de febrero 2025 (07:50h)\"}]},{\"@type\":\"WebSite\",\"@id\":\"https:\\\/\\\/www.copealcoy.es\\\/es\\\/#website\",\"url\":\"https:\\\/\\\/www.copealcoy.es\\\/es\\\/\",\"name\":\"COPE Alcoy\",\"description\":\"Emisora COPE de radio local con emisi\u00f3n online. Pont de Sant Jordi 8-10 03803 Alcoy\",\"potentialAction\":[{\"@type\":\"SearchAction\",\"target\":{\"@type\":\"EntryPoint\",\"urlTemplate\":\"https:\\\/\\\/www.copealcoy.es\\\/es\\\/?s={search_term_string}\"},\"query-input\":{\"@type\":\"PropertyValueSpecification\",\"valueRequired\":true,\"valueName\":\"search_term_string\"}}],\"inLanguage\":\"es\"},{\"@type\":\"Person\",\"@id\":\"https:\\\/\\\/www.copealcoy.es\\\/es\\\/#\\\/schema\\\/person\\\/e777c87fa024e57d40170af9df39882c\",\"name\":\"Cope Alcoy\",\"image\":{\"@type\":\"ImageObject\",\"inLanguage\":\"es\",\"@id\":\"https:\\\/\\\/secure.gravatar.com\\\/avatar\\\/bb65d0283347e303893ba14f0692005417c1e0e690a325a4c5d8bb2b3943ee14?s=96&d=mm&r=g\",\"url\":\"https:\\\/\\\/secure.gravatar.com\\\/avatar\\\/bb65d0283347e303893ba14f0692005417c1e0e690a325a4c5d8bb2b3943ee14?s=96&d=mm&r=g\",\"contentUrl\":\"https:\\\/\\\/secure.gravatar.com\\\/avatar\\\/bb65d0283347e303893ba14f0692005417c1e0e690a325a4c5d8bb2b3943ee14?s=96&d=mm&r=g\",\"caption\":\"Cope Alcoy\"}}]}<\/script>\n<!-- \/ Yoast SEO plugin. -->","yoast_head_json":{"title":"Informativo matinal martes 4 de febrero 2025 (07:50h) - COPE Alcoy","robots":{"index":"index","follow":"follow","max-snippet":"max-snippet:-1","max-image-preview":"max-image-preview:large","max-video-preview":"max-video-preview:-1"},"canonical":"https:\/\/www.copealcoy.es\/es\/informativo-matinal-martes-4-de-febrero-2025-0750h\/","og_locale":"es_ES","og_type":"article","og_title":"Informativo matinal martes 4 de febrero 2025 (07:50h) - COPE Alcoy","og_description":"Hoy martes hemos recordado que en el 4 de febrero conmemoramos el D\u00eda Internacional de la lucha contra el C\u00e1ncer....","og_url":"https:\/\/www.copealcoy.es\/es\/informativo-matinal-martes-4-de-febrero-2025-0750h\/","og_site_name":"COPE Alcoy","article_published_time":"2025-02-04T06:30:44+00:00","article_modified_time":"2025-02-15T18:46:36+00:00","og_image":[{"width":357,"height":290,"url":"https:\/\/www.copealcoy.es\/wp-content\/uploads\/2025\/01\/Informativo-matinal-castellano-3.png","type":"image\/png"}],"author":"Cope Alcoy","twitter_misc":{"Escrito por":"Cope Alcoy","Tiempo de lectura":"4 minutos"},"schema":{"@context":"https:\/\/schema.org","@graph":[{"@type":"Article","@id":"https:\/\/www.copealcoy.es\/es\/informativo-matinal-martes-4-de-febrero-2025-0750h\/#article","isPartOf":{"@id":"https:\/\/www.copealcoy.es\/es\/informativo-matinal-martes-4-de-febrero-2025-0750h\/"},"author":{"name":"Cope Alcoy","@id":"https:\/\/www.copealcoy.es\/es\/#\/schema\/person\/e777c87fa024e57d40170af9df39882c"},"headline":"Informativo matinal martes 4 de febrero 2025 (07:50h)","datePublished":"2025-02-04T06:30:44+00:00","dateModified":"2025-02-15T18:46:36+00:00","mainEntityOfPage":{"@id":"https:\/\/www.copealcoy.es\/es\/informativo-matinal-martes-4-de-febrero-2025-0750h\/"},"wordCount":597,"commentCount":0,"image":{"@id":"https:\/\/www.copealcoy.es\/es\/informativo-matinal-martes-4-de-febrero-2025-0750h\/#primaryimage"},"thumbnailUrl":"https:\/\/www.copealcoy.es\/wp-content\/uploads\/2025\/01\/Informativo-matinal-castellano-3.png","articleSection":["Actualidad","Audios de los programas","Informativos","Noticias"],"inLanguage":"es"},{"@type":"WebPage","@id":"https:\/\/www.copealcoy.es\/es\/informativo-matinal-martes-4-de-febrero-2025-0750h\/","url":"https:\/\/www.copealcoy.es\/es\/informativo-matinal-martes-4-de-febrero-2025-0750h\/","name":"Informativo matinal martes 4 de febrero 2025 (07:50h) - COPE Alcoy","isPartOf":{"@id":"https:\/\/www.copealcoy.es\/es\/#website"},"primaryImageOfPage":{"@id":"https:\/\/www.copealcoy.es\/es\/informativo-matinal-martes-4-de-febrero-2025-0750h\/#primaryimage"},"image":{"@id":"https:\/\/www.copealcoy.es\/es\/informativo-matinal-martes-4-de-febrero-2025-0750h\/#primaryimage"},"thumbnailUrl":"https:\/\/www.copealcoy.es\/wp-content\/uploads\/2025\/01\/Informativo-matinal-castellano-3.png","datePublished":"2025-02-04T06:30:44+00:00","dateModified":"2025-02-15T18:46:36+00:00","author":{"@id":"https:\/\/www.copealcoy.es\/es\/#\/schema\/person\/e777c87fa024e57d40170af9df39882c"},"breadcrumb":{"@id":"https:\/\/www.copealcoy.es\/es\/informativo-matinal-martes-4-de-febrero-2025-0750h\/#breadcrumb"},"inLanguage":"es","potentialAction":[{"@type":"ReadAction","target":["https:\/\/www.copealcoy.es\/es\/informativo-matinal-martes-4-de-febrero-2025-0750h\/"]}]},{"@type":"ImageObject","inLanguage":"es","@id":"https:\/\/www.copealcoy.es\/es\/informativo-matinal-martes-4-de-febrero-2025-0750h\/#primaryimage","url":"https:\/\/www.copealcoy.es\/wp-content\/uploads\/2025\/01\/Informativo-matinal-castellano-3.png","contentUrl":"https:\/\/www.copealcoy.es\/wp-content\/uploads\/2025\/01\/Informativo-matinal-castellano-3.png","width":357,"height":290},{"@type":"BreadcrumbList","@id":"https:\/\/www.copealcoy.es\/es\/informativo-matinal-martes-4-de-febrero-2025-0750h\/#breadcrumb","itemListElement":[{"@type":"ListItem","position":1,"name":"Portada","item":"https:\/\/www.copealcoy.es\/es\/"},{"@type":"ListItem","position":2,"name":"Informativo matinal martes 4 de febrero 2025 (07:50h)"}]},{"@type":"WebSite","@id":"https:\/\/www.copealcoy.es\/es\/#website","url":"https:\/\/www.copealcoy.es\/es\/","name":"COPE Alcoy","description":"Emisora COPE de radio local con emisi\u00f3n online. Pont de Sant Jordi 8-10 03803 Alcoy","potentialAction":[{"@type":"SearchAction","target":{"@type":"EntryPoint","urlTemplate":"https:\/\/www.copealcoy.es\/es\/?s={search_term_string}"},"query-input":{"@type":"PropertyValueSpecification","valueRequired":true,"valueName":"search_term_string"}}],"inLanguage":"es"},{"@type":"Person","@id":"https:\/\/www.copealcoy.es\/es\/#\/schema\/person\/e777c87fa024e57d40170af9df39882c","name":"Cope Alcoy","image":{"@type":"ImageObject","inLanguage":"es","@id":"https:\/\/secure.gravatar.com\/avatar\/bb65d0283347e303893ba14f0692005417c1e0e690a325a4c5d8bb2b3943ee14?s=96&d=mm&r=g","url":"https:\/\/secure.gravatar.com\/avatar\/bb65d0283347e303893ba14f0692005417c1e0e690a325a4c5d8bb2b3943ee14?s=96&d=mm&r=g","contentUrl":"https:\/\/secure.gravatar.com\/avatar\/bb65d0283347e303893ba14f0692005417c1e0e690a325a4c5d8bb2b3943ee14?s=96&d=mm&r=g","caption":"Cope Alcoy"}}]}},"_links":{"self":[{"href":"https:\/\/www.copealcoy.es\/es\/wp-json\/wp\/v2\/posts\/147132","targetHints":{"allow":["GET"]}}],"collection":[{"href":"https:\/\/www.copealcoy.es\/es\/wp-json\/wp\/v2\/posts"}],"about":[{"href":"https:\/\/www.copealcoy.es\/es\/wp-json\/wp\/v2\/types\/post"}],"author":[{"embeddable":true,"href":"https:\/\/www.copealcoy.es\/es\/wp-json\/wp\/v2\/users\/1"}],"replies":[{"embeddable":true,"href":"https:\/\/www.copealcoy.es\/es\/wp-json\/wp\/v2\/comments?post=147132"}],"version-history":[{"count":0,"href":"https:\/\/www.copealcoy.es\/es\/wp-json\/wp\/v2\/posts\/147132\/revisions"}],"wp:featuredmedia":[{"embeddable":true,"href":"https:\/\/www.copealcoy.es\/es\/wp-json\/wp\/v2\/media\/147419"}],"wp:attachment":[{"href":"https:\/\/www.copealcoy.es\/es\/wp-json\/wp\/v2\/media?parent=147132"}],"wp:term":[{"taxonomy":"category","embeddable":true,"href":"https:\/\/www.copealcoy.es\/es\/wp-json\/wp\/v2\/categories?post=147132"},{"taxonomy":"post_tag","embeddable":true,"href":"https:\/\/www.copealcoy.es\/es\/wp-json\/wp\/v2\/tags?post=147132"}],"curies":[{"name":"wp","href":"https:\/\/api.w.org\/{rel}","templated":true}]}}