{"id":147050,"date":"2025-02-04T11:38:57","date_gmt":"2025-02-04T10:38:57","guid":{"rendered":"https:\/\/www.copealcoy.es\/?p=147050"},"modified":"2025-02-04T12:37:02","modified_gmt":"2025-02-04T11:37:02","slug":"detenido-en-alcoy-por-robar-en-domicilios-haciendose-pasar-por-albanil","status":"publish","type":"post","link":"https:\/\/www.copealcoy.es\/es\/detenido-en-alcoy-por-robar-en-domicilios-haciendose-pasar-por-albanil\/","title":{"rendered":"Detenido en Alcoy por robar en domicilios haci\u00e9ndose pasar por alba\u00f1il"},"content":{"rendered":"<div id=\"chat_conversation\" class=\"flex flex-col items-center text-sm dark:bg-gray-800 w-full\">\n<div class=\"w-full border-b2 border-black\/10 dark:border-gray-900\/50 text-gray-800 dark:text-gray-100 group dark:bg-gray-800\">\n<div class=\"text-base gap-4 md:gap-6 m-auto md:max-w-2xl lg:max-w-2xl xl:max-w-4xl p-4 md:py-6 flex lg:px-0\">\n<div class=\"w-[calc(100%-50px)] \">\n<div class=\"relative flex flex-col gap-1 md:gap-3 lg:w-[calc(100%-115px)]\">\n<div id=\"copy_848\" class=\"markdown prose w-full break-words dark:prose-invert dark system_write\">\n<p style=\"text-align: justify;\">La <a href=\"https:\/\/policia.es\/_es\/index.php\" target=\"_blank\" rel=\"noopener\"><span style=\"color: #0000ff;\"><strong>Polic\u00eda Nacional<\/strong><\/span><\/a> ha llevado a cabo <strong>la detenci\u00f3n de un var\u00f3n en Alcoy<\/strong>, al que se le imputan un delito de robo con fuerza y dos de hurto. El arresto <strong>se produjo despu\u00e9s de que el sospechoso se hiciera pasar por un trabajador multiservicios<\/strong> para acceder a dos domicilios familiares, donde sustrajo diversos objetos de valor.<\/p>\n<p style=\"text-align: justify;\">La<strong> investigaci\u00f3n<\/strong> comenz\u00f3 cuando una de las v\u00edctimas, residente en la ciudad, denunci\u00f3 la desaparici\u00f3n de una hucha con aproximadamente 600 euros en su interior. La mujer <strong>hab\u00eda solicitado los servicios de un profesional a trav\u00e9s de un grupo de ofertas<\/strong> en una conocida red social, debido a la rotura de una tuber\u00eda en su hogar. Tras realizar la reparaci\u00f3n, <strong>el supuesto \u2018manitas\u2019 gan\u00f3 la confianza de la v\u00edctima y recibi\u00f3 encargos adicionale<\/strong>s para realizar reformas tanto en su casa como en la de su madre.<\/p>\n<p style=\"text-align: justify;\">El detenido <strong>logr\u00f3 obtener un juego de llaves<\/strong>, lo que le permiti\u00f3 entrar y salir del inmueble sin levantar sospechas. Aprovechando que las propietarias no estaban en casa durante las ma\u00f1anas por motivos laborales, el hombre pudo localizar y sustraer joyas, dinero y otros efectos personales sin ser descubierto. Fue al notar la falta de varios objetos valiosos <strong>cuando las v\u00edctimas decidieron acudir a la Comisar\u00eda de Polic\u00eda Nacional en Alcoy<\/strong> para informar sobre los robos. Con la informaci\u00f3n proporcionada, la Polic\u00eda Judicial <strong>inici\u00f3 una investigaci\u00f3n<\/strong> que incluy\u00f3 el rastreo de establecimientos dedicados a la compra y empe\u00f1o de oro en el municipio. As\u00ed, lograron recuperar parte de las joyas sustra\u00eddas, que hab\u00edan sido vendidas por el detenido.<\/p>\n<p style=\"text-align: justify;\">El arrestado, quien <strong>ya contaba con antecedentes policiales por delitos similares<\/strong>, fue puesto a disposici\u00f3n del juzgado de instrucci\u00f3n correspondiente tras completar las diligencias policiales. La investigaci\u00f3n sigue abierta para localizar otros objetos robados que a\u00fan no han sido recuperados.<\/p>\n<\/div>\n<\/div>\n<\/div>\n<\/div>\n<\/div>\n<\/div>\n<div id=\"humanchat_conversation\" class=\"flex flex-col items-center text-sm dark:bg-gray-800 w-full\"><\/div>\n","protected":false},"excerpt":{"rendered":"<p>La Polic\u00eda Nacional ha llevado a cabo la detenci\u00f3n de un var\u00f3n en Alcoy, al que se le imputan un&#8230;<\/p>\n","protected":false},"author":1,"featured_media":129888,"comment_status":"open","ping_status":"open","sticky":false,"template":"","format":"standard","meta":{"footnotes":""},"categories":[97,75,80],"tags":[19160,1494,1393,1836],"class_list":["post-147050","post","type-post","status-publish","format-standard","has-post-thumbnail","hentry","category-alcoy","category-noticias","category-sucesos","tag-albanil","tag-alcoy","tag-detencion","tag-policia-nacional"],"yoast_head":"<!-- This site is optimized with the Yoast SEO plugin v27.3 - https:\/\/yoast.com\/product\/yoast-seo-wordpress\/ -->\n<title>Detenido en Alcoy por robar en domicilios haci\u00e9ndose pasar por alba\u00f1il - COPE Alcoy<\/title>\n<meta name=\"description\" content=\"La Polic\u00eda Nacional ha llevado a cabo la detenci\u00f3n de un var\u00f3n en Alcoy, al que se le imputan un delito de robo con fuerza y dos de hurto\" \/>\n<meta name=\"robots\" content=\"index, follow, max-snippet:-1, max-image-preview:large, max-video-preview:-1\" \/>\n<link rel=\"canonical\" href=\"https:\/\/www.copealcoy.es\/es\/detenido-en-alcoy-por-robar-en-domicilios-haciendose-pasar-por-albanil\/\" \/>\n<meta property=\"og:locale\" content=\"es_ES\" \/>\n<meta property=\"og:type\" content=\"article\" \/>\n<meta property=\"og:title\" content=\"Detenido en Alcoy por robar en domicilios haci\u00e9ndose pasar por alba\u00f1il - COPE Alcoy\" \/>\n<meta property=\"og:description\" content=\"La Polic\u00eda Nacional ha llevado a cabo la detenci\u00f3n de un var\u00f3n en Alcoy, al que se le imputan un delito de robo con fuerza y dos de hurto\" \/>\n<meta property=\"og:url\" content=\"https:\/\/www.copealcoy.es\/es\/detenido-en-alcoy-por-robar-en-domicilios-haciendose-pasar-por-albanil\/\" \/>\n<meta property=\"og:site_name\" content=\"COPE Alcoy\" \/>\n<meta property=\"article:published_time\" content=\"2025-02-04T10:38:57+00:00\" \/>\n<meta property=\"article:modified_time\" content=\"2025-02-04T11:37:02+00:00\" \/>\n<meta property=\"og:image\" content=\"https:\/\/www.copealcoy.es\/wp-content\/uploads\/2024\/02\/Foto-Archivo-Alcoy-con-Escudo-1-980x588-1.jpg\" \/>\n\t<meta property=\"og:image:width\" content=\"980\" \/>\n\t<meta property=\"og:image:height\" content=\"588\" \/>\n\t<meta property=\"og:image:type\" content=\"image\/jpeg\" \/>\n<meta name=\"author\" content=\"Cope Alcoy\" \/>\n<meta name=\"twitter:label1\" content=\"Escrito por\" \/>\n\t<meta name=\"twitter:data1\" content=\"Cope Alcoy\" \/>\n\t<meta name=\"twitter:label2\" content=\"Tiempo de lectura\" \/>\n\t<meta name=\"twitter:data2\" content=\"2 minutos\" \/>\n<script type=\"application\/ld+json\" class=\"yoast-schema-graph\">{\"@context\":\"https:\\\/\\\/schema.org\",\"@graph\":[{\"@type\":\"Article\",\"@id\":\"https:\\\/\\\/www.copealcoy.es\\\/es\\\/detenido-en-alcoy-por-robar-en-domicilios-haciendose-pasar-por-albanil\\\/#article\",\"isPartOf\":{\"@id\":\"https:\\\/\\\/www.copealcoy.es\\\/es\\\/detenido-en-alcoy-por-robar-en-domicilios-haciendose-pasar-por-albanil\\\/\"},\"author\":{\"name\":\"Cope Alcoy\",\"@id\":\"https:\\\/\\\/www.copealcoy.es\\\/es\\\/#\\\/schema\\\/person\\\/e777c87fa024e57d40170af9df39882c\"},\"headline\":\"Detenido en Alcoy por robar en domicilios haci\u00e9ndose pasar por alba\u00f1il\",\"datePublished\":\"2025-02-04T10:38:57+00:00\",\"dateModified\":\"2025-02-04T11:37:02+00:00\",\"mainEntityOfPage\":{\"@id\":\"https:\\\/\\\/www.copealcoy.es\\\/es\\\/detenido-en-alcoy-por-robar-en-domicilios-haciendose-pasar-por-albanil\\\/\"},\"wordCount\":339,\"commentCount\":0,\"image\":{\"@id\":\"https:\\\/\\\/www.copealcoy.es\\\/es\\\/detenido-en-alcoy-por-robar-en-domicilios-haciendose-pasar-por-albanil\\\/#primaryimage\"},\"thumbnailUrl\":\"https:\\\/\\\/www.copealcoy.es\\\/wp-content\\\/uploads\\\/2024\\\/02\\\/Foto-Archivo-Alcoy-con-Escudo-1-980x588-1.jpg\",\"keywords\":[\"alba\u00f1il\",\"Alcoy\",\"detenci\u00f3n\",\"Polic\u00eda Nacional\"],\"articleSection\":[\"Alcoy\",\"Noticias\",\"Sucesos\"],\"inLanguage\":\"es\"},{\"@type\":\"WebPage\",\"@id\":\"https:\\\/\\\/www.copealcoy.es\\\/es\\\/detenido-en-alcoy-por-robar-en-domicilios-haciendose-pasar-por-albanil\\\/\",\"url\":\"https:\\\/\\\/www.copealcoy.es\\\/es\\\/detenido-en-alcoy-por-robar-en-domicilios-haciendose-pasar-por-albanil\\\/\",\"name\":\"Detenido en Alcoy por robar en domicilios haci\u00e9ndose pasar por alba\u00f1il - COPE Alcoy\",\"isPartOf\":{\"@id\":\"https:\\\/\\\/www.copealcoy.es\\\/es\\\/#website\"},\"primaryImageOfPage\":{\"@id\":\"https:\\\/\\\/www.copealcoy.es\\\/es\\\/detenido-en-alcoy-por-robar-en-domicilios-haciendose-pasar-por-albanil\\\/#primaryimage\"},\"image\":{\"@id\":\"https:\\\/\\\/www.copealcoy.es\\\/es\\\/detenido-en-alcoy-por-robar-en-domicilios-haciendose-pasar-por-albanil\\\/#primaryimage\"},\"thumbnailUrl\":\"https:\\\/\\\/www.copealcoy.es\\\/wp-content\\\/uploads\\\/2024\\\/02\\\/Foto-Archivo-Alcoy-con-Escudo-1-980x588-1.jpg\",\"datePublished\":\"2025-02-04T10:38:57+00:00\",\"dateModified\":\"2025-02-04T11:37:02+00:00\",\"author\":{\"@id\":\"https:\\\/\\\/www.copealcoy.es\\\/es\\\/#\\\/schema\\\/person\\\/e777c87fa024e57d40170af9df39882c\"},\"description\":\"La Polic\u00eda Nacional ha llevado a cabo la detenci\u00f3n de un var\u00f3n en Alcoy, al que se le imputan un delito de robo con fuerza y dos de hurto\",\"breadcrumb\":{\"@id\":\"https:\\\/\\\/www.copealcoy.es\\\/es\\\/detenido-en-alcoy-por-robar-en-domicilios-haciendose-pasar-por-albanil\\\/#breadcrumb\"},\"inLanguage\":\"es\",\"potentialAction\":[{\"@type\":\"ReadAction\",\"target\":[\"https:\\\/\\\/www.copealcoy.es\\\/es\\\/detenido-en-alcoy-por-robar-en-domicilios-haciendose-pasar-por-albanil\\\/\"]}]},{\"@type\":\"ImageObject\",\"inLanguage\":\"es\",\"@id\":\"https:\\\/\\\/www.copealcoy.es\\\/es\\\/detenido-en-alcoy-por-robar-en-domicilios-haciendose-pasar-por-albanil\\\/#primaryimage\",\"url\":\"https:\\\/\\\/www.copealcoy.es\\\/wp-content\\\/uploads\\\/2024\\\/02\\\/Foto-Archivo-Alcoy-con-Escudo-1-980x588-1.jpg\",\"contentUrl\":\"https:\\\/\\\/www.copealcoy.es\\\/wp-content\\\/uploads\\\/2024\\\/02\\\/Foto-Archivo-Alcoy-con-Escudo-1-980x588-1.jpg\",\"width\":980,\"height\":588},{\"@type\":\"BreadcrumbList\",\"@id\":\"https:\\\/\\\/www.copealcoy.es\\\/es\\\/detenido-en-alcoy-por-robar-en-domicilios-haciendose-pasar-por-albanil\\\/#breadcrumb\",\"itemListElement\":[{\"@type\":\"ListItem\",\"position\":1,\"name\":\"Portada\",\"item\":\"https:\\\/\\\/www.copealcoy.es\\\/es\\\/\"},{\"@type\":\"ListItem\",\"position\":2,\"name\":\"Detenido en Alcoy por robar en domicilios haci\u00e9ndose pasar por alba\u00f1il\"}]},{\"@type\":\"WebSite\",\"@id\":\"https:\\\/\\\/www.copealcoy.es\\\/es\\\/#website\",\"url\":\"https:\\\/\\\/www.copealcoy.es\\\/es\\\/\",\"name\":\"COPE Alcoy\",\"description\":\"Emisora COPE de radio local con emisi\u00f3n online. Pont de Sant Jordi 8-10 03803 Alcoy\",\"potentialAction\":[{\"@type\":\"SearchAction\",\"target\":{\"@type\":\"EntryPoint\",\"urlTemplate\":\"https:\\\/\\\/www.copealcoy.es\\\/es\\\/?s={search_term_string}\"},\"query-input\":{\"@type\":\"PropertyValueSpecification\",\"valueRequired\":true,\"valueName\":\"search_term_string\"}}],\"inLanguage\":\"es\"},{\"@type\":\"Person\",\"@id\":\"https:\\\/\\\/www.copealcoy.es\\\/es\\\/#\\\/schema\\\/person\\\/e777c87fa024e57d40170af9df39882c\",\"name\":\"Cope Alcoy\",\"image\":{\"@type\":\"ImageObject\",\"inLanguage\":\"es\",\"@id\":\"https:\\\/\\\/secure.gravatar.com\\\/avatar\\\/bb65d0283347e303893ba14f0692005417c1e0e690a325a4c5d8bb2b3943ee14?s=96&d=mm&r=g\",\"url\":\"https:\\\/\\\/secure.gravatar.com\\\/avatar\\\/bb65d0283347e303893ba14f0692005417c1e0e690a325a4c5d8bb2b3943ee14?s=96&d=mm&r=g\",\"contentUrl\":\"https:\\\/\\\/secure.gravatar.com\\\/avatar\\\/bb65d0283347e303893ba14f0692005417c1e0e690a325a4c5d8bb2b3943ee14?s=96&d=mm&r=g\",\"caption\":\"Cope Alcoy\"}}]}<\/script>\n<!-- \/ Yoast SEO plugin. -->","yoast_head_json":{"title":"Detenido en Alcoy por robar en domicilios haci\u00e9ndose pasar por alba\u00f1il - COPE Alcoy","description":"La Polic\u00eda Nacional ha llevado a cabo la detenci\u00f3n de un var\u00f3n en Alcoy, al que se le imputan un delito de robo con fuerza y dos de hurto","robots":{"index":"index","follow":"follow","max-snippet":"max-snippet:-1","max-image-preview":"max-image-preview:large","max-video-preview":"max-video-preview:-1"},"canonical":"https:\/\/www.copealcoy.es\/es\/detenido-en-alcoy-por-robar-en-domicilios-haciendose-pasar-por-albanil\/","og_locale":"es_ES","og_type":"article","og_title":"Detenido en Alcoy por robar en domicilios haci\u00e9ndose pasar por alba\u00f1il - COPE Alcoy","og_description":"La Polic\u00eda Nacional ha llevado a cabo la detenci\u00f3n de un var\u00f3n en Alcoy, al que se le imputan un delito de robo con fuerza y dos de hurto","og_url":"https:\/\/www.copealcoy.es\/es\/detenido-en-alcoy-por-robar-en-domicilios-haciendose-pasar-por-albanil\/","og_site_name":"COPE Alcoy","article_published_time":"2025-02-04T10:38:57+00:00","article_modified_time":"2025-02-04T11:37:02+00:00","og_image":[{"width":980,"height":588,"url":"https:\/\/www.copealcoy.es\/wp-content\/uploads\/2024\/02\/Foto-Archivo-Alcoy-con-Escudo-1-980x588-1.jpg","type":"image\/jpeg"}],"author":"Cope Alcoy","twitter_misc":{"Escrito por":"Cope Alcoy","Tiempo de lectura":"2 minutos"},"schema":{"@context":"https:\/\/schema.org","@graph":[{"@type":"Article","@id":"https:\/\/www.copealcoy.es\/es\/detenido-en-alcoy-por-robar-en-domicilios-haciendose-pasar-por-albanil\/#article","isPartOf":{"@id":"https:\/\/www.copealcoy.es\/es\/detenido-en-alcoy-por-robar-en-domicilios-haciendose-pasar-por-albanil\/"},"author":{"name":"Cope Alcoy","@id":"https:\/\/www.copealcoy.es\/es\/#\/schema\/person\/e777c87fa024e57d40170af9df39882c"},"headline":"Detenido en Alcoy por robar en domicilios haci\u00e9ndose pasar por alba\u00f1il","datePublished":"2025-02-04T10:38:57+00:00","dateModified":"2025-02-04T11:37:02+00:00","mainEntityOfPage":{"@id":"https:\/\/www.copealcoy.es\/es\/detenido-en-alcoy-por-robar-en-domicilios-haciendose-pasar-por-albanil\/"},"wordCount":339,"commentCount":0,"image":{"@id":"https:\/\/www.copealcoy.es\/es\/detenido-en-alcoy-por-robar-en-domicilios-haciendose-pasar-por-albanil\/#primaryimage"},"thumbnailUrl":"https:\/\/www.copealcoy.es\/wp-content\/uploads\/2024\/02\/Foto-Archivo-Alcoy-con-Escudo-1-980x588-1.jpg","keywords":["alba\u00f1il","Alcoy","detenci\u00f3n","Polic\u00eda Nacional"],"articleSection":["Alcoy","Noticias","Sucesos"],"inLanguage":"es"},{"@type":"WebPage","@id":"https:\/\/www.copealcoy.es\/es\/detenido-en-alcoy-por-robar-en-domicilios-haciendose-pasar-por-albanil\/","url":"https:\/\/www.copealcoy.es\/es\/detenido-en-alcoy-por-robar-en-domicilios-haciendose-pasar-por-albanil\/","name":"Detenido en Alcoy por robar en domicilios haci\u00e9ndose pasar por alba\u00f1il - COPE Alcoy","isPartOf":{"@id":"https:\/\/www.copealcoy.es\/es\/#website"},"primaryImageOfPage":{"@id":"https:\/\/www.copealcoy.es\/es\/detenido-en-alcoy-por-robar-en-domicilios-haciendose-pasar-por-albanil\/#primaryimage"},"image":{"@id":"https:\/\/www.copealcoy.es\/es\/detenido-en-alcoy-por-robar-en-domicilios-haciendose-pasar-por-albanil\/#primaryimage"},"thumbnailUrl":"https:\/\/www.copealcoy.es\/wp-content\/uploads\/2024\/02\/Foto-Archivo-Alcoy-con-Escudo-1-980x588-1.jpg","datePublished":"2025-02-04T10:38:57+00:00","dateModified":"2025-02-04T11:37:02+00:00","author":{"@id":"https:\/\/www.copealcoy.es\/es\/#\/schema\/person\/e777c87fa024e57d40170af9df39882c"},"description":"La Polic\u00eda Nacional ha llevado a cabo la detenci\u00f3n de un var\u00f3n en Alcoy, al que se le imputan un delito de robo con fuerza y dos de hurto","breadcrumb":{"@id":"https:\/\/www.copealcoy.es\/es\/detenido-en-alcoy-por-robar-en-domicilios-haciendose-pasar-por-albanil\/#breadcrumb"},"inLanguage":"es","potentialAction":[{"@type":"ReadAction","target":["https:\/\/www.copealcoy.es\/es\/detenido-en-alcoy-por-robar-en-domicilios-haciendose-pasar-por-albanil\/"]}]},{"@type":"ImageObject","inLanguage":"es","@id":"https:\/\/www.copealcoy.es\/es\/detenido-en-alcoy-por-robar-en-domicilios-haciendose-pasar-por-albanil\/#primaryimage","url":"https:\/\/www.copealcoy.es\/wp-content\/uploads\/2024\/02\/Foto-Archivo-Alcoy-con-Escudo-1-980x588-1.jpg","contentUrl":"https:\/\/www.copealcoy.es\/wp-content\/uploads\/2024\/02\/Foto-Archivo-Alcoy-con-Escudo-1-980x588-1.jpg","width":980,"height":588},{"@type":"BreadcrumbList","@id":"https:\/\/www.copealcoy.es\/es\/detenido-en-alcoy-por-robar-en-domicilios-haciendose-pasar-por-albanil\/#breadcrumb","itemListElement":[{"@type":"ListItem","position":1,"name":"Portada","item":"https:\/\/www.copealcoy.es\/es\/"},{"@type":"ListItem","position":2,"name":"Detenido en Alcoy por robar en domicilios haci\u00e9ndose pasar por alba\u00f1il"}]},{"@type":"WebSite","@id":"https:\/\/www.copealcoy.es\/es\/#website","url":"https:\/\/www.copealcoy.es\/es\/","name":"COPE Alcoy","description":"Emisora COPE de radio local con emisi\u00f3n online. Pont de Sant Jordi 8-10 03803 Alcoy","potentialAction":[{"@type":"SearchAction","target":{"@type":"EntryPoint","urlTemplate":"https:\/\/www.copealcoy.es\/es\/?s={search_term_string}"},"query-input":{"@type":"PropertyValueSpecification","valueRequired":true,"valueName":"search_term_string"}}],"inLanguage":"es"},{"@type":"Person","@id":"https:\/\/www.copealcoy.es\/es\/#\/schema\/person\/e777c87fa024e57d40170af9df39882c","name":"Cope Alcoy","image":{"@type":"ImageObject","inLanguage":"es","@id":"https:\/\/secure.gravatar.com\/avatar\/bb65d0283347e303893ba14f0692005417c1e0e690a325a4c5d8bb2b3943ee14?s=96&d=mm&r=g","url":"https:\/\/secure.gravatar.com\/avatar\/bb65d0283347e303893ba14f0692005417c1e0e690a325a4c5d8bb2b3943ee14?s=96&d=mm&r=g","contentUrl":"https:\/\/secure.gravatar.com\/avatar\/bb65d0283347e303893ba14f0692005417c1e0e690a325a4c5d8bb2b3943ee14?s=96&d=mm&r=g","caption":"Cope Alcoy"}}]}},"_links":{"self":[{"href":"https:\/\/www.copealcoy.es\/es\/wp-json\/wp\/v2\/posts\/147050","targetHints":{"allow":["GET"]}}],"collection":[{"href":"https:\/\/www.copealcoy.es\/es\/wp-json\/wp\/v2\/posts"}],"about":[{"href":"https:\/\/www.copealcoy.es\/es\/wp-json\/wp\/v2\/types\/post"}],"author":[{"embeddable":true,"href":"https:\/\/www.copealcoy.es\/es\/wp-json\/wp\/v2\/users\/1"}],"replies":[{"embeddable":true,"href":"https:\/\/www.copealcoy.es\/es\/wp-json\/wp\/v2\/comments?post=147050"}],"version-history":[{"count":0,"href":"https:\/\/www.copealcoy.es\/es\/wp-json\/wp\/v2\/posts\/147050\/revisions"}],"wp:featuredmedia":[{"embeddable":true,"href":"https:\/\/www.copealcoy.es\/es\/wp-json\/wp\/v2\/media\/129888"}],"wp:attachment":[{"href":"https:\/\/www.copealcoy.es\/es\/wp-json\/wp\/v2\/media?parent=147050"}],"wp:term":[{"taxonomy":"category","embeddable":true,"href":"https:\/\/www.copealcoy.es\/es\/wp-json\/wp\/v2\/categories?post=147050"},{"taxonomy":"post_tag","embeddable":true,"href":"https:\/\/www.copealcoy.es\/es\/wp-json\/wp\/v2\/tags?post=147050"}],"curies":[{"name":"wp","href":"https:\/\/api.w.org\/{rel}","templated":true}]}}