{"id":146968,"date":"2025-01-25T20:03:04","date_gmt":"2025-01-25T19:03:04","guid":{"rendered":"https:\/\/www.copealcoy.es\/?p=146968"},"modified":"2025-01-31T20:28:04","modified_gmt":"2025-01-31T19:28:04","slug":"el-traspaso-de-cargos-abre-la-cuenta-atras-hacia-las-proximas-fiestas-de-la-mare-de-deu","status":"publish","type":"post","link":"https:\/\/www.copealcoy.es\/es\/el-traspaso-de-cargos-abre-la-cuenta-atras-hacia-las-proximas-fiestas-de-la-mare-de-deu\/","title":{"rendered":"El traspaso de cargos abre la cuenta atr\u00e1s hacia las pr\u00f3ximas Fiestas de la Mare de D\u00e9u"},"content":{"rendered":"<p style=\"text-align: justify;\">Avanzado el primer mes del a\u00f1o, y como suele ser habitual, <strong>Cocentaina inicia la cuenta atr\u00e1s hacia las fiestas de la Mare de D\u00e9u del Miracle<\/strong> cuyos d\u00edas grandes se celebrar\u00e1n en la recta final de abril. El pasado <strong>18 de enero<\/strong>, <strong>la capilla de San Antonio Abad del Palau Comtal<\/strong> acogi\u00f3 <strong>la ceremonia del traspaso de cargos<\/strong> entre los protagonistas de los festejos patronales del pasado a\u00f1o y quienes centrar\u00e1n todas las miradas en las celebraciones de 2025.<\/p>\n<p style=\"text-align: justify;\">El acto, enmarcado dentro de la festividad del patr\u00f3n de los animales a quien est\u00e1 dedicada la Capilla del mismo Palau, incluy\u00f3 <strong>el rezo de v\u00edsperas<\/strong> en presencia de los p\u00e1rrocos del Salvador (Don Diego Pascual) y de Santa Mar\u00eda (Don Eduardo Rengel); as\u00ed como el Guardi\u00e1n del Convento de los Franciscanos (Fray Fernando Fuertes). Seguidamente, y de manos de sus antecesores en las diferentes responsabilidades, <strong>Uriel Parra<\/strong> recibi\u00f3 el cetro y <strong>Marta Molt\u00f3<\/strong> el rosario quedando as\u00ed acreditados para representar a los Condes en alusi\u00f3n a quienes reg\u00edan Cocentaina el 19 de abril de 1520 cuando se produjo el milagro de la Mare de D\u00e9u en la misma Capilla de San Antonio Abad. Tambi\u00e9n <strong>Arturo Barrios<\/strong> obtuvo una representaci\u00f3n del icono de la Virgen del Milagro puesto que el peque\u00f1o ser\u00e1 quien encarne la figura de Moss\u00e9n Onofre Satorre, el sacerdote que fue testigo del prodigio de las 27 l\u00e1grimas de sangre hace ahora 505 a\u00f1os. Por \u00faltimo, <strong>D\u00e1maris Pardo<\/strong>, suplicante de este a\u00f1o, recibi\u00f3 el pergamino con La S\u00faplica que declamar\u00e1 en el d\u00eda grande de la Mare de D\u00e9u ante la patrona contestana cuando esta \u00faltima llegue a la parroquia de Santa Mar\u00eda tras el traslado matinal.<\/p>\n<p style=\"text-align: justify;\">La jornada finaliz\u00f3 con <strong>una visita al camar\u00edn de la Mare de D\u00e9u<\/strong>, en el Monasterio de las Clarisas, y unas fotograf\u00edas de recuerdo con los presidentes de la <a href=\"https:\/\/www.facebook.com\/piaunion\" target=\"_blank\" rel=\"noopener\"><span style=\"color: #0000ff;\"><strong>P\u00eda Uni\u00f3n<\/strong><\/span><\/a>; entidad que coordina todas las actividades en torno a la patrona contestana. Recordar que las mencionadas fiestas <strong>se retrasan unos d\u00edas<\/strong> este a\u00f1o debido a que la tard\u00eda Semana Santa en el calendario hace que el 19 de abril caiga en S\u00e1bado Santo. De esta forma la festividad de la Mareta arrancar\u00e1 el Domingo de Resurrecci\u00f3n por la noche, con la \u2018Crem\u00e0 de les 27 Fogueres\u2019, siendo la jornada central el Lunes de Pascua.<\/p>\n","protected":false},"excerpt":{"rendered":"<p>Avanzado el primer mes del a\u00f1o, y como suele ser habitual, Cocentaina inicia la cuenta atr\u00e1s hacia las fiestas de&#8230;<\/p>\n","protected":false},"author":1,"featured_media":146976,"comment_status":"open","ping_status":"open","sticky":false,"template":"","format":"standard","meta":{"footnotes":""},"categories":[6909,98,75],"tags":[132,19159,1984,8556],"class_list":["post-146968","post","type-post","status-publish","format-standard","has-post-thumbnail","hentry","category-actualidad","category-comarcas","category-noticias","tag-cocentaina","tag-festejos-2025","tag-mare-de-deu-del-miracle","tag-protagonistas"],"yoast_head":"<!-- This site is optimized with the Yoast SEO plugin v27.3 - https:\/\/yoast.com\/product\/yoast-seo-wordpress\/ -->\n<title>El traspaso de cargos abre la cuenta atr\u00e1s hacia las pr\u00f3ximas Fiestas de la Mare de D\u00e9u - COPE Alcoy<\/title>\n<meta name=\"description\" content=\"Avanzado el primer mes del a\u00f1o, y como suele ser habitual, Cocentaina inicia la cuenta atr\u00e1s hacia las fiestas de la Mare de D\u00e9u del Miracle cuyos d\u00edas grandes se celebrar\u00e1n en la recta final de abril\" \/>\n<meta name=\"robots\" content=\"index, follow, max-snippet:-1, max-image-preview:large, max-video-preview:-1\" \/>\n<link rel=\"canonical\" href=\"https:\/\/www.copealcoy.es\/es\/el-traspaso-de-cargos-abre-la-cuenta-atras-hacia-las-proximas-fiestas-de-la-mare-de-deu\/\" \/>\n<meta property=\"og:locale\" content=\"es_ES\" \/>\n<meta property=\"og:type\" content=\"article\" \/>\n<meta property=\"og:title\" content=\"El traspaso de cargos abre la cuenta atr\u00e1s hacia las pr\u00f3ximas Fiestas de la Mare de D\u00e9u - COPE Alcoy\" \/>\n<meta property=\"og:description\" content=\"Avanzado el primer mes del a\u00f1o, y como suele ser habitual, Cocentaina inicia la cuenta atr\u00e1s hacia las fiestas de la Mare de D\u00e9u del Miracle cuyos d\u00edas grandes se celebrar\u00e1n en la recta final de abril\" \/>\n<meta property=\"og:url\" content=\"https:\/\/www.copealcoy.es\/es\/el-traspaso-de-cargos-abre-la-cuenta-atras-hacia-las-proximas-fiestas-de-la-mare-de-deu\/\" \/>\n<meta property=\"og:site_name\" content=\"COPE Alcoy\" \/>\n<meta property=\"article:published_time\" content=\"2025-01-25T19:03:04+00:00\" \/>\n<meta property=\"article:modified_time\" content=\"2025-01-31T19:28:04+00:00\" \/>\n<meta property=\"og:image\" content=\"https:\/\/www.copealcoy.es\/wp-content\/uploads\/2025\/01\/11-Los-protagonistas-visitaron-despues-a-la-Mare-de-Deu-en-el-Monasterio-de-las-Clarisas-Foto-Pia-Union-1.jpg\" \/>\n\t<meta property=\"og:image:width\" content=\"1860\" \/>\n\t<meta property=\"og:image:height\" content=\"969\" \/>\n\t<meta property=\"og:image:type\" content=\"image\/jpeg\" \/>\n<meta name=\"author\" content=\"Cope Alcoy\" \/>\n<meta name=\"twitter:label1\" content=\"Escrito por\" \/>\n\t<meta name=\"twitter:data1\" content=\"Cope Alcoy\" \/>\n\t<meta name=\"twitter:label2\" content=\"Tiempo de lectura\" \/>\n\t<meta name=\"twitter:data2\" content=\"3 minutos\" \/>\n<script type=\"application\/ld+json\" class=\"yoast-schema-graph\">{\"@context\":\"https:\\\/\\\/schema.org\",\"@graph\":[{\"@type\":\"Article\",\"@id\":\"https:\\\/\\\/www.copealcoy.es\\\/es\\\/el-traspaso-de-cargos-abre-la-cuenta-atras-hacia-las-proximas-fiestas-de-la-mare-de-deu\\\/#article\",\"isPartOf\":{\"@id\":\"https:\\\/\\\/www.copealcoy.es\\\/es\\\/el-traspaso-de-cargos-abre-la-cuenta-atras-hacia-las-proximas-fiestas-de-la-mare-de-deu\\\/\"},\"author\":{\"name\":\"Cope Alcoy\",\"@id\":\"https:\\\/\\\/www.copealcoy.es\\\/es\\\/#\\\/schema\\\/person\\\/e777c87fa024e57d40170af9df39882c\"},\"headline\":\"El traspaso de cargos abre la cuenta atr\u00e1s hacia las pr\u00f3ximas Fiestas de la Mare de D\u00e9u\",\"datePublished\":\"2025-01-25T19:03:04+00:00\",\"dateModified\":\"2025-01-31T19:28:04+00:00\",\"mainEntityOfPage\":{\"@id\":\"https:\\\/\\\/www.copealcoy.es\\\/es\\\/el-traspaso-de-cargos-abre-la-cuenta-atras-hacia-las-proximas-fiestas-de-la-mare-de-deu\\\/\"},\"wordCount\":433,\"commentCount\":0,\"image\":{\"@id\":\"https:\\\/\\\/www.copealcoy.es\\\/es\\\/el-traspaso-de-cargos-abre-la-cuenta-atras-hacia-las-proximas-fiestas-de-la-mare-de-deu\\\/#primaryimage\"},\"thumbnailUrl\":\"https:\\\/\\\/www.copealcoy.es\\\/wp-content\\\/uploads\\\/2025\\\/01\\\/11-Los-protagonistas-visitaron-despues-a-la-Mare-de-Deu-en-el-Monasterio-de-las-Clarisas-Foto-Pia-Union-1.jpg\",\"keywords\":[\"Cocentaina\",\"festejos 2025\",\"Mare de D\u00e9u del Miracle\",\"Protagonistas\"],\"articleSection\":[\"Actualidad\",\"Comarcas\",\"Noticias\"],\"inLanguage\":\"es\"},{\"@type\":\"WebPage\",\"@id\":\"https:\\\/\\\/www.copealcoy.es\\\/es\\\/el-traspaso-de-cargos-abre-la-cuenta-atras-hacia-las-proximas-fiestas-de-la-mare-de-deu\\\/\",\"url\":\"https:\\\/\\\/www.copealcoy.es\\\/es\\\/el-traspaso-de-cargos-abre-la-cuenta-atras-hacia-las-proximas-fiestas-de-la-mare-de-deu\\\/\",\"name\":\"El traspaso de cargos abre la cuenta atr\u00e1s hacia las pr\u00f3ximas Fiestas de la Mare de D\u00e9u - COPE Alcoy\",\"isPartOf\":{\"@id\":\"https:\\\/\\\/www.copealcoy.es\\\/es\\\/#website\"},\"primaryImageOfPage\":{\"@id\":\"https:\\\/\\\/www.copealcoy.es\\\/es\\\/el-traspaso-de-cargos-abre-la-cuenta-atras-hacia-las-proximas-fiestas-de-la-mare-de-deu\\\/#primaryimage\"},\"image\":{\"@id\":\"https:\\\/\\\/www.copealcoy.es\\\/es\\\/el-traspaso-de-cargos-abre-la-cuenta-atras-hacia-las-proximas-fiestas-de-la-mare-de-deu\\\/#primaryimage\"},\"thumbnailUrl\":\"https:\\\/\\\/www.copealcoy.es\\\/wp-content\\\/uploads\\\/2025\\\/01\\\/11-Los-protagonistas-visitaron-despues-a-la-Mare-de-Deu-en-el-Monasterio-de-las-Clarisas-Foto-Pia-Union-1.jpg\",\"datePublished\":\"2025-01-25T19:03:04+00:00\",\"dateModified\":\"2025-01-31T19:28:04+00:00\",\"author\":{\"@id\":\"https:\\\/\\\/www.copealcoy.es\\\/es\\\/#\\\/schema\\\/person\\\/e777c87fa024e57d40170af9df39882c\"},\"description\":\"Avanzado el primer mes del a\u00f1o, y como suele ser habitual, Cocentaina inicia la cuenta atr\u00e1s hacia las fiestas de la Mare de D\u00e9u del Miracle cuyos d\u00edas grandes se celebrar\u00e1n en la recta final de abril\",\"breadcrumb\":{\"@id\":\"https:\\\/\\\/www.copealcoy.es\\\/es\\\/el-traspaso-de-cargos-abre-la-cuenta-atras-hacia-las-proximas-fiestas-de-la-mare-de-deu\\\/#breadcrumb\"},\"inLanguage\":\"es\",\"potentialAction\":[{\"@type\":\"ReadAction\",\"target\":[\"https:\\\/\\\/www.copealcoy.es\\\/es\\\/el-traspaso-de-cargos-abre-la-cuenta-atras-hacia-las-proximas-fiestas-de-la-mare-de-deu\\\/\"]}]},{\"@type\":\"ImageObject\",\"inLanguage\":\"es\",\"@id\":\"https:\\\/\\\/www.copealcoy.es\\\/es\\\/el-traspaso-de-cargos-abre-la-cuenta-atras-hacia-las-proximas-fiestas-de-la-mare-de-deu\\\/#primaryimage\",\"url\":\"https:\\\/\\\/www.copealcoy.es\\\/wp-content\\\/uploads\\\/2025\\\/01\\\/11-Los-protagonistas-visitaron-despues-a-la-Mare-de-Deu-en-el-Monasterio-de-las-Clarisas-Foto-Pia-Union-1.jpg\",\"contentUrl\":\"https:\\\/\\\/www.copealcoy.es\\\/wp-content\\\/uploads\\\/2025\\\/01\\\/11-Los-protagonistas-visitaron-despues-a-la-Mare-de-Deu-en-el-Monasterio-de-las-Clarisas-Foto-Pia-Union-1.jpg\",\"width\":1860,\"height\":969},{\"@type\":\"BreadcrumbList\",\"@id\":\"https:\\\/\\\/www.copealcoy.es\\\/es\\\/el-traspaso-de-cargos-abre-la-cuenta-atras-hacia-las-proximas-fiestas-de-la-mare-de-deu\\\/#breadcrumb\",\"itemListElement\":[{\"@type\":\"ListItem\",\"position\":1,\"name\":\"Portada\",\"item\":\"https:\\\/\\\/www.copealcoy.es\\\/es\\\/\"},{\"@type\":\"ListItem\",\"position\":2,\"name\":\"El traspaso de cargos abre la cuenta atr\u00e1s hacia las pr\u00f3ximas Fiestas de la Mare de D\u00e9u\"}]},{\"@type\":\"WebSite\",\"@id\":\"https:\\\/\\\/www.copealcoy.es\\\/es\\\/#website\",\"url\":\"https:\\\/\\\/www.copealcoy.es\\\/es\\\/\",\"name\":\"COPE Alcoy\",\"description\":\"Emisora COPE de radio local con emisi\u00f3n online. Pont de Sant Jordi 8-10 03803 Alcoy\",\"potentialAction\":[{\"@type\":\"SearchAction\",\"target\":{\"@type\":\"EntryPoint\",\"urlTemplate\":\"https:\\\/\\\/www.copealcoy.es\\\/es\\\/?s={search_term_string}\"},\"query-input\":{\"@type\":\"PropertyValueSpecification\",\"valueRequired\":true,\"valueName\":\"search_term_string\"}}],\"inLanguage\":\"es\"},{\"@type\":\"Person\",\"@id\":\"https:\\\/\\\/www.copealcoy.es\\\/es\\\/#\\\/schema\\\/person\\\/e777c87fa024e57d40170af9df39882c\",\"name\":\"Cope Alcoy\",\"image\":{\"@type\":\"ImageObject\",\"inLanguage\":\"es\",\"@id\":\"https:\\\/\\\/secure.gravatar.com\\\/avatar\\\/bb65d0283347e303893ba14f0692005417c1e0e690a325a4c5d8bb2b3943ee14?s=96&d=mm&r=g\",\"url\":\"https:\\\/\\\/secure.gravatar.com\\\/avatar\\\/bb65d0283347e303893ba14f0692005417c1e0e690a325a4c5d8bb2b3943ee14?s=96&d=mm&r=g\",\"contentUrl\":\"https:\\\/\\\/secure.gravatar.com\\\/avatar\\\/bb65d0283347e303893ba14f0692005417c1e0e690a325a4c5d8bb2b3943ee14?s=96&d=mm&r=g\",\"caption\":\"Cope Alcoy\"}}]}<\/script>\n<!-- \/ Yoast SEO plugin. -->","yoast_head_json":{"title":"El traspaso de cargos abre la cuenta atr\u00e1s hacia las pr\u00f3ximas Fiestas de la Mare de D\u00e9u - COPE Alcoy","description":"Avanzado el primer mes del a\u00f1o, y como suele ser habitual, Cocentaina inicia la cuenta atr\u00e1s hacia las fiestas de la Mare de D\u00e9u del Miracle cuyos d\u00edas grandes se celebrar\u00e1n en la recta final de abril","robots":{"index":"index","follow":"follow","max-snippet":"max-snippet:-1","max-image-preview":"max-image-preview:large","max-video-preview":"max-video-preview:-1"},"canonical":"https:\/\/www.copealcoy.es\/es\/el-traspaso-de-cargos-abre-la-cuenta-atras-hacia-las-proximas-fiestas-de-la-mare-de-deu\/","og_locale":"es_ES","og_type":"article","og_title":"El traspaso de cargos abre la cuenta atr\u00e1s hacia las pr\u00f3ximas Fiestas de la Mare de D\u00e9u - COPE Alcoy","og_description":"Avanzado el primer mes del a\u00f1o, y como suele ser habitual, Cocentaina inicia la cuenta atr\u00e1s hacia las fiestas de la Mare de D\u00e9u del Miracle cuyos d\u00edas grandes se celebrar\u00e1n en la recta final de abril","og_url":"https:\/\/www.copealcoy.es\/es\/el-traspaso-de-cargos-abre-la-cuenta-atras-hacia-las-proximas-fiestas-de-la-mare-de-deu\/","og_site_name":"COPE Alcoy","article_published_time":"2025-01-25T19:03:04+00:00","article_modified_time":"2025-01-31T19:28:04+00:00","og_image":[{"width":1860,"height":969,"url":"https:\/\/www.copealcoy.es\/wp-content\/uploads\/2025\/01\/11-Los-protagonistas-visitaron-despues-a-la-Mare-de-Deu-en-el-Monasterio-de-las-Clarisas-Foto-Pia-Union-1.jpg","type":"image\/jpeg"}],"author":"Cope Alcoy","twitter_misc":{"Escrito por":"Cope Alcoy","Tiempo de lectura":"3 minutos"},"schema":{"@context":"https:\/\/schema.org","@graph":[{"@type":"Article","@id":"https:\/\/www.copealcoy.es\/es\/el-traspaso-de-cargos-abre-la-cuenta-atras-hacia-las-proximas-fiestas-de-la-mare-de-deu\/#article","isPartOf":{"@id":"https:\/\/www.copealcoy.es\/es\/el-traspaso-de-cargos-abre-la-cuenta-atras-hacia-las-proximas-fiestas-de-la-mare-de-deu\/"},"author":{"name":"Cope Alcoy","@id":"https:\/\/www.copealcoy.es\/es\/#\/schema\/person\/e777c87fa024e57d40170af9df39882c"},"headline":"El traspaso de cargos abre la cuenta atr\u00e1s hacia las pr\u00f3ximas Fiestas de la Mare de D\u00e9u","datePublished":"2025-01-25T19:03:04+00:00","dateModified":"2025-01-31T19:28:04+00:00","mainEntityOfPage":{"@id":"https:\/\/www.copealcoy.es\/es\/el-traspaso-de-cargos-abre-la-cuenta-atras-hacia-las-proximas-fiestas-de-la-mare-de-deu\/"},"wordCount":433,"commentCount":0,"image":{"@id":"https:\/\/www.copealcoy.es\/es\/el-traspaso-de-cargos-abre-la-cuenta-atras-hacia-las-proximas-fiestas-de-la-mare-de-deu\/#primaryimage"},"thumbnailUrl":"https:\/\/www.copealcoy.es\/wp-content\/uploads\/2025\/01\/11-Los-protagonistas-visitaron-despues-a-la-Mare-de-Deu-en-el-Monasterio-de-las-Clarisas-Foto-Pia-Union-1.jpg","keywords":["Cocentaina","festejos 2025","Mare de D\u00e9u del Miracle","Protagonistas"],"articleSection":["Actualidad","Comarcas","Noticias"],"inLanguage":"es"},{"@type":"WebPage","@id":"https:\/\/www.copealcoy.es\/es\/el-traspaso-de-cargos-abre-la-cuenta-atras-hacia-las-proximas-fiestas-de-la-mare-de-deu\/","url":"https:\/\/www.copealcoy.es\/es\/el-traspaso-de-cargos-abre-la-cuenta-atras-hacia-las-proximas-fiestas-de-la-mare-de-deu\/","name":"El traspaso de cargos abre la cuenta atr\u00e1s hacia las pr\u00f3ximas Fiestas de la Mare de D\u00e9u - COPE Alcoy","isPartOf":{"@id":"https:\/\/www.copealcoy.es\/es\/#website"},"primaryImageOfPage":{"@id":"https:\/\/www.copealcoy.es\/es\/el-traspaso-de-cargos-abre-la-cuenta-atras-hacia-las-proximas-fiestas-de-la-mare-de-deu\/#primaryimage"},"image":{"@id":"https:\/\/www.copealcoy.es\/es\/el-traspaso-de-cargos-abre-la-cuenta-atras-hacia-las-proximas-fiestas-de-la-mare-de-deu\/#primaryimage"},"thumbnailUrl":"https:\/\/www.copealcoy.es\/wp-content\/uploads\/2025\/01\/11-Los-protagonistas-visitaron-despues-a-la-Mare-de-Deu-en-el-Monasterio-de-las-Clarisas-Foto-Pia-Union-1.jpg","datePublished":"2025-01-25T19:03:04+00:00","dateModified":"2025-01-31T19:28:04+00:00","author":{"@id":"https:\/\/www.copealcoy.es\/es\/#\/schema\/person\/e777c87fa024e57d40170af9df39882c"},"description":"Avanzado el primer mes del a\u00f1o, y como suele ser habitual, Cocentaina inicia la cuenta atr\u00e1s hacia las fiestas de la Mare de D\u00e9u del Miracle cuyos d\u00edas grandes se celebrar\u00e1n en la recta final de abril","breadcrumb":{"@id":"https:\/\/www.copealcoy.es\/es\/el-traspaso-de-cargos-abre-la-cuenta-atras-hacia-las-proximas-fiestas-de-la-mare-de-deu\/#breadcrumb"},"inLanguage":"es","potentialAction":[{"@type":"ReadAction","target":["https:\/\/www.copealcoy.es\/es\/el-traspaso-de-cargos-abre-la-cuenta-atras-hacia-las-proximas-fiestas-de-la-mare-de-deu\/"]}]},{"@type":"ImageObject","inLanguage":"es","@id":"https:\/\/www.copealcoy.es\/es\/el-traspaso-de-cargos-abre-la-cuenta-atras-hacia-las-proximas-fiestas-de-la-mare-de-deu\/#primaryimage","url":"https:\/\/www.copealcoy.es\/wp-content\/uploads\/2025\/01\/11-Los-protagonistas-visitaron-despues-a-la-Mare-de-Deu-en-el-Monasterio-de-las-Clarisas-Foto-Pia-Union-1.jpg","contentUrl":"https:\/\/www.copealcoy.es\/wp-content\/uploads\/2025\/01\/11-Los-protagonistas-visitaron-despues-a-la-Mare-de-Deu-en-el-Monasterio-de-las-Clarisas-Foto-Pia-Union-1.jpg","width":1860,"height":969},{"@type":"BreadcrumbList","@id":"https:\/\/www.copealcoy.es\/es\/el-traspaso-de-cargos-abre-la-cuenta-atras-hacia-las-proximas-fiestas-de-la-mare-de-deu\/#breadcrumb","itemListElement":[{"@type":"ListItem","position":1,"name":"Portada","item":"https:\/\/www.copealcoy.es\/es\/"},{"@type":"ListItem","position":2,"name":"El traspaso de cargos abre la cuenta atr\u00e1s hacia las pr\u00f3ximas Fiestas de la Mare de D\u00e9u"}]},{"@type":"WebSite","@id":"https:\/\/www.copealcoy.es\/es\/#website","url":"https:\/\/www.copealcoy.es\/es\/","name":"COPE Alcoy","description":"Emisora COPE de radio local con emisi\u00f3n online. Pont de Sant Jordi 8-10 03803 Alcoy","potentialAction":[{"@type":"SearchAction","target":{"@type":"EntryPoint","urlTemplate":"https:\/\/www.copealcoy.es\/es\/?s={search_term_string}"},"query-input":{"@type":"PropertyValueSpecification","valueRequired":true,"valueName":"search_term_string"}}],"inLanguage":"es"},{"@type":"Person","@id":"https:\/\/www.copealcoy.es\/es\/#\/schema\/person\/e777c87fa024e57d40170af9df39882c","name":"Cope Alcoy","image":{"@type":"ImageObject","inLanguage":"es","@id":"https:\/\/secure.gravatar.com\/avatar\/bb65d0283347e303893ba14f0692005417c1e0e690a325a4c5d8bb2b3943ee14?s=96&d=mm&r=g","url":"https:\/\/secure.gravatar.com\/avatar\/bb65d0283347e303893ba14f0692005417c1e0e690a325a4c5d8bb2b3943ee14?s=96&d=mm&r=g","contentUrl":"https:\/\/secure.gravatar.com\/avatar\/bb65d0283347e303893ba14f0692005417c1e0e690a325a4c5d8bb2b3943ee14?s=96&d=mm&r=g","caption":"Cope Alcoy"}}]}},"_links":{"self":[{"href":"https:\/\/www.copealcoy.es\/es\/wp-json\/wp\/v2\/posts\/146968","targetHints":{"allow":["GET"]}}],"collection":[{"href":"https:\/\/www.copealcoy.es\/es\/wp-json\/wp\/v2\/posts"}],"about":[{"href":"https:\/\/www.copealcoy.es\/es\/wp-json\/wp\/v2\/types\/post"}],"author":[{"embeddable":true,"href":"https:\/\/www.copealcoy.es\/es\/wp-json\/wp\/v2\/users\/1"}],"replies":[{"embeddable":true,"href":"https:\/\/www.copealcoy.es\/es\/wp-json\/wp\/v2\/comments?post=146968"}],"version-history":[{"count":0,"href":"https:\/\/www.copealcoy.es\/es\/wp-json\/wp\/v2\/posts\/146968\/revisions"}],"wp:featuredmedia":[{"embeddable":true,"href":"https:\/\/www.copealcoy.es\/es\/wp-json\/wp\/v2\/media\/146976"}],"wp:attachment":[{"href":"https:\/\/www.copealcoy.es\/es\/wp-json\/wp\/v2\/media?parent=146968"}],"wp:term":[{"taxonomy":"category","embeddable":true,"href":"https:\/\/www.copealcoy.es\/es\/wp-json\/wp\/v2\/categories?post=146968"},{"taxonomy":"post_tag","embeddable":true,"href":"https:\/\/www.copealcoy.es\/es\/wp-json\/wp\/v2\/tags?post=146968"}],"curies":[{"name":"wp","href":"https:\/\/api.w.org\/{rel}","templated":true}]}}