{"id":146932,"date":"2025-01-31T18:56:16","date_gmt":"2025-01-31T17:56:16","guid":{"rendered":"https:\/\/www.copealcoy.es\/?p=146932"},"modified":"2025-02-03T12:27:18","modified_gmt":"2025-02-03T11:27:18","slug":"el-gobierno-de-alcoy-no-renuncia-a-seguir-con-el-caso-de-los-sobrecostes-del-calderon","status":"publish","type":"post","link":"https:\/\/www.copealcoy.es\/es\/el-gobierno-de-alcoy-no-renuncia-a-seguir-con-el-caso-de-los-sobrecostes-del-calderon\/","title":{"rendered":"El gobierno de Alcoy no renuncia a seguir con el caso de los sobrecostes del Calder\u00f3n"},"content":{"rendered":"<p style=\"text-align: justify;\">El gobierno local de Alcoy <strong>ha reaccionado este viernes a las afirmaciones que hizo ayer el Partido Popular<\/strong>, formaci\u00f3n que mostr\u00f3 su satisfacci\u00f3n <a href=\"https:\/\/www.copealcoy.es\/es\/carpetazo-al-proceso-por-los-sobrecostes-en-las-obras-del-teatro-calderon-de-alcoy\/\" target=\"_blank\" rel=\"noopener\"><span style=\"color: #0000ff;\"><strong>tras el archivo de la causa de los sobrescostes del Teatro Calder\u00f3n por parte del fiscal<\/strong><\/span><\/a> al mismo tiempo que pidi\u00f3 responsabilidades a los socialistas poniendo sobre la mesa la dimisi\u00f3n de la concejala Lorena Zamorano. Esta \u00faltima, junto al alcalde Toni Franc\u00e9s, <strong>han comparecido hoy<\/strong> para responder a las declaraciones del portavoz de los populares alcoyanos y anunciar los pasos que se van a dar a partir de ahora en el proceso.<\/p>\n<p style=\"text-align: justify;\">Zamorano ha manifestado &#8220;<em>tener la conciencia muy tranquila<\/em>&#8221; y ha recordado que <strong>hay indicios suficientes en la ciudad<\/strong> &#8220;<em>para pensar mal y creer que en el Calder\u00f3n tambi\u00e9n se hicieron las cosas de forma irregular cuando el PP estaba en el gobierno. Lo hemos visto en otros proyectos como el Bulevar o La Rosaleda, donde la huella de Ortiz tambi\u00e9n lleg\u00f3, as\u00ed que no renunciamos a otras v\u00edas. Hay instancias pendientes y valoraremos si continuar o no. No hay nada decidido todav\u00ed<\/em>a&#8221;, coment\u00f3 la edil de Administraci\u00f3n Local.<\/p>\n<p style=\"text-align: justify;\">El alcalde, por su parte, <strong>ha expresado su total apoyo a Zamorano<\/strong> &#8220;<em>me siento orgulloso de su gesti\u00f3n y de la que han hecho mis diferentes gobiernos desde el 2011 hasta la actualidad<\/em>&#8220;, dijo contundentemente Toni Franc\u00e9s. El primer edil ha defendido el proceso iniciado en su momento para esclarecer los sobrecostes en las obras del Calder\u00f3n y ha apuntado a una cifra econ\u00f3mica &#8220;<em>gracias a acudir a la justicia se han conseguido recuperar para la ciudad m\u00e1s de 800.000 euros de proyectos que el PP adjudic\u00f3 a Enrique Ortiz. Al se\u00f1or Carlos Pastor, que estuvo en esos gobiernos asesorando a Fernando Pastor, no le conviene hablar. Antes de pedir dimisiones deber\u00eda preguntarse si est\u00e1 orgulloso de la gesti\u00f3n que se hizo en el Bulevar, McDonald\u2019s, La Rosaleda o Serelles; y aclarar si ese es el modelo que adoptar\u00eda de nuevo para Alcoy en el que caso de que volviese a gobernar la ciudad&#8221;, <\/em>concluy\u00f3<em>.\u00a0<\/em><\/p>\n<p style=\"text-align: justify;\">Finalmente Franc\u00e9s ha informado que el citado proceso de los sobrecostes del Calder\u00f3n n<strong>o ha representado ning\u00fan coste<\/strong> para las arcas municipales. En este sentido, ha matizado que toda la gesti\u00f3n ha entrado d<strong>entro del contrato que el Ayuntamiento tiene suscrito con un despacho de abogados<\/strong> para todas las cuestiones judiciales que afectan a la administraci\u00f3n local.<\/p>\n","protected":false},"excerpt":{"rendered":"<p>El gobierno local de Alcoy ha reaccionado este viernes a las afirmaciones que hizo ayer el Partido Popular, formaci\u00f3n que&#8230;<\/p>\n","protected":false},"author":1,"featured_media":146933,"comment_status":"open","ping_status":"open","sticky":false,"template":"","format":"standard","meta":{"footnotes":""},"categories":[6909,97,75,79,125],"tags":[1494,1796,1826,681],"class_list":["post-146932","post","type-post","status-publish","format-standard","has-post-thumbnail","hentry","category-actualidad","category-alcoy","category-noticias","category-politicayeconomia","category-portada","tag-alcoy","tag-lorena-zamorano","tag-sobrecostes-calderon","tag-toni-frances"],"yoast_head":"<!-- This site is optimized with the Yoast SEO plugin v27.3 - https:\/\/yoast.com\/product\/yoast-seo-wordpress\/ -->\n<title>El gobierno de Alcoy no renuncia a seguir con el caso de los sobrecostes del Calder\u00f3n - COPE Alcoy<\/title>\n<meta name=\"robots\" content=\"index, follow, max-snippet:-1, max-image-preview:large, max-video-preview:-1\" \/>\n<link rel=\"canonical\" href=\"https:\/\/www.copealcoy.es\/es\/el-gobierno-de-alcoy-no-renuncia-a-seguir-con-el-caso-de-los-sobrecostes-del-calderon\/\" \/>\n<meta property=\"og:locale\" content=\"es_ES\" \/>\n<meta property=\"og:type\" content=\"article\" \/>\n<meta property=\"og:title\" content=\"El gobierno de Alcoy no renuncia a seguir con el caso de los sobrecostes del Calder\u00f3n - COPE Alcoy\" \/>\n<meta property=\"og:description\" content=\"El gobierno local de Alcoy ha reaccionado este viernes a las afirmaciones que hizo ayer el Partido Popular, formaci\u00f3n que...\" \/>\n<meta property=\"og:url\" content=\"https:\/\/www.copealcoy.es\/es\/el-gobierno-de-alcoy-no-renuncia-a-seguir-con-el-caso-de-los-sobrecostes-del-calderon\/\" \/>\n<meta property=\"og:site_name\" content=\"COPE Alcoy\" \/>\n<meta property=\"article:published_time\" content=\"2025-01-31T17:56:16+00:00\" \/>\n<meta property=\"article:modified_time\" content=\"2025-02-03T11:27:18+00:00\" \/>\n<meta property=\"og:image\" content=\"https:\/\/www.copealcoy.es\/wp-content\/uploads\/2025\/01\/unnamed-1-35-scaled.jpg\" \/>\n\t<meta property=\"og:image:width\" content=\"1741\" \/>\n\t<meta property=\"og:image:height\" content=\"1080\" \/>\n\t<meta property=\"og:image:type\" content=\"image\/jpeg\" \/>\n<meta name=\"author\" content=\"Cope Alcoy\" \/>\n<meta name=\"twitter:label1\" content=\"Escrito por\" \/>\n\t<meta name=\"twitter:data1\" content=\"Cope Alcoy\" \/>\n\t<meta name=\"twitter:label2\" content=\"Tiempo de lectura\" \/>\n\t<meta name=\"twitter:data2\" content=\"3 minutos\" \/>\n<script type=\"application\/ld+json\" class=\"yoast-schema-graph\">{\"@context\":\"https:\\\/\\\/schema.org\",\"@graph\":[{\"@type\":\"Article\",\"@id\":\"https:\\\/\\\/www.copealcoy.es\\\/es\\\/el-gobierno-de-alcoy-no-renuncia-a-seguir-con-el-caso-de-los-sobrecostes-del-calderon\\\/#article\",\"isPartOf\":{\"@id\":\"https:\\\/\\\/www.copealcoy.es\\\/es\\\/el-gobierno-de-alcoy-no-renuncia-a-seguir-con-el-caso-de-los-sobrecostes-del-calderon\\\/\"},\"author\":{\"name\":\"Cope Alcoy\",\"@id\":\"https:\\\/\\\/www.copealcoy.es\\\/es\\\/#\\\/schema\\\/person\\\/e777c87fa024e57d40170af9df39882c\"},\"headline\":\"El gobierno de Alcoy no renuncia a seguir con el caso de los sobrecostes del Calder\u00f3n\",\"datePublished\":\"2025-01-31T17:56:16+00:00\",\"dateModified\":\"2025-02-03T11:27:18+00:00\",\"mainEntityOfPage\":{\"@id\":\"https:\\\/\\\/www.copealcoy.es\\\/es\\\/el-gobierno-de-alcoy-no-renuncia-a-seguir-con-el-caso-de-los-sobrecostes-del-calderon\\\/\"},\"wordCount\":437,\"commentCount\":0,\"image\":{\"@id\":\"https:\\\/\\\/www.copealcoy.es\\\/es\\\/el-gobierno-de-alcoy-no-renuncia-a-seguir-con-el-caso-de-los-sobrecostes-del-calderon\\\/#primaryimage\"},\"thumbnailUrl\":\"https:\\\/\\\/www.copealcoy.es\\\/wp-content\\\/uploads\\\/2025\\\/01\\\/unnamed-1-35-scaled.jpg\",\"keywords\":[\"Alcoy\",\"Lorena Zamorano\",\"Sobrecostes Calder\u00f3n\",\"Toni Franc\u00e9s\"],\"articleSection\":[\"Actualidad\",\"Alcoy\",\"Noticias\",\"Pol\u00edtica y Econom\u00eda\",\"Portada\"],\"inLanguage\":\"es\"},{\"@type\":\"WebPage\",\"@id\":\"https:\\\/\\\/www.copealcoy.es\\\/es\\\/el-gobierno-de-alcoy-no-renuncia-a-seguir-con-el-caso-de-los-sobrecostes-del-calderon\\\/\",\"url\":\"https:\\\/\\\/www.copealcoy.es\\\/es\\\/el-gobierno-de-alcoy-no-renuncia-a-seguir-con-el-caso-de-los-sobrecostes-del-calderon\\\/\",\"name\":\"El gobierno de Alcoy no renuncia a seguir con el caso de los sobrecostes del Calder\u00f3n - COPE Alcoy\",\"isPartOf\":{\"@id\":\"https:\\\/\\\/www.copealcoy.es\\\/es\\\/#website\"},\"primaryImageOfPage\":{\"@id\":\"https:\\\/\\\/www.copealcoy.es\\\/es\\\/el-gobierno-de-alcoy-no-renuncia-a-seguir-con-el-caso-de-los-sobrecostes-del-calderon\\\/#primaryimage\"},\"image\":{\"@id\":\"https:\\\/\\\/www.copealcoy.es\\\/es\\\/el-gobierno-de-alcoy-no-renuncia-a-seguir-con-el-caso-de-los-sobrecostes-del-calderon\\\/#primaryimage\"},\"thumbnailUrl\":\"https:\\\/\\\/www.copealcoy.es\\\/wp-content\\\/uploads\\\/2025\\\/01\\\/unnamed-1-35-scaled.jpg\",\"datePublished\":\"2025-01-31T17:56:16+00:00\",\"dateModified\":\"2025-02-03T11:27:18+00:00\",\"author\":{\"@id\":\"https:\\\/\\\/www.copealcoy.es\\\/es\\\/#\\\/schema\\\/person\\\/e777c87fa024e57d40170af9df39882c\"},\"breadcrumb\":{\"@id\":\"https:\\\/\\\/www.copealcoy.es\\\/es\\\/el-gobierno-de-alcoy-no-renuncia-a-seguir-con-el-caso-de-los-sobrecostes-del-calderon\\\/#breadcrumb\"},\"inLanguage\":\"es\",\"potentialAction\":[{\"@type\":\"ReadAction\",\"target\":[\"https:\\\/\\\/www.copealcoy.es\\\/es\\\/el-gobierno-de-alcoy-no-renuncia-a-seguir-con-el-caso-de-los-sobrecostes-del-calderon\\\/\"]}]},{\"@type\":\"ImageObject\",\"inLanguage\":\"es\",\"@id\":\"https:\\\/\\\/www.copealcoy.es\\\/es\\\/el-gobierno-de-alcoy-no-renuncia-a-seguir-con-el-caso-de-los-sobrecostes-del-calderon\\\/#primaryimage\",\"url\":\"https:\\\/\\\/www.copealcoy.es\\\/wp-content\\\/uploads\\\/2025\\\/01\\\/unnamed-1-35-scaled.jpg\",\"contentUrl\":\"https:\\\/\\\/www.copealcoy.es\\\/wp-content\\\/uploads\\\/2025\\\/01\\\/unnamed-1-35-scaled.jpg\",\"width\":1741,\"height\":1080},{\"@type\":\"BreadcrumbList\",\"@id\":\"https:\\\/\\\/www.copealcoy.es\\\/es\\\/el-gobierno-de-alcoy-no-renuncia-a-seguir-con-el-caso-de-los-sobrecostes-del-calderon\\\/#breadcrumb\",\"itemListElement\":[{\"@type\":\"ListItem\",\"position\":1,\"name\":\"Portada\",\"item\":\"https:\\\/\\\/www.copealcoy.es\\\/es\\\/\"},{\"@type\":\"ListItem\",\"position\":2,\"name\":\"El gobierno de Alcoy no renuncia a seguir con el caso de los sobrecostes del Calder\u00f3n\"}]},{\"@type\":\"WebSite\",\"@id\":\"https:\\\/\\\/www.copealcoy.es\\\/es\\\/#website\",\"url\":\"https:\\\/\\\/www.copealcoy.es\\\/es\\\/\",\"name\":\"COPE Alcoy\",\"description\":\"Emisora COPE de radio local con emisi\u00f3n online. Pont de Sant Jordi 8-10 03803 Alcoy\",\"potentialAction\":[{\"@type\":\"SearchAction\",\"target\":{\"@type\":\"EntryPoint\",\"urlTemplate\":\"https:\\\/\\\/www.copealcoy.es\\\/es\\\/?s={search_term_string}\"},\"query-input\":{\"@type\":\"PropertyValueSpecification\",\"valueRequired\":true,\"valueName\":\"search_term_string\"}}],\"inLanguage\":\"es\"},{\"@type\":\"Person\",\"@id\":\"https:\\\/\\\/www.copealcoy.es\\\/es\\\/#\\\/schema\\\/person\\\/e777c87fa024e57d40170af9df39882c\",\"name\":\"Cope Alcoy\",\"image\":{\"@type\":\"ImageObject\",\"inLanguage\":\"es\",\"@id\":\"https:\\\/\\\/secure.gravatar.com\\\/avatar\\\/bb65d0283347e303893ba14f0692005417c1e0e690a325a4c5d8bb2b3943ee14?s=96&d=mm&r=g\",\"url\":\"https:\\\/\\\/secure.gravatar.com\\\/avatar\\\/bb65d0283347e303893ba14f0692005417c1e0e690a325a4c5d8bb2b3943ee14?s=96&d=mm&r=g\",\"contentUrl\":\"https:\\\/\\\/secure.gravatar.com\\\/avatar\\\/bb65d0283347e303893ba14f0692005417c1e0e690a325a4c5d8bb2b3943ee14?s=96&d=mm&r=g\",\"caption\":\"Cope Alcoy\"}}]}<\/script>\n<!-- \/ Yoast SEO plugin. -->","yoast_head_json":{"title":"El gobierno de Alcoy no renuncia a seguir con el caso de los sobrecostes del Calder\u00f3n - COPE Alcoy","robots":{"index":"index","follow":"follow","max-snippet":"max-snippet:-1","max-image-preview":"max-image-preview:large","max-video-preview":"max-video-preview:-1"},"canonical":"https:\/\/www.copealcoy.es\/es\/el-gobierno-de-alcoy-no-renuncia-a-seguir-con-el-caso-de-los-sobrecostes-del-calderon\/","og_locale":"es_ES","og_type":"article","og_title":"El gobierno de Alcoy no renuncia a seguir con el caso de los sobrecostes del Calder\u00f3n - COPE Alcoy","og_description":"El gobierno local de Alcoy ha reaccionado este viernes a las afirmaciones que hizo ayer el Partido Popular, formaci\u00f3n que...","og_url":"https:\/\/www.copealcoy.es\/es\/el-gobierno-de-alcoy-no-renuncia-a-seguir-con-el-caso-de-los-sobrecostes-del-calderon\/","og_site_name":"COPE Alcoy","article_published_time":"2025-01-31T17:56:16+00:00","article_modified_time":"2025-02-03T11:27:18+00:00","og_image":[{"width":1741,"height":1080,"url":"https:\/\/www.copealcoy.es\/wp-content\/uploads\/2025\/01\/unnamed-1-35-scaled.jpg","type":"image\/jpeg"}],"author":"Cope Alcoy","twitter_misc":{"Escrito por":"Cope Alcoy","Tiempo de lectura":"3 minutos"},"schema":{"@context":"https:\/\/schema.org","@graph":[{"@type":"Article","@id":"https:\/\/www.copealcoy.es\/es\/el-gobierno-de-alcoy-no-renuncia-a-seguir-con-el-caso-de-los-sobrecostes-del-calderon\/#article","isPartOf":{"@id":"https:\/\/www.copealcoy.es\/es\/el-gobierno-de-alcoy-no-renuncia-a-seguir-con-el-caso-de-los-sobrecostes-del-calderon\/"},"author":{"name":"Cope Alcoy","@id":"https:\/\/www.copealcoy.es\/es\/#\/schema\/person\/e777c87fa024e57d40170af9df39882c"},"headline":"El gobierno de Alcoy no renuncia a seguir con el caso de los sobrecostes del Calder\u00f3n","datePublished":"2025-01-31T17:56:16+00:00","dateModified":"2025-02-03T11:27:18+00:00","mainEntityOfPage":{"@id":"https:\/\/www.copealcoy.es\/es\/el-gobierno-de-alcoy-no-renuncia-a-seguir-con-el-caso-de-los-sobrecostes-del-calderon\/"},"wordCount":437,"commentCount":0,"image":{"@id":"https:\/\/www.copealcoy.es\/es\/el-gobierno-de-alcoy-no-renuncia-a-seguir-con-el-caso-de-los-sobrecostes-del-calderon\/#primaryimage"},"thumbnailUrl":"https:\/\/www.copealcoy.es\/wp-content\/uploads\/2025\/01\/unnamed-1-35-scaled.jpg","keywords":["Alcoy","Lorena Zamorano","Sobrecostes Calder\u00f3n","Toni Franc\u00e9s"],"articleSection":["Actualidad","Alcoy","Noticias","Pol\u00edtica y Econom\u00eda","Portada"],"inLanguage":"es"},{"@type":"WebPage","@id":"https:\/\/www.copealcoy.es\/es\/el-gobierno-de-alcoy-no-renuncia-a-seguir-con-el-caso-de-los-sobrecostes-del-calderon\/","url":"https:\/\/www.copealcoy.es\/es\/el-gobierno-de-alcoy-no-renuncia-a-seguir-con-el-caso-de-los-sobrecostes-del-calderon\/","name":"El gobierno de Alcoy no renuncia a seguir con el caso de los sobrecostes del Calder\u00f3n - COPE Alcoy","isPartOf":{"@id":"https:\/\/www.copealcoy.es\/es\/#website"},"primaryImageOfPage":{"@id":"https:\/\/www.copealcoy.es\/es\/el-gobierno-de-alcoy-no-renuncia-a-seguir-con-el-caso-de-los-sobrecostes-del-calderon\/#primaryimage"},"image":{"@id":"https:\/\/www.copealcoy.es\/es\/el-gobierno-de-alcoy-no-renuncia-a-seguir-con-el-caso-de-los-sobrecostes-del-calderon\/#primaryimage"},"thumbnailUrl":"https:\/\/www.copealcoy.es\/wp-content\/uploads\/2025\/01\/unnamed-1-35-scaled.jpg","datePublished":"2025-01-31T17:56:16+00:00","dateModified":"2025-02-03T11:27:18+00:00","author":{"@id":"https:\/\/www.copealcoy.es\/es\/#\/schema\/person\/e777c87fa024e57d40170af9df39882c"},"breadcrumb":{"@id":"https:\/\/www.copealcoy.es\/es\/el-gobierno-de-alcoy-no-renuncia-a-seguir-con-el-caso-de-los-sobrecostes-del-calderon\/#breadcrumb"},"inLanguage":"es","potentialAction":[{"@type":"ReadAction","target":["https:\/\/www.copealcoy.es\/es\/el-gobierno-de-alcoy-no-renuncia-a-seguir-con-el-caso-de-los-sobrecostes-del-calderon\/"]}]},{"@type":"ImageObject","inLanguage":"es","@id":"https:\/\/www.copealcoy.es\/es\/el-gobierno-de-alcoy-no-renuncia-a-seguir-con-el-caso-de-los-sobrecostes-del-calderon\/#primaryimage","url":"https:\/\/www.copealcoy.es\/wp-content\/uploads\/2025\/01\/unnamed-1-35-scaled.jpg","contentUrl":"https:\/\/www.copealcoy.es\/wp-content\/uploads\/2025\/01\/unnamed-1-35-scaled.jpg","width":1741,"height":1080},{"@type":"BreadcrumbList","@id":"https:\/\/www.copealcoy.es\/es\/el-gobierno-de-alcoy-no-renuncia-a-seguir-con-el-caso-de-los-sobrecostes-del-calderon\/#breadcrumb","itemListElement":[{"@type":"ListItem","position":1,"name":"Portada","item":"https:\/\/www.copealcoy.es\/es\/"},{"@type":"ListItem","position":2,"name":"El gobierno de Alcoy no renuncia a seguir con el caso de los sobrecostes del Calder\u00f3n"}]},{"@type":"WebSite","@id":"https:\/\/www.copealcoy.es\/es\/#website","url":"https:\/\/www.copealcoy.es\/es\/","name":"COPE Alcoy","description":"Emisora COPE de radio local con emisi\u00f3n online. Pont de Sant Jordi 8-10 03803 Alcoy","potentialAction":[{"@type":"SearchAction","target":{"@type":"EntryPoint","urlTemplate":"https:\/\/www.copealcoy.es\/es\/?s={search_term_string}"},"query-input":{"@type":"PropertyValueSpecification","valueRequired":true,"valueName":"search_term_string"}}],"inLanguage":"es"},{"@type":"Person","@id":"https:\/\/www.copealcoy.es\/es\/#\/schema\/person\/e777c87fa024e57d40170af9df39882c","name":"Cope Alcoy","image":{"@type":"ImageObject","inLanguage":"es","@id":"https:\/\/secure.gravatar.com\/avatar\/bb65d0283347e303893ba14f0692005417c1e0e690a325a4c5d8bb2b3943ee14?s=96&d=mm&r=g","url":"https:\/\/secure.gravatar.com\/avatar\/bb65d0283347e303893ba14f0692005417c1e0e690a325a4c5d8bb2b3943ee14?s=96&d=mm&r=g","contentUrl":"https:\/\/secure.gravatar.com\/avatar\/bb65d0283347e303893ba14f0692005417c1e0e690a325a4c5d8bb2b3943ee14?s=96&d=mm&r=g","caption":"Cope Alcoy"}}]}},"_links":{"self":[{"href":"https:\/\/www.copealcoy.es\/es\/wp-json\/wp\/v2\/posts\/146932","targetHints":{"allow":["GET"]}}],"collection":[{"href":"https:\/\/www.copealcoy.es\/es\/wp-json\/wp\/v2\/posts"}],"about":[{"href":"https:\/\/www.copealcoy.es\/es\/wp-json\/wp\/v2\/types\/post"}],"author":[{"embeddable":true,"href":"https:\/\/www.copealcoy.es\/es\/wp-json\/wp\/v2\/users\/1"}],"replies":[{"embeddable":true,"href":"https:\/\/www.copealcoy.es\/es\/wp-json\/wp\/v2\/comments?post=146932"}],"version-history":[{"count":0,"href":"https:\/\/www.copealcoy.es\/es\/wp-json\/wp\/v2\/posts\/146932\/revisions"}],"wp:featuredmedia":[{"embeddable":true,"href":"https:\/\/www.copealcoy.es\/es\/wp-json\/wp\/v2\/media\/146933"}],"wp:attachment":[{"href":"https:\/\/www.copealcoy.es\/es\/wp-json\/wp\/v2\/media?parent=146932"}],"wp:term":[{"taxonomy":"category","embeddable":true,"href":"https:\/\/www.copealcoy.es\/es\/wp-json\/wp\/v2\/categories?post=146932"},{"taxonomy":"post_tag","embeddable":true,"href":"https:\/\/www.copealcoy.es\/es\/wp-json\/wp\/v2\/tags?post=146932"}],"curies":[{"name":"wp","href":"https:\/\/api.w.org\/{rel}","templated":true}]}}