{"id":146887,"date":"2025-01-30T14:06:58","date_gmt":"2025-01-30T13:06:58","guid":{"rendered":"https:\/\/www.copealcoy.es\/?p=146887"},"modified":"2025-01-30T14:06:58","modified_gmt":"2025-01-30T13:06:58","slug":"carpetazo-al-proceso-por-los-sobrecostes-en-las-obras-del-teatro-calderon-de-alcoy","status":"publish","type":"post","link":"https:\/\/www.copealcoy.es\/es\/carpetazo-al-proceso-por-los-sobrecostes-en-las-obras-del-teatro-calderon-de-alcoy\/","title":{"rendered":"Carpetazo al proceso por los sobrecostes en las obras del Teatro Calder\u00f3n de Alcoy"},"content":{"rendered":"<p style=\"text-align: justify;\">Durante los \u00faltimos d\u00edas ha trascendido la noticia de que <strong>la Fiscal\u00eda de Alicante ha pedido el sobreseimiento provisional<\/strong> del caso relacionado con <strong>los sobrecostes en las obras ejecutadas a principios de la d\u00e9cada del dos mil<\/strong> para la reforma del <a href=\"https:\/\/www.facebook.com\/teatrecalderon\" target=\"_blank\" rel=\"noopener\"><span style=\"color: #0000ff;\"><strong>Teatro Calder\u00f3n<\/strong><\/span><\/a> de nuestra ciudad. La decisi\u00f3n, seg\u00fan la misma Fiscal\u00eda, viene justificada <strong>porque no existen suficientes pruebas<\/strong> que determinen que hubo delitos de falsedad documental y estafa por parte de la empresa del constructor Enrique Ortiz, que ejecut\u00f3 el proyecto, y un t\u00e9cnico municipal.<\/p>\n<p style=\"text-align: justify;\">Tras conocerse este nuevo contexto, <strong>el gobierno local<\/strong> manifest\u00f3 que no iba a seguir adelante con la causa aunque manifestaba su <em>&#8220;decepci\u00f3n&#8221;<\/em> porque, seg\u00fan se\u00f1alan, existen hasta &#8220;<em>tres informes periciales que certificaron que si que hubo un sobrecoste en el citado proyecto&#8221;<\/em>. Hoy jueves ha sido el <strong>Partido Popular de Alcoy<\/strong> el que ha salido al paso para mostrar su satisfacci\u00f3n al haber quedado demostrado, seg\u00fan han se\u00f1alado, que todo se hizo con absoluta normalidad &#8220;<em>no hubo ninguna irregularidad y al final esto ha sido un ataque constante al PP para tratar de sacar r\u00e9dito pol\u00edtico<\/em>&#8220;, ha explicado este mediod\u00eda en COPE ALCOY el portavoz popular; <strong>Carlos Pastor<\/strong>. Para el l\u00edder del PP en la ciudad el periplo judicial que se ha llevado a cabo con el asunto del Calder\u00f3n &#8220;<em>ha sido un aut\u00e9ntico reguero de derrotas para el gobierno de Toni Franc\u00e9s<\/em>&#8221; al mismo tiempo que <strong>ha pedido responsabilidades<\/strong> &#8220;<em>deben de pedir perd\u00f3n por el acoso hecho al Partido Popular y creemos que la edil Lorena Zamorano, que ha abanderado todo esto, deber\u00eda de dimitir o ser cesada por el alcalde<\/em>&#8220;, a\u00f1ade. Por \u00faltimo <strong>Carlos Pastor ha aclarado que la reforma del Calder\u00f3n si que acab\u00f3 incrementando su coste<\/strong>,\u00a0 un mill\u00f3n de euros m\u00e1s, pero todo justificado y nada hecho de forma ilegal &#8220;<em>se contaba con todos los informes favorables de los t\u00e9cnicos municipales y no hubo nada fuera de lo normal, as\u00ed ha quedado demostrado<\/em>&#8220;, concluy\u00f3.<\/p>\n<p style=\"text-align: justify;\">Recordar que con el cambio de gobierno local en la ciudad, tras las Elecciones Municipales de 2011; <strong>el Partido Socialista llev\u00f3 la reforma del Teatro Calder\u00f3n al juzgado<\/strong> contando con unos informes periciales que certificaban <strong>sobrecostes de un mill\u00f3n de euros<\/strong> en la actuaci\u00f3n ejecutada. El caso finalmente se cierra al entender el Fiscal que <strong>no se puede probar<\/strong> si los sobrecostes que hubo fueron por cumplir los plazos de ejecuci\u00f3n del proyecto, necesidades que iban presentando las obras a medida que avanzaban o acciones voluntarias.<\/p>\n","protected":false},"excerpt":{"rendered":"<p>Durante los \u00faltimos d\u00edas ha trascendido la noticia de que la Fiscal\u00eda de Alicante ha pedido el sobreseimiento provisional del&#8230;<\/p>\n","protected":false},"author":1,"featured_media":24616,"comment_status":"open","ping_status":"open","sticky":false,"template":"","format":"standard","meta":{"footnotes":""},"categories":[6909,97,75,125],"tags":[1494,13235,145,448,331,1763],"class_list":["post-146887","post","type-post","status-publish","format-standard","has-post-thumbnail","hentry","category-actualidad","category-alcoy","category-noticias","category-portada","tag-alcoy","tag-carlos-pastor","tag-obras","tag-partido-popular","tag-sobrecostes","tag-teatro-calderon"],"yoast_head":"<!-- This site is optimized with the Yoast SEO plugin v27.3 - https:\/\/yoast.com\/product\/yoast-seo-wordpress\/ -->\n<title>Carpetazo al proceso por los sobrecostes en las obras del Teatro Calder\u00f3n de Alcoy - COPE Alcoy<\/title>\n<meta name=\"description\" content=\"Durante los \u00faltimos d\u00edas ha trascendido la noticia de que la Fiscal\u00eda de Alicante ha pedido el sobreseimiento provisional del caso relacionado con los sobrecostes en las obras ejecutadas a principios de la d\u00e9cada del dos mil para la reforma del Teatro Calder\u00f3n de nuestra ciudad\" \/>\n<meta name=\"robots\" content=\"index, follow, max-snippet:-1, max-image-preview:large, max-video-preview:-1\" \/>\n<link rel=\"canonical\" href=\"https:\/\/www.copealcoy.es\/es\/carpetazo-al-proceso-por-los-sobrecostes-en-las-obras-del-teatro-calderon-de-alcoy\/\" \/>\n<meta property=\"og:locale\" content=\"es_ES\" \/>\n<meta property=\"og:type\" content=\"article\" \/>\n<meta property=\"og:title\" content=\"Carpetazo al proceso por los sobrecostes en las obras del Teatro Calder\u00f3n de Alcoy - COPE Alcoy\" \/>\n<meta property=\"og:description\" content=\"Durante los \u00faltimos d\u00edas ha trascendido la noticia de que la Fiscal\u00eda de Alicante ha pedido el sobreseimiento provisional del caso relacionado con los sobrecostes en las obras ejecutadas a principios de la d\u00e9cada del dos mil para la reforma del Teatro Calder\u00f3n de nuestra ciudad\" \/>\n<meta property=\"og:url\" content=\"https:\/\/www.copealcoy.es\/es\/carpetazo-al-proceso-por-los-sobrecostes-en-las-obras-del-teatro-calderon-de-alcoy\/\" \/>\n<meta property=\"og:site_name\" content=\"COPE Alcoy\" \/>\n<meta property=\"article:published_time\" content=\"2025-01-30T13:06:58+00:00\" \/>\n<meta property=\"og:image\" content=\"https:\/\/www.copealcoy.es\/wp-content\/uploads\/2016\/09\/Calderon_Alcoy_Alcoi_Costa_Blanca_Comunidad_Valenciana_Espana_web.jpg\" \/>\n\t<meta property=\"og:image:width\" content=\"1000\" \/>\n\t<meta property=\"og:image:height\" content=\"667\" \/>\n\t<meta property=\"og:image:type\" content=\"image\/jpeg\" \/>\n<meta name=\"author\" content=\"Cope Alcoy\" \/>\n<meta name=\"twitter:label1\" content=\"Escrito por\" \/>\n\t<meta name=\"twitter:data1\" content=\"Cope Alcoy\" \/>\n\t<meta name=\"twitter:label2\" content=\"Tiempo de lectura\" \/>\n\t<meta name=\"twitter:data2\" content=\"3 minutos\" \/>\n<script type=\"application\/ld+json\" class=\"yoast-schema-graph\">{\"@context\":\"https:\\\/\\\/schema.org\",\"@graph\":[{\"@type\":\"Article\",\"@id\":\"https:\\\/\\\/www.copealcoy.es\\\/es\\\/carpetazo-al-proceso-por-los-sobrecostes-en-las-obras-del-teatro-calderon-de-alcoy\\\/#article\",\"isPartOf\":{\"@id\":\"https:\\\/\\\/www.copealcoy.es\\\/es\\\/carpetazo-al-proceso-por-los-sobrecostes-en-las-obras-del-teatro-calderon-de-alcoy\\\/\"},\"author\":{\"name\":\"Cope Alcoy\",\"@id\":\"https:\\\/\\\/www.copealcoy.es\\\/es\\\/#\\\/schema\\\/person\\\/e777c87fa024e57d40170af9df39882c\"},\"headline\":\"Carpetazo al proceso por los sobrecostes en las obras del Teatro Calder\u00f3n de Alcoy\",\"datePublished\":\"2025-01-30T13:06:58+00:00\",\"mainEntityOfPage\":{\"@id\":\"https:\\\/\\\/www.copealcoy.es\\\/es\\\/carpetazo-al-proceso-por-los-sobrecostes-en-las-obras-del-teatro-calderon-de-alcoy\\\/\"},\"wordCount\":456,\"commentCount\":0,\"image\":{\"@id\":\"https:\\\/\\\/www.copealcoy.es\\\/es\\\/carpetazo-al-proceso-por-los-sobrecostes-en-las-obras-del-teatro-calderon-de-alcoy\\\/#primaryimage\"},\"thumbnailUrl\":\"https:\\\/\\\/www.copealcoy.es\\\/wp-content\\\/uploads\\\/2016\\\/09\\\/Calderon_Alcoy_Alcoi_Costa_Blanca_Comunidad_Valenciana_Espana_web.jpg\",\"keywords\":[\"Alcoy\",\"Carlos Pastor\",\"Obras\",\"Partido Popular\",\"sobrecostes\",\"Teatro Calder\u00f3n\"],\"articleSection\":[\"Actualidad\",\"Alcoy\",\"Noticias\",\"Portada\"],\"inLanguage\":\"es\"},{\"@type\":\"WebPage\",\"@id\":\"https:\\\/\\\/www.copealcoy.es\\\/es\\\/carpetazo-al-proceso-por-los-sobrecostes-en-las-obras-del-teatro-calderon-de-alcoy\\\/\",\"url\":\"https:\\\/\\\/www.copealcoy.es\\\/es\\\/carpetazo-al-proceso-por-los-sobrecostes-en-las-obras-del-teatro-calderon-de-alcoy\\\/\",\"name\":\"Carpetazo al proceso por los sobrecostes en las obras del Teatro Calder\u00f3n de Alcoy - COPE Alcoy\",\"isPartOf\":{\"@id\":\"https:\\\/\\\/www.copealcoy.es\\\/es\\\/#website\"},\"primaryImageOfPage\":{\"@id\":\"https:\\\/\\\/www.copealcoy.es\\\/es\\\/carpetazo-al-proceso-por-los-sobrecostes-en-las-obras-del-teatro-calderon-de-alcoy\\\/#primaryimage\"},\"image\":{\"@id\":\"https:\\\/\\\/www.copealcoy.es\\\/es\\\/carpetazo-al-proceso-por-los-sobrecostes-en-las-obras-del-teatro-calderon-de-alcoy\\\/#primaryimage\"},\"thumbnailUrl\":\"https:\\\/\\\/www.copealcoy.es\\\/wp-content\\\/uploads\\\/2016\\\/09\\\/Calderon_Alcoy_Alcoi_Costa_Blanca_Comunidad_Valenciana_Espana_web.jpg\",\"datePublished\":\"2025-01-30T13:06:58+00:00\",\"author\":{\"@id\":\"https:\\\/\\\/www.copealcoy.es\\\/es\\\/#\\\/schema\\\/person\\\/e777c87fa024e57d40170af9df39882c\"},\"description\":\"Durante los \u00faltimos d\u00edas ha trascendido la noticia de que la Fiscal\u00eda de Alicante ha pedido el sobreseimiento provisional del caso relacionado con los sobrecostes en las obras ejecutadas a principios de la d\u00e9cada del dos mil para la reforma del Teatro Calder\u00f3n de nuestra ciudad\",\"breadcrumb\":{\"@id\":\"https:\\\/\\\/www.copealcoy.es\\\/es\\\/carpetazo-al-proceso-por-los-sobrecostes-en-las-obras-del-teatro-calderon-de-alcoy\\\/#breadcrumb\"},\"inLanguage\":\"es\",\"potentialAction\":[{\"@type\":\"ReadAction\",\"target\":[\"https:\\\/\\\/www.copealcoy.es\\\/es\\\/carpetazo-al-proceso-por-los-sobrecostes-en-las-obras-del-teatro-calderon-de-alcoy\\\/\"]}]},{\"@type\":\"ImageObject\",\"inLanguage\":\"es\",\"@id\":\"https:\\\/\\\/www.copealcoy.es\\\/es\\\/carpetazo-al-proceso-por-los-sobrecostes-en-las-obras-del-teatro-calderon-de-alcoy\\\/#primaryimage\",\"url\":\"https:\\\/\\\/www.copealcoy.es\\\/wp-content\\\/uploads\\\/2016\\\/09\\\/Calderon_Alcoy_Alcoi_Costa_Blanca_Comunidad_Valenciana_Espana_web.jpg\",\"contentUrl\":\"https:\\\/\\\/www.copealcoy.es\\\/wp-content\\\/uploads\\\/2016\\\/09\\\/Calderon_Alcoy_Alcoi_Costa_Blanca_Comunidad_Valenciana_Espana_web.jpg\",\"width\":1000,\"height\":667},{\"@type\":\"BreadcrumbList\",\"@id\":\"https:\\\/\\\/www.copealcoy.es\\\/es\\\/carpetazo-al-proceso-por-los-sobrecostes-en-las-obras-del-teatro-calderon-de-alcoy\\\/#breadcrumb\",\"itemListElement\":[{\"@type\":\"ListItem\",\"position\":1,\"name\":\"Portada\",\"item\":\"https:\\\/\\\/www.copealcoy.es\\\/es\\\/\"},{\"@type\":\"ListItem\",\"position\":2,\"name\":\"Carpetazo al proceso por los sobrecostes en las obras del Teatro Calder\u00f3n de Alcoy\"}]},{\"@type\":\"WebSite\",\"@id\":\"https:\\\/\\\/www.copealcoy.es\\\/es\\\/#website\",\"url\":\"https:\\\/\\\/www.copealcoy.es\\\/es\\\/\",\"name\":\"COPE Alcoy\",\"description\":\"Emisora COPE de radio local con emisi\u00f3n online. Pont de Sant Jordi 8-10 03803 Alcoy\",\"potentialAction\":[{\"@type\":\"SearchAction\",\"target\":{\"@type\":\"EntryPoint\",\"urlTemplate\":\"https:\\\/\\\/www.copealcoy.es\\\/es\\\/?s={search_term_string}\"},\"query-input\":{\"@type\":\"PropertyValueSpecification\",\"valueRequired\":true,\"valueName\":\"search_term_string\"}}],\"inLanguage\":\"es\"},{\"@type\":\"Person\",\"@id\":\"https:\\\/\\\/www.copealcoy.es\\\/es\\\/#\\\/schema\\\/person\\\/e777c87fa024e57d40170af9df39882c\",\"name\":\"Cope Alcoy\",\"image\":{\"@type\":\"ImageObject\",\"inLanguage\":\"es\",\"@id\":\"https:\\\/\\\/secure.gravatar.com\\\/avatar\\\/bb65d0283347e303893ba14f0692005417c1e0e690a325a4c5d8bb2b3943ee14?s=96&d=mm&r=g\",\"url\":\"https:\\\/\\\/secure.gravatar.com\\\/avatar\\\/bb65d0283347e303893ba14f0692005417c1e0e690a325a4c5d8bb2b3943ee14?s=96&d=mm&r=g\",\"contentUrl\":\"https:\\\/\\\/secure.gravatar.com\\\/avatar\\\/bb65d0283347e303893ba14f0692005417c1e0e690a325a4c5d8bb2b3943ee14?s=96&d=mm&r=g\",\"caption\":\"Cope Alcoy\"}}]}<\/script>\n<!-- \/ Yoast SEO plugin. -->","yoast_head_json":{"title":"Carpetazo al proceso por los sobrecostes en las obras del Teatro Calder\u00f3n de Alcoy - COPE Alcoy","description":"Durante los \u00faltimos d\u00edas ha trascendido la noticia de que la Fiscal\u00eda de Alicante ha pedido el sobreseimiento provisional del caso relacionado con los sobrecostes en las obras ejecutadas a principios de la d\u00e9cada del dos mil para la reforma del Teatro Calder\u00f3n de nuestra ciudad","robots":{"index":"index","follow":"follow","max-snippet":"max-snippet:-1","max-image-preview":"max-image-preview:large","max-video-preview":"max-video-preview:-1"},"canonical":"https:\/\/www.copealcoy.es\/es\/carpetazo-al-proceso-por-los-sobrecostes-en-las-obras-del-teatro-calderon-de-alcoy\/","og_locale":"es_ES","og_type":"article","og_title":"Carpetazo al proceso por los sobrecostes en las obras del Teatro Calder\u00f3n de Alcoy - COPE Alcoy","og_description":"Durante los \u00faltimos d\u00edas ha trascendido la noticia de que la Fiscal\u00eda de Alicante ha pedido el sobreseimiento provisional del caso relacionado con los sobrecostes en las obras ejecutadas a principios de la d\u00e9cada del dos mil para la reforma del Teatro Calder\u00f3n de nuestra ciudad","og_url":"https:\/\/www.copealcoy.es\/es\/carpetazo-al-proceso-por-los-sobrecostes-en-las-obras-del-teatro-calderon-de-alcoy\/","og_site_name":"COPE Alcoy","article_published_time":"2025-01-30T13:06:58+00:00","og_image":[{"width":1000,"height":667,"url":"https:\/\/www.copealcoy.es\/wp-content\/uploads\/2016\/09\/Calderon_Alcoy_Alcoi_Costa_Blanca_Comunidad_Valenciana_Espana_web.jpg","type":"image\/jpeg"}],"author":"Cope Alcoy","twitter_misc":{"Escrito por":"Cope Alcoy","Tiempo de lectura":"3 minutos"},"schema":{"@context":"https:\/\/schema.org","@graph":[{"@type":"Article","@id":"https:\/\/www.copealcoy.es\/es\/carpetazo-al-proceso-por-los-sobrecostes-en-las-obras-del-teatro-calderon-de-alcoy\/#article","isPartOf":{"@id":"https:\/\/www.copealcoy.es\/es\/carpetazo-al-proceso-por-los-sobrecostes-en-las-obras-del-teatro-calderon-de-alcoy\/"},"author":{"name":"Cope Alcoy","@id":"https:\/\/www.copealcoy.es\/es\/#\/schema\/person\/e777c87fa024e57d40170af9df39882c"},"headline":"Carpetazo al proceso por los sobrecostes en las obras del Teatro Calder\u00f3n de Alcoy","datePublished":"2025-01-30T13:06:58+00:00","mainEntityOfPage":{"@id":"https:\/\/www.copealcoy.es\/es\/carpetazo-al-proceso-por-los-sobrecostes-en-las-obras-del-teatro-calderon-de-alcoy\/"},"wordCount":456,"commentCount":0,"image":{"@id":"https:\/\/www.copealcoy.es\/es\/carpetazo-al-proceso-por-los-sobrecostes-en-las-obras-del-teatro-calderon-de-alcoy\/#primaryimage"},"thumbnailUrl":"https:\/\/www.copealcoy.es\/wp-content\/uploads\/2016\/09\/Calderon_Alcoy_Alcoi_Costa_Blanca_Comunidad_Valenciana_Espana_web.jpg","keywords":["Alcoy","Carlos Pastor","Obras","Partido Popular","sobrecostes","Teatro Calder\u00f3n"],"articleSection":["Actualidad","Alcoy","Noticias","Portada"],"inLanguage":"es"},{"@type":"WebPage","@id":"https:\/\/www.copealcoy.es\/es\/carpetazo-al-proceso-por-los-sobrecostes-en-las-obras-del-teatro-calderon-de-alcoy\/","url":"https:\/\/www.copealcoy.es\/es\/carpetazo-al-proceso-por-los-sobrecostes-en-las-obras-del-teatro-calderon-de-alcoy\/","name":"Carpetazo al proceso por los sobrecostes en las obras del Teatro Calder\u00f3n de Alcoy - COPE Alcoy","isPartOf":{"@id":"https:\/\/www.copealcoy.es\/es\/#website"},"primaryImageOfPage":{"@id":"https:\/\/www.copealcoy.es\/es\/carpetazo-al-proceso-por-los-sobrecostes-en-las-obras-del-teatro-calderon-de-alcoy\/#primaryimage"},"image":{"@id":"https:\/\/www.copealcoy.es\/es\/carpetazo-al-proceso-por-los-sobrecostes-en-las-obras-del-teatro-calderon-de-alcoy\/#primaryimage"},"thumbnailUrl":"https:\/\/www.copealcoy.es\/wp-content\/uploads\/2016\/09\/Calderon_Alcoy_Alcoi_Costa_Blanca_Comunidad_Valenciana_Espana_web.jpg","datePublished":"2025-01-30T13:06:58+00:00","author":{"@id":"https:\/\/www.copealcoy.es\/es\/#\/schema\/person\/e777c87fa024e57d40170af9df39882c"},"description":"Durante los \u00faltimos d\u00edas ha trascendido la noticia de que la Fiscal\u00eda de Alicante ha pedido el sobreseimiento provisional del caso relacionado con los sobrecostes en las obras ejecutadas a principios de la d\u00e9cada del dos mil para la reforma del Teatro Calder\u00f3n de nuestra ciudad","breadcrumb":{"@id":"https:\/\/www.copealcoy.es\/es\/carpetazo-al-proceso-por-los-sobrecostes-en-las-obras-del-teatro-calderon-de-alcoy\/#breadcrumb"},"inLanguage":"es","potentialAction":[{"@type":"ReadAction","target":["https:\/\/www.copealcoy.es\/es\/carpetazo-al-proceso-por-los-sobrecostes-en-las-obras-del-teatro-calderon-de-alcoy\/"]}]},{"@type":"ImageObject","inLanguage":"es","@id":"https:\/\/www.copealcoy.es\/es\/carpetazo-al-proceso-por-los-sobrecostes-en-las-obras-del-teatro-calderon-de-alcoy\/#primaryimage","url":"https:\/\/www.copealcoy.es\/wp-content\/uploads\/2016\/09\/Calderon_Alcoy_Alcoi_Costa_Blanca_Comunidad_Valenciana_Espana_web.jpg","contentUrl":"https:\/\/www.copealcoy.es\/wp-content\/uploads\/2016\/09\/Calderon_Alcoy_Alcoi_Costa_Blanca_Comunidad_Valenciana_Espana_web.jpg","width":1000,"height":667},{"@type":"BreadcrumbList","@id":"https:\/\/www.copealcoy.es\/es\/carpetazo-al-proceso-por-los-sobrecostes-en-las-obras-del-teatro-calderon-de-alcoy\/#breadcrumb","itemListElement":[{"@type":"ListItem","position":1,"name":"Portada","item":"https:\/\/www.copealcoy.es\/es\/"},{"@type":"ListItem","position":2,"name":"Carpetazo al proceso por los sobrecostes en las obras del Teatro Calder\u00f3n de Alcoy"}]},{"@type":"WebSite","@id":"https:\/\/www.copealcoy.es\/es\/#website","url":"https:\/\/www.copealcoy.es\/es\/","name":"COPE Alcoy","description":"Emisora COPE de radio local con emisi\u00f3n online. Pont de Sant Jordi 8-10 03803 Alcoy","potentialAction":[{"@type":"SearchAction","target":{"@type":"EntryPoint","urlTemplate":"https:\/\/www.copealcoy.es\/es\/?s={search_term_string}"},"query-input":{"@type":"PropertyValueSpecification","valueRequired":true,"valueName":"search_term_string"}}],"inLanguage":"es"},{"@type":"Person","@id":"https:\/\/www.copealcoy.es\/es\/#\/schema\/person\/e777c87fa024e57d40170af9df39882c","name":"Cope Alcoy","image":{"@type":"ImageObject","inLanguage":"es","@id":"https:\/\/secure.gravatar.com\/avatar\/bb65d0283347e303893ba14f0692005417c1e0e690a325a4c5d8bb2b3943ee14?s=96&d=mm&r=g","url":"https:\/\/secure.gravatar.com\/avatar\/bb65d0283347e303893ba14f0692005417c1e0e690a325a4c5d8bb2b3943ee14?s=96&d=mm&r=g","contentUrl":"https:\/\/secure.gravatar.com\/avatar\/bb65d0283347e303893ba14f0692005417c1e0e690a325a4c5d8bb2b3943ee14?s=96&d=mm&r=g","caption":"Cope Alcoy"}}]}},"_links":{"self":[{"href":"https:\/\/www.copealcoy.es\/es\/wp-json\/wp\/v2\/posts\/146887","targetHints":{"allow":["GET"]}}],"collection":[{"href":"https:\/\/www.copealcoy.es\/es\/wp-json\/wp\/v2\/posts"}],"about":[{"href":"https:\/\/www.copealcoy.es\/es\/wp-json\/wp\/v2\/types\/post"}],"author":[{"embeddable":true,"href":"https:\/\/www.copealcoy.es\/es\/wp-json\/wp\/v2\/users\/1"}],"replies":[{"embeddable":true,"href":"https:\/\/www.copealcoy.es\/es\/wp-json\/wp\/v2\/comments?post=146887"}],"version-history":[{"count":0,"href":"https:\/\/www.copealcoy.es\/es\/wp-json\/wp\/v2\/posts\/146887\/revisions"}],"wp:featuredmedia":[{"embeddable":true,"href":"https:\/\/www.copealcoy.es\/es\/wp-json\/wp\/v2\/media\/24616"}],"wp:attachment":[{"href":"https:\/\/www.copealcoy.es\/es\/wp-json\/wp\/v2\/media?parent=146887"}],"wp:term":[{"taxonomy":"category","embeddable":true,"href":"https:\/\/www.copealcoy.es\/es\/wp-json\/wp\/v2\/categories?post=146887"},{"taxonomy":"post_tag","embeddable":true,"href":"https:\/\/www.copealcoy.es\/es\/wp-json\/wp\/v2\/tags?post=146887"}],"curies":[{"name":"wp","href":"https:\/\/api.w.org\/{rel}","templated":true}]}}