{"id":14688,"date":"2015-08-02T21:48:19","date_gmt":"2015-08-02T21:48:19","guid":{"rendered":"http:\/\/copealcoi.es\/new\/?p=14688"},"modified":"2015-08-03T18:21:13","modified_gmt":"2015-08-03T18:21:13","slug":"el-mal-passet-inicia-el-ciclo-de-conciertos-de-fiestas-en-cocentaina","status":"publish","type":"post","link":"https:\/\/www.copealcoy.es\/es\/el-mal-passet-inicia-el-ciclo-de-conciertos-de-fiestas-en-cocentaina\/","title":{"rendered":"El Mal Passet inicia el ciclo de conciertos de fiestas en Cocentaina"},"content":{"rendered":"<p style=\"text-align: justify;\">La Colla \u00a0de Dol\u00e7aines i Tabals Mal Passet de Cocentaina llev\u00f3 a cabo en la noche de ayer domingo su duod\u00e9cimo concierto de m\u00fasica festera que sirvi\u00f3 para abrir la cuenta atr\u00e1s hacia las fiestas de moros y cristianos de la Villa Condal. El acto, presentado por la periodista Mari Nieves Pascual, se llev\u00f3 a cabo en el Patio de Armas del Palau Comtal y cont\u00f3 con la presencia de numeroso p\u00fablico tanto del municipio como de la comarca.<\/p>\n<p style=\"text-align: justify;\">El concierto estuvo dividido en dos partes y en la primera la Colla interpret\u00f3 el pasodoble <em>Sergio<\/em> en homenaje al compositor contestano Antonio Ferr\u00e1ndiz fallecido el pasado mes de enero. Tambi\u00e9n\u00a0sonaron con fuerza las piezas <em>Fanf\u00e0rria de Ll\u00faria<\/em> de Francisco Valor Llor\u00e9ns, el ballet <em>Santiago<\/em> de Loreena Mckennitt, la marcha mora <em>Al\u00ed Esclat<\/em> de Pasqual Salort, la marcha cristiana <em>Aina<\/em>\u00a0tambi\u00e9n de Francisco Valor y la <em>Marxa dels Agermanats<\/em> del compositor de Muro Jos\u00e9 Rafael Pascual Vilaplana. Se\u00f1alar que antes del concierto entr\u00f3 a formar parte de la Colla, \u00c1lvaro Sell\u00e9s Jord\u00e1, que pasar\u00e1 a tocar la percusi\u00f3n. Por su parte la segunda parte del concierto ofreci\u00f3\u00a0las piezas <em>Dimn\u00ed<\/em> del compositor d\u00b4 Ontinyent Sa\u00fcl G\u00f3mez i Soler as\u00ed como la marcha mora <em>Terres d\u00b4 Al- Azraq<\/em> de Juan Carlos Sempere, <em>Llibertat<\/em> de Francisco Valor, <em>Ca\u00edd<\/em> \u00a0tambi\u00e9n de\u00a0Sa\u00fcl G\u00f3mez y la marcha cristiana <em>La Neta del Many\u00e0<\/em> de Jos\u00e9 Rafael Pascual. Apuntar que algunas de las interpretaciones contaron con la participaci\u00f3n de la secci\u00f3n de metales del Conservatorio Profesional de Albaida y las coreograf\u00edas del ballet de Alicia Montava.<\/p>\n<p style=\"text-align: justify;\">La parte final del acto estuvo reservada a\u00a0un breve parlamento del presidente del Mal Passet, Jaume Dom\u00e9nech, as\u00ed como con\u00a0los discursos de la Presidenta de la Junta de Fiestas Pepa Prats y de la alcaldesa Mireia Estepa. Por \u00faltimo se interpret\u00f3 el Himno de Fiestas cuya letra es del poeta Gerard Mur y la m\u00fasica de Jos\u00e9 Insa Mart\u00ednez. Recordar tambi\u00e9n que\u00a0el concierto tuvo su vertiente m\u00e1s solidaria y la recaudaci\u00f3n de la entrada, con un coste de dos euros, ir\u00e1 a parar a C\u00e1ritas Interparroquial.<\/p>\n<p style=\"text-align: justify;\">La m\u00fasica festera volver\u00e1 a sonar esta noche en el mismo marco del patio\u00a0del Palau Comtal de la mano del Ateneu Musical que har\u00e1 sonar varias piezas emblem\u00e1ticas para la banda con motivo de su treinta aniversario.<\/p>\n","protected":false},"excerpt":{"rendered":"<p>La Colla \u00a0de Dol\u00e7aines i Tabals Mal Passet de Cocentaina llev\u00f3 a cabo en la noche de ayer domingo su&#8230;<\/p>\n","protected":false},"author":1,"featured_media":14712,"comment_status":"open","ping_status":"open","sticky":false,"template":"","format":"standard","meta":{"footnotes":""},"categories":[98,75],"tags":[132,1299,794,856,700],"class_list":["post-14688","post","type-post","status-publish","format-standard","has-post-thumbnail","hentry","category-comarcas","category-noticias","tag-cocentaina","tag-conciertos","tag-mal-passet","tag-moros-i-cristians","tag-musica-festera"],"yoast_head":"<!-- This site is optimized with the Yoast SEO plugin v27.3 - https:\/\/yoast.com\/product\/yoast-seo-wordpress\/ -->\n<title>El Mal Passet inicia el ciclo de conciertos de fiestas en Cocentaina - COPE Alcoy<\/title>\n<meta name=\"robots\" content=\"index, follow, max-snippet:-1, max-image-preview:large, max-video-preview:-1\" \/>\n<link rel=\"canonical\" href=\"https:\/\/www.copealcoy.es\/es\/el-mal-passet-inicia-el-ciclo-de-conciertos-de-fiestas-en-cocentaina\/\" \/>\n<meta property=\"og:locale\" content=\"es_ES\" \/>\n<meta property=\"og:type\" content=\"article\" \/>\n<meta property=\"og:title\" content=\"El Mal Passet inicia el ciclo de conciertos de fiestas en Cocentaina - COPE Alcoy\" \/>\n<meta property=\"og:description\" content=\"La Colla \u00a0de Dol\u00e7aines i Tabals Mal Passet de Cocentaina llev\u00f3 a cabo en la noche de ayer domingo su...\" \/>\n<meta property=\"og:url\" content=\"https:\/\/www.copealcoy.es\/es\/el-mal-passet-inicia-el-ciclo-de-conciertos-de-fiestas-en-cocentaina\/\" \/>\n<meta property=\"og:site_name\" content=\"COPE Alcoy\" \/>\n<meta property=\"article:published_time\" content=\"2015-08-02T21:48:19+00:00\" \/>\n<meta property=\"article:modified_time\" content=\"2015-08-03T18:21:13+00:00\" \/>\n<meta property=\"og:image\" content=\"https:\/\/www.copealcoy.es\/wp-content\/uploads\/2015\/08\/DSC00443-1024x768.jpg\" \/>\n\t<meta property=\"og:image:width\" content=\"1024\" \/>\n\t<meta property=\"og:image:height\" content=\"768\" \/>\n\t<meta property=\"og:image:type\" content=\"image\/jpeg\" \/>\n<meta name=\"author\" content=\"Cope Alcoy\" \/>\n<meta name=\"twitter:label1\" content=\"Escrito por\" \/>\n\t<meta name=\"twitter:data1\" content=\"Cope Alcoy\" \/>\n\t<meta name=\"twitter:label2\" content=\"Tiempo de lectura\" \/>\n\t<meta name=\"twitter:data2\" content=\"2 minutos\" \/>\n<script type=\"application\/ld+json\" class=\"yoast-schema-graph\">{\"@context\":\"https:\\\/\\\/schema.org\",\"@graph\":[{\"@type\":\"Article\",\"@id\":\"https:\\\/\\\/www.copealcoy.es\\\/es\\\/el-mal-passet-inicia-el-ciclo-de-conciertos-de-fiestas-en-cocentaina\\\/#article\",\"isPartOf\":{\"@id\":\"https:\\\/\\\/www.copealcoy.es\\\/es\\\/el-mal-passet-inicia-el-ciclo-de-conciertos-de-fiestas-en-cocentaina\\\/\"},\"author\":{\"name\":\"Cope Alcoy\",\"@id\":\"https:\\\/\\\/www.copealcoy.es\\\/es\\\/#\\\/schema\\\/person\\\/e777c87fa024e57d40170af9df39882c\"},\"headline\":\"El Mal Passet inicia el ciclo de conciertos de fiestas en Cocentaina\",\"datePublished\":\"2015-08-02T21:48:19+00:00\",\"dateModified\":\"2015-08-03T18:21:13+00:00\",\"mainEntityOfPage\":{\"@id\":\"https:\\\/\\\/www.copealcoy.es\\\/es\\\/el-mal-passet-inicia-el-ciclo-de-conciertos-de-fiestas-en-cocentaina\\\/\"},\"wordCount\":431,\"commentCount\":0,\"image\":{\"@id\":\"https:\\\/\\\/www.copealcoy.es\\\/es\\\/el-mal-passet-inicia-el-ciclo-de-conciertos-de-fiestas-en-cocentaina\\\/#primaryimage\"},\"thumbnailUrl\":\"https:\\\/\\\/www.copealcoy.es\\\/wp-content\\\/uploads\\\/2015\\\/08\\\/DSC00443.jpg\",\"keywords\":[\"Cocentaina\",\"conciertos\",\"Mal Passet\",\"Moros i Cristians\",\"M\u00fasica Festera\"],\"articleSection\":[\"Comarcas\",\"Noticias\"],\"inLanguage\":\"es\"},{\"@type\":\"WebPage\",\"@id\":\"https:\\\/\\\/www.copealcoy.es\\\/es\\\/el-mal-passet-inicia-el-ciclo-de-conciertos-de-fiestas-en-cocentaina\\\/\",\"url\":\"https:\\\/\\\/www.copealcoy.es\\\/es\\\/el-mal-passet-inicia-el-ciclo-de-conciertos-de-fiestas-en-cocentaina\\\/\",\"name\":\"El Mal Passet inicia el ciclo de conciertos de fiestas en Cocentaina - COPE Alcoy\",\"isPartOf\":{\"@id\":\"https:\\\/\\\/www.copealcoy.es\\\/es\\\/#website\"},\"primaryImageOfPage\":{\"@id\":\"https:\\\/\\\/www.copealcoy.es\\\/es\\\/el-mal-passet-inicia-el-ciclo-de-conciertos-de-fiestas-en-cocentaina\\\/#primaryimage\"},\"image\":{\"@id\":\"https:\\\/\\\/www.copealcoy.es\\\/es\\\/el-mal-passet-inicia-el-ciclo-de-conciertos-de-fiestas-en-cocentaina\\\/#primaryimage\"},\"thumbnailUrl\":\"https:\\\/\\\/www.copealcoy.es\\\/wp-content\\\/uploads\\\/2015\\\/08\\\/DSC00443.jpg\",\"datePublished\":\"2015-08-02T21:48:19+00:00\",\"dateModified\":\"2015-08-03T18:21:13+00:00\",\"author\":{\"@id\":\"https:\\\/\\\/www.copealcoy.es\\\/es\\\/#\\\/schema\\\/person\\\/e777c87fa024e57d40170af9df39882c\"},\"breadcrumb\":{\"@id\":\"https:\\\/\\\/www.copealcoy.es\\\/es\\\/el-mal-passet-inicia-el-ciclo-de-conciertos-de-fiestas-en-cocentaina\\\/#breadcrumb\"},\"inLanguage\":\"es\",\"potentialAction\":[{\"@type\":\"ReadAction\",\"target\":[\"https:\\\/\\\/www.copealcoy.es\\\/es\\\/el-mal-passet-inicia-el-ciclo-de-conciertos-de-fiestas-en-cocentaina\\\/\"]}]},{\"@type\":\"ImageObject\",\"inLanguage\":\"es\",\"@id\":\"https:\\\/\\\/www.copealcoy.es\\\/es\\\/el-mal-passet-inicia-el-ciclo-de-conciertos-de-fiestas-en-cocentaina\\\/#primaryimage\",\"url\":\"https:\\\/\\\/www.copealcoy.es\\\/wp-content\\\/uploads\\\/2015\\\/08\\\/DSC00443.jpg\",\"contentUrl\":\"https:\\\/\\\/www.copealcoy.es\\\/wp-content\\\/uploads\\\/2015\\\/08\\\/DSC00443.jpg\",\"width\":1440,\"height\":1080,\"caption\":\"El concierto abri\u00f3 la semana festera en Cocentaina\"},{\"@type\":\"BreadcrumbList\",\"@id\":\"https:\\\/\\\/www.copealcoy.es\\\/es\\\/el-mal-passet-inicia-el-ciclo-de-conciertos-de-fiestas-en-cocentaina\\\/#breadcrumb\",\"itemListElement\":[{\"@type\":\"ListItem\",\"position\":1,\"name\":\"Portada\",\"item\":\"https:\\\/\\\/www.copealcoy.es\\\/es\\\/\"},{\"@type\":\"ListItem\",\"position\":2,\"name\":\"El Mal Passet inicia el ciclo de conciertos de fiestas en Cocentaina\"}]},{\"@type\":\"WebSite\",\"@id\":\"https:\\\/\\\/www.copealcoy.es\\\/es\\\/#website\",\"url\":\"https:\\\/\\\/www.copealcoy.es\\\/es\\\/\",\"name\":\"COPE Alcoy\",\"description\":\"Emisora COPE de radio local con emisi\u00f3n online. Pont de Sant Jordi 8-10 03803 Alcoy\",\"potentialAction\":[{\"@type\":\"SearchAction\",\"target\":{\"@type\":\"EntryPoint\",\"urlTemplate\":\"https:\\\/\\\/www.copealcoy.es\\\/es\\\/?s={search_term_string}\"},\"query-input\":{\"@type\":\"PropertyValueSpecification\",\"valueRequired\":true,\"valueName\":\"search_term_string\"}}],\"inLanguage\":\"es\"},{\"@type\":\"Person\",\"@id\":\"https:\\\/\\\/www.copealcoy.es\\\/es\\\/#\\\/schema\\\/person\\\/e777c87fa024e57d40170af9df39882c\",\"name\":\"Cope Alcoy\",\"image\":{\"@type\":\"ImageObject\",\"inLanguage\":\"es\",\"@id\":\"https:\\\/\\\/secure.gravatar.com\\\/avatar\\\/bb65d0283347e303893ba14f0692005417c1e0e690a325a4c5d8bb2b3943ee14?s=96&d=mm&r=g\",\"url\":\"https:\\\/\\\/secure.gravatar.com\\\/avatar\\\/bb65d0283347e303893ba14f0692005417c1e0e690a325a4c5d8bb2b3943ee14?s=96&d=mm&r=g\",\"contentUrl\":\"https:\\\/\\\/secure.gravatar.com\\\/avatar\\\/bb65d0283347e303893ba14f0692005417c1e0e690a325a4c5d8bb2b3943ee14?s=96&d=mm&r=g\",\"caption\":\"Cope Alcoy\"}}]}<\/script>\n<!-- \/ Yoast SEO plugin. -->","yoast_head_json":{"title":"El Mal Passet inicia el ciclo de conciertos de fiestas en Cocentaina - COPE Alcoy","robots":{"index":"index","follow":"follow","max-snippet":"max-snippet:-1","max-image-preview":"max-image-preview:large","max-video-preview":"max-video-preview:-1"},"canonical":"https:\/\/www.copealcoy.es\/es\/el-mal-passet-inicia-el-ciclo-de-conciertos-de-fiestas-en-cocentaina\/","og_locale":"es_ES","og_type":"article","og_title":"El Mal Passet inicia el ciclo de conciertos de fiestas en Cocentaina - COPE Alcoy","og_description":"La Colla \u00a0de Dol\u00e7aines i Tabals Mal Passet de Cocentaina llev\u00f3 a cabo en la noche de ayer domingo su...","og_url":"https:\/\/www.copealcoy.es\/es\/el-mal-passet-inicia-el-ciclo-de-conciertos-de-fiestas-en-cocentaina\/","og_site_name":"COPE Alcoy","article_published_time":"2015-08-02T21:48:19+00:00","article_modified_time":"2015-08-03T18:21:13+00:00","og_image":[{"width":1024,"height":768,"url":"https:\/\/www.copealcoy.es\/wp-content\/uploads\/2015\/08\/DSC00443-1024x768.jpg","type":"image\/jpeg"}],"author":"Cope Alcoy","twitter_misc":{"Escrito por":"Cope Alcoy","Tiempo de lectura":"2 minutos"},"schema":{"@context":"https:\/\/schema.org","@graph":[{"@type":"Article","@id":"https:\/\/www.copealcoy.es\/es\/el-mal-passet-inicia-el-ciclo-de-conciertos-de-fiestas-en-cocentaina\/#article","isPartOf":{"@id":"https:\/\/www.copealcoy.es\/es\/el-mal-passet-inicia-el-ciclo-de-conciertos-de-fiestas-en-cocentaina\/"},"author":{"name":"Cope Alcoy","@id":"https:\/\/www.copealcoy.es\/es\/#\/schema\/person\/e777c87fa024e57d40170af9df39882c"},"headline":"El Mal Passet inicia el ciclo de conciertos de fiestas en Cocentaina","datePublished":"2015-08-02T21:48:19+00:00","dateModified":"2015-08-03T18:21:13+00:00","mainEntityOfPage":{"@id":"https:\/\/www.copealcoy.es\/es\/el-mal-passet-inicia-el-ciclo-de-conciertos-de-fiestas-en-cocentaina\/"},"wordCount":431,"commentCount":0,"image":{"@id":"https:\/\/www.copealcoy.es\/es\/el-mal-passet-inicia-el-ciclo-de-conciertos-de-fiestas-en-cocentaina\/#primaryimage"},"thumbnailUrl":"https:\/\/www.copealcoy.es\/wp-content\/uploads\/2015\/08\/DSC00443.jpg","keywords":["Cocentaina","conciertos","Mal Passet","Moros i Cristians","M\u00fasica Festera"],"articleSection":["Comarcas","Noticias"],"inLanguage":"es"},{"@type":"WebPage","@id":"https:\/\/www.copealcoy.es\/es\/el-mal-passet-inicia-el-ciclo-de-conciertos-de-fiestas-en-cocentaina\/","url":"https:\/\/www.copealcoy.es\/es\/el-mal-passet-inicia-el-ciclo-de-conciertos-de-fiestas-en-cocentaina\/","name":"El Mal Passet inicia el ciclo de conciertos de fiestas en Cocentaina - COPE Alcoy","isPartOf":{"@id":"https:\/\/www.copealcoy.es\/es\/#website"},"primaryImageOfPage":{"@id":"https:\/\/www.copealcoy.es\/es\/el-mal-passet-inicia-el-ciclo-de-conciertos-de-fiestas-en-cocentaina\/#primaryimage"},"image":{"@id":"https:\/\/www.copealcoy.es\/es\/el-mal-passet-inicia-el-ciclo-de-conciertos-de-fiestas-en-cocentaina\/#primaryimage"},"thumbnailUrl":"https:\/\/www.copealcoy.es\/wp-content\/uploads\/2015\/08\/DSC00443.jpg","datePublished":"2015-08-02T21:48:19+00:00","dateModified":"2015-08-03T18:21:13+00:00","author":{"@id":"https:\/\/www.copealcoy.es\/es\/#\/schema\/person\/e777c87fa024e57d40170af9df39882c"},"breadcrumb":{"@id":"https:\/\/www.copealcoy.es\/es\/el-mal-passet-inicia-el-ciclo-de-conciertos-de-fiestas-en-cocentaina\/#breadcrumb"},"inLanguage":"es","potentialAction":[{"@type":"ReadAction","target":["https:\/\/www.copealcoy.es\/es\/el-mal-passet-inicia-el-ciclo-de-conciertos-de-fiestas-en-cocentaina\/"]}]},{"@type":"ImageObject","inLanguage":"es","@id":"https:\/\/www.copealcoy.es\/es\/el-mal-passet-inicia-el-ciclo-de-conciertos-de-fiestas-en-cocentaina\/#primaryimage","url":"https:\/\/www.copealcoy.es\/wp-content\/uploads\/2015\/08\/DSC00443.jpg","contentUrl":"https:\/\/www.copealcoy.es\/wp-content\/uploads\/2015\/08\/DSC00443.jpg","width":1440,"height":1080,"caption":"El concierto abri\u00f3 la semana festera en Cocentaina"},{"@type":"BreadcrumbList","@id":"https:\/\/www.copealcoy.es\/es\/el-mal-passet-inicia-el-ciclo-de-conciertos-de-fiestas-en-cocentaina\/#breadcrumb","itemListElement":[{"@type":"ListItem","position":1,"name":"Portada","item":"https:\/\/www.copealcoy.es\/es\/"},{"@type":"ListItem","position":2,"name":"El Mal Passet inicia el ciclo de conciertos de fiestas en Cocentaina"}]},{"@type":"WebSite","@id":"https:\/\/www.copealcoy.es\/es\/#website","url":"https:\/\/www.copealcoy.es\/es\/","name":"COPE Alcoy","description":"Emisora COPE de radio local con emisi\u00f3n online. Pont de Sant Jordi 8-10 03803 Alcoy","potentialAction":[{"@type":"SearchAction","target":{"@type":"EntryPoint","urlTemplate":"https:\/\/www.copealcoy.es\/es\/?s={search_term_string}"},"query-input":{"@type":"PropertyValueSpecification","valueRequired":true,"valueName":"search_term_string"}}],"inLanguage":"es"},{"@type":"Person","@id":"https:\/\/www.copealcoy.es\/es\/#\/schema\/person\/e777c87fa024e57d40170af9df39882c","name":"Cope Alcoy","image":{"@type":"ImageObject","inLanguage":"es","@id":"https:\/\/secure.gravatar.com\/avatar\/bb65d0283347e303893ba14f0692005417c1e0e690a325a4c5d8bb2b3943ee14?s=96&d=mm&r=g","url":"https:\/\/secure.gravatar.com\/avatar\/bb65d0283347e303893ba14f0692005417c1e0e690a325a4c5d8bb2b3943ee14?s=96&d=mm&r=g","contentUrl":"https:\/\/secure.gravatar.com\/avatar\/bb65d0283347e303893ba14f0692005417c1e0e690a325a4c5d8bb2b3943ee14?s=96&d=mm&r=g","caption":"Cope Alcoy"}}]}},"_links":{"self":[{"href":"https:\/\/www.copealcoy.es\/es\/wp-json\/wp\/v2\/posts\/14688","targetHints":{"allow":["GET"]}}],"collection":[{"href":"https:\/\/www.copealcoy.es\/es\/wp-json\/wp\/v2\/posts"}],"about":[{"href":"https:\/\/www.copealcoy.es\/es\/wp-json\/wp\/v2\/types\/post"}],"author":[{"embeddable":true,"href":"https:\/\/www.copealcoy.es\/es\/wp-json\/wp\/v2\/users\/1"}],"replies":[{"embeddable":true,"href":"https:\/\/www.copealcoy.es\/es\/wp-json\/wp\/v2\/comments?post=14688"}],"version-history":[{"count":0,"href":"https:\/\/www.copealcoy.es\/es\/wp-json\/wp\/v2\/posts\/14688\/revisions"}],"wp:featuredmedia":[{"embeddable":true,"href":"https:\/\/www.copealcoy.es\/es\/wp-json\/wp\/v2\/media\/14712"}],"wp:attachment":[{"href":"https:\/\/www.copealcoy.es\/es\/wp-json\/wp\/v2\/media?parent=14688"}],"wp:term":[{"taxonomy":"category","embeddable":true,"href":"https:\/\/www.copealcoy.es\/es\/wp-json\/wp\/v2\/categories?post=14688"},{"taxonomy":"post_tag","embeddable":true,"href":"https:\/\/www.copealcoy.es\/es\/wp-json\/wp\/v2\/tags?post=14688"}],"curies":[{"name":"wp","href":"https:\/\/api.w.org\/{rel}","templated":true}]}}