{"id":146867,"date":"2025-01-31T08:00:58","date_gmt":"2025-01-31T07:00:58","guid":{"rendered":"https:\/\/www.copealcoy.es\/?p=146867"},"modified":"2025-01-31T09:41:09","modified_gmt":"2025-01-31T08:41:09","slug":"la-ampliacion-del-cementerio-de-alcoy-sujeta-al-consenso-de-la-corporacion-municipal","status":"publish","type":"post","link":"https:\/\/www.copealcoy.es\/es\/la-ampliacion-del-cementerio-de-alcoy-sujeta-al-consenso-de-la-corporacion-municipal\/","title":{"rendered":"La ampliaci\u00f3n del Cementerio de Alcoy sujeta al consenso de la Corporaci\u00f3n Municipal"},"content":{"rendered":"<p style=\"text-align: justify;\">El <a href=\"https:\/\/www.alcoyturismo.com\/pag\/4050\/cementerio-.html?lang=1\" target=\"_blank\" rel=\"noopener\"><span style=\"color: #0000ff;\"><strong>Cementerio Municipal de Alcoy<\/strong><\/span><\/a> ha sido noticia en los \u00faltimos d\u00edas despu\u00e9s de que el Partido Popular denunciase de nuevo, a mediados de enero, que <strong>el recinto se hab\u00eda quedado sin espacio<\/strong> para acoger nuevos enterramientos. Los populares argumentaron que la situaci\u00f3n <strong>hab\u00eda despertado muchas quejas en la ciudadan\u00eda<\/strong> y argumentaban que a la misma se hab\u00eda llegado &#8220;<em>por la falta de planificaci\u00f3n del gobierno local<\/em>&#8220;, dijo el portavoz del PP; <strong>Carlos Pastor<\/strong>.<\/p>\n<p style=\"text-align: justify;\">Desde el ejecutivo, que forman PSPV y Comprom\u00eds, son conscientes de que <strong>existe un problema de espacio<\/strong> en estos momentos en el Cementerio alcoyano y destacan la necesidad de que se efect\u00fae una futura ampliaci\u00f3n. Para ello defienden que es necesario <strong>el consenso de todos los grupos pol\u00edticos<\/strong> &#8220;<em>porque esto es un problema, pr\u00e1cticamente a corto aplazo, que afecta a este ejecutivo pero tambi\u00e9n a todos los que llegar\u00e1n en los pr\u00f3ximos a\u00f1os. Es momento de no hacer alarmismo y de unir esfuerzos para alcanzar una soluci\u00f3n satisfactoria<\/em>&#8220;, dec\u00eda esta semana en el #TiempoDeAn\u00e1lisis de COPE ALCOY el portavoz de los socialistas alcoyanos; <strong>Jordi Mart\u00ednez<\/strong>. Este \u00faltimo, que tambi\u00e9n est\u00e1 al frente de la gesti\u00f3n del camposanto como edil de Obras y Servicios, explicaba que mientras llega esa hipot\u00e9tica ampliaci\u00f3n se han puesto en marcha las inhumaciones en las galer\u00edas donde hay capacidad hasta m\u00e1s de 500 nichos, unido a aquellas sepulturas que van quedando vac\u00edas por la finalizaci\u00f3n de los periodos de concesi\u00f3n &#8220;<em>y mientras tanto hay que avanzar, repito desde el m\u00e1ximo consenso, para definir el proyecto que permita dar m\u00e1s capacidad al recinto. El Ayuntamiento tiene terrenos de su propiedad para hacerlo posible<\/em>&#8221; manifestaba Mart\u00ednez no sin advertir que una intervenci\u00f3n de estas caracter\u00edsticas <strong>requiere tambi\u00e9n de una importante inversi\u00f3n<\/strong> econ\u00f3mica.<\/p>\n<p style=\"text-align: justify;\"><strong>PP, VOX y Guanyar Alcoi<\/strong> insistieron tambi\u00e9n en COPE ALCOY en que hace falta m\u00e1s mantenimiento en el Cementerio y cuestionaban el estado en el que actualmente se encuentran las galer\u00edas, un lugar que siguen sin ver en condiciones para acoger a nuevos difuntos pese a que se ha instalado un elevador que facilita el acceso a las sepulturas. Los tres partidos <strong>coincidieron en la urgencia de reflexionar sobre el futuro del Cementerio<\/strong> para que haya una soluci\u00f3n a largo plazo de cara a permitir m\u00e1s enterramientos.<\/p>\n<p>La<strong> tertulia al completo<\/strong> la puedes escuchar aqu\u00ed:<\/p>\n<p><iframe loading=\"lazy\" title=\"\u2018Tiempo De An\u00e1lisis\u2019 Martes 28 De Enero 2025\" width=\"100%\" height=\"120\" src=\"https:\/\/www.mixcloud.com\/widget\/iframe\/?feed=https%3A%2F%2Fwww.mixcloud.com%2FCOPEAlcoy%2Ftiempo-de-an%25C3%25A1lisis-martes-28-de-enero-2025%2F&amp;hide_cover=1\" frameborder=\"0\"><\/iframe><\/p>\n","protected":false},"excerpt":{"rendered":"<p>El Cementerio Municipal de Alcoy ha sido noticia en los \u00faltimos d\u00edas despu\u00e9s de que el Partido Popular denunciase de&#8230;<\/p>\n","protected":false},"author":1,"featured_media":66434,"comment_status":"open","ping_status":"open","sticky":false,"template":"","format":"standard","meta":{"footnotes":""},"categories":[6909,97,75],"tags":[1494,8532,3998,19149],"class_list":["post-146867","post","type-post","status-publish","format-standard","has-post-thumbnail","hentry","category-actualidad","category-alcoy","category-noticias","tag-alcoy","tag-capacidad","tag-cementerio-municipal","tag-problematica-es"],"yoast_head":"<!-- This site is optimized with the Yoast SEO plugin v27.3 - https:\/\/yoast.com\/product\/yoast-seo-wordpress\/ -->\n<title>La ampliaci\u00f3n del Cementerio de Alcoy sujeta al consenso de la Corporaci\u00f3n Municipal - COPE Alcoy<\/title>\n<meta name=\"description\" content=\"El Cementerio Municipal de Alcoy ha sido noticia en los \u00faltimos d\u00edas despu\u00e9s de que el Partido Popular denunciase de nuevo, a mediados de enero, que el recinto se hab\u00eda quedado sin espacio para acoger nuevos enterramientos\" \/>\n<meta name=\"robots\" content=\"index, follow, max-snippet:-1, max-image-preview:large, max-video-preview:-1\" \/>\n<link rel=\"canonical\" href=\"https:\/\/www.copealcoy.es\/es\/la-ampliacion-del-cementerio-de-alcoy-sujeta-al-consenso-de-la-corporacion-municipal\/\" \/>\n<meta property=\"og:locale\" content=\"es_ES\" \/>\n<meta property=\"og:type\" content=\"article\" \/>\n<meta property=\"og:title\" content=\"La ampliaci\u00f3n del Cementerio de Alcoy sujeta al consenso de la Corporaci\u00f3n Municipal - COPE Alcoy\" \/>\n<meta property=\"og:description\" content=\"El Cementerio Municipal de Alcoy ha sido noticia en los \u00faltimos d\u00edas despu\u00e9s de que el Partido Popular denunciase de nuevo, a mediados de enero, que el recinto se hab\u00eda quedado sin espacio para acoger nuevos enterramientos\" \/>\n<meta property=\"og:url\" content=\"https:\/\/www.copealcoy.es\/es\/la-ampliacion-del-cementerio-de-alcoy-sujeta-al-consenso-de-la-corporacion-municipal\/\" \/>\n<meta property=\"og:site_name\" content=\"COPE Alcoy\" \/>\n<meta property=\"article:published_time\" content=\"2025-01-31T07:00:58+00:00\" \/>\n<meta property=\"article:modified_time\" content=\"2025-01-31T08:41:09+00:00\" \/>\n<meta property=\"og:image\" content=\"https:\/\/www.copealcoy.es\/wp-content\/uploads\/2020\/10\/Cementerio-Alcoy.jpg\" \/>\n\t<meta property=\"og:image:width\" content=\"1600\" \/>\n\t<meta property=\"og:image:height\" content=\"1200\" \/>\n\t<meta property=\"og:image:type\" content=\"image\/jpeg\" \/>\n<meta name=\"author\" content=\"Cope Alcoy\" \/>\n<meta name=\"twitter:label1\" content=\"Escrito por\" \/>\n\t<meta name=\"twitter:data1\" content=\"Cope Alcoy\" \/>\n\t<meta name=\"twitter:label2\" content=\"Tiempo de lectura\" \/>\n\t<meta name=\"twitter:data2\" content=\"3 minutos\" \/>\n<script type=\"application\/ld+json\" class=\"yoast-schema-graph\">{\"@context\":\"https:\\\/\\\/schema.org\",\"@graph\":[{\"@type\":\"Article\",\"@id\":\"https:\\\/\\\/www.copealcoy.es\\\/es\\\/la-ampliacion-del-cementerio-de-alcoy-sujeta-al-consenso-de-la-corporacion-municipal\\\/#article\",\"isPartOf\":{\"@id\":\"https:\\\/\\\/www.copealcoy.es\\\/es\\\/la-ampliacion-del-cementerio-de-alcoy-sujeta-al-consenso-de-la-corporacion-municipal\\\/\"},\"author\":{\"name\":\"Cope Alcoy\",\"@id\":\"https:\\\/\\\/www.copealcoy.es\\\/es\\\/#\\\/schema\\\/person\\\/e777c87fa024e57d40170af9df39882c\"},\"headline\":\"La ampliaci\u00f3n del Cementerio de Alcoy sujeta al consenso de la Corporaci\u00f3n Municipal\",\"datePublished\":\"2025-01-31T07:00:58+00:00\",\"dateModified\":\"2025-01-31T08:41:09+00:00\",\"mainEntityOfPage\":{\"@id\":\"https:\\\/\\\/www.copealcoy.es\\\/es\\\/la-ampliacion-del-cementerio-de-alcoy-sujeta-al-consenso-de-la-corporacion-municipal\\\/\"},\"wordCount\":450,\"commentCount\":0,\"image\":{\"@id\":\"https:\\\/\\\/www.copealcoy.es\\\/es\\\/la-ampliacion-del-cementerio-de-alcoy-sujeta-al-consenso-de-la-corporacion-municipal\\\/#primaryimage\"},\"thumbnailUrl\":\"https:\\\/\\\/www.copealcoy.es\\\/wp-content\\\/uploads\\\/2020\\\/10\\\/Cementerio-Alcoy.jpg\",\"keywords\":[\"Alcoy\",\"capacidad\",\"Cementerio Municipal\",\"problem\u00e0tica\"],\"articleSection\":[\"Actualidad\",\"Alcoy\",\"Noticias\"],\"inLanguage\":\"es\"},{\"@type\":\"WebPage\",\"@id\":\"https:\\\/\\\/www.copealcoy.es\\\/es\\\/la-ampliacion-del-cementerio-de-alcoy-sujeta-al-consenso-de-la-corporacion-municipal\\\/\",\"url\":\"https:\\\/\\\/www.copealcoy.es\\\/es\\\/la-ampliacion-del-cementerio-de-alcoy-sujeta-al-consenso-de-la-corporacion-municipal\\\/\",\"name\":\"La ampliaci\u00f3n del Cementerio de Alcoy sujeta al consenso de la Corporaci\u00f3n Municipal - COPE Alcoy\",\"isPartOf\":{\"@id\":\"https:\\\/\\\/www.copealcoy.es\\\/es\\\/#website\"},\"primaryImageOfPage\":{\"@id\":\"https:\\\/\\\/www.copealcoy.es\\\/es\\\/la-ampliacion-del-cementerio-de-alcoy-sujeta-al-consenso-de-la-corporacion-municipal\\\/#primaryimage\"},\"image\":{\"@id\":\"https:\\\/\\\/www.copealcoy.es\\\/es\\\/la-ampliacion-del-cementerio-de-alcoy-sujeta-al-consenso-de-la-corporacion-municipal\\\/#primaryimage\"},\"thumbnailUrl\":\"https:\\\/\\\/www.copealcoy.es\\\/wp-content\\\/uploads\\\/2020\\\/10\\\/Cementerio-Alcoy.jpg\",\"datePublished\":\"2025-01-31T07:00:58+00:00\",\"dateModified\":\"2025-01-31T08:41:09+00:00\",\"author\":{\"@id\":\"https:\\\/\\\/www.copealcoy.es\\\/es\\\/#\\\/schema\\\/person\\\/e777c87fa024e57d40170af9df39882c\"},\"description\":\"El Cementerio Municipal de Alcoy ha sido noticia en los \u00faltimos d\u00edas despu\u00e9s de que el Partido Popular denunciase de nuevo, a mediados de enero, que el recinto se hab\u00eda quedado sin espacio para acoger nuevos enterramientos\",\"breadcrumb\":{\"@id\":\"https:\\\/\\\/www.copealcoy.es\\\/es\\\/la-ampliacion-del-cementerio-de-alcoy-sujeta-al-consenso-de-la-corporacion-municipal\\\/#breadcrumb\"},\"inLanguage\":\"es\",\"potentialAction\":[{\"@type\":\"ReadAction\",\"target\":[\"https:\\\/\\\/www.copealcoy.es\\\/es\\\/la-ampliacion-del-cementerio-de-alcoy-sujeta-al-consenso-de-la-corporacion-municipal\\\/\"]}]},{\"@type\":\"ImageObject\",\"inLanguage\":\"es\",\"@id\":\"https:\\\/\\\/www.copealcoy.es\\\/es\\\/la-ampliacion-del-cementerio-de-alcoy-sujeta-al-consenso-de-la-corporacion-municipal\\\/#primaryimage\",\"url\":\"https:\\\/\\\/www.copealcoy.es\\\/wp-content\\\/uploads\\\/2020\\\/10\\\/Cementerio-Alcoy.jpg\",\"contentUrl\":\"https:\\\/\\\/www.copealcoy.es\\\/wp-content\\\/uploads\\\/2020\\\/10\\\/Cementerio-Alcoy.jpg\",\"width\":1600,\"height\":1200},{\"@type\":\"BreadcrumbList\",\"@id\":\"https:\\\/\\\/www.copealcoy.es\\\/es\\\/la-ampliacion-del-cementerio-de-alcoy-sujeta-al-consenso-de-la-corporacion-municipal\\\/#breadcrumb\",\"itemListElement\":[{\"@type\":\"ListItem\",\"position\":1,\"name\":\"Portada\",\"item\":\"https:\\\/\\\/www.copealcoy.es\\\/es\\\/\"},{\"@type\":\"ListItem\",\"position\":2,\"name\":\"La ampliaci\u00f3n del Cementerio de Alcoy sujeta al consenso de la Corporaci\u00f3n Municipal\"}]},{\"@type\":\"WebSite\",\"@id\":\"https:\\\/\\\/www.copealcoy.es\\\/es\\\/#website\",\"url\":\"https:\\\/\\\/www.copealcoy.es\\\/es\\\/\",\"name\":\"COPE Alcoy\",\"description\":\"Emisora COPE de radio local con emisi\u00f3n online. Pont de Sant Jordi 8-10 03803 Alcoy\",\"potentialAction\":[{\"@type\":\"SearchAction\",\"target\":{\"@type\":\"EntryPoint\",\"urlTemplate\":\"https:\\\/\\\/www.copealcoy.es\\\/es\\\/?s={search_term_string}\"},\"query-input\":{\"@type\":\"PropertyValueSpecification\",\"valueRequired\":true,\"valueName\":\"search_term_string\"}}],\"inLanguage\":\"es\"},{\"@type\":\"Person\",\"@id\":\"https:\\\/\\\/www.copealcoy.es\\\/es\\\/#\\\/schema\\\/person\\\/e777c87fa024e57d40170af9df39882c\",\"name\":\"Cope Alcoy\",\"image\":{\"@type\":\"ImageObject\",\"inLanguage\":\"es\",\"@id\":\"https:\\\/\\\/secure.gravatar.com\\\/avatar\\\/bb65d0283347e303893ba14f0692005417c1e0e690a325a4c5d8bb2b3943ee14?s=96&d=mm&r=g\",\"url\":\"https:\\\/\\\/secure.gravatar.com\\\/avatar\\\/bb65d0283347e303893ba14f0692005417c1e0e690a325a4c5d8bb2b3943ee14?s=96&d=mm&r=g\",\"contentUrl\":\"https:\\\/\\\/secure.gravatar.com\\\/avatar\\\/bb65d0283347e303893ba14f0692005417c1e0e690a325a4c5d8bb2b3943ee14?s=96&d=mm&r=g\",\"caption\":\"Cope Alcoy\"}}]}<\/script>\n<!-- \/ Yoast SEO plugin. -->","yoast_head_json":{"title":"La ampliaci\u00f3n del Cementerio de Alcoy sujeta al consenso de la Corporaci\u00f3n Municipal - COPE Alcoy","description":"El Cementerio Municipal de Alcoy ha sido noticia en los \u00faltimos d\u00edas despu\u00e9s de que el Partido Popular denunciase de nuevo, a mediados de enero, que el recinto se hab\u00eda quedado sin espacio para acoger nuevos enterramientos","robots":{"index":"index","follow":"follow","max-snippet":"max-snippet:-1","max-image-preview":"max-image-preview:large","max-video-preview":"max-video-preview:-1"},"canonical":"https:\/\/www.copealcoy.es\/es\/la-ampliacion-del-cementerio-de-alcoy-sujeta-al-consenso-de-la-corporacion-municipal\/","og_locale":"es_ES","og_type":"article","og_title":"La ampliaci\u00f3n del Cementerio de Alcoy sujeta al consenso de la Corporaci\u00f3n Municipal - COPE Alcoy","og_description":"El Cementerio Municipal de Alcoy ha sido noticia en los \u00faltimos d\u00edas despu\u00e9s de que el Partido Popular denunciase de nuevo, a mediados de enero, que el recinto se hab\u00eda quedado sin espacio para acoger nuevos enterramientos","og_url":"https:\/\/www.copealcoy.es\/es\/la-ampliacion-del-cementerio-de-alcoy-sujeta-al-consenso-de-la-corporacion-municipal\/","og_site_name":"COPE Alcoy","article_published_time":"2025-01-31T07:00:58+00:00","article_modified_time":"2025-01-31T08:41:09+00:00","og_image":[{"width":1600,"height":1200,"url":"https:\/\/www.copealcoy.es\/wp-content\/uploads\/2020\/10\/Cementerio-Alcoy.jpg","type":"image\/jpeg"}],"author":"Cope Alcoy","twitter_misc":{"Escrito por":"Cope Alcoy","Tiempo de lectura":"3 minutos"},"schema":{"@context":"https:\/\/schema.org","@graph":[{"@type":"Article","@id":"https:\/\/www.copealcoy.es\/es\/la-ampliacion-del-cementerio-de-alcoy-sujeta-al-consenso-de-la-corporacion-municipal\/#article","isPartOf":{"@id":"https:\/\/www.copealcoy.es\/es\/la-ampliacion-del-cementerio-de-alcoy-sujeta-al-consenso-de-la-corporacion-municipal\/"},"author":{"name":"Cope Alcoy","@id":"https:\/\/www.copealcoy.es\/es\/#\/schema\/person\/e777c87fa024e57d40170af9df39882c"},"headline":"La ampliaci\u00f3n del Cementerio de Alcoy sujeta al consenso de la Corporaci\u00f3n Municipal","datePublished":"2025-01-31T07:00:58+00:00","dateModified":"2025-01-31T08:41:09+00:00","mainEntityOfPage":{"@id":"https:\/\/www.copealcoy.es\/es\/la-ampliacion-del-cementerio-de-alcoy-sujeta-al-consenso-de-la-corporacion-municipal\/"},"wordCount":450,"commentCount":0,"image":{"@id":"https:\/\/www.copealcoy.es\/es\/la-ampliacion-del-cementerio-de-alcoy-sujeta-al-consenso-de-la-corporacion-municipal\/#primaryimage"},"thumbnailUrl":"https:\/\/www.copealcoy.es\/wp-content\/uploads\/2020\/10\/Cementerio-Alcoy.jpg","keywords":["Alcoy","capacidad","Cementerio Municipal","problem\u00e0tica"],"articleSection":["Actualidad","Alcoy","Noticias"],"inLanguage":"es"},{"@type":"WebPage","@id":"https:\/\/www.copealcoy.es\/es\/la-ampliacion-del-cementerio-de-alcoy-sujeta-al-consenso-de-la-corporacion-municipal\/","url":"https:\/\/www.copealcoy.es\/es\/la-ampliacion-del-cementerio-de-alcoy-sujeta-al-consenso-de-la-corporacion-municipal\/","name":"La ampliaci\u00f3n del Cementerio de Alcoy sujeta al consenso de la Corporaci\u00f3n Municipal - COPE Alcoy","isPartOf":{"@id":"https:\/\/www.copealcoy.es\/es\/#website"},"primaryImageOfPage":{"@id":"https:\/\/www.copealcoy.es\/es\/la-ampliacion-del-cementerio-de-alcoy-sujeta-al-consenso-de-la-corporacion-municipal\/#primaryimage"},"image":{"@id":"https:\/\/www.copealcoy.es\/es\/la-ampliacion-del-cementerio-de-alcoy-sujeta-al-consenso-de-la-corporacion-municipal\/#primaryimage"},"thumbnailUrl":"https:\/\/www.copealcoy.es\/wp-content\/uploads\/2020\/10\/Cementerio-Alcoy.jpg","datePublished":"2025-01-31T07:00:58+00:00","dateModified":"2025-01-31T08:41:09+00:00","author":{"@id":"https:\/\/www.copealcoy.es\/es\/#\/schema\/person\/e777c87fa024e57d40170af9df39882c"},"description":"El Cementerio Municipal de Alcoy ha sido noticia en los \u00faltimos d\u00edas despu\u00e9s de que el Partido Popular denunciase de nuevo, a mediados de enero, que el recinto se hab\u00eda quedado sin espacio para acoger nuevos enterramientos","breadcrumb":{"@id":"https:\/\/www.copealcoy.es\/es\/la-ampliacion-del-cementerio-de-alcoy-sujeta-al-consenso-de-la-corporacion-municipal\/#breadcrumb"},"inLanguage":"es","potentialAction":[{"@type":"ReadAction","target":["https:\/\/www.copealcoy.es\/es\/la-ampliacion-del-cementerio-de-alcoy-sujeta-al-consenso-de-la-corporacion-municipal\/"]}]},{"@type":"ImageObject","inLanguage":"es","@id":"https:\/\/www.copealcoy.es\/es\/la-ampliacion-del-cementerio-de-alcoy-sujeta-al-consenso-de-la-corporacion-municipal\/#primaryimage","url":"https:\/\/www.copealcoy.es\/wp-content\/uploads\/2020\/10\/Cementerio-Alcoy.jpg","contentUrl":"https:\/\/www.copealcoy.es\/wp-content\/uploads\/2020\/10\/Cementerio-Alcoy.jpg","width":1600,"height":1200},{"@type":"BreadcrumbList","@id":"https:\/\/www.copealcoy.es\/es\/la-ampliacion-del-cementerio-de-alcoy-sujeta-al-consenso-de-la-corporacion-municipal\/#breadcrumb","itemListElement":[{"@type":"ListItem","position":1,"name":"Portada","item":"https:\/\/www.copealcoy.es\/es\/"},{"@type":"ListItem","position":2,"name":"La ampliaci\u00f3n del Cementerio de Alcoy sujeta al consenso de la Corporaci\u00f3n Municipal"}]},{"@type":"WebSite","@id":"https:\/\/www.copealcoy.es\/es\/#website","url":"https:\/\/www.copealcoy.es\/es\/","name":"COPE Alcoy","description":"Emisora COPE de radio local con emisi\u00f3n online. Pont de Sant Jordi 8-10 03803 Alcoy","potentialAction":[{"@type":"SearchAction","target":{"@type":"EntryPoint","urlTemplate":"https:\/\/www.copealcoy.es\/es\/?s={search_term_string}"},"query-input":{"@type":"PropertyValueSpecification","valueRequired":true,"valueName":"search_term_string"}}],"inLanguage":"es"},{"@type":"Person","@id":"https:\/\/www.copealcoy.es\/es\/#\/schema\/person\/e777c87fa024e57d40170af9df39882c","name":"Cope Alcoy","image":{"@type":"ImageObject","inLanguage":"es","@id":"https:\/\/secure.gravatar.com\/avatar\/bb65d0283347e303893ba14f0692005417c1e0e690a325a4c5d8bb2b3943ee14?s=96&d=mm&r=g","url":"https:\/\/secure.gravatar.com\/avatar\/bb65d0283347e303893ba14f0692005417c1e0e690a325a4c5d8bb2b3943ee14?s=96&d=mm&r=g","contentUrl":"https:\/\/secure.gravatar.com\/avatar\/bb65d0283347e303893ba14f0692005417c1e0e690a325a4c5d8bb2b3943ee14?s=96&d=mm&r=g","caption":"Cope Alcoy"}}]}},"_links":{"self":[{"href":"https:\/\/www.copealcoy.es\/es\/wp-json\/wp\/v2\/posts\/146867","targetHints":{"allow":["GET"]}}],"collection":[{"href":"https:\/\/www.copealcoy.es\/es\/wp-json\/wp\/v2\/posts"}],"about":[{"href":"https:\/\/www.copealcoy.es\/es\/wp-json\/wp\/v2\/types\/post"}],"author":[{"embeddable":true,"href":"https:\/\/www.copealcoy.es\/es\/wp-json\/wp\/v2\/users\/1"}],"replies":[{"embeddable":true,"href":"https:\/\/www.copealcoy.es\/es\/wp-json\/wp\/v2\/comments?post=146867"}],"version-history":[{"count":0,"href":"https:\/\/www.copealcoy.es\/es\/wp-json\/wp\/v2\/posts\/146867\/revisions"}],"wp:featuredmedia":[{"embeddable":true,"href":"https:\/\/www.copealcoy.es\/es\/wp-json\/wp\/v2\/media\/66434"}],"wp:attachment":[{"href":"https:\/\/www.copealcoy.es\/es\/wp-json\/wp\/v2\/media?parent=146867"}],"wp:term":[{"taxonomy":"category","embeddable":true,"href":"https:\/\/www.copealcoy.es\/es\/wp-json\/wp\/v2\/categories?post=146867"},{"taxonomy":"post_tag","embeddable":true,"href":"https:\/\/www.copealcoy.es\/es\/wp-json\/wp\/v2\/tags?post=146867"}],"curies":[{"name":"wp","href":"https:\/\/api.w.org\/{rel}","templated":true}]}}