{"id":146713,"date":"2025-01-29T08:00:19","date_gmt":"2025-01-29T07:00:19","guid":{"rendered":"https:\/\/www.copealcoy.es\/?p=146713"},"modified":"2025-01-29T12:03:14","modified_gmt":"2025-01-29T11:03:14","slug":"jordi-pla-alcalde-de-cocentaina-los-pactos-estan-para-cumplirlos-y-en-junio-dimitire","status":"publish","type":"post","link":"https:\/\/www.copealcoy.es\/es\/jordi-pla-alcalde-de-cocentaina-los-pactos-estan-para-cumplirlos-y-en-junio-dimitire\/","title":{"rendered":"Jordi Pla, alcalde de Cocentaina: &#8220;los pactos est\u00e1n para cumplirlos y en junio dimitir\u00e9&#8221;"},"content":{"rendered":"<p style=\"text-align: justify;\"><a href=\"https:\/\/www.cocentaina.es\/\" target=\"_blank\" rel=\"noopener\"><strong><span style=\"color: #0000ff;\">Cocentaina<\/span><\/strong><\/a> ha iniciado el 2025 <strong>con importantes retos sobre la mesa<\/strong> y con<strong> la buena noticia de seguir sumando poblaci\u00f3n<\/strong>. As\u00ed lo confirman <strong>las \u00faltimas cifras del Instituto Nacional de Estad\u00edstica (INE)<\/strong>, las cuales revelan que la capital del Comtat increment\u00f3 su padr\u00f3n municipal en 102 vecinos m\u00e1s llegando ahora mismo el n\u00famero total de habitantes a los 11.411.<\/p>\n<p style=\"text-align: justify;\">Estos datos revelan que <strong>la Villa Condal sigue siendo una localidad atractiva<\/strong> en la que muchos deciden desarrollar su proyecto de futuro unido tambi\u00e9n a las oportunidades que ofrece el municipio en materia industrial. Una realidad que celebra el alcalde, no sin poner sobre la mesa que siempre quedan cosas por hacer <em>&#8220;en este equipo de gobierno tenemos claro que es fundamental el apoyo al tejido empresarial, uno de los pilares fundamentales de nuestra econom\u00eda, y seguimos trabajando para atender todas sus necesidades, pero tambi\u00e9n para que dispongan de unas infraestructuras en condiciones. Para esto \u00faltimo, es vital que haya m\u00e1s apoyo del Consell de cara a seguir modernizando los pol\u00edgonos y adaptarlos a lo que demandan las industrias<\/em>&#8220;, afirma Jordi Pla. El primer edil, <strong>en la primera entrevista concedida a COPE ALCOY<\/strong> en este a\u00f1o, hace tambi\u00e9n un balance positivo del 2024 reci\u00e9n terminado y marca algunas de las prioridades para este 2025 que ya est\u00e1 en marcha &#8220;<em>se est\u00e1 ultimando el proyecto para la adecuaci\u00f3n del Ecoparque, tambi\u00e9n queremos conseguir la reforma del IES Pare Arques a trav\u00e9s del Pla Edificant y se va a remodelar la Avinguda Jaume I.<\/em> <em>Todo ello unido a las tareas de mantenimiento del pueblo, que con constantes<\/em>, <em>y a iniciativas que quereos materializar pronto como que haya servicio de cafeter\u00eda en el Polideportivo o de Bar en el Paraje de Sant Crist\u00f2fol<\/em>&#8220;, detalla.<\/p>\n<p style=\"text-align: justify;\">Son algunas de las cuestiones que quieren materializar Jordi Pla en <strong>un 2025 que traer\u00e1 cambios en Cocentaina en cuanto a lo pol\u00edtico se refiere.<\/strong> Y es que a las puertas del pr\u00f3ximo verano, siguiendo el acuerdo alcanzado entre Comprom\u00eds y PSPV al inicio de la actual legislatura, <strong>habr\u00e1 relevo en la alcald\u00eda<\/strong> tomando las riendas de la misma el socialista Rub\u00e9n Mu\u00f1oz &#8220;<em>en junio yo dimitir\u00e9 como alcalde asumiendo despu\u00e9s otras funciones dentro del gobierno local. Pese a que algunos plantean dudas en torno a esta cuesti\u00f3n, es un debate que no va a ninguna parte puesto que los pactos est\u00e1n para cumplirse y as\u00ed se har\u00e1 efectivo<\/em>&#8220;, concluye contundentemente el alcalde contestano.<\/p>\n<p>La <strong>entrevista al completo<\/strong> la puedes escuchar a continuaci\u00f3n:<\/p>\n<audio class=\"wp-audio-shortcode\" id=\"audio-146713-1\" preload=\"none\" style=\"width: 100%;\" controls=\"controls\"><source type=\"audio\/mpeg\" src=\"https:\/\/www.copealcoy.es\/wp-content\/uploads\/2025\/01\/Entrevista-Jordi-Pla-.mp3?_=1\" \/><a href=\"https:\/\/www.copealcoy.es\/wp-content\/uploads\/2025\/01\/Entrevista-Jordi-Pla-.mp3\">https:\/\/www.copealcoy.es\/wp-content\/uploads\/2025\/01\/Entrevista-Jordi-Pla-.mp3<\/a><\/audio>\n","protected":false},"excerpt":{"rendered":"<p>Cocentaina ha iniciado el 2025 con importantes retos sobre la mesa y con la buena noticia de seguir sumando poblaci\u00f3n&#8230;.<\/p>\n","protected":false},"author":1,"featured_media":146759,"comment_status":"open","ping_status":"open","sticky":false,"template":"","format":"standard","meta":{"footnotes":""},"categories":[6909,98,75],"tags":[430,132,2968,2092],"class_list":["post-146713","post","type-post","status-publish","format-standard","has-post-thumbnail","hentry","category-actualidad","category-comarcas","category-noticias","tag-balance","tag-cocentaina","tag-entrevista","tag-jordi-pla"],"yoast_head":"<!-- This site is optimized with the Yoast SEO plugin v27.3 - https:\/\/yoast.com\/product\/yoast-seo-wordpress\/ -->\n<title>Jordi Pla, alcalde de Cocentaina: &quot;los pactos est\u00e1n para cumplirlos y en junio dimitir\u00e9&quot; - COPE Alcoy<\/title>\n<meta name=\"description\" content=\"Jordi Pla, alcalde de Cocentaina: &quot;los pactos est\u00e1n para cumplirlos y en junio dimitir\u00e9&quot;\" \/>\n<meta name=\"robots\" content=\"index, follow, max-snippet:-1, max-image-preview:large, max-video-preview:-1\" \/>\n<link rel=\"canonical\" href=\"https:\/\/www.copealcoy.es\/es\/jordi-pla-alcalde-de-cocentaina-los-pactos-estan-para-cumplirlos-y-en-junio-dimitire\/\" \/>\n<meta property=\"og:locale\" content=\"es_ES\" \/>\n<meta property=\"og:type\" content=\"article\" \/>\n<meta property=\"og:title\" content=\"Jordi Pla, alcalde de Cocentaina: &quot;los pactos est\u00e1n para cumplirlos y en junio dimitir\u00e9&quot; - COPE Alcoy\" \/>\n<meta property=\"og:description\" content=\"Jordi Pla, alcalde de Cocentaina: &quot;los pactos est\u00e1n para cumplirlos y en junio dimitir\u00e9&quot;\" \/>\n<meta property=\"og:url\" content=\"https:\/\/www.copealcoy.es\/es\/jordi-pla-alcalde-de-cocentaina-los-pactos-estan-para-cumplirlos-y-en-junio-dimitire\/\" \/>\n<meta property=\"og:site_name\" content=\"COPE Alcoy\" \/>\n<meta property=\"article:published_time\" content=\"2025-01-29T07:00:19+00:00\" \/>\n<meta property=\"article:modified_time\" content=\"2025-01-29T11:03:14+00:00\" \/>\n<meta property=\"og:image\" content=\"https:\/\/www.copealcoy.es\/wp-content\/uploads\/2025\/01\/unnamed-1-32-scaled-e1738075821720.jpg\" \/>\n\t<meta property=\"og:image:width\" content=\"1683\" \/>\n\t<meta property=\"og:image:height\" content=\"950\" \/>\n\t<meta property=\"og:image:type\" content=\"image\/jpeg\" \/>\n<meta name=\"author\" content=\"Cope Alcoy\" \/>\n<meta name=\"twitter:label1\" content=\"Escrito por\" \/>\n\t<meta name=\"twitter:data1\" content=\"Cope Alcoy\" \/>\n\t<meta name=\"twitter:label2\" content=\"Tiempo de lectura\" \/>\n\t<meta name=\"twitter:data2\" content=\"3 minutos\" \/>\n<script type=\"application\/ld+json\" class=\"yoast-schema-graph\">{\"@context\":\"https:\\\/\\\/schema.org\",\"@graph\":[{\"@type\":\"Article\",\"@id\":\"https:\\\/\\\/www.copealcoy.es\\\/es\\\/jordi-pla-alcalde-de-cocentaina-los-pactos-estan-para-cumplirlos-y-en-junio-dimitire\\\/#article\",\"isPartOf\":{\"@id\":\"https:\\\/\\\/www.copealcoy.es\\\/es\\\/jordi-pla-alcalde-de-cocentaina-los-pactos-estan-para-cumplirlos-y-en-junio-dimitire\\\/\"},\"author\":{\"name\":\"Cope Alcoy\",\"@id\":\"https:\\\/\\\/www.copealcoy.es\\\/es\\\/#\\\/schema\\\/person\\\/e777c87fa024e57d40170af9df39882c\"},\"headline\":\"Jordi Pla, alcalde de Cocentaina: &#8220;los pactos est\u00e1n para cumplirlos y en junio dimitir\u00e9&#8221;\",\"datePublished\":\"2025-01-29T07:00:19+00:00\",\"dateModified\":\"2025-01-29T11:03:14+00:00\",\"mainEntityOfPage\":{\"@id\":\"https:\\\/\\\/www.copealcoy.es\\\/es\\\/jordi-pla-alcalde-de-cocentaina-los-pactos-estan-para-cumplirlos-y-en-junio-dimitire\\\/\"},\"wordCount\":461,\"commentCount\":0,\"image\":{\"@id\":\"https:\\\/\\\/www.copealcoy.es\\\/es\\\/jordi-pla-alcalde-de-cocentaina-los-pactos-estan-para-cumplirlos-y-en-junio-dimitire\\\/#primaryimage\"},\"thumbnailUrl\":\"https:\\\/\\\/www.copealcoy.es\\\/wp-content\\\/uploads\\\/2025\\\/01\\\/unnamed-1-32-scaled-e1738075821720.jpg\",\"keywords\":[\"Balance\",\"Cocentaina\",\"entrevista\",\"Jordi Pla\"],\"articleSection\":[\"Actualidad\",\"Comarcas\",\"Noticias\"],\"inLanguage\":\"es\"},{\"@type\":\"WebPage\",\"@id\":\"https:\\\/\\\/www.copealcoy.es\\\/es\\\/jordi-pla-alcalde-de-cocentaina-los-pactos-estan-para-cumplirlos-y-en-junio-dimitire\\\/\",\"url\":\"https:\\\/\\\/www.copealcoy.es\\\/es\\\/jordi-pla-alcalde-de-cocentaina-los-pactos-estan-para-cumplirlos-y-en-junio-dimitire\\\/\",\"name\":\"Jordi Pla, alcalde de Cocentaina: \\\"los pactos est\u00e1n para cumplirlos y en junio dimitir\u00e9\\\" - COPE Alcoy\",\"isPartOf\":{\"@id\":\"https:\\\/\\\/www.copealcoy.es\\\/es\\\/#website\"},\"primaryImageOfPage\":{\"@id\":\"https:\\\/\\\/www.copealcoy.es\\\/es\\\/jordi-pla-alcalde-de-cocentaina-los-pactos-estan-para-cumplirlos-y-en-junio-dimitire\\\/#primaryimage\"},\"image\":{\"@id\":\"https:\\\/\\\/www.copealcoy.es\\\/es\\\/jordi-pla-alcalde-de-cocentaina-los-pactos-estan-para-cumplirlos-y-en-junio-dimitire\\\/#primaryimage\"},\"thumbnailUrl\":\"https:\\\/\\\/www.copealcoy.es\\\/wp-content\\\/uploads\\\/2025\\\/01\\\/unnamed-1-32-scaled-e1738075821720.jpg\",\"datePublished\":\"2025-01-29T07:00:19+00:00\",\"dateModified\":\"2025-01-29T11:03:14+00:00\",\"author\":{\"@id\":\"https:\\\/\\\/www.copealcoy.es\\\/es\\\/#\\\/schema\\\/person\\\/e777c87fa024e57d40170af9df39882c\"},\"description\":\"Jordi Pla, alcalde de Cocentaina: \\\"los pactos est\u00e1n para cumplirlos y en junio dimitir\u00e9\\\"\",\"breadcrumb\":{\"@id\":\"https:\\\/\\\/www.copealcoy.es\\\/es\\\/jordi-pla-alcalde-de-cocentaina-los-pactos-estan-para-cumplirlos-y-en-junio-dimitire\\\/#breadcrumb\"},\"inLanguage\":\"es\",\"potentialAction\":[{\"@type\":\"ReadAction\",\"target\":[\"https:\\\/\\\/www.copealcoy.es\\\/es\\\/jordi-pla-alcalde-de-cocentaina-los-pactos-estan-para-cumplirlos-y-en-junio-dimitire\\\/\"]}]},{\"@type\":\"ImageObject\",\"inLanguage\":\"es\",\"@id\":\"https:\\\/\\\/www.copealcoy.es\\\/es\\\/jordi-pla-alcalde-de-cocentaina-los-pactos-estan-para-cumplirlos-y-en-junio-dimitire\\\/#primaryimage\",\"url\":\"https:\\\/\\\/www.copealcoy.es\\\/wp-content\\\/uploads\\\/2025\\\/01\\\/unnamed-1-32-scaled-e1738075821720.jpg\",\"contentUrl\":\"https:\\\/\\\/www.copealcoy.es\\\/wp-content\\\/uploads\\\/2025\\\/01\\\/unnamed-1-32-scaled-e1738075821720.jpg\",\"width\":1683,\"height\":950},{\"@type\":\"BreadcrumbList\",\"@id\":\"https:\\\/\\\/www.copealcoy.es\\\/es\\\/jordi-pla-alcalde-de-cocentaina-los-pactos-estan-para-cumplirlos-y-en-junio-dimitire\\\/#breadcrumb\",\"itemListElement\":[{\"@type\":\"ListItem\",\"position\":1,\"name\":\"Portada\",\"item\":\"https:\\\/\\\/www.copealcoy.es\\\/es\\\/\"},{\"@type\":\"ListItem\",\"position\":2,\"name\":\"Jordi Pla, alcalde de Cocentaina: &#8220;los pactos est\u00e1n para cumplirlos y en junio dimitir\u00e9&#8221;\"}]},{\"@type\":\"WebSite\",\"@id\":\"https:\\\/\\\/www.copealcoy.es\\\/es\\\/#website\",\"url\":\"https:\\\/\\\/www.copealcoy.es\\\/es\\\/\",\"name\":\"COPE Alcoy\",\"description\":\"Emisora COPE de radio local con emisi\u00f3n online. Pont de Sant Jordi 8-10 03803 Alcoy\",\"potentialAction\":[{\"@type\":\"SearchAction\",\"target\":{\"@type\":\"EntryPoint\",\"urlTemplate\":\"https:\\\/\\\/www.copealcoy.es\\\/es\\\/?s={search_term_string}\"},\"query-input\":{\"@type\":\"PropertyValueSpecification\",\"valueRequired\":true,\"valueName\":\"search_term_string\"}}],\"inLanguage\":\"es\"},{\"@type\":\"Person\",\"@id\":\"https:\\\/\\\/www.copealcoy.es\\\/es\\\/#\\\/schema\\\/person\\\/e777c87fa024e57d40170af9df39882c\",\"name\":\"Cope Alcoy\",\"image\":{\"@type\":\"ImageObject\",\"inLanguage\":\"es\",\"@id\":\"https:\\\/\\\/secure.gravatar.com\\\/avatar\\\/bb65d0283347e303893ba14f0692005417c1e0e690a325a4c5d8bb2b3943ee14?s=96&d=mm&r=g\",\"url\":\"https:\\\/\\\/secure.gravatar.com\\\/avatar\\\/bb65d0283347e303893ba14f0692005417c1e0e690a325a4c5d8bb2b3943ee14?s=96&d=mm&r=g\",\"contentUrl\":\"https:\\\/\\\/secure.gravatar.com\\\/avatar\\\/bb65d0283347e303893ba14f0692005417c1e0e690a325a4c5d8bb2b3943ee14?s=96&d=mm&r=g\",\"caption\":\"Cope Alcoy\"}}]}<\/script>\n<!-- \/ Yoast SEO plugin. -->","yoast_head_json":{"title":"Jordi Pla, alcalde de Cocentaina: \"los pactos est\u00e1n para cumplirlos y en junio dimitir\u00e9\" - COPE Alcoy","description":"Jordi Pla, alcalde de Cocentaina: \"los pactos est\u00e1n para cumplirlos y en junio dimitir\u00e9\"","robots":{"index":"index","follow":"follow","max-snippet":"max-snippet:-1","max-image-preview":"max-image-preview:large","max-video-preview":"max-video-preview:-1"},"canonical":"https:\/\/www.copealcoy.es\/es\/jordi-pla-alcalde-de-cocentaina-los-pactos-estan-para-cumplirlos-y-en-junio-dimitire\/","og_locale":"es_ES","og_type":"article","og_title":"Jordi Pla, alcalde de Cocentaina: \"los pactos est\u00e1n para cumplirlos y en junio dimitir\u00e9\" - COPE Alcoy","og_description":"Jordi Pla, alcalde de Cocentaina: \"los pactos est\u00e1n para cumplirlos y en junio dimitir\u00e9\"","og_url":"https:\/\/www.copealcoy.es\/es\/jordi-pla-alcalde-de-cocentaina-los-pactos-estan-para-cumplirlos-y-en-junio-dimitire\/","og_site_name":"COPE Alcoy","article_published_time":"2025-01-29T07:00:19+00:00","article_modified_time":"2025-01-29T11:03:14+00:00","og_image":[{"width":1683,"height":950,"url":"https:\/\/www.copealcoy.es\/wp-content\/uploads\/2025\/01\/unnamed-1-32-scaled-e1738075821720.jpg","type":"image\/jpeg"}],"author":"Cope Alcoy","twitter_misc":{"Escrito por":"Cope Alcoy","Tiempo de lectura":"3 minutos"},"schema":{"@context":"https:\/\/schema.org","@graph":[{"@type":"Article","@id":"https:\/\/www.copealcoy.es\/es\/jordi-pla-alcalde-de-cocentaina-los-pactos-estan-para-cumplirlos-y-en-junio-dimitire\/#article","isPartOf":{"@id":"https:\/\/www.copealcoy.es\/es\/jordi-pla-alcalde-de-cocentaina-los-pactos-estan-para-cumplirlos-y-en-junio-dimitire\/"},"author":{"name":"Cope Alcoy","@id":"https:\/\/www.copealcoy.es\/es\/#\/schema\/person\/e777c87fa024e57d40170af9df39882c"},"headline":"Jordi Pla, alcalde de Cocentaina: &#8220;los pactos est\u00e1n para cumplirlos y en junio dimitir\u00e9&#8221;","datePublished":"2025-01-29T07:00:19+00:00","dateModified":"2025-01-29T11:03:14+00:00","mainEntityOfPage":{"@id":"https:\/\/www.copealcoy.es\/es\/jordi-pla-alcalde-de-cocentaina-los-pactos-estan-para-cumplirlos-y-en-junio-dimitire\/"},"wordCount":461,"commentCount":0,"image":{"@id":"https:\/\/www.copealcoy.es\/es\/jordi-pla-alcalde-de-cocentaina-los-pactos-estan-para-cumplirlos-y-en-junio-dimitire\/#primaryimage"},"thumbnailUrl":"https:\/\/www.copealcoy.es\/wp-content\/uploads\/2025\/01\/unnamed-1-32-scaled-e1738075821720.jpg","keywords":["Balance","Cocentaina","entrevista","Jordi Pla"],"articleSection":["Actualidad","Comarcas","Noticias"],"inLanguage":"es"},{"@type":"WebPage","@id":"https:\/\/www.copealcoy.es\/es\/jordi-pla-alcalde-de-cocentaina-los-pactos-estan-para-cumplirlos-y-en-junio-dimitire\/","url":"https:\/\/www.copealcoy.es\/es\/jordi-pla-alcalde-de-cocentaina-los-pactos-estan-para-cumplirlos-y-en-junio-dimitire\/","name":"Jordi Pla, alcalde de Cocentaina: \"los pactos est\u00e1n para cumplirlos y en junio dimitir\u00e9\" - COPE Alcoy","isPartOf":{"@id":"https:\/\/www.copealcoy.es\/es\/#website"},"primaryImageOfPage":{"@id":"https:\/\/www.copealcoy.es\/es\/jordi-pla-alcalde-de-cocentaina-los-pactos-estan-para-cumplirlos-y-en-junio-dimitire\/#primaryimage"},"image":{"@id":"https:\/\/www.copealcoy.es\/es\/jordi-pla-alcalde-de-cocentaina-los-pactos-estan-para-cumplirlos-y-en-junio-dimitire\/#primaryimage"},"thumbnailUrl":"https:\/\/www.copealcoy.es\/wp-content\/uploads\/2025\/01\/unnamed-1-32-scaled-e1738075821720.jpg","datePublished":"2025-01-29T07:00:19+00:00","dateModified":"2025-01-29T11:03:14+00:00","author":{"@id":"https:\/\/www.copealcoy.es\/es\/#\/schema\/person\/e777c87fa024e57d40170af9df39882c"},"description":"Jordi Pla, alcalde de Cocentaina: \"los pactos est\u00e1n para cumplirlos y en junio dimitir\u00e9\"","breadcrumb":{"@id":"https:\/\/www.copealcoy.es\/es\/jordi-pla-alcalde-de-cocentaina-los-pactos-estan-para-cumplirlos-y-en-junio-dimitire\/#breadcrumb"},"inLanguage":"es","potentialAction":[{"@type":"ReadAction","target":["https:\/\/www.copealcoy.es\/es\/jordi-pla-alcalde-de-cocentaina-los-pactos-estan-para-cumplirlos-y-en-junio-dimitire\/"]}]},{"@type":"ImageObject","inLanguage":"es","@id":"https:\/\/www.copealcoy.es\/es\/jordi-pla-alcalde-de-cocentaina-los-pactos-estan-para-cumplirlos-y-en-junio-dimitire\/#primaryimage","url":"https:\/\/www.copealcoy.es\/wp-content\/uploads\/2025\/01\/unnamed-1-32-scaled-e1738075821720.jpg","contentUrl":"https:\/\/www.copealcoy.es\/wp-content\/uploads\/2025\/01\/unnamed-1-32-scaled-e1738075821720.jpg","width":1683,"height":950},{"@type":"BreadcrumbList","@id":"https:\/\/www.copealcoy.es\/es\/jordi-pla-alcalde-de-cocentaina-los-pactos-estan-para-cumplirlos-y-en-junio-dimitire\/#breadcrumb","itemListElement":[{"@type":"ListItem","position":1,"name":"Portada","item":"https:\/\/www.copealcoy.es\/es\/"},{"@type":"ListItem","position":2,"name":"Jordi Pla, alcalde de Cocentaina: &#8220;los pactos est\u00e1n para cumplirlos y en junio dimitir\u00e9&#8221;"}]},{"@type":"WebSite","@id":"https:\/\/www.copealcoy.es\/es\/#website","url":"https:\/\/www.copealcoy.es\/es\/","name":"COPE Alcoy","description":"Emisora COPE de radio local con emisi\u00f3n online. Pont de Sant Jordi 8-10 03803 Alcoy","potentialAction":[{"@type":"SearchAction","target":{"@type":"EntryPoint","urlTemplate":"https:\/\/www.copealcoy.es\/es\/?s={search_term_string}"},"query-input":{"@type":"PropertyValueSpecification","valueRequired":true,"valueName":"search_term_string"}}],"inLanguage":"es"},{"@type":"Person","@id":"https:\/\/www.copealcoy.es\/es\/#\/schema\/person\/e777c87fa024e57d40170af9df39882c","name":"Cope Alcoy","image":{"@type":"ImageObject","inLanguage":"es","@id":"https:\/\/secure.gravatar.com\/avatar\/bb65d0283347e303893ba14f0692005417c1e0e690a325a4c5d8bb2b3943ee14?s=96&d=mm&r=g","url":"https:\/\/secure.gravatar.com\/avatar\/bb65d0283347e303893ba14f0692005417c1e0e690a325a4c5d8bb2b3943ee14?s=96&d=mm&r=g","contentUrl":"https:\/\/secure.gravatar.com\/avatar\/bb65d0283347e303893ba14f0692005417c1e0e690a325a4c5d8bb2b3943ee14?s=96&d=mm&r=g","caption":"Cope Alcoy"}}]}},"_links":{"self":[{"href":"https:\/\/www.copealcoy.es\/es\/wp-json\/wp\/v2\/posts\/146713","targetHints":{"allow":["GET"]}}],"collection":[{"href":"https:\/\/www.copealcoy.es\/es\/wp-json\/wp\/v2\/posts"}],"about":[{"href":"https:\/\/www.copealcoy.es\/es\/wp-json\/wp\/v2\/types\/post"}],"author":[{"embeddable":true,"href":"https:\/\/www.copealcoy.es\/es\/wp-json\/wp\/v2\/users\/1"}],"replies":[{"embeddable":true,"href":"https:\/\/www.copealcoy.es\/es\/wp-json\/wp\/v2\/comments?post=146713"}],"version-history":[{"count":0,"href":"https:\/\/www.copealcoy.es\/es\/wp-json\/wp\/v2\/posts\/146713\/revisions"}],"wp:featuredmedia":[{"embeddable":true,"href":"https:\/\/www.copealcoy.es\/es\/wp-json\/wp\/v2\/media\/146759"}],"wp:attachment":[{"href":"https:\/\/www.copealcoy.es\/es\/wp-json\/wp\/v2\/media?parent=146713"}],"wp:term":[{"taxonomy":"category","embeddable":true,"href":"https:\/\/www.copealcoy.es\/es\/wp-json\/wp\/v2\/categories?post=146713"},{"taxonomy":"post_tag","embeddable":true,"href":"https:\/\/www.copealcoy.es\/es\/wp-json\/wp\/v2\/tags?post=146713"}],"curies":[{"name":"wp","href":"https:\/\/api.w.org\/{rel}","templated":true}]}}