{"id":146691,"date":"2025-01-27T08:00:22","date_gmt":"2025-01-27T07:00:22","guid":{"rendered":"https:\/\/www.copealcoy.es\/?p=146691"},"modified":"2025-01-27T14:03:27","modified_gmt":"2025-01-27T13:03:27","slug":"desarticulan-un-un-grupo-criminal-dedicado-al-trafico-de-drogas-cuyo-lider-vivia-en-muro","status":"publish","type":"post","link":"https:\/\/www.copealcoy.es\/es\/desarticulan-un-un-grupo-criminal-dedicado-al-trafico-de-drogas-cuyo-lider-vivia-en-muro\/","title":{"rendered":"Desarticulan un un grupo criminal dedicado al tr\u00e1fico de drogas cuyo l\u00edder viv\u00eda en Muro"},"content":{"rendered":"<p style=\"text-align: justify;\">Agentes de la <a href=\"https:\/\/policia.es\/_es\/index.php\" target=\"_blank\" rel=\"noopener\"><span style=\"color: #0000ff;\"><strong>Polic\u00eda Nacional<\/strong><\/span><\/a>, en colaboraci\u00f3n con los Mossos d\u2019Esquadra, <strong>detuvieron el pasado martes 21 de enero<\/strong> en Alicante a cinco hombres y una mujer vinculados a un desembarco de hach\u00eds ocurrido en mayo de 2024 en la cala Port Olivet de l\u2019Ametlla de Mar. La operaci\u00f3n incluy\u00f3 una entrada y registro en el domicilio del l\u00edder del grupo criminal, ubicado en Muro , donde se encontraron peque\u00f1as cantidades de hach\u00eds. Los detenidos <strong>enfrentan cargos<\/strong> por delitos contra la salud p\u00fablica y pertenencia a grupo criminal, seg\u00fan informaron fuentes policiales.<\/p>\n<p style=\"text-align: justify;\">La investigaci\u00f3n<strong> se inici\u00f3 el 26 de mayo de 2024<\/strong>, tras una intervenci\u00f3n durante la noche por parte de una patrulla de seguridad ciudadana que sorprendi\u00f3 a los implicados in fraganti mientras realizaban el desembarco en una playa local. En ese momento, los agentes localizaron una embarcaci\u00f3n tipo planeadora de aproximadamente 15 metros y tres motores fuera borda, as\u00ed como varios fardos esparcidos por la arena y un grupo de personas que intentaba huir del lugar. Esta actuaci\u00f3n result\u00f3 en la detenci\u00f3n inicial de siete individuos. A lo largo de varios meses, <strong>los efectivos de seguridad lograron identificar a seis personas adicionales con residencia en la provincia de Alicante<\/strong> que supuestamente estaban directamente involucradas en el desembarco. La operaci\u00f3n culmin\u00f3 con su arresto mediante un dispositivo conjunto. Cabe destacar que la mayor\u00eda de los detenidos ya contaba con antecedentes policiales. La <strong>investigaci\u00f3n sigue abierta<\/strong> para esclarecer todos los detalles relacionados con este caso.<\/p>\n<p><strong><span style=\"color: #0000ff;\">Aparatoso accidente de tr\u00e1fico en Alcoy<\/span><\/strong><\/p>\n<p style=\"text-align: justify;\">Y al margen de esto,\u00a0 <strong>un hombre fue detenido en Alcoy<\/strong> por exceder los niveles de alcohol y drogas. Todo ello <strong>tras chocar con el coche que conduc\u00eda contra una moto frente a la iglesia de Sant Jordi<\/strong> en la noche del pasado viernes. El conductor de la motocicleta, muy grave en el momento del aparatoso siniestro,<strong> fue trasladado al Hospital Virgen de los Lirios<\/strong> de nuestra ciudad para ser atendido.<\/p>\n<p><a href=\"https:\/\/www.copealcoy.es\/wp-content\/uploads\/2025\/01\/alcoi-accidente_xl.jpg\"><img loading=\"lazy\" decoding=\"async\" class=\"wp-image-146695 aligncenter\" src=\"https:\/\/www.copealcoy.es\/wp-content\/uploads\/2025\/01\/alcoi-accidente_xl.jpg\" alt=\"\" width=\"540\" height=\"354\" \/><\/a><\/p>\n","protected":false},"excerpt":{"rendered":"<p>Agentes de la Polic\u00eda Nacional, en colaboraci\u00f3n con los Mossos d\u2019Esquadra, detuvieron el pasado martes 21 de enero en Alicante&#8230;<\/p>\n","protected":false},"author":1,"featured_media":146692,"comment_status":"open","ping_status":"open","sticky":false,"template":"","format":"standard","meta":{"footnotes":""},"categories":[6909,98,75],"tags":[1393,135,1836,3024],"class_list":["post-146691","post","type-post","status-publish","format-standard","has-post-thumbnail","hentry","category-actualidad","category-comarcas","category-noticias","tag-detencion","tag-muro","tag-policia-nacional","tag-trafico-de-drogas"],"yoast_head":"<!-- This site is optimized with the Yoast SEO plugin v27.3 - https:\/\/yoast.com\/product\/yoast-seo-wordpress\/ -->\n<title>Desarticulan un un grupo criminal dedicado al tr\u00e1fico de drogas cuyo l\u00edder viv\u00eda en Muro - COPE Alcoy<\/title>\n<meta name=\"description\" content=\"Desarticulan un un grupo criminal dedicado al tr\u00e1fico de drogas cuyo l\u00edder viv\u00eda en Muro\" \/>\n<meta name=\"robots\" content=\"index, follow, max-snippet:-1, max-image-preview:large, max-video-preview:-1\" \/>\n<link rel=\"canonical\" href=\"https:\/\/www.copealcoy.es\/es\/desarticulan-un-un-grupo-criminal-dedicado-al-trafico-de-drogas-cuyo-lider-vivia-en-muro\/\" \/>\n<meta property=\"og:locale\" content=\"es_ES\" \/>\n<meta property=\"og:type\" content=\"article\" \/>\n<meta property=\"og:title\" content=\"Desarticulan un un grupo criminal dedicado al tr\u00e1fico de drogas cuyo l\u00edder viv\u00eda en Muro - COPE Alcoy\" \/>\n<meta property=\"og:description\" content=\"Desarticulan un un grupo criminal dedicado al tr\u00e1fico de drogas cuyo l\u00edder viv\u00eda en Muro\" \/>\n<meta property=\"og:url\" content=\"https:\/\/www.copealcoy.es\/es\/desarticulan-un-un-grupo-criminal-dedicado-al-trafico-de-drogas-cuyo-lider-vivia-en-muro\/\" \/>\n<meta property=\"og:site_name\" content=\"COPE Alcoy\" \/>\n<meta property=\"article:published_time\" content=\"2025-01-27T07:00:22+00:00\" \/>\n<meta property=\"article:modified_time\" content=\"2025-01-27T13:03:27+00:00\" \/>\n<meta property=\"og:image\" content=\"https:\/\/www.copealcoy.es\/wp-content\/uploads\/2025\/01\/FOTOGRAFIA-EDITADA-1024x768-1.jpg\" \/>\n\t<meta property=\"og:image:width\" content=\"1024\" \/>\n\t<meta property=\"og:image:height\" content=\"768\" \/>\n\t<meta property=\"og:image:type\" content=\"image\/jpeg\" \/>\n<meta name=\"author\" content=\"Cope Alcoy\" \/>\n<meta name=\"twitter:label1\" content=\"Escrito por\" \/>\n\t<meta name=\"twitter:data1\" content=\"Cope Alcoy\" \/>\n\t<meta name=\"twitter:label2\" content=\"Tiempo de lectura\" \/>\n\t<meta name=\"twitter:data2\" content=\"3 minutos\" \/>\n<script type=\"application\/ld+json\" class=\"yoast-schema-graph\">{\"@context\":\"https:\\\/\\\/schema.org\",\"@graph\":[{\"@type\":\"Article\",\"@id\":\"https:\\\/\\\/www.copealcoy.es\\\/es\\\/desarticulan-un-un-grupo-criminal-dedicado-al-trafico-de-drogas-cuyo-lider-vivia-en-muro\\\/#article\",\"isPartOf\":{\"@id\":\"https:\\\/\\\/www.copealcoy.es\\\/es\\\/desarticulan-un-un-grupo-criminal-dedicado-al-trafico-de-drogas-cuyo-lider-vivia-en-muro\\\/\"},\"author\":{\"name\":\"Cope Alcoy\",\"@id\":\"https:\\\/\\\/www.copealcoy.es\\\/es\\\/#\\\/schema\\\/person\\\/e777c87fa024e57d40170af9df39882c\"},\"headline\":\"Desarticulan un un grupo criminal dedicado al tr\u00e1fico de drogas cuyo l\u00edder viv\u00eda en Muro\",\"datePublished\":\"2025-01-27T07:00:22+00:00\",\"dateModified\":\"2025-01-27T13:03:27+00:00\",\"mainEntityOfPage\":{\"@id\":\"https:\\\/\\\/www.copealcoy.es\\\/es\\\/desarticulan-un-un-grupo-criminal-dedicado-al-trafico-de-drogas-cuyo-lider-vivia-en-muro\\\/\"},\"wordCount\":354,\"commentCount\":0,\"image\":{\"@id\":\"https:\\\/\\\/www.copealcoy.es\\\/es\\\/desarticulan-un-un-grupo-criminal-dedicado-al-trafico-de-drogas-cuyo-lider-vivia-en-muro\\\/#primaryimage\"},\"thumbnailUrl\":\"https:\\\/\\\/www.copealcoy.es\\\/wp-content\\\/uploads\\\/2025\\\/01\\\/FOTOGRAFIA-EDITADA-1024x768-1.jpg\",\"keywords\":[\"detenci\u00f3n\",\"Muro\",\"Polic\u00eda Nacional\",\"tr\u00e1fico de drogas\"],\"articleSection\":[\"Actualidad\",\"Comarcas\",\"Noticias\"],\"inLanguage\":\"es\"},{\"@type\":\"WebPage\",\"@id\":\"https:\\\/\\\/www.copealcoy.es\\\/es\\\/desarticulan-un-un-grupo-criminal-dedicado-al-trafico-de-drogas-cuyo-lider-vivia-en-muro\\\/\",\"url\":\"https:\\\/\\\/www.copealcoy.es\\\/es\\\/desarticulan-un-un-grupo-criminal-dedicado-al-trafico-de-drogas-cuyo-lider-vivia-en-muro\\\/\",\"name\":\"Desarticulan un un grupo criminal dedicado al tr\u00e1fico de drogas cuyo l\u00edder viv\u00eda en Muro - COPE Alcoy\",\"isPartOf\":{\"@id\":\"https:\\\/\\\/www.copealcoy.es\\\/es\\\/#website\"},\"primaryImageOfPage\":{\"@id\":\"https:\\\/\\\/www.copealcoy.es\\\/es\\\/desarticulan-un-un-grupo-criminal-dedicado-al-trafico-de-drogas-cuyo-lider-vivia-en-muro\\\/#primaryimage\"},\"image\":{\"@id\":\"https:\\\/\\\/www.copealcoy.es\\\/es\\\/desarticulan-un-un-grupo-criminal-dedicado-al-trafico-de-drogas-cuyo-lider-vivia-en-muro\\\/#primaryimage\"},\"thumbnailUrl\":\"https:\\\/\\\/www.copealcoy.es\\\/wp-content\\\/uploads\\\/2025\\\/01\\\/FOTOGRAFIA-EDITADA-1024x768-1.jpg\",\"datePublished\":\"2025-01-27T07:00:22+00:00\",\"dateModified\":\"2025-01-27T13:03:27+00:00\",\"author\":{\"@id\":\"https:\\\/\\\/www.copealcoy.es\\\/es\\\/#\\\/schema\\\/person\\\/e777c87fa024e57d40170af9df39882c\"},\"description\":\"Desarticulan un un grupo criminal dedicado al tr\u00e1fico de drogas cuyo l\u00edder viv\u00eda en Muro\",\"breadcrumb\":{\"@id\":\"https:\\\/\\\/www.copealcoy.es\\\/es\\\/desarticulan-un-un-grupo-criminal-dedicado-al-trafico-de-drogas-cuyo-lider-vivia-en-muro\\\/#breadcrumb\"},\"inLanguage\":\"es\",\"potentialAction\":[{\"@type\":\"ReadAction\",\"target\":[\"https:\\\/\\\/www.copealcoy.es\\\/es\\\/desarticulan-un-un-grupo-criminal-dedicado-al-trafico-de-drogas-cuyo-lider-vivia-en-muro\\\/\"]}]},{\"@type\":\"ImageObject\",\"inLanguage\":\"es\",\"@id\":\"https:\\\/\\\/www.copealcoy.es\\\/es\\\/desarticulan-un-un-grupo-criminal-dedicado-al-trafico-de-drogas-cuyo-lider-vivia-en-muro\\\/#primaryimage\",\"url\":\"https:\\\/\\\/www.copealcoy.es\\\/wp-content\\\/uploads\\\/2025\\\/01\\\/FOTOGRAFIA-EDITADA-1024x768-1.jpg\",\"contentUrl\":\"https:\\\/\\\/www.copealcoy.es\\\/wp-content\\\/uploads\\\/2025\\\/01\\\/FOTOGRAFIA-EDITADA-1024x768-1.jpg\",\"width\":1024,\"height\":768},{\"@type\":\"BreadcrumbList\",\"@id\":\"https:\\\/\\\/www.copealcoy.es\\\/es\\\/desarticulan-un-un-grupo-criminal-dedicado-al-trafico-de-drogas-cuyo-lider-vivia-en-muro\\\/#breadcrumb\",\"itemListElement\":[{\"@type\":\"ListItem\",\"position\":1,\"name\":\"Portada\",\"item\":\"https:\\\/\\\/www.copealcoy.es\\\/es\\\/\"},{\"@type\":\"ListItem\",\"position\":2,\"name\":\"Desarticulan un un grupo criminal dedicado al tr\u00e1fico de drogas cuyo l\u00edder viv\u00eda en Muro\"}]},{\"@type\":\"WebSite\",\"@id\":\"https:\\\/\\\/www.copealcoy.es\\\/es\\\/#website\",\"url\":\"https:\\\/\\\/www.copealcoy.es\\\/es\\\/\",\"name\":\"COPE Alcoy\",\"description\":\"Emisora COPE de radio local con emisi\u00f3n online. Pont de Sant Jordi 8-10 03803 Alcoy\",\"potentialAction\":[{\"@type\":\"SearchAction\",\"target\":{\"@type\":\"EntryPoint\",\"urlTemplate\":\"https:\\\/\\\/www.copealcoy.es\\\/es\\\/?s={search_term_string}\"},\"query-input\":{\"@type\":\"PropertyValueSpecification\",\"valueRequired\":true,\"valueName\":\"search_term_string\"}}],\"inLanguage\":\"es\"},{\"@type\":\"Person\",\"@id\":\"https:\\\/\\\/www.copealcoy.es\\\/es\\\/#\\\/schema\\\/person\\\/e777c87fa024e57d40170af9df39882c\",\"name\":\"Cope Alcoy\",\"image\":{\"@type\":\"ImageObject\",\"inLanguage\":\"es\",\"@id\":\"https:\\\/\\\/secure.gravatar.com\\\/avatar\\\/bb65d0283347e303893ba14f0692005417c1e0e690a325a4c5d8bb2b3943ee14?s=96&d=mm&r=g\",\"url\":\"https:\\\/\\\/secure.gravatar.com\\\/avatar\\\/bb65d0283347e303893ba14f0692005417c1e0e690a325a4c5d8bb2b3943ee14?s=96&d=mm&r=g\",\"contentUrl\":\"https:\\\/\\\/secure.gravatar.com\\\/avatar\\\/bb65d0283347e303893ba14f0692005417c1e0e690a325a4c5d8bb2b3943ee14?s=96&d=mm&r=g\",\"caption\":\"Cope Alcoy\"}}]}<\/script>\n<!-- \/ Yoast SEO plugin. -->","yoast_head_json":{"title":"Desarticulan un un grupo criminal dedicado al tr\u00e1fico de drogas cuyo l\u00edder viv\u00eda en Muro - COPE Alcoy","description":"Desarticulan un un grupo criminal dedicado al tr\u00e1fico de drogas cuyo l\u00edder viv\u00eda en Muro","robots":{"index":"index","follow":"follow","max-snippet":"max-snippet:-1","max-image-preview":"max-image-preview:large","max-video-preview":"max-video-preview:-1"},"canonical":"https:\/\/www.copealcoy.es\/es\/desarticulan-un-un-grupo-criminal-dedicado-al-trafico-de-drogas-cuyo-lider-vivia-en-muro\/","og_locale":"es_ES","og_type":"article","og_title":"Desarticulan un un grupo criminal dedicado al tr\u00e1fico de drogas cuyo l\u00edder viv\u00eda en Muro - COPE Alcoy","og_description":"Desarticulan un un grupo criminal dedicado al tr\u00e1fico de drogas cuyo l\u00edder viv\u00eda en Muro","og_url":"https:\/\/www.copealcoy.es\/es\/desarticulan-un-un-grupo-criminal-dedicado-al-trafico-de-drogas-cuyo-lider-vivia-en-muro\/","og_site_name":"COPE Alcoy","article_published_time":"2025-01-27T07:00:22+00:00","article_modified_time":"2025-01-27T13:03:27+00:00","og_image":[{"width":1024,"height":768,"url":"https:\/\/www.copealcoy.es\/wp-content\/uploads\/2025\/01\/FOTOGRAFIA-EDITADA-1024x768-1.jpg","type":"image\/jpeg"}],"author":"Cope Alcoy","twitter_misc":{"Escrito por":"Cope Alcoy","Tiempo de lectura":"3 minutos"},"schema":{"@context":"https:\/\/schema.org","@graph":[{"@type":"Article","@id":"https:\/\/www.copealcoy.es\/es\/desarticulan-un-un-grupo-criminal-dedicado-al-trafico-de-drogas-cuyo-lider-vivia-en-muro\/#article","isPartOf":{"@id":"https:\/\/www.copealcoy.es\/es\/desarticulan-un-un-grupo-criminal-dedicado-al-trafico-de-drogas-cuyo-lider-vivia-en-muro\/"},"author":{"name":"Cope Alcoy","@id":"https:\/\/www.copealcoy.es\/es\/#\/schema\/person\/e777c87fa024e57d40170af9df39882c"},"headline":"Desarticulan un un grupo criminal dedicado al tr\u00e1fico de drogas cuyo l\u00edder viv\u00eda en Muro","datePublished":"2025-01-27T07:00:22+00:00","dateModified":"2025-01-27T13:03:27+00:00","mainEntityOfPage":{"@id":"https:\/\/www.copealcoy.es\/es\/desarticulan-un-un-grupo-criminal-dedicado-al-trafico-de-drogas-cuyo-lider-vivia-en-muro\/"},"wordCount":354,"commentCount":0,"image":{"@id":"https:\/\/www.copealcoy.es\/es\/desarticulan-un-un-grupo-criminal-dedicado-al-trafico-de-drogas-cuyo-lider-vivia-en-muro\/#primaryimage"},"thumbnailUrl":"https:\/\/www.copealcoy.es\/wp-content\/uploads\/2025\/01\/FOTOGRAFIA-EDITADA-1024x768-1.jpg","keywords":["detenci\u00f3n","Muro","Polic\u00eda Nacional","tr\u00e1fico de drogas"],"articleSection":["Actualidad","Comarcas","Noticias"],"inLanguage":"es"},{"@type":"WebPage","@id":"https:\/\/www.copealcoy.es\/es\/desarticulan-un-un-grupo-criminal-dedicado-al-trafico-de-drogas-cuyo-lider-vivia-en-muro\/","url":"https:\/\/www.copealcoy.es\/es\/desarticulan-un-un-grupo-criminal-dedicado-al-trafico-de-drogas-cuyo-lider-vivia-en-muro\/","name":"Desarticulan un un grupo criminal dedicado al tr\u00e1fico de drogas cuyo l\u00edder viv\u00eda en Muro - COPE Alcoy","isPartOf":{"@id":"https:\/\/www.copealcoy.es\/es\/#website"},"primaryImageOfPage":{"@id":"https:\/\/www.copealcoy.es\/es\/desarticulan-un-un-grupo-criminal-dedicado-al-trafico-de-drogas-cuyo-lider-vivia-en-muro\/#primaryimage"},"image":{"@id":"https:\/\/www.copealcoy.es\/es\/desarticulan-un-un-grupo-criminal-dedicado-al-trafico-de-drogas-cuyo-lider-vivia-en-muro\/#primaryimage"},"thumbnailUrl":"https:\/\/www.copealcoy.es\/wp-content\/uploads\/2025\/01\/FOTOGRAFIA-EDITADA-1024x768-1.jpg","datePublished":"2025-01-27T07:00:22+00:00","dateModified":"2025-01-27T13:03:27+00:00","author":{"@id":"https:\/\/www.copealcoy.es\/es\/#\/schema\/person\/e777c87fa024e57d40170af9df39882c"},"description":"Desarticulan un un grupo criminal dedicado al tr\u00e1fico de drogas cuyo l\u00edder viv\u00eda en Muro","breadcrumb":{"@id":"https:\/\/www.copealcoy.es\/es\/desarticulan-un-un-grupo-criminal-dedicado-al-trafico-de-drogas-cuyo-lider-vivia-en-muro\/#breadcrumb"},"inLanguage":"es","potentialAction":[{"@type":"ReadAction","target":["https:\/\/www.copealcoy.es\/es\/desarticulan-un-un-grupo-criminal-dedicado-al-trafico-de-drogas-cuyo-lider-vivia-en-muro\/"]}]},{"@type":"ImageObject","inLanguage":"es","@id":"https:\/\/www.copealcoy.es\/es\/desarticulan-un-un-grupo-criminal-dedicado-al-trafico-de-drogas-cuyo-lider-vivia-en-muro\/#primaryimage","url":"https:\/\/www.copealcoy.es\/wp-content\/uploads\/2025\/01\/FOTOGRAFIA-EDITADA-1024x768-1.jpg","contentUrl":"https:\/\/www.copealcoy.es\/wp-content\/uploads\/2025\/01\/FOTOGRAFIA-EDITADA-1024x768-1.jpg","width":1024,"height":768},{"@type":"BreadcrumbList","@id":"https:\/\/www.copealcoy.es\/es\/desarticulan-un-un-grupo-criminal-dedicado-al-trafico-de-drogas-cuyo-lider-vivia-en-muro\/#breadcrumb","itemListElement":[{"@type":"ListItem","position":1,"name":"Portada","item":"https:\/\/www.copealcoy.es\/es\/"},{"@type":"ListItem","position":2,"name":"Desarticulan un un grupo criminal dedicado al tr\u00e1fico de drogas cuyo l\u00edder viv\u00eda en Muro"}]},{"@type":"WebSite","@id":"https:\/\/www.copealcoy.es\/es\/#website","url":"https:\/\/www.copealcoy.es\/es\/","name":"COPE Alcoy","description":"Emisora COPE de radio local con emisi\u00f3n online. Pont de Sant Jordi 8-10 03803 Alcoy","potentialAction":[{"@type":"SearchAction","target":{"@type":"EntryPoint","urlTemplate":"https:\/\/www.copealcoy.es\/es\/?s={search_term_string}"},"query-input":{"@type":"PropertyValueSpecification","valueRequired":true,"valueName":"search_term_string"}}],"inLanguage":"es"},{"@type":"Person","@id":"https:\/\/www.copealcoy.es\/es\/#\/schema\/person\/e777c87fa024e57d40170af9df39882c","name":"Cope Alcoy","image":{"@type":"ImageObject","inLanguage":"es","@id":"https:\/\/secure.gravatar.com\/avatar\/bb65d0283347e303893ba14f0692005417c1e0e690a325a4c5d8bb2b3943ee14?s=96&d=mm&r=g","url":"https:\/\/secure.gravatar.com\/avatar\/bb65d0283347e303893ba14f0692005417c1e0e690a325a4c5d8bb2b3943ee14?s=96&d=mm&r=g","contentUrl":"https:\/\/secure.gravatar.com\/avatar\/bb65d0283347e303893ba14f0692005417c1e0e690a325a4c5d8bb2b3943ee14?s=96&d=mm&r=g","caption":"Cope Alcoy"}}]}},"_links":{"self":[{"href":"https:\/\/www.copealcoy.es\/es\/wp-json\/wp\/v2\/posts\/146691","targetHints":{"allow":["GET"]}}],"collection":[{"href":"https:\/\/www.copealcoy.es\/es\/wp-json\/wp\/v2\/posts"}],"about":[{"href":"https:\/\/www.copealcoy.es\/es\/wp-json\/wp\/v2\/types\/post"}],"author":[{"embeddable":true,"href":"https:\/\/www.copealcoy.es\/es\/wp-json\/wp\/v2\/users\/1"}],"replies":[{"embeddable":true,"href":"https:\/\/www.copealcoy.es\/es\/wp-json\/wp\/v2\/comments?post=146691"}],"version-history":[{"count":0,"href":"https:\/\/www.copealcoy.es\/es\/wp-json\/wp\/v2\/posts\/146691\/revisions"}],"wp:featuredmedia":[{"embeddable":true,"href":"https:\/\/www.copealcoy.es\/es\/wp-json\/wp\/v2\/media\/146692"}],"wp:attachment":[{"href":"https:\/\/www.copealcoy.es\/es\/wp-json\/wp\/v2\/media?parent=146691"}],"wp:term":[{"taxonomy":"category","embeddable":true,"href":"https:\/\/www.copealcoy.es\/es\/wp-json\/wp\/v2\/categories?post=146691"},{"taxonomy":"post_tag","embeddable":true,"href":"https:\/\/www.copealcoy.es\/es\/wp-json\/wp\/v2\/tags?post=146691"}],"curies":[{"name":"wp","href":"https:\/\/api.w.org\/{rel}","templated":true}]}}