{"id":146646,"date":"2025-01-15T21:06:49","date_gmt":"2025-01-15T20:06:49","guid":{"rendered":"https:\/\/www.copealcoy.es\/?p=146646"},"modified":"2025-01-25T21:13:38","modified_gmt":"2025-01-25T20:13:38","slug":"macroplanta-fotovoltaica-en-alcoy-dos-informes-avalan-el-proyecto","status":"publish","type":"post","link":"https:\/\/www.copealcoy.es\/es\/macroplanta-fotovoltaica-en-alcoy-dos-informes-avalan-el-proyecto\/","title":{"rendered":"Macroplanta fotovoltaica en Alcoy: dos informes avalan el proyecto"},"content":{"rendered":"<p style=\"text-align: justify;\">La <strong>macroplanta fotovoltaica<\/strong> proyectada por una filial de Iberdrola en el Valle de Polop de Alcoy podr\u00eda estar m\u00e1s cerca. Y es que, <strong>de los cuatro informes municipales inicialmente negativos<\/strong>, <strong>dos han cambiado a positivos<\/strong> gracias a la nueva ley de simplificaci\u00f3n administrativa aprobada por la Generalitat Valenciana. As\u00ed lo ha explicado este mi\u00e9rcoles el alcalde, <strong>Toni Franc\u00e9s<\/strong>, a la hora de detallar tambi\u00e9n el contexto generado <strong>en torno a un camino<\/strong> que discurre por una cercana a donde se materializar\u00eda el citado proyecto.<\/p>\n<p style=\"text-align: justify;\">El primer edil ha detallado que<strong> los dos informes del departamento de Urbanismo<\/strong> han pasado a ser favorables mientras que <strong>los de Medio Ambiente<\/strong> siguen siendo negativos. Esto \u00faltimo <strong>se debe<\/strong> a que el departamento de Medio Ambiente del consistorio considera que la zona en la que est\u00e1 prevista la planta fotovoltaica tiene un importante valor medioambiental al estar cerca de los parques naturales de Font Roja y Mariola. El punto no es de especial protecci\u00f3n pero los informes si que consideran que podr\u00eda haber afecci\u00f3n en la flora y la fauna &#8220;<em>si finalmente los informes son positivos y demuestran viabilidad sin impacto negativo, el Ayuntamiento no podr\u00eda oponerse al proyecto<\/em>&#8220;, manifest\u00f3 Franc\u00e9s.<\/p>\n<p style=\"text-align: justify;\">En medio de esta situaci\u00f3n, <strong>el alcalde tambi\u00e9n abord\u00f3 una controversia relacionada con un camino privado<\/strong> que afecta a la macroplanta. Un vecino del Valle de Polop hab\u00eda presentado una queja ante el S\u00edndic de Greuges, alegando que el Ayuntamiento hab\u00eda desafectado un camino p\u00fablico. Franc\u00e9s aclar\u00f3 que se trata de un camino privado y no municipal, aunque reconoci\u00f3 confusiones debido a su clasificaci\u00f3n catastral al igual que admiti\u00f3 no haber dado una respuesta adecuada al propio vecino en el momento en el que plante\u00f3 la petici\u00f3n &#8220;<em>respondimos a trav\u00e9s de la L\u00ednea Verde y no por registro. Mal hecho. Pero lo que est\u00e1 claro es ni hemos desafectado nada, ni hemos regalado nada, ni entorpecemos al vecino, ni favorecemos a la macroplanta<\/em>&#8220;, concluy\u00f3 el alcalde.<\/p>\n<p style=\"text-align: justify;\">Toni Franc\u00e9s ha remarcado que el camino objeto de la pol\u00e9mica, denominado como camino de Onil, <strong>siempre ha sido de titularidad privada y nunca propiedad del <a href=\"https:\/\/www.alcoi.org\/ca\/portal\/index.html\" target=\"_blank\" rel=\"noopener\"><span style=\"color: #0000ff;\">Ayuntamiento de Alcoy<\/span><\/a><\/strong>. Por \u00faltimo a\u00f1adi\u00f3 que se le ha contestado al vecino y al S\u00edndic de Greuges para aclarar la situaci\u00f3n.<\/p>\n","protected":false},"excerpt":{"rendered":"<p>La macroplanta fotovoltaica proyectada por una filial de Iberdrola en el Valle de Polop de Alcoy podr\u00eda estar m\u00e1s cerca&#8230;.<\/p>\n","protected":false},"author":1,"featured_media":146647,"comment_status":"open","ping_status":"open","sticky":false,"template":"","format":"standard","meta":{"footnotes":""},"categories":[6909,97,75],"tags":[1494,4362,19133,19131,19132],"class_list":["post-146646","post","type-post","status-publish","format-standard","has-post-thumbnail","hentry","category-actualidad","category-alcoy","category-noticias","tag-alcoy","tag-construccion","tag-informes-favorables","tag-planta-fotovoltaica","tag-polop"],"yoast_head":"<!-- This site is optimized with the Yoast SEO plugin v27.3 - https:\/\/yoast.com\/product\/yoast-seo-wordpress\/ -->\n<title>Macroplanta fotovoltaica en Alcoy: dos informes avalan el proyecto - COPE Alcoy<\/title>\n<meta name=\"description\" content=\"La macroplanta fotovoltaica proyectada por una filial de Iberdrola en el Valle de Polop de Alcoy podr\u00eda estar m\u00e1s cerca\" \/>\n<meta name=\"robots\" content=\"index, follow, max-snippet:-1, max-image-preview:large, max-video-preview:-1\" \/>\n<link rel=\"canonical\" href=\"https:\/\/www.copealcoy.es\/es\/macroplanta-fotovoltaica-en-alcoy-dos-informes-avalan-el-proyecto\/\" \/>\n<meta property=\"og:locale\" content=\"es_ES\" \/>\n<meta property=\"og:type\" content=\"article\" \/>\n<meta property=\"og:title\" content=\"Macroplanta fotovoltaica en Alcoy: dos informes avalan el proyecto - COPE Alcoy\" \/>\n<meta property=\"og:description\" content=\"La macroplanta fotovoltaica proyectada por una filial de Iberdrola en el Valle de Polop de Alcoy podr\u00eda estar m\u00e1s cerca\" \/>\n<meta property=\"og:url\" content=\"https:\/\/www.copealcoy.es\/es\/macroplanta-fotovoltaica-en-alcoy-dos-informes-avalan-el-proyecto\/\" \/>\n<meta property=\"og:site_name\" content=\"COPE Alcoy\" \/>\n<meta property=\"article:published_time\" content=\"2025-01-15T20:06:49+00:00\" \/>\n<meta property=\"article:modified_time\" content=\"2025-01-25T20:13:38+00:00\" \/>\n<meta property=\"og:image\" content=\"https:\/\/www.copealcoy.es\/wp-content\/uploads\/2025\/01\/unnamed-1-29.jpg\" \/>\n\t<meta property=\"og:image:width\" content=\"956\" \/>\n\t<meta property=\"og:image:height\" content=\"554\" \/>\n\t<meta property=\"og:image:type\" content=\"image\/jpeg\" \/>\n<meta name=\"author\" content=\"Cope Alcoy\" \/>\n<meta name=\"twitter:label1\" content=\"Escrito por\" \/>\n\t<meta name=\"twitter:data1\" content=\"Cope Alcoy\" \/>\n\t<meta name=\"twitter:label2\" content=\"Tiempo de lectura\" \/>\n\t<meta name=\"twitter:data2\" content=\"3 minutos\" \/>\n<script type=\"application\/ld+json\" class=\"yoast-schema-graph\">{\"@context\":\"https:\\\/\\\/schema.org\",\"@graph\":[{\"@type\":\"Article\",\"@id\":\"https:\\\/\\\/www.copealcoy.es\\\/es\\\/macroplanta-fotovoltaica-en-alcoy-dos-informes-avalan-el-proyecto\\\/#article\",\"isPartOf\":{\"@id\":\"https:\\\/\\\/www.copealcoy.es\\\/es\\\/macroplanta-fotovoltaica-en-alcoy-dos-informes-avalan-el-proyecto\\\/\"},\"author\":{\"name\":\"Cope Alcoy\",\"@id\":\"https:\\\/\\\/www.copealcoy.es\\\/es\\\/#\\\/schema\\\/person\\\/e777c87fa024e57d40170af9df39882c\"},\"headline\":\"Macroplanta fotovoltaica en Alcoy: dos informes avalan el proyecto\",\"datePublished\":\"2025-01-15T20:06:49+00:00\",\"dateModified\":\"2025-01-25T20:13:38+00:00\",\"mainEntityOfPage\":{\"@id\":\"https:\\\/\\\/www.copealcoy.es\\\/es\\\/macroplanta-fotovoltaica-en-alcoy-dos-informes-avalan-el-proyecto\\\/\"},\"wordCount\":408,\"commentCount\":0,\"image\":{\"@id\":\"https:\\\/\\\/www.copealcoy.es\\\/es\\\/macroplanta-fotovoltaica-en-alcoy-dos-informes-avalan-el-proyecto\\\/#primaryimage\"},\"thumbnailUrl\":\"https:\\\/\\\/www.copealcoy.es\\\/wp-content\\\/uploads\\\/2025\\\/01\\\/unnamed-1-29.jpg\",\"keywords\":[\"Alcoy\",\"construcci\u00f3n\",\"informes favorables\",\"planta fotovoltaica\",\"Polop\"],\"articleSection\":[\"Actualidad\",\"Alcoy\",\"Noticias\"],\"inLanguage\":\"es\"},{\"@type\":\"WebPage\",\"@id\":\"https:\\\/\\\/www.copealcoy.es\\\/es\\\/macroplanta-fotovoltaica-en-alcoy-dos-informes-avalan-el-proyecto\\\/\",\"url\":\"https:\\\/\\\/www.copealcoy.es\\\/es\\\/macroplanta-fotovoltaica-en-alcoy-dos-informes-avalan-el-proyecto\\\/\",\"name\":\"Macroplanta fotovoltaica en Alcoy: dos informes avalan el proyecto - COPE Alcoy\",\"isPartOf\":{\"@id\":\"https:\\\/\\\/www.copealcoy.es\\\/es\\\/#website\"},\"primaryImageOfPage\":{\"@id\":\"https:\\\/\\\/www.copealcoy.es\\\/es\\\/macroplanta-fotovoltaica-en-alcoy-dos-informes-avalan-el-proyecto\\\/#primaryimage\"},\"image\":{\"@id\":\"https:\\\/\\\/www.copealcoy.es\\\/es\\\/macroplanta-fotovoltaica-en-alcoy-dos-informes-avalan-el-proyecto\\\/#primaryimage\"},\"thumbnailUrl\":\"https:\\\/\\\/www.copealcoy.es\\\/wp-content\\\/uploads\\\/2025\\\/01\\\/unnamed-1-29.jpg\",\"datePublished\":\"2025-01-15T20:06:49+00:00\",\"dateModified\":\"2025-01-25T20:13:38+00:00\",\"author\":{\"@id\":\"https:\\\/\\\/www.copealcoy.es\\\/es\\\/#\\\/schema\\\/person\\\/e777c87fa024e57d40170af9df39882c\"},\"description\":\"La macroplanta fotovoltaica proyectada por una filial de Iberdrola en el Valle de Polop de Alcoy podr\u00eda estar m\u00e1s cerca\",\"breadcrumb\":{\"@id\":\"https:\\\/\\\/www.copealcoy.es\\\/es\\\/macroplanta-fotovoltaica-en-alcoy-dos-informes-avalan-el-proyecto\\\/#breadcrumb\"},\"inLanguage\":\"es\",\"potentialAction\":[{\"@type\":\"ReadAction\",\"target\":[\"https:\\\/\\\/www.copealcoy.es\\\/es\\\/macroplanta-fotovoltaica-en-alcoy-dos-informes-avalan-el-proyecto\\\/\"]}]},{\"@type\":\"ImageObject\",\"inLanguage\":\"es\",\"@id\":\"https:\\\/\\\/www.copealcoy.es\\\/es\\\/macroplanta-fotovoltaica-en-alcoy-dos-informes-avalan-el-proyecto\\\/#primaryimage\",\"url\":\"https:\\\/\\\/www.copealcoy.es\\\/wp-content\\\/uploads\\\/2025\\\/01\\\/unnamed-1-29.jpg\",\"contentUrl\":\"https:\\\/\\\/www.copealcoy.es\\\/wp-content\\\/uploads\\\/2025\\\/01\\\/unnamed-1-29.jpg\",\"width\":956,\"height\":554},{\"@type\":\"BreadcrumbList\",\"@id\":\"https:\\\/\\\/www.copealcoy.es\\\/es\\\/macroplanta-fotovoltaica-en-alcoy-dos-informes-avalan-el-proyecto\\\/#breadcrumb\",\"itemListElement\":[{\"@type\":\"ListItem\",\"position\":1,\"name\":\"Portada\",\"item\":\"https:\\\/\\\/www.copealcoy.es\\\/es\\\/\"},{\"@type\":\"ListItem\",\"position\":2,\"name\":\"Macroplanta fotovoltaica en Alcoy: dos informes avalan el proyecto\"}]},{\"@type\":\"WebSite\",\"@id\":\"https:\\\/\\\/www.copealcoy.es\\\/es\\\/#website\",\"url\":\"https:\\\/\\\/www.copealcoy.es\\\/es\\\/\",\"name\":\"COPE Alcoy\",\"description\":\"Emisora COPE de radio local con emisi\u00f3n online. Pont de Sant Jordi 8-10 03803 Alcoy\",\"potentialAction\":[{\"@type\":\"SearchAction\",\"target\":{\"@type\":\"EntryPoint\",\"urlTemplate\":\"https:\\\/\\\/www.copealcoy.es\\\/es\\\/?s={search_term_string}\"},\"query-input\":{\"@type\":\"PropertyValueSpecification\",\"valueRequired\":true,\"valueName\":\"search_term_string\"}}],\"inLanguage\":\"es\"},{\"@type\":\"Person\",\"@id\":\"https:\\\/\\\/www.copealcoy.es\\\/es\\\/#\\\/schema\\\/person\\\/e777c87fa024e57d40170af9df39882c\",\"name\":\"Cope Alcoy\",\"image\":{\"@type\":\"ImageObject\",\"inLanguage\":\"es\",\"@id\":\"https:\\\/\\\/secure.gravatar.com\\\/avatar\\\/bb65d0283347e303893ba14f0692005417c1e0e690a325a4c5d8bb2b3943ee14?s=96&d=mm&r=g\",\"url\":\"https:\\\/\\\/secure.gravatar.com\\\/avatar\\\/bb65d0283347e303893ba14f0692005417c1e0e690a325a4c5d8bb2b3943ee14?s=96&d=mm&r=g\",\"contentUrl\":\"https:\\\/\\\/secure.gravatar.com\\\/avatar\\\/bb65d0283347e303893ba14f0692005417c1e0e690a325a4c5d8bb2b3943ee14?s=96&d=mm&r=g\",\"caption\":\"Cope Alcoy\"}}]}<\/script>\n<!-- \/ Yoast SEO plugin. -->","yoast_head_json":{"title":"Macroplanta fotovoltaica en Alcoy: dos informes avalan el proyecto - COPE Alcoy","description":"La macroplanta fotovoltaica proyectada por una filial de Iberdrola en el Valle de Polop de Alcoy podr\u00eda estar m\u00e1s cerca","robots":{"index":"index","follow":"follow","max-snippet":"max-snippet:-1","max-image-preview":"max-image-preview:large","max-video-preview":"max-video-preview:-1"},"canonical":"https:\/\/www.copealcoy.es\/es\/macroplanta-fotovoltaica-en-alcoy-dos-informes-avalan-el-proyecto\/","og_locale":"es_ES","og_type":"article","og_title":"Macroplanta fotovoltaica en Alcoy: dos informes avalan el proyecto - COPE Alcoy","og_description":"La macroplanta fotovoltaica proyectada por una filial de Iberdrola en el Valle de Polop de Alcoy podr\u00eda estar m\u00e1s cerca","og_url":"https:\/\/www.copealcoy.es\/es\/macroplanta-fotovoltaica-en-alcoy-dos-informes-avalan-el-proyecto\/","og_site_name":"COPE Alcoy","article_published_time":"2025-01-15T20:06:49+00:00","article_modified_time":"2025-01-25T20:13:38+00:00","og_image":[{"width":956,"height":554,"url":"https:\/\/www.copealcoy.es\/wp-content\/uploads\/2025\/01\/unnamed-1-29.jpg","type":"image\/jpeg"}],"author":"Cope Alcoy","twitter_misc":{"Escrito por":"Cope Alcoy","Tiempo de lectura":"3 minutos"},"schema":{"@context":"https:\/\/schema.org","@graph":[{"@type":"Article","@id":"https:\/\/www.copealcoy.es\/es\/macroplanta-fotovoltaica-en-alcoy-dos-informes-avalan-el-proyecto\/#article","isPartOf":{"@id":"https:\/\/www.copealcoy.es\/es\/macroplanta-fotovoltaica-en-alcoy-dos-informes-avalan-el-proyecto\/"},"author":{"name":"Cope Alcoy","@id":"https:\/\/www.copealcoy.es\/es\/#\/schema\/person\/e777c87fa024e57d40170af9df39882c"},"headline":"Macroplanta fotovoltaica en Alcoy: dos informes avalan el proyecto","datePublished":"2025-01-15T20:06:49+00:00","dateModified":"2025-01-25T20:13:38+00:00","mainEntityOfPage":{"@id":"https:\/\/www.copealcoy.es\/es\/macroplanta-fotovoltaica-en-alcoy-dos-informes-avalan-el-proyecto\/"},"wordCount":408,"commentCount":0,"image":{"@id":"https:\/\/www.copealcoy.es\/es\/macroplanta-fotovoltaica-en-alcoy-dos-informes-avalan-el-proyecto\/#primaryimage"},"thumbnailUrl":"https:\/\/www.copealcoy.es\/wp-content\/uploads\/2025\/01\/unnamed-1-29.jpg","keywords":["Alcoy","construcci\u00f3n","informes favorables","planta fotovoltaica","Polop"],"articleSection":["Actualidad","Alcoy","Noticias"],"inLanguage":"es"},{"@type":"WebPage","@id":"https:\/\/www.copealcoy.es\/es\/macroplanta-fotovoltaica-en-alcoy-dos-informes-avalan-el-proyecto\/","url":"https:\/\/www.copealcoy.es\/es\/macroplanta-fotovoltaica-en-alcoy-dos-informes-avalan-el-proyecto\/","name":"Macroplanta fotovoltaica en Alcoy: dos informes avalan el proyecto - COPE Alcoy","isPartOf":{"@id":"https:\/\/www.copealcoy.es\/es\/#website"},"primaryImageOfPage":{"@id":"https:\/\/www.copealcoy.es\/es\/macroplanta-fotovoltaica-en-alcoy-dos-informes-avalan-el-proyecto\/#primaryimage"},"image":{"@id":"https:\/\/www.copealcoy.es\/es\/macroplanta-fotovoltaica-en-alcoy-dos-informes-avalan-el-proyecto\/#primaryimage"},"thumbnailUrl":"https:\/\/www.copealcoy.es\/wp-content\/uploads\/2025\/01\/unnamed-1-29.jpg","datePublished":"2025-01-15T20:06:49+00:00","dateModified":"2025-01-25T20:13:38+00:00","author":{"@id":"https:\/\/www.copealcoy.es\/es\/#\/schema\/person\/e777c87fa024e57d40170af9df39882c"},"description":"La macroplanta fotovoltaica proyectada por una filial de Iberdrola en el Valle de Polop de Alcoy podr\u00eda estar m\u00e1s cerca","breadcrumb":{"@id":"https:\/\/www.copealcoy.es\/es\/macroplanta-fotovoltaica-en-alcoy-dos-informes-avalan-el-proyecto\/#breadcrumb"},"inLanguage":"es","potentialAction":[{"@type":"ReadAction","target":["https:\/\/www.copealcoy.es\/es\/macroplanta-fotovoltaica-en-alcoy-dos-informes-avalan-el-proyecto\/"]}]},{"@type":"ImageObject","inLanguage":"es","@id":"https:\/\/www.copealcoy.es\/es\/macroplanta-fotovoltaica-en-alcoy-dos-informes-avalan-el-proyecto\/#primaryimage","url":"https:\/\/www.copealcoy.es\/wp-content\/uploads\/2025\/01\/unnamed-1-29.jpg","contentUrl":"https:\/\/www.copealcoy.es\/wp-content\/uploads\/2025\/01\/unnamed-1-29.jpg","width":956,"height":554},{"@type":"BreadcrumbList","@id":"https:\/\/www.copealcoy.es\/es\/macroplanta-fotovoltaica-en-alcoy-dos-informes-avalan-el-proyecto\/#breadcrumb","itemListElement":[{"@type":"ListItem","position":1,"name":"Portada","item":"https:\/\/www.copealcoy.es\/es\/"},{"@type":"ListItem","position":2,"name":"Macroplanta fotovoltaica en Alcoy: dos informes avalan el proyecto"}]},{"@type":"WebSite","@id":"https:\/\/www.copealcoy.es\/es\/#website","url":"https:\/\/www.copealcoy.es\/es\/","name":"COPE Alcoy","description":"Emisora COPE de radio local con emisi\u00f3n online. Pont de Sant Jordi 8-10 03803 Alcoy","potentialAction":[{"@type":"SearchAction","target":{"@type":"EntryPoint","urlTemplate":"https:\/\/www.copealcoy.es\/es\/?s={search_term_string}"},"query-input":{"@type":"PropertyValueSpecification","valueRequired":true,"valueName":"search_term_string"}}],"inLanguage":"es"},{"@type":"Person","@id":"https:\/\/www.copealcoy.es\/es\/#\/schema\/person\/e777c87fa024e57d40170af9df39882c","name":"Cope Alcoy","image":{"@type":"ImageObject","inLanguage":"es","@id":"https:\/\/secure.gravatar.com\/avatar\/bb65d0283347e303893ba14f0692005417c1e0e690a325a4c5d8bb2b3943ee14?s=96&d=mm&r=g","url":"https:\/\/secure.gravatar.com\/avatar\/bb65d0283347e303893ba14f0692005417c1e0e690a325a4c5d8bb2b3943ee14?s=96&d=mm&r=g","contentUrl":"https:\/\/secure.gravatar.com\/avatar\/bb65d0283347e303893ba14f0692005417c1e0e690a325a4c5d8bb2b3943ee14?s=96&d=mm&r=g","caption":"Cope Alcoy"}}]}},"_links":{"self":[{"href":"https:\/\/www.copealcoy.es\/es\/wp-json\/wp\/v2\/posts\/146646","targetHints":{"allow":["GET"]}}],"collection":[{"href":"https:\/\/www.copealcoy.es\/es\/wp-json\/wp\/v2\/posts"}],"about":[{"href":"https:\/\/www.copealcoy.es\/es\/wp-json\/wp\/v2\/types\/post"}],"author":[{"embeddable":true,"href":"https:\/\/www.copealcoy.es\/es\/wp-json\/wp\/v2\/users\/1"}],"replies":[{"embeddable":true,"href":"https:\/\/www.copealcoy.es\/es\/wp-json\/wp\/v2\/comments?post=146646"}],"version-history":[{"count":0,"href":"https:\/\/www.copealcoy.es\/es\/wp-json\/wp\/v2\/posts\/146646\/revisions"}],"wp:featuredmedia":[{"embeddable":true,"href":"https:\/\/www.copealcoy.es\/es\/wp-json\/wp\/v2\/media\/146647"}],"wp:attachment":[{"href":"https:\/\/www.copealcoy.es\/es\/wp-json\/wp\/v2\/media?parent=146646"}],"wp:term":[{"taxonomy":"category","embeddable":true,"href":"https:\/\/www.copealcoy.es\/es\/wp-json\/wp\/v2\/categories?post=146646"},{"taxonomy":"post_tag","embeddable":true,"href":"https:\/\/www.copealcoy.es\/es\/wp-json\/wp\/v2\/tags?post=146646"}],"curies":[{"name":"wp","href":"https:\/\/api.w.org\/{rel}","templated":true}]}}