{"id":146547,"date":"2025-01-24T10:20:14","date_gmt":"2025-01-24T09:20:14","guid":{"rendered":"https:\/\/www.copealcoy.es\/?p=146547"},"modified":"2025-01-24T11:07:01","modified_gmt":"2025-01-24T10:07:01","slug":"ultramediterrania-un-autentico-reto-que-vertebra-nuestras-comarcas","status":"publish","type":"post","link":"https:\/\/www.copealcoy.es\/es\/ultramediterrania-un-autentico-reto-que-vertebra-nuestras-comarcas\/","title":{"rendered":"Ultramediterr\u00e0nia, un aut\u00e9ntico reto que vertebra nuestras comarcas"},"content":{"rendered":"<p style=\"text-align: justify;\">Este fin de semana, del 24 al 26 de enero, <strong>m\u00e1s de 1.500 participantes<\/strong> de todo el mundo se dar\u00e1n cita en Alcoy para la tercera edici\u00f3n de la <a href=\"https:\/\/ultramediterrania.com\/\" target=\"_blank\" rel=\"noopener\"><span style=\"color: #0000ff;\"><strong>Ultramediterr\u00e0nia 2025<\/strong><\/span><\/a>, una carrera de resistencia que promete ser un desaf\u00edo tanto f\u00edsico como mental. Este evento deportivo <strong>recorrer\u00e1 las comarcas de L\u2019Alcoi\u00e0, El Comtat, Marina Baixa y Vall d\u2019Albaida<\/strong>, ofreciendo a los corredores un recorrido espectacular entre monta\u00f1as y paisajes naturales.<\/p>\n<p style=\"text-align: justify;\">La presentaci\u00f3n oficial del evento tuvo lugar hace unos d\u00edas en <strong>la Diputaci\u00f3n de Alicante<\/strong>, donde el diputado de Deportes, <strong>Bernab\u00e9 Cano<\/strong>, destac\u00f3 la importancia de esta prueba no solo desde el punto de vista deportivo y de salud, sino tambi\u00e9n por su impacto econ\u00f3mico y su capacidad para promover los atractivos tur\u00edsticos del interior de la provincia. \u201c<em>Desde la Diputaci\u00f3n nos volcamos un a\u00f1o m\u00e1s con este evento<\/em>\u201d, afirm\u00f3. El director institucional del proyecto, <strong>Ra\u00fal Barrachina<\/strong>, resalt\u00f3 el notable crecimiento que ha experimentado la Ultramediterr\u00e0nia desde su primera edici\u00f3n. En su debut, reuni\u00f3 a deportistas de 12 nacionalidades; este a\u00f1o, se espera la participaci\u00f3n de corredores provenientes de 41 pa\u00edses diferentes. Entre ellos destacan atletas de naciones europeas como Francia, Alemania y Polonia, as\u00ed como participantes que llegar\u00e1n desde Ecuador, Bolivia, Canad\u00e1 y Rusia.<\/p>\n<p style=\"text-align: justify;\">Ultramediterr\u00e0nia 2025 <strong>ofrece siete modalidades<\/strong> adaptadas a diferentes niveles de dificultad y experiencia. La prueba m\u00e1s exigente es el PRO 168k, que se convierte en el \u00fanico ultra trail en la Comunitat Valenciana con un recorrido de 100 millas y un desnivel positivo acumulado de 8.600 metros. Esta impresionante ruta llevar\u00e1 a los corredores a trav\u00e9s de 16 poblaciones y ocho cimas que superan los 1.000 metros. Adem\u00e1s del PRO 168k, los participantes podr\u00e1n elegir entre otras modalidades como la RL2 168K por relevos, donde dos corredores se enfrentar\u00e1n a distancias combinadas que suman hasta 168 kil\u00f3metros; una marat\u00f3n MAX46 (46k) que discurrir\u00e1 \u00edntegramente por el parque natural de la Sierra de Mariola; una carrera m\u00e1s din\u00e1mica EXP25 (25k) con un desnivel positivo de 1.150 metros; as\u00ed como recorridos m\u00e1s cortos como VRT5 (5k cronometrados) y CXM16 (16k), ideal para quienes deseen iniciarse en el trail running.<\/p>\n<p style=\"text-align: justify;\">Una novedad destacada este a\u00f1o es la inclusi\u00f3n de personas con discapacidad en la modalidad CXM16. El concejal de Deportes del Ayuntamiento de Alcoy, <strong>Alberto Belda<\/strong>, expres\u00f3 su satisfacci\u00f3n por poder apoyar esta prueba que no solo representa un \u00e9xito organizativo y deportivo sino tambi\u00e9n un avance hacia la inclusi\u00f3n en eventos deportivos. <strong>Ayesha Verd\u00fa<\/strong>, representante de Uni\u00f3n Alcoyana Seguros, subray\u00f3 las bondades del evento y elogi\u00f3 su \u201cexcelente organizaci\u00f3n\u201d. Destac\u00f3 que esta gran aventura transcurre por un paisaje privilegiado: las monta\u00f1as del interior provincial, lo que convierte a la Ultramediterr\u00e0nia en una experiencia \u00fanica e inolvidable para todos los participantes.<\/p>\n<p style=\"text-align: justify;\">La <strong>plaza Ferr\u00e1ndiz y Carbonell<\/strong> de Alcoy es el punto de encuentro desde donde saldr\u00e1 hoy la competici\u00f3n. Desde la organizaci\u00f3n, animan a los vecinos de las poblaciones de la comarca a que salgan a la calle para respaldar el paso de los participantes en esta gran cita.<\/p>\n","protected":false},"excerpt":{"rendered":"<p>Este fin de semana, del 24 al 26 de enero, m\u00e1s de 1.500 participantes de todo el mundo se dar\u00e1n&#8230;<\/p>\n","protected":false},"author":1,"featured_media":146548,"comment_status":"open","ping_status":"open","sticky":false,"template":"","format":"standard","meta":{"footnotes":""},"categories":[6909,97,92,75],"tags":[482,1494,966,237,15868],"class_list":["post-146547","post","type-post","status-publish","format-standard","has-post-thumbnail","hentry","category-actualidad","category-alcoy","category-deportes","category-noticias","tag-alcoia","tag-alcoy","tag-competicion","tag-comtat","tag-ultramediterrania"],"yoast_head":"<!-- This site is optimized with the Yoast SEO plugin v27.3 - https:\/\/yoast.com\/product\/yoast-seo-wordpress\/ -->\n<title>Ultramediterr\u00e0nia, un aut\u00e9ntico reto que vertebra nuestras comarcas - COPE Alcoy<\/title>\n<meta name=\"description\" content=\"Este fin de semana, del 24 al 26 de enero, m\u00e1s de 1.500 participantes de todo el mundo se dar\u00e1n cita en Alcoy para la tercera edici\u00f3n de la Ultramediterr\u00e0nia 2025, una carrera de resistencia que promete ser un desaf\u00edo tanto f\u00edsico como mental\" \/>\n<meta name=\"robots\" content=\"index, follow, max-snippet:-1, max-image-preview:large, max-video-preview:-1\" \/>\n<link rel=\"canonical\" href=\"https:\/\/www.copealcoy.es\/es\/ultramediterrania-un-autentico-reto-que-vertebra-nuestras-comarcas\/\" \/>\n<meta property=\"og:locale\" content=\"es_ES\" \/>\n<meta property=\"og:type\" content=\"article\" \/>\n<meta property=\"og:title\" content=\"Ultramediterr\u00e0nia, un aut\u00e9ntico reto que vertebra nuestras comarcas - COPE Alcoy\" \/>\n<meta property=\"og:description\" content=\"Este fin de semana, del 24 al 26 de enero, m\u00e1s de 1.500 participantes de todo el mundo se dar\u00e1n cita en Alcoy para la tercera edici\u00f3n de la Ultramediterr\u00e0nia 2025, una carrera de resistencia que promete ser un desaf\u00edo tanto f\u00edsico como mental\" \/>\n<meta property=\"og:url\" content=\"https:\/\/www.copealcoy.es\/es\/ultramediterrania-un-autentico-reto-que-vertebra-nuestras-comarcas\/\" \/>\n<meta property=\"og:site_name\" content=\"COPE Alcoy\" \/>\n<meta property=\"article:published_time\" content=\"2025-01-24T09:20:14+00:00\" \/>\n<meta property=\"article:modified_time\" content=\"2025-01-24T10:07:01+00:00\" \/>\n<meta property=\"og:image\" content=\"https:\/\/www.copealcoy.es\/wp-content\/uploads\/2025\/01\/012025-R.P.-ultra-mediterranea-1536x1024-1.jpg\" \/>\n\t<meta property=\"og:image:width\" content=\"1536\" \/>\n\t<meta property=\"og:image:height\" content=\"1024\" \/>\n\t<meta property=\"og:image:type\" content=\"image\/jpeg\" \/>\n<meta name=\"author\" content=\"Cope Alcoy\" \/>\n<meta name=\"twitter:label1\" content=\"Escrito por\" \/>\n\t<meta name=\"twitter:data1\" content=\"Cope Alcoy\" \/>\n\t<meta name=\"twitter:label2\" content=\"Tiempo de lectura\" \/>\n\t<meta name=\"twitter:data2\" content=\"3 minutos\" \/>\n<script type=\"application\/ld+json\" class=\"yoast-schema-graph\">{\"@context\":\"https:\\\/\\\/schema.org\",\"@graph\":[{\"@type\":\"Article\",\"@id\":\"https:\\\/\\\/www.copealcoy.es\\\/es\\\/ultramediterrania-un-autentico-reto-que-vertebra-nuestras-comarcas\\\/#article\",\"isPartOf\":{\"@id\":\"https:\\\/\\\/www.copealcoy.es\\\/es\\\/ultramediterrania-un-autentico-reto-que-vertebra-nuestras-comarcas\\\/\"},\"author\":{\"name\":\"Cope Alcoy\",\"@id\":\"https:\\\/\\\/www.copealcoy.es\\\/es\\\/#\\\/schema\\\/person\\\/e777c87fa024e57d40170af9df39882c\"},\"headline\":\"Ultramediterr\u00e0nia, un aut\u00e9ntico reto que vertebra nuestras comarcas\",\"datePublished\":\"2025-01-24T09:20:14+00:00\",\"dateModified\":\"2025-01-24T10:07:01+00:00\",\"mainEntityOfPage\":{\"@id\":\"https:\\\/\\\/www.copealcoy.es\\\/es\\\/ultramediterrania-un-autentico-reto-que-vertebra-nuestras-comarcas\\\/\"},\"wordCount\":547,\"commentCount\":0,\"image\":{\"@id\":\"https:\\\/\\\/www.copealcoy.es\\\/es\\\/ultramediterrania-un-autentico-reto-que-vertebra-nuestras-comarcas\\\/#primaryimage\"},\"thumbnailUrl\":\"https:\\\/\\\/www.copealcoy.es\\\/wp-content\\\/uploads\\\/2025\\\/01\\\/012025-R.P.-ultra-mediterranea-1536x1024-1.jpg\",\"keywords\":[\"Alcoi\u00e0\",\"Alcoy\",\"Competici\u00f3n\",\"Comtat\",\"Ultramediterr\u00e0nia\"],\"articleSection\":[\"Actualidad\",\"Alcoy\",\"Deportes\",\"Noticias\"],\"inLanguage\":\"es\"},{\"@type\":\"WebPage\",\"@id\":\"https:\\\/\\\/www.copealcoy.es\\\/es\\\/ultramediterrania-un-autentico-reto-que-vertebra-nuestras-comarcas\\\/\",\"url\":\"https:\\\/\\\/www.copealcoy.es\\\/es\\\/ultramediterrania-un-autentico-reto-que-vertebra-nuestras-comarcas\\\/\",\"name\":\"Ultramediterr\u00e0nia, un aut\u00e9ntico reto que vertebra nuestras comarcas - COPE Alcoy\",\"isPartOf\":{\"@id\":\"https:\\\/\\\/www.copealcoy.es\\\/es\\\/#website\"},\"primaryImageOfPage\":{\"@id\":\"https:\\\/\\\/www.copealcoy.es\\\/es\\\/ultramediterrania-un-autentico-reto-que-vertebra-nuestras-comarcas\\\/#primaryimage\"},\"image\":{\"@id\":\"https:\\\/\\\/www.copealcoy.es\\\/es\\\/ultramediterrania-un-autentico-reto-que-vertebra-nuestras-comarcas\\\/#primaryimage\"},\"thumbnailUrl\":\"https:\\\/\\\/www.copealcoy.es\\\/wp-content\\\/uploads\\\/2025\\\/01\\\/012025-R.P.-ultra-mediterranea-1536x1024-1.jpg\",\"datePublished\":\"2025-01-24T09:20:14+00:00\",\"dateModified\":\"2025-01-24T10:07:01+00:00\",\"author\":{\"@id\":\"https:\\\/\\\/www.copealcoy.es\\\/es\\\/#\\\/schema\\\/person\\\/e777c87fa024e57d40170af9df39882c\"},\"description\":\"Este fin de semana, del 24 al 26 de enero, m\u00e1s de 1.500 participantes de todo el mundo se dar\u00e1n cita en Alcoy para la tercera edici\u00f3n de la Ultramediterr\u00e0nia 2025, una carrera de resistencia que promete ser un desaf\u00edo tanto f\u00edsico como mental\",\"breadcrumb\":{\"@id\":\"https:\\\/\\\/www.copealcoy.es\\\/es\\\/ultramediterrania-un-autentico-reto-que-vertebra-nuestras-comarcas\\\/#breadcrumb\"},\"inLanguage\":\"es\",\"potentialAction\":[{\"@type\":\"ReadAction\",\"target\":[\"https:\\\/\\\/www.copealcoy.es\\\/es\\\/ultramediterrania-un-autentico-reto-que-vertebra-nuestras-comarcas\\\/\"]}]},{\"@type\":\"ImageObject\",\"inLanguage\":\"es\",\"@id\":\"https:\\\/\\\/www.copealcoy.es\\\/es\\\/ultramediterrania-un-autentico-reto-que-vertebra-nuestras-comarcas\\\/#primaryimage\",\"url\":\"https:\\\/\\\/www.copealcoy.es\\\/wp-content\\\/uploads\\\/2025\\\/01\\\/012025-R.P.-ultra-mediterranea-1536x1024-1.jpg\",\"contentUrl\":\"https:\\\/\\\/www.copealcoy.es\\\/wp-content\\\/uploads\\\/2025\\\/01\\\/012025-R.P.-ultra-mediterranea-1536x1024-1.jpg\",\"width\":1536,\"height\":1024},{\"@type\":\"BreadcrumbList\",\"@id\":\"https:\\\/\\\/www.copealcoy.es\\\/es\\\/ultramediterrania-un-autentico-reto-que-vertebra-nuestras-comarcas\\\/#breadcrumb\",\"itemListElement\":[{\"@type\":\"ListItem\",\"position\":1,\"name\":\"Portada\",\"item\":\"https:\\\/\\\/www.copealcoy.es\\\/es\\\/\"},{\"@type\":\"ListItem\",\"position\":2,\"name\":\"Ultramediterr\u00e0nia, un aut\u00e9ntico reto que vertebra nuestras comarcas\"}]},{\"@type\":\"WebSite\",\"@id\":\"https:\\\/\\\/www.copealcoy.es\\\/es\\\/#website\",\"url\":\"https:\\\/\\\/www.copealcoy.es\\\/es\\\/\",\"name\":\"COPE Alcoy\",\"description\":\"Emisora COPE de radio local con emisi\u00f3n online. Pont de Sant Jordi 8-10 03803 Alcoy\",\"potentialAction\":[{\"@type\":\"SearchAction\",\"target\":{\"@type\":\"EntryPoint\",\"urlTemplate\":\"https:\\\/\\\/www.copealcoy.es\\\/es\\\/?s={search_term_string}\"},\"query-input\":{\"@type\":\"PropertyValueSpecification\",\"valueRequired\":true,\"valueName\":\"search_term_string\"}}],\"inLanguage\":\"es\"},{\"@type\":\"Person\",\"@id\":\"https:\\\/\\\/www.copealcoy.es\\\/es\\\/#\\\/schema\\\/person\\\/e777c87fa024e57d40170af9df39882c\",\"name\":\"Cope Alcoy\",\"image\":{\"@type\":\"ImageObject\",\"inLanguage\":\"es\",\"@id\":\"https:\\\/\\\/secure.gravatar.com\\\/avatar\\\/bb65d0283347e303893ba14f0692005417c1e0e690a325a4c5d8bb2b3943ee14?s=96&d=mm&r=g\",\"url\":\"https:\\\/\\\/secure.gravatar.com\\\/avatar\\\/bb65d0283347e303893ba14f0692005417c1e0e690a325a4c5d8bb2b3943ee14?s=96&d=mm&r=g\",\"contentUrl\":\"https:\\\/\\\/secure.gravatar.com\\\/avatar\\\/bb65d0283347e303893ba14f0692005417c1e0e690a325a4c5d8bb2b3943ee14?s=96&d=mm&r=g\",\"caption\":\"Cope Alcoy\"}}]}<\/script>\n<!-- \/ Yoast SEO plugin. -->","yoast_head_json":{"title":"Ultramediterr\u00e0nia, un aut\u00e9ntico reto que vertebra nuestras comarcas - COPE Alcoy","description":"Este fin de semana, del 24 al 26 de enero, m\u00e1s de 1.500 participantes de todo el mundo se dar\u00e1n cita en Alcoy para la tercera edici\u00f3n de la Ultramediterr\u00e0nia 2025, una carrera de resistencia que promete ser un desaf\u00edo tanto f\u00edsico como mental","robots":{"index":"index","follow":"follow","max-snippet":"max-snippet:-1","max-image-preview":"max-image-preview:large","max-video-preview":"max-video-preview:-1"},"canonical":"https:\/\/www.copealcoy.es\/es\/ultramediterrania-un-autentico-reto-que-vertebra-nuestras-comarcas\/","og_locale":"es_ES","og_type":"article","og_title":"Ultramediterr\u00e0nia, un aut\u00e9ntico reto que vertebra nuestras comarcas - COPE Alcoy","og_description":"Este fin de semana, del 24 al 26 de enero, m\u00e1s de 1.500 participantes de todo el mundo se dar\u00e1n cita en Alcoy para la tercera edici\u00f3n de la Ultramediterr\u00e0nia 2025, una carrera de resistencia que promete ser un desaf\u00edo tanto f\u00edsico como mental","og_url":"https:\/\/www.copealcoy.es\/es\/ultramediterrania-un-autentico-reto-que-vertebra-nuestras-comarcas\/","og_site_name":"COPE Alcoy","article_published_time":"2025-01-24T09:20:14+00:00","article_modified_time":"2025-01-24T10:07:01+00:00","og_image":[{"width":1536,"height":1024,"url":"https:\/\/www.copealcoy.es\/wp-content\/uploads\/2025\/01\/012025-R.P.-ultra-mediterranea-1536x1024-1.jpg","type":"image\/jpeg"}],"author":"Cope Alcoy","twitter_misc":{"Escrito por":"Cope Alcoy","Tiempo de lectura":"3 minutos"},"schema":{"@context":"https:\/\/schema.org","@graph":[{"@type":"Article","@id":"https:\/\/www.copealcoy.es\/es\/ultramediterrania-un-autentico-reto-que-vertebra-nuestras-comarcas\/#article","isPartOf":{"@id":"https:\/\/www.copealcoy.es\/es\/ultramediterrania-un-autentico-reto-que-vertebra-nuestras-comarcas\/"},"author":{"name":"Cope Alcoy","@id":"https:\/\/www.copealcoy.es\/es\/#\/schema\/person\/e777c87fa024e57d40170af9df39882c"},"headline":"Ultramediterr\u00e0nia, un aut\u00e9ntico reto que vertebra nuestras comarcas","datePublished":"2025-01-24T09:20:14+00:00","dateModified":"2025-01-24T10:07:01+00:00","mainEntityOfPage":{"@id":"https:\/\/www.copealcoy.es\/es\/ultramediterrania-un-autentico-reto-que-vertebra-nuestras-comarcas\/"},"wordCount":547,"commentCount":0,"image":{"@id":"https:\/\/www.copealcoy.es\/es\/ultramediterrania-un-autentico-reto-que-vertebra-nuestras-comarcas\/#primaryimage"},"thumbnailUrl":"https:\/\/www.copealcoy.es\/wp-content\/uploads\/2025\/01\/012025-R.P.-ultra-mediterranea-1536x1024-1.jpg","keywords":["Alcoi\u00e0","Alcoy","Competici\u00f3n","Comtat","Ultramediterr\u00e0nia"],"articleSection":["Actualidad","Alcoy","Deportes","Noticias"],"inLanguage":"es"},{"@type":"WebPage","@id":"https:\/\/www.copealcoy.es\/es\/ultramediterrania-un-autentico-reto-que-vertebra-nuestras-comarcas\/","url":"https:\/\/www.copealcoy.es\/es\/ultramediterrania-un-autentico-reto-que-vertebra-nuestras-comarcas\/","name":"Ultramediterr\u00e0nia, un aut\u00e9ntico reto que vertebra nuestras comarcas - COPE Alcoy","isPartOf":{"@id":"https:\/\/www.copealcoy.es\/es\/#website"},"primaryImageOfPage":{"@id":"https:\/\/www.copealcoy.es\/es\/ultramediterrania-un-autentico-reto-que-vertebra-nuestras-comarcas\/#primaryimage"},"image":{"@id":"https:\/\/www.copealcoy.es\/es\/ultramediterrania-un-autentico-reto-que-vertebra-nuestras-comarcas\/#primaryimage"},"thumbnailUrl":"https:\/\/www.copealcoy.es\/wp-content\/uploads\/2025\/01\/012025-R.P.-ultra-mediterranea-1536x1024-1.jpg","datePublished":"2025-01-24T09:20:14+00:00","dateModified":"2025-01-24T10:07:01+00:00","author":{"@id":"https:\/\/www.copealcoy.es\/es\/#\/schema\/person\/e777c87fa024e57d40170af9df39882c"},"description":"Este fin de semana, del 24 al 26 de enero, m\u00e1s de 1.500 participantes de todo el mundo se dar\u00e1n cita en Alcoy para la tercera edici\u00f3n de la Ultramediterr\u00e0nia 2025, una carrera de resistencia que promete ser un desaf\u00edo tanto f\u00edsico como mental","breadcrumb":{"@id":"https:\/\/www.copealcoy.es\/es\/ultramediterrania-un-autentico-reto-que-vertebra-nuestras-comarcas\/#breadcrumb"},"inLanguage":"es","potentialAction":[{"@type":"ReadAction","target":["https:\/\/www.copealcoy.es\/es\/ultramediterrania-un-autentico-reto-que-vertebra-nuestras-comarcas\/"]}]},{"@type":"ImageObject","inLanguage":"es","@id":"https:\/\/www.copealcoy.es\/es\/ultramediterrania-un-autentico-reto-que-vertebra-nuestras-comarcas\/#primaryimage","url":"https:\/\/www.copealcoy.es\/wp-content\/uploads\/2025\/01\/012025-R.P.-ultra-mediterranea-1536x1024-1.jpg","contentUrl":"https:\/\/www.copealcoy.es\/wp-content\/uploads\/2025\/01\/012025-R.P.-ultra-mediterranea-1536x1024-1.jpg","width":1536,"height":1024},{"@type":"BreadcrumbList","@id":"https:\/\/www.copealcoy.es\/es\/ultramediterrania-un-autentico-reto-que-vertebra-nuestras-comarcas\/#breadcrumb","itemListElement":[{"@type":"ListItem","position":1,"name":"Portada","item":"https:\/\/www.copealcoy.es\/es\/"},{"@type":"ListItem","position":2,"name":"Ultramediterr\u00e0nia, un aut\u00e9ntico reto que vertebra nuestras comarcas"}]},{"@type":"WebSite","@id":"https:\/\/www.copealcoy.es\/es\/#website","url":"https:\/\/www.copealcoy.es\/es\/","name":"COPE Alcoy","description":"Emisora COPE de radio local con emisi\u00f3n online. Pont de Sant Jordi 8-10 03803 Alcoy","potentialAction":[{"@type":"SearchAction","target":{"@type":"EntryPoint","urlTemplate":"https:\/\/www.copealcoy.es\/es\/?s={search_term_string}"},"query-input":{"@type":"PropertyValueSpecification","valueRequired":true,"valueName":"search_term_string"}}],"inLanguage":"es"},{"@type":"Person","@id":"https:\/\/www.copealcoy.es\/es\/#\/schema\/person\/e777c87fa024e57d40170af9df39882c","name":"Cope Alcoy","image":{"@type":"ImageObject","inLanguage":"es","@id":"https:\/\/secure.gravatar.com\/avatar\/bb65d0283347e303893ba14f0692005417c1e0e690a325a4c5d8bb2b3943ee14?s=96&d=mm&r=g","url":"https:\/\/secure.gravatar.com\/avatar\/bb65d0283347e303893ba14f0692005417c1e0e690a325a4c5d8bb2b3943ee14?s=96&d=mm&r=g","contentUrl":"https:\/\/secure.gravatar.com\/avatar\/bb65d0283347e303893ba14f0692005417c1e0e690a325a4c5d8bb2b3943ee14?s=96&d=mm&r=g","caption":"Cope Alcoy"}}]}},"_links":{"self":[{"href":"https:\/\/www.copealcoy.es\/es\/wp-json\/wp\/v2\/posts\/146547","targetHints":{"allow":["GET"]}}],"collection":[{"href":"https:\/\/www.copealcoy.es\/es\/wp-json\/wp\/v2\/posts"}],"about":[{"href":"https:\/\/www.copealcoy.es\/es\/wp-json\/wp\/v2\/types\/post"}],"author":[{"embeddable":true,"href":"https:\/\/www.copealcoy.es\/es\/wp-json\/wp\/v2\/users\/1"}],"replies":[{"embeddable":true,"href":"https:\/\/www.copealcoy.es\/es\/wp-json\/wp\/v2\/comments?post=146547"}],"version-history":[{"count":0,"href":"https:\/\/www.copealcoy.es\/es\/wp-json\/wp\/v2\/posts\/146547\/revisions"}],"wp:featuredmedia":[{"embeddable":true,"href":"https:\/\/www.copealcoy.es\/es\/wp-json\/wp\/v2\/media\/146548"}],"wp:attachment":[{"href":"https:\/\/www.copealcoy.es\/es\/wp-json\/wp\/v2\/media?parent=146547"}],"wp:term":[{"taxonomy":"category","embeddable":true,"href":"https:\/\/www.copealcoy.es\/es\/wp-json\/wp\/v2\/categories?post=146547"},{"taxonomy":"post_tag","embeddable":true,"href":"https:\/\/www.copealcoy.es\/es\/wp-json\/wp\/v2\/tags?post=146547"}],"curies":[{"name":"wp","href":"https:\/\/api.w.org\/{rel}","templated":true}]}}