{"id":146519,"date":"2025-01-23T12:42:50","date_gmt":"2025-01-23T11:42:50","guid":{"rendered":"https:\/\/www.copealcoy.es\/?p=146519"},"modified":"2025-02-20T13:25:35","modified_gmt":"2025-02-20T12:25:35","slug":"el-juzgado-desestima-la-demanda-por-las-muertes-en-domusvi-alcoy","status":"publish","type":"post","link":"https:\/\/www.copealcoy.es\/es\/el-juzgado-desestima-la-demanda-por-las-muertes-en-domusvi-alcoy\/","title":{"rendered":"El juzgado desestima la demanda por las muertes en DomusVi Alcoy"},"content":{"rendered":"<p style=\"text-align: justify;\">El <span style=\"color: #333333;\"><strong>Juzgado de Primera Instancia e Instrucci\u00f3n 3 de Alcoy<\/strong><\/span> ha desestimado <strong><a href=\"https:\/\/www.copealcoy.es\/es\/visto-para-sentencia-el-juicio-por-las-muertes-de-domusvi-alcoy\/\" target=\"_blank\" rel=\"noopener\"><span style=\"color: #0000ff;\">la demanda<\/span><\/a> presentada por los familiares de 15 personas fallecidas y tres que sufrieron lesiones<\/strong> en la residencia de ancianos DomusVi durante la pandemia de Covid-19. Los demandantes reclamaban <strong>m\u00e1s de 2,2 millones de euros<\/strong> en indemnizaciones, pero el tribunal ha concluido que no hubo actuaci\u00f3n negligente por parte de Quavitae Servicios Asistenciales SAU, la empresa que gestiona el centro.<\/p>\n<p style=\"text-align: justify;\">En una sentencia de <strong>257 folios<\/strong>, notificada este jueves, el juez <strong>analiza exhaustivamente las pruebas documentales y las declaraciones de testigos y peritos<\/strong> que intervinieron en el juicio celebrado entre el 30 de septiembre y el 10 de octubre del a\u00f1o pasado. La resoluci\u00f3n se\u00f1ala que <strong>no se ha demostrado que la empresa incurriera en negligencia<\/strong> respecto a la entrada y propagaci\u00f3n del virus ni en la atenci\u00f3n a los residentes.<\/p>\n<p style=\"text-align: justify;\">El juez argumenta que una residencia no es un hospital y que <strong>las condiciones excepcionales provocadas por la pandemia<\/strong> superaron cualquier margen de normalidad. Destaca que tanto el sistema sanitario como el sociosanitario enfrentaron un &#8220;<em>desabastecimiento total<\/em>&#8221; de recursos, lo cual afect\u00f3 a nivel internacional y no puede ser imputado a la empresa demandada. Adem\u00e1s, subraya que las decisiones deben evaluarse con base en lo que se conoc\u00eda sobre el virus en marzo de 2020, cuando a\u00fan hab\u00eda incertidumbre sobre su transmisi\u00f3n.<\/p>\n<p style=\"text-align: justify;\">La sentencia tambi\u00e9n aclara que <strong>DomusVi cumpl\u00eda con las ratios de personal requeridas y tom\u00f3 medidas para restringir visitas y sectorizar a los residentes desde los primeros d\u00edas del brote<\/strong>. El juez descarta cualquier desatenci\u00f3n hacia los residentes o incumplimiento de protocolos vigentes, se\u00f1alando que las recomendaciones sanitarias permit\u00edan aislar solo a aquellos con s\u00edntomas.<\/p>\n<p style=\"text-align: justify;\">Asimismo, <strong>se absuelve a Mapfre<\/strong>, la aseguradora del centro, debido a una cl\u00e1usula en su p\u00f3liza que limitaba su cobertura hasta diciembre de 2020. Aunque el juez no impuso costas procesales a los demandantes principales por sus dudas al presentar la demanda, <strong>dej\u00f3 abierta la posibilidad de apelaci\u00f3n<\/strong> ante la Audiencia Provincial de Alicante dentro del plazo establecido.<\/p>\n<p style=\"text-align: justify;\">La sentencia no es firme y <strong>puede ser recurrida<\/strong> en apelaci\u00f3n ante la Audiencia Provincial de Alicante en el plazo de 20 d\u00edas.<\/p>\n","protected":false},"excerpt":{"rendered":"<p>El Juzgado de Primera Instancia e Instrucci\u00f3n 3 de Alcoy ha desestimado la demanda presentada por los familiares de 15&#8230;<\/p>\n","protected":false},"author":1,"featured_media":140914,"comment_status":"open","ping_status":"open","sticky":false,"template":"","format":"standard","meta":{"footnotes":""},"categories":[6909,97,75,125],"tags":[1494,1715,19122,13731],"class_list":["post-146519","post","type-post","status-publish","format-standard","has-post-thumbnail","hentry","category-actualidad","category-alcoy","category-noticias","category-portada","tag-alcoy","tag-demanda","tag-desestimacion","tag-domusvi"],"yoast_head":"<!-- This site is optimized with the Yoast SEO plugin v27.3 - https:\/\/yoast.com\/product\/yoast-seo-wordpress\/ -->\n<title>El juzgado desestima la demanda por las muertes en DomusVi Alcoy - COPE Alcoy<\/title>\n<meta name=\"description\" content=\"El Juzgado de Primera Instancia e Instrucci\u00f3n 3 de Alcoy ha desestimado la demanda presentada por los familiares de 15 personas fallecidas y tres lesionadas en la residencia de ancianos DomusVi durante la pandemia de Covid-19.\" \/>\n<meta name=\"robots\" content=\"index, follow, max-snippet:-1, max-image-preview:large, max-video-preview:-1\" \/>\n<link rel=\"canonical\" href=\"https:\/\/www.copealcoy.es\/es\/el-juzgado-desestima-la-demanda-por-las-muertes-en-domusvi-alcoy\/\" \/>\n<meta property=\"og:locale\" content=\"es_ES\" \/>\n<meta property=\"og:type\" content=\"article\" \/>\n<meta property=\"og:title\" content=\"El juzgado desestima la demanda por las muertes en DomusVi Alcoy - COPE Alcoy\" \/>\n<meta property=\"og:description\" content=\"El Juzgado de Primera Instancia e Instrucci\u00f3n 3 de Alcoy ha desestimado la demanda presentada por los familiares de 15 personas fallecidas y tres lesionadas en la residencia de ancianos DomusVi durante la pandemia de Covid-19.\" \/>\n<meta property=\"og:url\" content=\"https:\/\/www.copealcoy.es\/es\/el-juzgado-desestima-la-demanda-por-las-muertes-en-domusvi-alcoy\/\" \/>\n<meta property=\"og:site_name\" content=\"COPE Alcoy\" \/>\n<meta property=\"article:published_time\" content=\"2025-01-23T11:42:50+00:00\" \/>\n<meta property=\"article:modified_time\" content=\"2025-02-20T12:25:35+00:00\" \/>\n<meta property=\"og:image\" content=\"https:\/\/www.copealcoy.es\/wp-content\/uploads\/2024\/09\/Los-familiares-a-las-puertas-del-juzgado-Foto-Gabriel-Pascual-scaled.jpg\" \/>\n\t<meta property=\"og:image:width\" content=\"1440\" \/>\n\t<meta property=\"og:image:height\" content=\"1080\" \/>\n\t<meta property=\"og:image:type\" content=\"image\/jpeg\" \/>\n<meta name=\"author\" content=\"Cope Alcoy\" \/>\n<meta name=\"twitter:label1\" content=\"Escrito por\" \/>\n\t<meta name=\"twitter:data1\" content=\"Cope Alcoy\" \/>\n\t<meta name=\"twitter:label2\" content=\"Tiempo de lectura\" \/>\n\t<meta name=\"twitter:data2\" content=\"3 minutos\" \/>\n<script type=\"application\/ld+json\" class=\"yoast-schema-graph\">{\"@context\":\"https:\\\/\\\/schema.org\",\"@graph\":[{\"@type\":\"Article\",\"@id\":\"https:\\\/\\\/www.copealcoy.es\\\/es\\\/el-juzgado-desestima-la-demanda-por-las-muertes-en-domusvi-alcoy\\\/#article\",\"isPartOf\":{\"@id\":\"https:\\\/\\\/www.copealcoy.es\\\/es\\\/el-juzgado-desestima-la-demanda-por-las-muertes-en-domusvi-alcoy\\\/\"},\"author\":{\"name\":\"Cope Alcoy\",\"@id\":\"https:\\\/\\\/www.copealcoy.es\\\/es\\\/#\\\/schema\\\/person\\\/e777c87fa024e57d40170af9df39882c\"},\"headline\":\"El juzgado desestima la demanda por las muertes en DomusVi Alcoy\",\"datePublished\":\"2025-01-23T11:42:50+00:00\",\"dateModified\":\"2025-02-20T12:25:35+00:00\",\"mainEntityOfPage\":{\"@id\":\"https:\\\/\\\/www.copealcoy.es\\\/es\\\/el-juzgado-desestima-la-demanda-por-las-muertes-en-domusvi-alcoy\\\/\"},\"wordCount\":388,\"commentCount\":0,\"image\":{\"@id\":\"https:\\\/\\\/www.copealcoy.es\\\/es\\\/el-juzgado-desestima-la-demanda-por-las-muertes-en-domusvi-alcoy\\\/#primaryimage\"},\"thumbnailUrl\":\"https:\\\/\\\/www.copealcoy.es\\\/wp-content\\\/uploads\\\/2024\\\/09\\\/Los-familiares-a-las-puertas-del-juzgado-Foto-Gabriel-Pascual-scaled.jpg\",\"keywords\":[\"Alcoy\",\"Demanda\",\"desestimaci\u00f3n\",\"DomusVi\"],\"articleSection\":[\"Actualidad\",\"Alcoy\",\"Noticias\",\"Portada\"],\"inLanguage\":\"es\"},{\"@type\":\"WebPage\",\"@id\":\"https:\\\/\\\/www.copealcoy.es\\\/es\\\/el-juzgado-desestima-la-demanda-por-las-muertes-en-domusvi-alcoy\\\/\",\"url\":\"https:\\\/\\\/www.copealcoy.es\\\/es\\\/el-juzgado-desestima-la-demanda-por-las-muertes-en-domusvi-alcoy\\\/\",\"name\":\"El juzgado desestima la demanda por las muertes en DomusVi Alcoy - COPE Alcoy\",\"isPartOf\":{\"@id\":\"https:\\\/\\\/www.copealcoy.es\\\/es\\\/#website\"},\"primaryImageOfPage\":{\"@id\":\"https:\\\/\\\/www.copealcoy.es\\\/es\\\/el-juzgado-desestima-la-demanda-por-las-muertes-en-domusvi-alcoy\\\/#primaryimage\"},\"image\":{\"@id\":\"https:\\\/\\\/www.copealcoy.es\\\/es\\\/el-juzgado-desestima-la-demanda-por-las-muertes-en-domusvi-alcoy\\\/#primaryimage\"},\"thumbnailUrl\":\"https:\\\/\\\/www.copealcoy.es\\\/wp-content\\\/uploads\\\/2024\\\/09\\\/Los-familiares-a-las-puertas-del-juzgado-Foto-Gabriel-Pascual-scaled.jpg\",\"datePublished\":\"2025-01-23T11:42:50+00:00\",\"dateModified\":\"2025-02-20T12:25:35+00:00\",\"author\":{\"@id\":\"https:\\\/\\\/www.copealcoy.es\\\/es\\\/#\\\/schema\\\/person\\\/e777c87fa024e57d40170af9df39882c\"},\"description\":\"El Juzgado de Primera Instancia e Instrucci\u00f3n 3 de Alcoy ha desestimado la demanda presentada por los familiares de 15 personas fallecidas y tres lesionadas en la residencia de ancianos DomusVi durante la pandemia de Covid-19.\",\"breadcrumb\":{\"@id\":\"https:\\\/\\\/www.copealcoy.es\\\/es\\\/el-juzgado-desestima-la-demanda-por-las-muertes-en-domusvi-alcoy\\\/#breadcrumb\"},\"inLanguage\":\"es\",\"potentialAction\":[{\"@type\":\"ReadAction\",\"target\":[\"https:\\\/\\\/www.copealcoy.es\\\/es\\\/el-juzgado-desestima-la-demanda-por-las-muertes-en-domusvi-alcoy\\\/\"]}]},{\"@type\":\"ImageObject\",\"inLanguage\":\"es\",\"@id\":\"https:\\\/\\\/www.copealcoy.es\\\/es\\\/el-juzgado-desestima-la-demanda-por-las-muertes-en-domusvi-alcoy\\\/#primaryimage\",\"url\":\"https:\\\/\\\/www.copealcoy.es\\\/wp-content\\\/uploads\\\/2024\\\/09\\\/Los-familiares-a-las-puertas-del-juzgado-Foto-Gabriel-Pascual-scaled.jpg\",\"contentUrl\":\"https:\\\/\\\/www.copealcoy.es\\\/wp-content\\\/uploads\\\/2024\\\/09\\\/Los-familiares-a-las-puertas-del-juzgado-Foto-Gabriel-Pascual-scaled.jpg\",\"width\":1440,\"height\":1080},{\"@type\":\"BreadcrumbList\",\"@id\":\"https:\\\/\\\/www.copealcoy.es\\\/es\\\/el-juzgado-desestima-la-demanda-por-las-muertes-en-domusvi-alcoy\\\/#breadcrumb\",\"itemListElement\":[{\"@type\":\"ListItem\",\"position\":1,\"name\":\"Portada\",\"item\":\"https:\\\/\\\/www.copealcoy.es\\\/es\\\/\"},{\"@type\":\"ListItem\",\"position\":2,\"name\":\"El juzgado desestima la demanda por las muertes en DomusVi Alcoy\"}]},{\"@type\":\"WebSite\",\"@id\":\"https:\\\/\\\/www.copealcoy.es\\\/es\\\/#website\",\"url\":\"https:\\\/\\\/www.copealcoy.es\\\/es\\\/\",\"name\":\"COPE Alcoy\",\"description\":\"Emisora COPE de radio local con emisi\u00f3n online. Pont de Sant Jordi 8-10 03803 Alcoy\",\"potentialAction\":[{\"@type\":\"SearchAction\",\"target\":{\"@type\":\"EntryPoint\",\"urlTemplate\":\"https:\\\/\\\/www.copealcoy.es\\\/es\\\/?s={search_term_string}\"},\"query-input\":{\"@type\":\"PropertyValueSpecification\",\"valueRequired\":true,\"valueName\":\"search_term_string\"}}],\"inLanguage\":\"es\"},{\"@type\":\"Person\",\"@id\":\"https:\\\/\\\/www.copealcoy.es\\\/es\\\/#\\\/schema\\\/person\\\/e777c87fa024e57d40170af9df39882c\",\"name\":\"Cope Alcoy\",\"image\":{\"@type\":\"ImageObject\",\"inLanguage\":\"es\",\"@id\":\"https:\\\/\\\/secure.gravatar.com\\\/avatar\\\/bb65d0283347e303893ba14f0692005417c1e0e690a325a4c5d8bb2b3943ee14?s=96&d=mm&r=g\",\"url\":\"https:\\\/\\\/secure.gravatar.com\\\/avatar\\\/bb65d0283347e303893ba14f0692005417c1e0e690a325a4c5d8bb2b3943ee14?s=96&d=mm&r=g\",\"contentUrl\":\"https:\\\/\\\/secure.gravatar.com\\\/avatar\\\/bb65d0283347e303893ba14f0692005417c1e0e690a325a4c5d8bb2b3943ee14?s=96&d=mm&r=g\",\"caption\":\"Cope Alcoy\"}}]}<\/script>\n<!-- \/ Yoast SEO plugin. -->","yoast_head_json":{"title":"El juzgado desestima la demanda por las muertes en DomusVi Alcoy - COPE Alcoy","description":"El Juzgado de Primera Instancia e Instrucci\u00f3n 3 de Alcoy ha desestimado la demanda presentada por los familiares de 15 personas fallecidas y tres lesionadas en la residencia de ancianos DomusVi durante la pandemia de Covid-19.","robots":{"index":"index","follow":"follow","max-snippet":"max-snippet:-1","max-image-preview":"max-image-preview:large","max-video-preview":"max-video-preview:-1"},"canonical":"https:\/\/www.copealcoy.es\/es\/el-juzgado-desestima-la-demanda-por-las-muertes-en-domusvi-alcoy\/","og_locale":"es_ES","og_type":"article","og_title":"El juzgado desestima la demanda por las muertes en DomusVi Alcoy - COPE Alcoy","og_description":"El Juzgado de Primera Instancia e Instrucci\u00f3n 3 de Alcoy ha desestimado la demanda presentada por los familiares de 15 personas fallecidas y tres lesionadas en la residencia de ancianos DomusVi durante la pandemia de Covid-19.","og_url":"https:\/\/www.copealcoy.es\/es\/el-juzgado-desestima-la-demanda-por-las-muertes-en-domusvi-alcoy\/","og_site_name":"COPE Alcoy","article_published_time":"2025-01-23T11:42:50+00:00","article_modified_time":"2025-02-20T12:25:35+00:00","og_image":[{"width":1440,"height":1080,"url":"https:\/\/www.copealcoy.es\/wp-content\/uploads\/2024\/09\/Los-familiares-a-las-puertas-del-juzgado-Foto-Gabriel-Pascual-scaled.jpg","type":"image\/jpeg"}],"author":"Cope Alcoy","twitter_misc":{"Escrito por":"Cope Alcoy","Tiempo de lectura":"3 minutos"},"schema":{"@context":"https:\/\/schema.org","@graph":[{"@type":"Article","@id":"https:\/\/www.copealcoy.es\/es\/el-juzgado-desestima-la-demanda-por-las-muertes-en-domusvi-alcoy\/#article","isPartOf":{"@id":"https:\/\/www.copealcoy.es\/es\/el-juzgado-desestima-la-demanda-por-las-muertes-en-domusvi-alcoy\/"},"author":{"name":"Cope Alcoy","@id":"https:\/\/www.copealcoy.es\/es\/#\/schema\/person\/e777c87fa024e57d40170af9df39882c"},"headline":"El juzgado desestima la demanda por las muertes en DomusVi Alcoy","datePublished":"2025-01-23T11:42:50+00:00","dateModified":"2025-02-20T12:25:35+00:00","mainEntityOfPage":{"@id":"https:\/\/www.copealcoy.es\/es\/el-juzgado-desestima-la-demanda-por-las-muertes-en-domusvi-alcoy\/"},"wordCount":388,"commentCount":0,"image":{"@id":"https:\/\/www.copealcoy.es\/es\/el-juzgado-desestima-la-demanda-por-las-muertes-en-domusvi-alcoy\/#primaryimage"},"thumbnailUrl":"https:\/\/www.copealcoy.es\/wp-content\/uploads\/2024\/09\/Los-familiares-a-las-puertas-del-juzgado-Foto-Gabriel-Pascual-scaled.jpg","keywords":["Alcoy","Demanda","desestimaci\u00f3n","DomusVi"],"articleSection":["Actualidad","Alcoy","Noticias","Portada"],"inLanguage":"es"},{"@type":"WebPage","@id":"https:\/\/www.copealcoy.es\/es\/el-juzgado-desestima-la-demanda-por-las-muertes-en-domusvi-alcoy\/","url":"https:\/\/www.copealcoy.es\/es\/el-juzgado-desestima-la-demanda-por-las-muertes-en-domusvi-alcoy\/","name":"El juzgado desestima la demanda por las muertes en DomusVi Alcoy - COPE Alcoy","isPartOf":{"@id":"https:\/\/www.copealcoy.es\/es\/#website"},"primaryImageOfPage":{"@id":"https:\/\/www.copealcoy.es\/es\/el-juzgado-desestima-la-demanda-por-las-muertes-en-domusvi-alcoy\/#primaryimage"},"image":{"@id":"https:\/\/www.copealcoy.es\/es\/el-juzgado-desestima-la-demanda-por-las-muertes-en-domusvi-alcoy\/#primaryimage"},"thumbnailUrl":"https:\/\/www.copealcoy.es\/wp-content\/uploads\/2024\/09\/Los-familiares-a-las-puertas-del-juzgado-Foto-Gabriel-Pascual-scaled.jpg","datePublished":"2025-01-23T11:42:50+00:00","dateModified":"2025-02-20T12:25:35+00:00","author":{"@id":"https:\/\/www.copealcoy.es\/es\/#\/schema\/person\/e777c87fa024e57d40170af9df39882c"},"description":"El Juzgado de Primera Instancia e Instrucci\u00f3n 3 de Alcoy ha desestimado la demanda presentada por los familiares de 15 personas fallecidas y tres lesionadas en la residencia de ancianos DomusVi durante la pandemia de Covid-19.","breadcrumb":{"@id":"https:\/\/www.copealcoy.es\/es\/el-juzgado-desestima-la-demanda-por-las-muertes-en-domusvi-alcoy\/#breadcrumb"},"inLanguage":"es","potentialAction":[{"@type":"ReadAction","target":["https:\/\/www.copealcoy.es\/es\/el-juzgado-desestima-la-demanda-por-las-muertes-en-domusvi-alcoy\/"]}]},{"@type":"ImageObject","inLanguage":"es","@id":"https:\/\/www.copealcoy.es\/es\/el-juzgado-desestima-la-demanda-por-las-muertes-en-domusvi-alcoy\/#primaryimage","url":"https:\/\/www.copealcoy.es\/wp-content\/uploads\/2024\/09\/Los-familiares-a-las-puertas-del-juzgado-Foto-Gabriel-Pascual-scaled.jpg","contentUrl":"https:\/\/www.copealcoy.es\/wp-content\/uploads\/2024\/09\/Los-familiares-a-las-puertas-del-juzgado-Foto-Gabriel-Pascual-scaled.jpg","width":1440,"height":1080},{"@type":"BreadcrumbList","@id":"https:\/\/www.copealcoy.es\/es\/el-juzgado-desestima-la-demanda-por-las-muertes-en-domusvi-alcoy\/#breadcrumb","itemListElement":[{"@type":"ListItem","position":1,"name":"Portada","item":"https:\/\/www.copealcoy.es\/es\/"},{"@type":"ListItem","position":2,"name":"El juzgado desestima la demanda por las muertes en DomusVi Alcoy"}]},{"@type":"WebSite","@id":"https:\/\/www.copealcoy.es\/es\/#website","url":"https:\/\/www.copealcoy.es\/es\/","name":"COPE Alcoy","description":"Emisora COPE de radio local con emisi\u00f3n online. Pont de Sant Jordi 8-10 03803 Alcoy","potentialAction":[{"@type":"SearchAction","target":{"@type":"EntryPoint","urlTemplate":"https:\/\/www.copealcoy.es\/es\/?s={search_term_string}"},"query-input":{"@type":"PropertyValueSpecification","valueRequired":true,"valueName":"search_term_string"}}],"inLanguage":"es"},{"@type":"Person","@id":"https:\/\/www.copealcoy.es\/es\/#\/schema\/person\/e777c87fa024e57d40170af9df39882c","name":"Cope Alcoy","image":{"@type":"ImageObject","inLanguage":"es","@id":"https:\/\/secure.gravatar.com\/avatar\/bb65d0283347e303893ba14f0692005417c1e0e690a325a4c5d8bb2b3943ee14?s=96&d=mm&r=g","url":"https:\/\/secure.gravatar.com\/avatar\/bb65d0283347e303893ba14f0692005417c1e0e690a325a4c5d8bb2b3943ee14?s=96&d=mm&r=g","contentUrl":"https:\/\/secure.gravatar.com\/avatar\/bb65d0283347e303893ba14f0692005417c1e0e690a325a4c5d8bb2b3943ee14?s=96&d=mm&r=g","caption":"Cope Alcoy"}}]}},"_links":{"self":[{"href":"https:\/\/www.copealcoy.es\/es\/wp-json\/wp\/v2\/posts\/146519","targetHints":{"allow":["GET"]}}],"collection":[{"href":"https:\/\/www.copealcoy.es\/es\/wp-json\/wp\/v2\/posts"}],"about":[{"href":"https:\/\/www.copealcoy.es\/es\/wp-json\/wp\/v2\/types\/post"}],"author":[{"embeddable":true,"href":"https:\/\/www.copealcoy.es\/es\/wp-json\/wp\/v2\/users\/1"}],"replies":[{"embeddable":true,"href":"https:\/\/www.copealcoy.es\/es\/wp-json\/wp\/v2\/comments?post=146519"}],"version-history":[{"count":0,"href":"https:\/\/www.copealcoy.es\/es\/wp-json\/wp\/v2\/posts\/146519\/revisions"}],"wp:featuredmedia":[{"embeddable":true,"href":"https:\/\/www.copealcoy.es\/es\/wp-json\/wp\/v2\/media\/140914"}],"wp:attachment":[{"href":"https:\/\/www.copealcoy.es\/es\/wp-json\/wp\/v2\/media?parent=146519"}],"wp:term":[{"taxonomy":"category","embeddable":true,"href":"https:\/\/www.copealcoy.es\/es\/wp-json\/wp\/v2\/categories?post=146519"},{"taxonomy":"post_tag","embeddable":true,"href":"https:\/\/www.copealcoy.es\/es\/wp-json\/wp\/v2\/tags?post=146519"}],"curies":[{"name":"wp","href":"https:\/\/api.w.org\/{rel}","templated":true}]}}