{"id":146506,"date":"2025-01-23T08:05:34","date_gmt":"2025-01-23T07:05:34","guid":{"rendered":"https:\/\/www.copealcoy.es\/?p=146506"},"modified":"2025-01-23T11:55:53","modified_gmt":"2025-01-23T10:55:53","slug":"los-municipios-de-la-comarca-presentan-sus-atractivos-en-fitur","status":"publish","type":"post","link":"https:\/\/www.copealcoy.es\/es\/los-municipios-de-la-comarca-presentan-sus-atractivos-en-fitur\/","title":{"rendered":"Los municipios de la comarca presentan sus atractivos en FITUR"},"content":{"rendered":"<p style=\"text-align: justify;\">La <a href=\"https:\/\/www.ifema.es\/fitur\/entradas?gclsrc=aw.ds&amp;&amp;utm_source=google&amp;gad_source=1&amp;utm_medium=cpc&amp;utm_campaign=fitur_ft25_es_es_fer_go_paid-search_x_per_con_b2b_x_x&amp;utm_id=21879304751&amp;gclid=Cj0KCQiA7se8BhCAARIsAKnF3ryCC7aOqXhj7FHb-3VbUVZ_KpXTAeb9mNoRp5kLi2fmqXOUfjvIDLoaAuYCEALw_wcB&amp;gclsrc=aw.ds\" target=\"_blank\" rel=\"noopener\"><span style=\"color: #0000ff;\"><strong>Feria Internacional del Turismo (FITUR)<\/strong><\/span><\/a> se ha consolidado tambi\u00e9n como un magn\u00edfico escaparate para que las localidades de las comarcas de l\u2019Alcoi\u00e0 y el Comtat muestren sus atractivos tur\u00edsticos y recursos. En el caso de <strong>Cocentaina<\/strong>, una delegaci\u00f3n ha viajado a Madrid para participar en el certamen, manteniendo diversas reuniones con instituciones destacadas, como el Consejo Insular de Mallorca y la Ag\u00e8ncia Valenciana de Turisme. El alcalde de Cocentaina, <strong>Jordi Pla<\/strong>, destaca la importancia de estos encuentros, se\u00f1alando que han sido &#8220;<em>muy productivos<\/em>&#8221; haciendo tambi\u00e9n referencia a la promoci\u00f3n de eventos como la Fira de Tots Sants.<\/p>\n<p style=\"text-align: justify;\"><strong>Muro<\/strong> tambi\u00e9n ha decidido este a\u00f1o participar en FITUR tras varios a\u00f1os de ausencia. Su alcalde, <strong>Vicent Molina<\/strong>, subraya que esta es una oportunidad \u00fanica para establecer nuevas sinergias y atraer inversores. &#8220;<em>Queremos dar a conocer nuestra tierra y conseguir una potente y ordenada atracci\u00f3n de turistas<\/em>&#8220;, afirm\u00f3 Molina, enfatizando la singularidad cultural y natural que caracteriza a su localidad. Ayer, adem\u00e1s, presentaron su nueva marca tur\u00edstica, la cual identificar\u00e1 a partir de ahora a este municipio del Comtat bajo el lema &#8216;<b>Muro Turisme, la Terra Culta&#8217;.<\/b><\/p>\n<p style=\"text-align: justify;\"><a href=\"https:\/\/www.copealcoy.es\/wp-content\/uploads\/2025\/01\/1-1.jpg\"><img loading=\"lazy\" decoding=\"async\" class=\"wp-image-146510 aligncenter\" src=\"https:\/\/www.copealcoy.es\/wp-content\/uploads\/2025\/01\/1-1.jpg\" alt=\"\" width=\"464\" height=\"384\" \/><\/a><\/p>\n<p style=\"text-align: justify;\">Otros municipios no se quedaron atr\u00e1s. <strong>Agres<\/strong> present\u00f3 un v\u00eddeo promocional centrado en la tradici\u00f3n de la Mare de D\u00e9u, mientras que Beniarr\u00e9s mostr\u00f3 los elementos tur\u00edsticos que ofrece. <strong>L\u2019Orxa<\/strong> repiti\u00f3 su experiencia en FITUR con dos propuestas concretas: la presentaci\u00f3n de su Centro de Turismo y la promoci\u00f3n del Orgullo Rural 2025, un evento \u00fanico en la provincia &#8220;<em>que cada vez est\u00e1 m\u00e1s consolidado<\/em>&#8220;, seg\u00fan explic\u00f3 su alcalde <strong>Pau Pinar<\/strong>.<\/p>\n<p style=\"text-align: justify;\"><strong>Almudaina<\/strong> tambi\u00e9n aprovech\u00f3 la feria para mostrar un v\u00eddeo dedicado a su emblem\u00e1tica torre almohade. Adem\u00e1s, <strong>la Mancomunitat del Xarpolar<\/strong> lanz\u00f3 su nuevo portal tur\u00edstico visitxarpolar.es, buscando facilitar el acceso a informaci\u00f3n sobre las diversas ofertas tur\u00edsticas de la regi\u00f3n. Con estas iniciativas, las comarcas de l\u2019Alcoi\u00e0 y el Comtat<strong> buscan posicionarse como destinos atractivos<\/strong> en el panorama tur\u00edstico nacional e internacional.<\/p>\n","protected":false},"excerpt":{"rendered":"<p>La Feria Internacional del Turismo (FITUR) se ha consolidado tambi\u00e9n como un magn\u00edfico escaparate para que las localidades de las&#8230;<\/p>\n","protected":false},"author":1,"featured_media":146507,"comment_status":"open","ping_status":"open","sticky":false,"template":"","format":"standard","meta":{"footnotes":""},"categories":[6909,98,75],"tags":[482,237,596,514],"class_list":["post-146506","post","type-post","status-publish","format-standard","has-post-thumbnail","hentry","category-actualidad","category-comarcas","category-noticias","tag-alcoia","tag-comtat","tag-fitur","tag-turismo"],"yoast_head":"<!-- This site is optimized with the Yoast SEO plugin v27.3 - https:\/\/yoast.com\/product\/yoast-seo-wordpress\/ -->\n<title>Los municipios de la comarca presentan sus atractivos en FITUR - COPE Alcoy<\/title>\n<meta name=\"description\" content=\"La Feria Internacional del Turismo (FITUR) se ha consolidado tambi\u00e9n como un magn\u00edfico escaparate para que las localidades de las comarcas de l\u2019Alcoi\u00e0 y el Comtat muestren sus atractivos tur\u00edsticos y recursos\" \/>\n<meta name=\"robots\" content=\"index, follow, max-snippet:-1, max-image-preview:large, max-video-preview:-1\" \/>\n<link rel=\"canonical\" href=\"https:\/\/www.copealcoy.es\/es\/los-municipios-de-la-comarca-presentan-sus-atractivos-en-fitur\/\" \/>\n<meta property=\"og:locale\" content=\"es_ES\" \/>\n<meta property=\"og:type\" content=\"article\" \/>\n<meta property=\"og:title\" content=\"Los municipios de la comarca presentan sus atractivos en FITUR - COPE Alcoy\" \/>\n<meta property=\"og:description\" content=\"La Feria Internacional del Turismo (FITUR) se ha consolidado tambi\u00e9n como un magn\u00edfico escaparate para que las localidades de las comarcas de l\u2019Alcoi\u00e0 y el Comtat muestren sus atractivos tur\u00edsticos y recursos\" \/>\n<meta property=\"og:url\" content=\"https:\/\/www.copealcoy.es\/es\/los-municipios-de-la-comarca-presentan-sus-atractivos-en-fitur\/\" \/>\n<meta property=\"og:site_name\" content=\"COPE Alcoy\" \/>\n<meta property=\"article:published_time\" content=\"2025-01-23T07:05:34+00:00\" \/>\n<meta property=\"article:modified_time\" content=\"2025-01-23T10:55:53+00:00\" \/>\n<meta property=\"og:image\" content=\"https:\/\/www.copealcoy.es\/wp-content\/uploads\/2025\/01\/9-Reuniones-y-promocion-de-la-Fira-centraron-las-iniciativas-de-Cocentaina-Foto-Ajuntament-de-Cocentaina-e1737629529183.jpg\" \/>\n\t<meta property=\"og:image:width\" content=\"1050\" \/>\n\t<meta property=\"og:image:height\" content=\"593\" \/>\n\t<meta property=\"og:image:type\" content=\"image\/jpeg\" \/>\n<meta name=\"author\" content=\"Cope Alcoy\" \/>\n<meta name=\"twitter:label1\" content=\"Escrito por\" \/>\n\t<meta name=\"twitter:data1\" content=\"Cope Alcoy\" \/>\n\t<meta name=\"twitter:label2\" content=\"Tiempo de lectura\" \/>\n\t<meta name=\"twitter:data2\" content=\"3 minutos\" \/>\n<script type=\"application\/ld+json\" class=\"yoast-schema-graph\">{\"@context\":\"https:\\\/\\\/schema.org\",\"@graph\":[{\"@type\":\"Article\",\"@id\":\"https:\\\/\\\/www.copealcoy.es\\\/es\\\/los-municipios-de-la-comarca-presentan-sus-atractivos-en-fitur\\\/#article\",\"isPartOf\":{\"@id\":\"https:\\\/\\\/www.copealcoy.es\\\/es\\\/los-municipios-de-la-comarca-presentan-sus-atractivos-en-fitur\\\/\"},\"author\":{\"name\":\"Cope Alcoy\",\"@id\":\"https:\\\/\\\/www.copealcoy.es\\\/es\\\/#\\\/schema\\\/person\\\/e777c87fa024e57d40170af9df39882c\"},\"headline\":\"Los municipios de la comarca presentan sus atractivos en FITUR\",\"datePublished\":\"2025-01-23T07:05:34+00:00\",\"dateModified\":\"2025-01-23T10:55:53+00:00\",\"mainEntityOfPage\":{\"@id\":\"https:\\\/\\\/www.copealcoy.es\\\/es\\\/los-municipios-de-la-comarca-presentan-sus-atractivos-en-fitur\\\/\"},\"wordCount\":364,\"commentCount\":0,\"image\":{\"@id\":\"https:\\\/\\\/www.copealcoy.es\\\/es\\\/los-municipios-de-la-comarca-presentan-sus-atractivos-en-fitur\\\/#primaryimage\"},\"thumbnailUrl\":\"https:\\\/\\\/www.copealcoy.es\\\/wp-content\\\/uploads\\\/2025\\\/01\\\/9-Reuniones-y-promocion-de-la-Fira-centraron-las-iniciativas-de-Cocentaina-Foto-Ajuntament-de-Cocentaina-e1737629529183.jpg\",\"keywords\":[\"Alcoi\u00e0\",\"Comtat\",\"FITUR\",\"Turismo\"],\"articleSection\":[\"Actualidad\",\"Comarcas\",\"Noticias\"],\"inLanguage\":\"es\"},{\"@type\":\"WebPage\",\"@id\":\"https:\\\/\\\/www.copealcoy.es\\\/es\\\/los-municipios-de-la-comarca-presentan-sus-atractivos-en-fitur\\\/\",\"url\":\"https:\\\/\\\/www.copealcoy.es\\\/es\\\/los-municipios-de-la-comarca-presentan-sus-atractivos-en-fitur\\\/\",\"name\":\"Los municipios de la comarca presentan sus atractivos en FITUR - COPE Alcoy\",\"isPartOf\":{\"@id\":\"https:\\\/\\\/www.copealcoy.es\\\/es\\\/#website\"},\"primaryImageOfPage\":{\"@id\":\"https:\\\/\\\/www.copealcoy.es\\\/es\\\/los-municipios-de-la-comarca-presentan-sus-atractivos-en-fitur\\\/#primaryimage\"},\"image\":{\"@id\":\"https:\\\/\\\/www.copealcoy.es\\\/es\\\/los-municipios-de-la-comarca-presentan-sus-atractivos-en-fitur\\\/#primaryimage\"},\"thumbnailUrl\":\"https:\\\/\\\/www.copealcoy.es\\\/wp-content\\\/uploads\\\/2025\\\/01\\\/9-Reuniones-y-promocion-de-la-Fira-centraron-las-iniciativas-de-Cocentaina-Foto-Ajuntament-de-Cocentaina-e1737629529183.jpg\",\"datePublished\":\"2025-01-23T07:05:34+00:00\",\"dateModified\":\"2025-01-23T10:55:53+00:00\",\"author\":{\"@id\":\"https:\\\/\\\/www.copealcoy.es\\\/es\\\/#\\\/schema\\\/person\\\/e777c87fa024e57d40170af9df39882c\"},\"description\":\"La Feria Internacional del Turismo (FITUR) se ha consolidado tambi\u00e9n como un magn\u00edfico escaparate para que las localidades de las comarcas de l\u2019Alcoi\u00e0 y el Comtat muestren sus atractivos tur\u00edsticos y recursos\",\"breadcrumb\":{\"@id\":\"https:\\\/\\\/www.copealcoy.es\\\/es\\\/los-municipios-de-la-comarca-presentan-sus-atractivos-en-fitur\\\/#breadcrumb\"},\"inLanguage\":\"es\",\"potentialAction\":[{\"@type\":\"ReadAction\",\"target\":[\"https:\\\/\\\/www.copealcoy.es\\\/es\\\/los-municipios-de-la-comarca-presentan-sus-atractivos-en-fitur\\\/\"]}]},{\"@type\":\"ImageObject\",\"inLanguage\":\"es\",\"@id\":\"https:\\\/\\\/www.copealcoy.es\\\/es\\\/los-municipios-de-la-comarca-presentan-sus-atractivos-en-fitur\\\/#primaryimage\",\"url\":\"https:\\\/\\\/www.copealcoy.es\\\/wp-content\\\/uploads\\\/2025\\\/01\\\/9-Reuniones-y-promocion-de-la-Fira-centraron-las-iniciativas-de-Cocentaina-Foto-Ajuntament-de-Cocentaina-e1737629529183.jpg\",\"contentUrl\":\"https:\\\/\\\/www.copealcoy.es\\\/wp-content\\\/uploads\\\/2025\\\/01\\\/9-Reuniones-y-promocion-de-la-Fira-centraron-las-iniciativas-de-Cocentaina-Foto-Ajuntament-de-Cocentaina-e1737629529183.jpg\",\"width\":1050,\"height\":593},{\"@type\":\"BreadcrumbList\",\"@id\":\"https:\\\/\\\/www.copealcoy.es\\\/es\\\/los-municipios-de-la-comarca-presentan-sus-atractivos-en-fitur\\\/#breadcrumb\",\"itemListElement\":[{\"@type\":\"ListItem\",\"position\":1,\"name\":\"Portada\",\"item\":\"https:\\\/\\\/www.copealcoy.es\\\/es\\\/\"},{\"@type\":\"ListItem\",\"position\":2,\"name\":\"Los municipios de la comarca presentan sus atractivos en FITUR\"}]},{\"@type\":\"WebSite\",\"@id\":\"https:\\\/\\\/www.copealcoy.es\\\/es\\\/#website\",\"url\":\"https:\\\/\\\/www.copealcoy.es\\\/es\\\/\",\"name\":\"COPE Alcoy\",\"description\":\"Emisora COPE de radio local con emisi\u00f3n online. Pont de Sant Jordi 8-10 03803 Alcoy\",\"potentialAction\":[{\"@type\":\"SearchAction\",\"target\":{\"@type\":\"EntryPoint\",\"urlTemplate\":\"https:\\\/\\\/www.copealcoy.es\\\/es\\\/?s={search_term_string}\"},\"query-input\":{\"@type\":\"PropertyValueSpecification\",\"valueRequired\":true,\"valueName\":\"search_term_string\"}}],\"inLanguage\":\"es\"},{\"@type\":\"Person\",\"@id\":\"https:\\\/\\\/www.copealcoy.es\\\/es\\\/#\\\/schema\\\/person\\\/e777c87fa024e57d40170af9df39882c\",\"name\":\"Cope Alcoy\",\"image\":{\"@type\":\"ImageObject\",\"inLanguage\":\"es\",\"@id\":\"https:\\\/\\\/secure.gravatar.com\\\/avatar\\\/bb65d0283347e303893ba14f0692005417c1e0e690a325a4c5d8bb2b3943ee14?s=96&d=mm&r=g\",\"url\":\"https:\\\/\\\/secure.gravatar.com\\\/avatar\\\/bb65d0283347e303893ba14f0692005417c1e0e690a325a4c5d8bb2b3943ee14?s=96&d=mm&r=g\",\"contentUrl\":\"https:\\\/\\\/secure.gravatar.com\\\/avatar\\\/bb65d0283347e303893ba14f0692005417c1e0e690a325a4c5d8bb2b3943ee14?s=96&d=mm&r=g\",\"caption\":\"Cope Alcoy\"}}]}<\/script>\n<!-- \/ Yoast SEO plugin. -->","yoast_head_json":{"title":"Los municipios de la comarca presentan sus atractivos en FITUR - COPE Alcoy","description":"La Feria Internacional del Turismo (FITUR) se ha consolidado tambi\u00e9n como un magn\u00edfico escaparate para que las localidades de las comarcas de l\u2019Alcoi\u00e0 y el Comtat muestren sus atractivos tur\u00edsticos y recursos","robots":{"index":"index","follow":"follow","max-snippet":"max-snippet:-1","max-image-preview":"max-image-preview:large","max-video-preview":"max-video-preview:-1"},"canonical":"https:\/\/www.copealcoy.es\/es\/los-municipios-de-la-comarca-presentan-sus-atractivos-en-fitur\/","og_locale":"es_ES","og_type":"article","og_title":"Los municipios de la comarca presentan sus atractivos en FITUR - COPE Alcoy","og_description":"La Feria Internacional del Turismo (FITUR) se ha consolidado tambi\u00e9n como un magn\u00edfico escaparate para que las localidades de las comarcas de l\u2019Alcoi\u00e0 y el Comtat muestren sus atractivos tur\u00edsticos y recursos","og_url":"https:\/\/www.copealcoy.es\/es\/los-municipios-de-la-comarca-presentan-sus-atractivos-en-fitur\/","og_site_name":"COPE Alcoy","article_published_time":"2025-01-23T07:05:34+00:00","article_modified_time":"2025-01-23T10:55:53+00:00","og_image":[{"width":1050,"height":593,"url":"https:\/\/www.copealcoy.es\/wp-content\/uploads\/2025\/01\/9-Reuniones-y-promocion-de-la-Fira-centraron-las-iniciativas-de-Cocentaina-Foto-Ajuntament-de-Cocentaina-e1737629529183.jpg","type":"image\/jpeg"}],"author":"Cope Alcoy","twitter_misc":{"Escrito por":"Cope Alcoy","Tiempo de lectura":"3 minutos"},"schema":{"@context":"https:\/\/schema.org","@graph":[{"@type":"Article","@id":"https:\/\/www.copealcoy.es\/es\/los-municipios-de-la-comarca-presentan-sus-atractivos-en-fitur\/#article","isPartOf":{"@id":"https:\/\/www.copealcoy.es\/es\/los-municipios-de-la-comarca-presentan-sus-atractivos-en-fitur\/"},"author":{"name":"Cope Alcoy","@id":"https:\/\/www.copealcoy.es\/es\/#\/schema\/person\/e777c87fa024e57d40170af9df39882c"},"headline":"Los municipios de la comarca presentan sus atractivos en FITUR","datePublished":"2025-01-23T07:05:34+00:00","dateModified":"2025-01-23T10:55:53+00:00","mainEntityOfPage":{"@id":"https:\/\/www.copealcoy.es\/es\/los-municipios-de-la-comarca-presentan-sus-atractivos-en-fitur\/"},"wordCount":364,"commentCount":0,"image":{"@id":"https:\/\/www.copealcoy.es\/es\/los-municipios-de-la-comarca-presentan-sus-atractivos-en-fitur\/#primaryimage"},"thumbnailUrl":"https:\/\/www.copealcoy.es\/wp-content\/uploads\/2025\/01\/9-Reuniones-y-promocion-de-la-Fira-centraron-las-iniciativas-de-Cocentaina-Foto-Ajuntament-de-Cocentaina-e1737629529183.jpg","keywords":["Alcoi\u00e0","Comtat","FITUR","Turismo"],"articleSection":["Actualidad","Comarcas","Noticias"],"inLanguage":"es"},{"@type":"WebPage","@id":"https:\/\/www.copealcoy.es\/es\/los-municipios-de-la-comarca-presentan-sus-atractivos-en-fitur\/","url":"https:\/\/www.copealcoy.es\/es\/los-municipios-de-la-comarca-presentan-sus-atractivos-en-fitur\/","name":"Los municipios de la comarca presentan sus atractivos en FITUR - COPE Alcoy","isPartOf":{"@id":"https:\/\/www.copealcoy.es\/es\/#website"},"primaryImageOfPage":{"@id":"https:\/\/www.copealcoy.es\/es\/los-municipios-de-la-comarca-presentan-sus-atractivos-en-fitur\/#primaryimage"},"image":{"@id":"https:\/\/www.copealcoy.es\/es\/los-municipios-de-la-comarca-presentan-sus-atractivos-en-fitur\/#primaryimage"},"thumbnailUrl":"https:\/\/www.copealcoy.es\/wp-content\/uploads\/2025\/01\/9-Reuniones-y-promocion-de-la-Fira-centraron-las-iniciativas-de-Cocentaina-Foto-Ajuntament-de-Cocentaina-e1737629529183.jpg","datePublished":"2025-01-23T07:05:34+00:00","dateModified":"2025-01-23T10:55:53+00:00","author":{"@id":"https:\/\/www.copealcoy.es\/es\/#\/schema\/person\/e777c87fa024e57d40170af9df39882c"},"description":"La Feria Internacional del Turismo (FITUR) se ha consolidado tambi\u00e9n como un magn\u00edfico escaparate para que las localidades de las comarcas de l\u2019Alcoi\u00e0 y el Comtat muestren sus atractivos tur\u00edsticos y recursos","breadcrumb":{"@id":"https:\/\/www.copealcoy.es\/es\/los-municipios-de-la-comarca-presentan-sus-atractivos-en-fitur\/#breadcrumb"},"inLanguage":"es","potentialAction":[{"@type":"ReadAction","target":["https:\/\/www.copealcoy.es\/es\/los-municipios-de-la-comarca-presentan-sus-atractivos-en-fitur\/"]}]},{"@type":"ImageObject","inLanguage":"es","@id":"https:\/\/www.copealcoy.es\/es\/los-municipios-de-la-comarca-presentan-sus-atractivos-en-fitur\/#primaryimage","url":"https:\/\/www.copealcoy.es\/wp-content\/uploads\/2025\/01\/9-Reuniones-y-promocion-de-la-Fira-centraron-las-iniciativas-de-Cocentaina-Foto-Ajuntament-de-Cocentaina-e1737629529183.jpg","contentUrl":"https:\/\/www.copealcoy.es\/wp-content\/uploads\/2025\/01\/9-Reuniones-y-promocion-de-la-Fira-centraron-las-iniciativas-de-Cocentaina-Foto-Ajuntament-de-Cocentaina-e1737629529183.jpg","width":1050,"height":593},{"@type":"BreadcrumbList","@id":"https:\/\/www.copealcoy.es\/es\/los-municipios-de-la-comarca-presentan-sus-atractivos-en-fitur\/#breadcrumb","itemListElement":[{"@type":"ListItem","position":1,"name":"Portada","item":"https:\/\/www.copealcoy.es\/es\/"},{"@type":"ListItem","position":2,"name":"Los municipios de la comarca presentan sus atractivos en FITUR"}]},{"@type":"WebSite","@id":"https:\/\/www.copealcoy.es\/es\/#website","url":"https:\/\/www.copealcoy.es\/es\/","name":"COPE Alcoy","description":"Emisora COPE de radio local con emisi\u00f3n online. Pont de Sant Jordi 8-10 03803 Alcoy","potentialAction":[{"@type":"SearchAction","target":{"@type":"EntryPoint","urlTemplate":"https:\/\/www.copealcoy.es\/es\/?s={search_term_string}"},"query-input":{"@type":"PropertyValueSpecification","valueRequired":true,"valueName":"search_term_string"}}],"inLanguage":"es"},{"@type":"Person","@id":"https:\/\/www.copealcoy.es\/es\/#\/schema\/person\/e777c87fa024e57d40170af9df39882c","name":"Cope Alcoy","image":{"@type":"ImageObject","inLanguage":"es","@id":"https:\/\/secure.gravatar.com\/avatar\/bb65d0283347e303893ba14f0692005417c1e0e690a325a4c5d8bb2b3943ee14?s=96&d=mm&r=g","url":"https:\/\/secure.gravatar.com\/avatar\/bb65d0283347e303893ba14f0692005417c1e0e690a325a4c5d8bb2b3943ee14?s=96&d=mm&r=g","contentUrl":"https:\/\/secure.gravatar.com\/avatar\/bb65d0283347e303893ba14f0692005417c1e0e690a325a4c5d8bb2b3943ee14?s=96&d=mm&r=g","caption":"Cope Alcoy"}}]}},"_links":{"self":[{"href":"https:\/\/www.copealcoy.es\/es\/wp-json\/wp\/v2\/posts\/146506","targetHints":{"allow":["GET"]}}],"collection":[{"href":"https:\/\/www.copealcoy.es\/es\/wp-json\/wp\/v2\/posts"}],"about":[{"href":"https:\/\/www.copealcoy.es\/es\/wp-json\/wp\/v2\/types\/post"}],"author":[{"embeddable":true,"href":"https:\/\/www.copealcoy.es\/es\/wp-json\/wp\/v2\/users\/1"}],"replies":[{"embeddable":true,"href":"https:\/\/www.copealcoy.es\/es\/wp-json\/wp\/v2\/comments?post=146506"}],"version-history":[{"count":0,"href":"https:\/\/www.copealcoy.es\/es\/wp-json\/wp\/v2\/posts\/146506\/revisions"}],"wp:featuredmedia":[{"embeddable":true,"href":"https:\/\/www.copealcoy.es\/es\/wp-json\/wp\/v2\/media\/146507"}],"wp:attachment":[{"href":"https:\/\/www.copealcoy.es\/es\/wp-json\/wp\/v2\/media?parent=146506"}],"wp:term":[{"taxonomy":"category","embeddable":true,"href":"https:\/\/www.copealcoy.es\/es\/wp-json\/wp\/v2\/categories?post=146506"},{"taxonomy":"post_tag","embeddable":true,"href":"https:\/\/www.copealcoy.es\/es\/wp-json\/wp\/v2\/tags?post=146506"}],"curies":[{"name":"wp","href":"https:\/\/api.w.org\/{rel}","templated":true}]}}