{"id":146500,"date":"2025-01-27T08:01:04","date_gmt":"2025-01-27T07:01:04","guid":{"rendered":"https:\/\/www.copealcoy.es\/?p=146500"},"modified":"2025-01-27T13:29:30","modified_gmt":"2025-01-27T12:29:30","slug":"union-alcoyana-seguros-mantiene-su-compromiso-con-los-afectados-por-la-dana","status":"publish","type":"post","link":"https:\/\/www.copealcoy.es\/es\/union-alcoyana-seguros-mantiene-su-compromiso-con-los-afectados-por-la-dana\/","title":{"rendered":"Uni\u00f3n Alcoyana Seguros mantiene su compromiso con los afectados por la DANA"},"content":{"rendered":"<p style=\"text-align: justify;\"><a href=\"https:\/\/unionalcoyana.com\/\" target=\"_blank\" rel=\"noopener\"><strong><span style=\"color: #0000ff;\">Uni\u00f3n Alcoyana Seguros<\/span><\/strong><\/a> reafirma su compromiso con<strong> las v\u00edctimas de la DANA<\/strong> que el a\u00f1o pasado, a finales de octubre, <strong>devast\u00f3 varios municipios de la provincia de Valencia<\/strong>, causando m\u00e1s de 200 muertes. Durante la pasada Navidad, la compa\u00f1\u00eda destin\u00f3 fondos de diversas iniciativas internas para realizar donaciones a los afectados, con la aprobaci\u00f3n de su Consejo de Administraci\u00f3n.<\/p>\n<p style=\"text-align: justify;\">En diciembre, <strong>se llev\u00f3 a cabo una donaci\u00f3n a trav\u00e9s de la iniciativa &#8220;Agente Solidario&#8221;<\/strong>, que permite a los mediadores de seguros contribuir a proyectos sociales en sus comunidades. Este a\u00f1o, <strong>los fondos se dirigieron espec\u00edficamente a los colectivos m\u00e1s vulnerables en Valencia<\/strong>. Adem\u00e1s, Uni\u00f3n Alcoyana <strong>transform\u00f3 sus tradicionales regalos navide\u00f1os para clientes y colaboradores en donativos econ\u00f3micos<\/strong>, sumando tambi\u00e9n las cestas navide\u00f1as del personal interno.<\/p>\n<p style=\"text-align: justify;\">La donaci\u00f3n <strong>se canaliz\u00f3<\/strong> sobre tres organizaciones que siguen recaudando fondos para apoyar a los afectados por la DANA y que tienen en marcha proyectos s\u00f3lidos para fomentar la recuperaci\u00f3n de las zonas afectadas, ayudando a miles de personas, a trav\u00e9s de diferentes l\u00edneas de actuaci\u00f3n: cobertura en necesidades b\u00e1sicas, vivienda y alojamiento; salud mental, apoyo jur\u00eddico, protecci\u00f3n a la infancia y personas vulnerables y apoyo a las necesidades de personas mayores; y emprendedurismo y acompa\u00f1amiento en la formaci\u00f3n de oficios tradicionales. Estas entidades <strong>han sido Fundaci\u00f3n Novaterra, Casa Caridad y C\u00e1ritas<\/strong> &#8220;<em>nuestro objetivo es seguir contribuyendo, aunque sea en peque\u00f1a medida, a aliviar las dificultades que muchas familias siguen afrontando en su d\u00eda a d\u00eda. Para ellas, nuestra solidaridad, cari\u00f1o y compromiso de que seguiremos trabajando para seguir a su lado<\/em>&#8220;, significaron desde Uni\u00f3n Alcoyana Seguros.<\/p>\n<p><strong><span style=\"color: #0000ff;\">Medidas desde el minuto cero de la tragedia\u00a0<\/span><\/strong><\/p>\n<p style=\"text-align: justify;\">Uni\u00f3n Alcoyana puso en marcha <strong>una atenci\u00f3n especial<\/strong> a sus asegurados nada m\u00e1s desatarse la tragedia en la provincia de Valencia. Facilitaron atenci\u00f3n permanente a trav\u00e9s de mediadores, un n\u00famero telef\u00f3nico y un correo electr\u00f3nico para consultas. La compa\u00f1\u00eda brind\u00f3 asesoramiento en la gesti\u00f3n de siniestros, facilitando tr\u00e1mites para acceder a indemnizaciones del Consorcio de Compensaci\u00f3n de Seguros. Adem\u00e1s, implementaron un servicio gratuito de orientaci\u00f3n psicol\u00f3gica y facilit\u00f3 la paralizaci\u00f3n de seguros de autos declarados como &#8220;p\u00e9rdida total&#8221;. Para apoyar a los afectados por la reciente DANA, se establecieron tambi\u00e9n descuentos en renovaciones y nuevos seguros, as\u00ed como flexibilidad en los pagos, permitiendo hasta 120 d\u00edas adicionales para el vencimiento de los seguros y opciones de fraccionamiento sin recargos.<\/p>\n","protected":false},"excerpt":{"rendered":"<p>Uni\u00f3n Alcoyana Seguros reafirma su compromiso con las v\u00edctimas de la DANA que el a\u00f1o pasado, a finales de octubre,&#8230;<\/p>\n","protected":false},"author":1,"featured_media":142991,"comment_status":"open","ping_status":"open","sticky":false,"template":"","format":"standard","meta":{"footnotes":""},"categories":[6909,97,75],"tags":[7327,1243,11689,2822,1534],"class_list":["post-146500","post","type-post","status-publish","format-standard","has-post-thumbnail","hentry","category-actualidad","category-alcoy","category-noticias","tag-afectados","tag-apoyo","tag-dana","tag-medidas","tag-union-alcoyana-seguros"],"yoast_head":"<!-- This site is optimized with the Yoast SEO plugin v27.3 - https:\/\/yoast.com\/product\/yoast-seo-wordpress\/ -->\n<title>Uni\u00f3n Alcoyana Seguros mantiene su compromiso con los afectados por la DANA - COPE Alcoy<\/title>\n<meta name=\"description\" content=\"Uni\u00f3n Alcoyana Seguros reafirma su compromiso con las v\u00edctimas de la DANA que el a\u00f1o pasado, a finales de octubre, devast\u00f3 varios municipios de la provincia de Valencia, causando m\u00e1s de 200 muertes\" \/>\n<meta name=\"robots\" content=\"index, follow, max-snippet:-1, max-image-preview:large, max-video-preview:-1\" \/>\n<link rel=\"canonical\" href=\"https:\/\/www.copealcoy.es\/es\/union-alcoyana-seguros-mantiene-su-compromiso-con-los-afectados-por-la-dana\/\" \/>\n<meta property=\"og:locale\" content=\"es_ES\" \/>\n<meta property=\"og:type\" content=\"article\" \/>\n<meta property=\"og:title\" content=\"Uni\u00f3n Alcoyana Seguros mantiene su compromiso con los afectados por la DANA - COPE Alcoy\" \/>\n<meta property=\"og:description\" content=\"Uni\u00f3n Alcoyana Seguros reafirma su compromiso con las v\u00edctimas de la DANA que el a\u00f1o pasado, a finales de octubre, devast\u00f3 varios municipios de la provincia de Valencia, causando m\u00e1s de 200 muertes\" \/>\n<meta property=\"og:url\" content=\"https:\/\/www.copealcoy.es\/es\/union-alcoyana-seguros-mantiene-su-compromiso-con-los-afectados-por-la-dana\/\" \/>\n<meta property=\"og:site_name\" content=\"COPE Alcoy\" \/>\n<meta property=\"article:published_time\" content=\"2025-01-27T07:01:04+00:00\" \/>\n<meta property=\"article:modified_time\" content=\"2025-01-27T12:29:30+00:00\" \/>\n<meta property=\"og:image\" content=\"https:\/\/www.copealcoy.es\/wp-content\/uploads\/2024\/11\/T5PZNRON2BBABBPFTET7UBS4EU.jpeg\" \/>\n\t<meta property=\"og:image:width\" content=\"1915\" \/>\n\t<meta property=\"og:image:height\" content=\"1098\" \/>\n\t<meta property=\"og:image:type\" content=\"image\/jpeg\" \/>\n<meta name=\"author\" content=\"Cope Alcoy\" \/>\n<meta name=\"twitter:label1\" content=\"Escrito por\" \/>\n\t<meta name=\"twitter:data1\" content=\"Cope Alcoy\" \/>\n\t<meta name=\"twitter:label2\" content=\"Tiempo de lectura\" \/>\n\t<meta name=\"twitter:data2\" content=\"3 minutos\" \/>\n<script type=\"application\/ld+json\" class=\"yoast-schema-graph\">{\"@context\":\"https:\\\/\\\/schema.org\",\"@graph\":[{\"@type\":\"Article\",\"@id\":\"https:\\\/\\\/www.copealcoy.es\\\/es\\\/union-alcoyana-seguros-mantiene-su-compromiso-con-los-afectados-por-la-dana\\\/#article\",\"isPartOf\":{\"@id\":\"https:\\\/\\\/www.copealcoy.es\\\/es\\\/union-alcoyana-seguros-mantiene-su-compromiso-con-los-afectados-por-la-dana\\\/\"},\"author\":{\"name\":\"Cope Alcoy\",\"@id\":\"https:\\\/\\\/www.copealcoy.es\\\/es\\\/#\\\/schema\\\/person\\\/e777c87fa024e57d40170af9df39882c\"},\"headline\":\"Uni\u00f3n Alcoyana Seguros mantiene su compromiso con los afectados por la DANA\",\"datePublished\":\"2025-01-27T07:01:04+00:00\",\"dateModified\":\"2025-01-27T12:29:30+00:00\",\"mainEntityOfPage\":{\"@id\":\"https:\\\/\\\/www.copealcoy.es\\\/es\\\/union-alcoyana-seguros-mantiene-su-compromiso-con-los-afectados-por-la-dana\\\/\"},\"wordCount\":455,\"commentCount\":0,\"image\":{\"@id\":\"https:\\\/\\\/www.copealcoy.es\\\/es\\\/union-alcoyana-seguros-mantiene-su-compromiso-con-los-afectados-por-la-dana\\\/#primaryimage\"},\"thumbnailUrl\":\"https:\\\/\\\/www.copealcoy.es\\\/wp-content\\\/uploads\\\/2024\\\/11\\\/T5PZNRON2BBABBPFTET7UBS4EU.jpeg\",\"keywords\":[\"afectados\",\"apoyo\",\"DANA\",\"medidas\",\"Uni\u00f3n Alcoyana Seguros\"],\"articleSection\":[\"Actualidad\",\"Alcoy\",\"Noticias\"],\"inLanguage\":\"es\"},{\"@type\":\"WebPage\",\"@id\":\"https:\\\/\\\/www.copealcoy.es\\\/es\\\/union-alcoyana-seguros-mantiene-su-compromiso-con-los-afectados-por-la-dana\\\/\",\"url\":\"https:\\\/\\\/www.copealcoy.es\\\/es\\\/union-alcoyana-seguros-mantiene-su-compromiso-con-los-afectados-por-la-dana\\\/\",\"name\":\"Uni\u00f3n Alcoyana Seguros mantiene su compromiso con los afectados por la DANA - COPE Alcoy\",\"isPartOf\":{\"@id\":\"https:\\\/\\\/www.copealcoy.es\\\/es\\\/#website\"},\"primaryImageOfPage\":{\"@id\":\"https:\\\/\\\/www.copealcoy.es\\\/es\\\/union-alcoyana-seguros-mantiene-su-compromiso-con-los-afectados-por-la-dana\\\/#primaryimage\"},\"image\":{\"@id\":\"https:\\\/\\\/www.copealcoy.es\\\/es\\\/union-alcoyana-seguros-mantiene-su-compromiso-con-los-afectados-por-la-dana\\\/#primaryimage\"},\"thumbnailUrl\":\"https:\\\/\\\/www.copealcoy.es\\\/wp-content\\\/uploads\\\/2024\\\/11\\\/T5PZNRON2BBABBPFTET7UBS4EU.jpeg\",\"datePublished\":\"2025-01-27T07:01:04+00:00\",\"dateModified\":\"2025-01-27T12:29:30+00:00\",\"author\":{\"@id\":\"https:\\\/\\\/www.copealcoy.es\\\/es\\\/#\\\/schema\\\/person\\\/e777c87fa024e57d40170af9df39882c\"},\"description\":\"Uni\u00f3n Alcoyana Seguros reafirma su compromiso con las v\u00edctimas de la DANA que el a\u00f1o pasado, a finales de octubre, devast\u00f3 varios municipios de la provincia de Valencia, causando m\u00e1s de 200 muertes\",\"breadcrumb\":{\"@id\":\"https:\\\/\\\/www.copealcoy.es\\\/es\\\/union-alcoyana-seguros-mantiene-su-compromiso-con-los-afectados-por-la-dana\\\/#breadcrumb\"},\"inLanguage\":\"es\",\"potentialAction\":[{\"@type\":\"ReadAction\",\"target\":[\"https:\\\/\\\/www.copealcoy.es\\\/es\\\/union-alcoyana-seguros-mantiene-su-compromiso-con-los-afectados-por-la-dana\\\/\"]}]},{\"@type\":\"ImageObject\",\"inLanguage\":\"es\",\"@id\":\"https:\\\/\\\/www.copealcoy.es\\\/es\\\/union-alcoyana-seguros-mantiene-su-compromiso-con-los-afectados-por-la-dana\\\/#primaryimage\",\"url\":\"https:\\\/\\\/www.copealcoy.es\\\/wp-content\\\/uploads\\\/2024\\\/11\\\/T5PZNRON2BBABBPFTET7UBS4EU.jpeg\",\"contentUrl\":\"https:\\\/\\\/www.copealcoy.es\\\/wp-content\\\/uploads\\\/2024\\\/11\\\/T5PZNRON2BBABBPFTET7UBS4EU.jpeg\",\"width\":1915,\"height\":1098},{\"@type\":\"BreadcrumbList\",\"@id\":\"https:\\\/\\\/www.copealcoy.es\\\/es\\\/union-alcoyana-seguros-mantiene-su-compromiso-con-los-afectados-por-la-dana\\\/#breadcrumb\",\"itemListElement\":[{\"@type\":\"ListItem\",\"position\":1,\"name\":\"Portada\",\"item\":\"https:\\\/\\\/www.copealcoy.es\\\/es\\\/\"},{\"@type\":\"ListItem\",\"position\":2,\"name\":\"Uni\u00f3n Alcoyana Seguros mantiene su compromiso con los afectados por la DANA\"}]},{\"@type\":\"WebSite\",\"@id\":\"https:\\\/\\\/www.copealcoy.es\\\/es\\\/#website\",\"url\":\"https:\\\/\\\/www.copealcoy.es\\\/es\\\/\",\"name\":\"COPE Alcoy\",\"description\":\"Emisora COPE de radio local con emisi\u00f3n online. Pont de Sant Jordi 8-10 03803 Alcoy\",\"potentialAction\":[{\"@type\":\"SearchAction\",\"target\":{\"@type\":\"EntryPoint\",\"urlTemplate\":\"https:\\\/\\\/www.copealcoy.es\\\/es\\\/?s={search_term_string}\"},\"query-input\":{\"@type\":\"PropertyValueSpecification\",\"valueRequired\":true,\"valueName\":\"search_term_string\"}}],\"inLanguage\":\"es\"},{\"@type\":\"Person\",\"@id\":\"https:\\\/\\\/www.copealcoy.es\\\/es\\\/#\\\/schema\\\/person\\\/e777c87fa024e57d40170af9df39882c\",\"name\":\"Cope Alcoy\",\"image\":{\"@type\":\"ImageObject\",\"inLanguage\":\"es\",\"@id\":\"https:\\\/\\\/secure.gravatar.com\\\/avatar\\\/bb65d0283347e303893ba14f0692005417c1e0e690a325a4c5d8bb2b3943ee14?s=96&d=mm&r=g\",\"url\":\"https:\\\/\\\/secure.gravatar.com\\\/avatar\\\/bb65d0283347e303893ba14f0692005417c1e0e690a325a4c5d8bb2b3943ee14?s=96&d=mm&r=g\",\"contentUrl\":\"https:\\\/\\\/secure.gravatar.com\\\/avatar\\\/bb65d0283347e303893ba14f0692005417c1e0e690a325a4c5d8bb2b3943ee14?s=96&d=mm&r=g\",\"caption\":\"Cope Alcoy\"}}]}<\/script>\n<!-- \/ Yoast SEO plugin. -->","yoast_head_json":{"title":"Uni\u00f3n Alcoyana Seguros mantiene su compromiso con los afectados por la DANA - COPE Alcoy","description":"Uni\u00f3n Alcoyana Seguros reafirma su compromiso con las v\u00edctimas de la DANA que el a\u00f1o pasado, a finales de octubre, devast\u00f3 varios municipios de la provincia de Valencia, causando m\u00e1s de 200 muertes","robots":{"index":"index","follow":"follow","max-snippet":"max-snippet:-1","max-image-preview":"max-image-preview:large","max-video-preview":"max-video-preview:-1"},"canonical":"https:\/\/www.copealcoy.es\/es\/union-alcoyana-seguros-mantiene-su-compromiso-con-los-afectados-por-la-dana\/","og_locale":"es_ES","og_type":"article","og_title":"Uni\u00f3n Alcoyana Seguros mantiene su compromiso con los afectados por la DANA - COPE Alcoy","og_description":"Uni\u00f3n Alcoyana Seguros reafirma su compromiso con las v\u00edctimas de la DANA que el a\u00f1o pasado, a finales de octubre, devast\u00f3 varios municipios de la provincia de Valencia, causando m\u00e1s de 200 muertes","og_url":"https:\/\/www.copealcoy.es\/es\/union-alcoyana-seguros-mantiene-su-compromiso-con-los-afectados-por-la-dana\/","og_site_name":"COPE Alcoy","article_published_time":"2025-01-27T07:01:04+00:00","article_modified_time":"2025-01-27T12:29:30+00:00","og_image":[{"width":1915,"height":1098,"url":"https:\/\/www.copealcoy.es\/wp-content\/uploads\/2024\/11\/T5PZNRON2BBABBPFTET7UBS4EU.jpeg","type":"image\/jpeg"}],"author":"Cope Alcoy","twitter_misc":{"Escrito por":"Cope Alcoy","Tiempo de lectura":"3 minutos"},"schema":{"@context":"https:\/\/schema.org","@graph":[{"@type":"Article","@id":"https:\/\/www.copealcoy.es\/es\/union-alcoyana-seguros-mantiene-su-compromiso-con-los-afectados-por-la-dana\/#article","isPartOf":{"@id":"https:\/\/www.copealcoy.es\/es\/union-alcoyana-seguros-mantiene-su-compromiso-con-los-afectados-por-la-dana\/"},"author":{"name":"Cope Alcoy","@id":"https:\/\/www.copealcoy.es\/es\/#\/schema\/person\/e777c87fa024e57d40170af9df39882c"},"headline":"Uni\u00f3n Alcoyana Seguros mantiene su compromiso con los afectados por la DANA","datePublished":"2025-01-27T07:01:04+00:00","dateModified":"2025-01-27T12:29:30+00:00","mainEntityOfPage":{"@id":"https:\/\/www.copealcoy.es\/es\/union-alcoyana-seguros-mantiene-su-compromiso-con-los-afectados-por-la-dana\/"},"wordCount":455,"commentCount":0,"image":{"@id":"https:\/\/www.copealcoy.es\/es\/union-alcoyana-seguros-mantiene-su-compromiso-con-los-afectados-por-la-dana\/#primaryimage"},"thumbnailUrl":"https:\/\/www.copealcoy.es\/wp-content\/uploads\/2024\/11\/T5PZNRON2BBABBPFTET7UBS4EU.jpeg","keywords":["afectados","apoyo","DANA","medidas","Uni\u00f3n Alcoyana Seguros"],"articleSection":["Actualidad","Alcoy","Noticias"],"inLanguage":"es"},{"@type":"WebPage","@id":"https:\/\/www.copealcoy.es\/es\/union-alcoyana-seguros-mantiene-su-compromiso-con-los-afectados-por-la-dana\/","url":"https:\/\/www.copealcoy.es\/es\/union-alcoyana-seguros-mantiene-su-compromiso-con-los-afectados-por-la-dana\/","name":"Uni\u00f3n Alcoyana Seguros mantiene su compromiso con los afectados por la DANA - COPE Alcoy","isPartOf":{"@id":"https:\/\/www.copealcoy.es\/es\/#website"},"primaryImageOfPage":{"@id":"https:\/\/www.copealcoy.es\/es\/union-alcoyana-seguros-mantiene-su-compromiso-con-los-afectados-por-la-dana\/#primaryimage"},"image":{"@id":"https:\/\/www.copealcoy.es\/es\/union-alcoyana-seguros-mantiene-su-compromiso-con-los-afectados-por-la-dana\/#primaryimage"},"thumbnailUrl":"https:\/\/www.copealcoy.es\/wp-content\/uploads\/2024\/11\/T5PZNRON2BBABBPFTET7UBS4EU.jpeg","datePublished":"2025-01-27T07:01:04+00:00","dateModified":"2025-01-27T12:29:30+00:00","author":{"@id":"https:\/\/www.copealcoy.es\/es\/#\/schema\/person\/e777c87fa024e57d40170af9df39882c"},"description":"Uni\u00f3n Alcoyana Seguros reafirma su compromiso con las v\u00edctimas de la DANA que el a\u00f1o pasado, a finales de octubre, devast\u00f3 varios municipios de la provincia de Valencia, causando m\u00e1s de 200 muertes","breadcrumb":{"@id":"https:\/\/www.copealcoy.es\/es\/union-alcoyana-seguros-mantiene-su-compromiso-con-los-afectados-por-la-dana\/#breadcrumb"},"inLanguage":"es","potentialAction":[{"@type":"ReadAction","target":["https:\/\/www.copealcoy.es\/es\/union-alcoyana-seguros-mantiene-su-compromiso-con-los-afectados-por-la-dana\/"]}]},{"@type":"ImageObject","inLanguage":"es","@id":"https:\/\/www.copealcoy.es\/es\/union-alcoyana-seguros-mantiene-su-compromiso-con-los-afectados-por-la-dana\/#primaryimage","url":"https:\/\/www.copealcoy.es\/wp-content\/uploads\/2024\/11\/T5PZNRON2BBABBPFTET7UBS4EU.jpeg","contentUrl":"https:\/\/www.copealcoy.es\/wp-content\/uploads\/2024\/11\/T5PZNRON2BBABBPFTET7UBS4EU.jpeg","width":1915,"height":1098},{"@type":"BreadcrumbList","@id":"https:\/\/www.copealcoy.es\/es\/union-alcoyana-seguros-mantiene-su-compromiso-con-los-afectados-por-la-dana\/#breadcrumb","itemListElement":[{"@type":"ListItem","position":1,"name":"Portada","item":"https:\/\/www.copealcoy.es\/es\/"},{"@type":"ListItem","position":2,"name":"Uni\u00f3n Alcoyana Seguros mantiene su compromiso con los afectados por la DANA"}]},{"@type":"WebSite","@id":"https:\/\/www.copealcoy.es\/es\/#website","url":"https:\/\/www.copealcoy.es\/es\/","name":"COPE Alcoy","description":"Emisora COPE de radio local con emisi\u00f3n online. Pont de Sant Jordi 8-10 03803 Alcoy","potentialAction":[{"@type":"SearchAction","target":{"@type":"EntryPoint","urlTemplate":"https:\/\/www.copealcoy.es\/es\/?s={search_term_string}"},"query-input":{"@type":"PropertyValueSpecification","valueRequired":true,"valueName":"search_term_string"}}],"inLanguage":"es"},{"@type":"Person","@id":"https:\/\/www.copealcoy.es\/es\/#\/schema\/person\/e777c87fa024e57d40170af9df39882c","name":"Cope Alcoy","image":{"@type":"ImageObject","inLanguage":"es","@id":"https:\/\/secure.gravatar.com\/avatar\/bb65d0283347e303893ba14f0692005417c1e0e690a325a4c5d8bb2b3943ee14?s=96&d=mm&r=g","url":"https:\/\/secure.gravatar.com\/avatar\/bb65d0283347e303893ba14f0692005417c1e0e690a325a4c5d8bb2b3943ee14?s=96&d=mm&r=g","contentUrl":"https:\/\/secure.gravatar.com\/avatar\/bb65d0283347e303893ba14f0692005417c1e0e690a325a4c5d8bb2b3943ee14?s=96&d=mm&r=g","caption":"Cope Alcoy"}}]}},"_links":{"self":[{"href":"https:\/\/www.copealcoy.es\/es\/wp-json\/wp\/v2\/posts\/146500","targetHints":{"allow":["GET"]}}],"collection":[{"href":"https:\/\/www.copealcoy.es\/es\/wp-json\/wp\/v2\/posts"}],"about":[{"href":"https:\/\/www.copealcoy.es\/es\/wp-json\/wp\/v2\/types\/post"}],"author":[{"embeddable":true,"href":"https:\/\/www.copealcoy.es\/es\/wp-json\/wp\/v2\/users\/1"}],"replies":[{"embeddable":true,"href":"https:\/\/www.copealcoy.es\/es\/wp-json\/wp\/v2\/comments?post=146500"}],"version-history":[{"count":0,"href":"https:\/\/www.copealcoy.es\/es\/wp-json\/wp\/v2\/posts\/146500\/revisions"}],"wp:featuredmedia":[{"embeddable":true,"href":"https:\/\/www.copealcoy.es\/es\/wp-json\/wp\/v2\/media\/142991"}],"wp:attachment":[{"href":"https:\/\/www.copealcoy.es\/es\/wp-json\/wp\/v2\/media?parent=146500"}],"wp:term":[{"taxonomy":"category","embeddable":true,"href":"https:\/\/www.copealcoy.es\/es\/wp-json\/wp\/v2\/categories?post=146500"},{"taxonomy":"post_tag","embeddable":true,"href":"https:\/\/www.copealcoy.es\/es\/wp-json\/wp\/v2\/tags?post=146500"}],"curies":[{"name":"wp","href":"https:\/\/api.w.org\/{rel}","templated":true}]}}