{"id":146469,"date":"2025-01-22T18:14:36","date_gmt":"2025-01-22T17:14:36","guid":{"rendered":"https:\/\/www.copealcoy.es\/?p=146469"},"modified":"2025-01-22T18:14:36","modified_gmt":"2025-01-22T17:14:36","slug":"manolo-gomicia-mi-objetivo-es-definir-un-nuevo-modelo-para-el-partido-socialista-de-alcoy","status":"publish","type":"post","link":"https:\/\/www.copealcoy.es\/es\/manolo-gomicia-mi-objetivo-es-definir-un-nuevo-modelo-para-el-partido-socialista-de-alcoy\/","title":{"rendered":"Manolo Gomicia: &#8220;mi objetivo es definir un nuevo modelo para el Partido Socialista de Alcoy&#8221;"},"content":{"rendered":"<p style=\"text-align: justify;\">El <a href=\"https:\/\/www.facebook.com\/psoealcoi\" target=\"_blank\" rel=\"noopener\"><span style=\"color: #0000ff;\"><strong>Partido Socialista de Alcoy<\/strong><\/span><\/a>, al igual que le est\u00e1 sucediendo a la formaci\u00f3n pol\u00edtica en otros territorios de Espa\u00f1a, tambi\u00e9n <strong>entra este a\u00f1o en fase de renovaci\u00f3n<\/strong> con la mirada puesta en las convocatorias electorales que van a llegar pr\u00f3ximamente. En la ciudad,<strong> la carrera a liderar la secretar\u00eda general del partido<\/strong> ya ha comenzado y la pasada semana conoc\u00edamos que el exconcejal <strong>Manolo Gomicia<\/strong> anunciaba su intenci\u00f3n de concurrir al proceso para optar a este cargo.<\/p>\n<p style=\"text-align: justify;\">Lo hac\u00eda despu\u00e9s de que semanas atr\u00e1s el actual Secretario General, <strong>Jordi Mart\u00ednez<\/strong>, manifestara que no iba a continuar al frente de la responsabilidad que ocupa tras dos mandatos al frente de la misma. Gomicia, veterano en pol\u00edtica y considerado por muchos como un hombre de consenso, <strong>afronta el reto con ilusi\u00f3n<\/strong> y consciente de que <strong>el PSPV a nivel municipal necesita un cambio<\/strong> &#8220;<em>hay que definir un nuevo modelo de partido para abrirlo m\u00e1s a la sociedad. Se ha hecho un gran trabajo en estos a\u00f1os, que nos ha permitido gobernar durante cuatro legislaturas, y mi objetivo es escuchar a la ciudadan\u00eda, que la gente se acerque a conocernos y contar m\u00e1s con la opini\u00f3n de los militantes<\/em>&#8220;, afirma. El aspirante quiere que el partido siga ilusionando y reconoce que <strong>es necesario hacer m\u00e1s autocr\u00edtica<\/strong> tras los resultados de las Elecciones Municipales de 2023 &#8220;<em>yo defiendo una autocr\u00edtica constante, no solo sobre lo que pas\u00f3 en los comicios anteriores, sino tambi\u00e9n\u00a0 cualquier idea de mejora de la ciudad desde una visi\u00f3n de la izquierda<\/em>&#8220;, afirma.<\/p>\n<p style=\"text-align: justify;\">El ya candidato a Secretario General, que por ahora no tiene rival en el citado proceso, <strong>aboga tambi\u00e9n por una mayor conexi\u00f3n del partido con la comarca<\/strong> y por involucrar m\u00e1s a los j\u00f3venes en la Agrupaci\u00f3n. Y por \u00faltimo deja claro que <strong>no va a presentarse a las Elecciones Municipales de 2027<\/strong> como alcaldable &#8220;<em>considero que hay que separar la coordinaci\u00f3n del partido de la gesti\u00f3n del grupo municipal\u00a0en el Ayuntamiento. El partido tiene que ser una herramienta para escuchar y dar respuesta a las necesidades de las alcoyanas y alcoyanos, m\u00e1s all\u00e1 de la din\u00e1mica que traen unas elecciones<\/em>&#8220;, concluye.<\/p>\n<p>Aqu\u00ed <strong>puedes escuchar<\/strong> la entrevista con Manolo Gomicia:<\/p>\n<audio class=\"wp-audio-shortcode\" id=\"audio-146469-1\" preload=\"none\" style=\"width: 100%;\" controls=\"controls\"><source type=\"audio\/mpeg\" src=\"https:\/\/www.copealcoy.es\/wp-content\/uploads\/2025\/01\/Entrevista-Manolo-Gomicia.mp3?_=1\" \/><a href=\"https:\/\/www.copealcoy.es\/wp-content\/uploads\/2025\/01\/Entrevista-Manolo-Gomicia.mp3\">https:\/\/www.copealcoy.es\/wp-content\/uploads\/2025\/01\/Entrevista-Manolo-Gomicia.mp3<\/a><\/audio>\n<p>&nbsp;<\/p>\n","protected":false},"excerpt":{"rendered":"<p>El Partido Socialista de Alcoy, al igual que le est\u00e1 sucediendo a la formaci\u00f3n pol\u00edtica en otros territorios de Espa\u00f1a,&#8230;<\/p>\n","protected":false},"author":1,"featured_media":146473,"comment_status":"open","ping_status":"open","sticky":false,"template":"","format":"standard","meta":{"footnotes":""},"categories":[6909,97,75,79,125],"tags":[1494,5263,1871,839,5372],"class_list":["post-146469","post","type-post","status-publish","format-standard","has-post-thumbnail","hentry","category-actualidad","category-alcoy","category-noticias","category-politicayeconomia","category-portada","tag-alcoy","tag-candidatura","tag-manolo-gomicia","tag-pspv","tag-secretaria-general"],"yoast_head":"<!-- This site is optimized with the Yoast SEO plugin v27.3 - https:\/\/yoast.com\/product\/yoast-seo-wordpress\/ -->\n<title>Manolo Gomicia: &quot;mi objetivo es definir un nuevo modelo para el Partido Socialista de Alcoy&quot; - COPE Alcoy<\/title>\n<meta name=\"robots\" content=\"index, follow, max-snippet:-1, max-image-preview:large, max-video-preview:-1\" \/>\n<link rel=\"canonical\" href=\"https:\/\/www.copealcoy.es\/es\/manolo-gomicia-mi-objetivo-es-definir-un-nuevo-modelo-para-el-partido-socialista-de-alcoy\/\" \/>\n<meta property=\"og:locale\" content=\"es_ES\" \/>\n<meta property=\"og:type\" content=\"article\" \/>\n<meta property=\"og:title\" content=\"Manolo Gomicia: &quot;mi objetivo es definir un nuevo modelo para el Partido Socialista de Alcoy&quot; - COPE Alcoy\" \/>\n<meta property=\"og:description\" content=\"El Partido Socialista de Alcoy, al igual que le est\u00e1 sucediendo a la formaci\u00f3n pol\u00edtica en otros territorios de Espa\u00f1a,...\" \/>\n<meta property=\"og:url\" content=\"https:\/\/www.copealcoy.es\/es\/manolo-gomicia-mi-objetivo-es-definir-un-nuevo-modelo-para-el-partido-socialista-de-alcoy\/\" \/>\n<meta property=\"og:site_name\" content=\"COPE Alcoy\" \/>\n<meta property=\"article:published_time\" content=\"2025-01-22T17:14:36+00:00\" \/>\n<meta property=\"og:image\" content=\"https:\/\/www.copealcoy.es\/wp-content\/uploads\/2025\/01\/unnamed-1-25-scaled.jpg\" \/>\n\t<meta property=\"og:image:width\" content=\"1920\" \/>\n\t<meta property=\"og:image:height\" content=\"945\" \/>\n\t<meta property=\"og:image:type\" content=\"image\/jpeg\" \/>\n<meta name=\"author\" content=\"Cope Alcoy\" \/>\n<meta name=\"twitter:label1\" content=\"Escrito por\" \/>\n\t<meta name=\"twitter:data1\" content=\"Cope Alcoy\" \/>\n\t<meta name=\"twitter:label2\" content=\"Tiempo de lectura\" \/>\n\t<meta name=\"twitter:data2\" content=\"3 minutos\" \/>\n<script type=\"application\/ld+json\" class=\"yoast-schema-graph\">{\"@context\":\"https:\\\/\\\/schema.org\",\"@graph\":[{\"@type\":\"Article\",\"@id\":\"https:\\\/\\\/www.copealcoy.es\\\/es\\\/manolo-gomicia-mi-objetivo-es-definir-un-nuevo-modelo-para-el-partido-socialista-de-alcoy\\\/#article\",\"isPartOf\":{\"@id\":\"https:\\\/\\\/www.copealcoy.es\\\/es\\\/manolo-gomicia-mi-objetivo-es-definir-un-nuevo-modelo-para-el-partido-socialista-de-alcoy\\\/\"},\"author\":{\"name\":\"Cope Alcoy\",\"@id\":\"https:\\\/\\\/www.copealcoy.es\\\/es\\\/#\\\/schema\\\/person\\\/e777c87fa024e57d40170af9df39882c\"},\"headline\":\"Manolo Gomicia: &#8220;mi objetivo es definir un nuevo modelo para el Partido Socialista de Alcoy&#8221;\",\"datePublished\":\"2025-01-22T17:14:36+00:00\",\"mainEntityOfPage\":{\"@id\":\"https:\\\/\\\/www.copealcoy.es\\\/es\\\/manolo-gomicia-mi-objetivo-es-definir-un-nuevo-modelo-para-el-partido-socialista-de-alcoy\\\/\"},\"wordCount\":425,\"commentCount\":0,\"image\":{\"@id\":\"https:\\\/\\\/www.copealcoy.es\\\/es\\\/manolo-gomicia-mi-objetivo-es-definir-un-nuevo-modelo-para-el-partido-socialista-de-alcoy\\\/#primaryimage\"},\"thumbnailUrl\":\"https:\\\/\\\/www.copealcoy.es\\\/wp-content\\\/uploads\\\/2025\\\/01\\\/unnamed-1-25-scaled.jpg\",\"keywords\":[\"Alcoy\",\"Candidatura\",\"Manolo Gomicia\",\"PSPV\",\"Secretar\u00eda General\"],\"articleSection\":[\"Actualidad\",\"Alcoy\",\"Noticias\",\"Pol\u00edtica y Econom\u00eda\",\"Portada\"],\"inLanguage\":\"es\"},{\"@type\":\"WebPage\",\"@id\":\"https:\\\/\\\/www.copealcoy.es\\\/es\\\/manolo-gomicia-mi-objetivo-es-definir-un-nuevo-modelo-para-el-partido-socialista-de-alcoy\\\/\",\"url\":\"https:\\\/\\\/www.copealcoy.es\\\/es\\\/manolo-gomicia-mi-objetivo-es-definir-un-nuevo-modelo-para-el-partido-socialista-de-alcoy\\\/\",\"name\":\"Manolo Gomicia: \\\"mi objetivo es definir un nuevo modelo para el Partido Socialista de Alcoy\\\" - COPE Alcoy\",\"isPartOf\":{\"@id\":\"https:\\\/\\\/www.copealcoy.es\\\/es\\\/#website\"},\"primaryImageOfPage\":{\"@id\":\"https:\\\/\\\/www.copealcoy.es\\\/es\\\/manolo-gomicia-mi-objetivo-es-definir-un-nuevo-modelo-para-el-partido-socialista-de-alcoy\\\/#primaryimage\"},\"image\":{\"@id\":\"https:\\\/\\\/www.copealcoy.es\\\/es\\\/manolo-gomicia-mi-objetivo-es-definir-un-nuevo-modelo-para-el-partido-socialista-de-alcoy\\\/#primaryimage\"},\"thumbnailUrl\":\"https:\\\/\\\/www.copealcoy.es\\\/wp-content\\\/uploads\\\/2025\\\/01\\\/unnamed-1-25-scaled.jpg\",\"datePublished\":\"2025-01-22T17:14:36+00:00\",\"author\":{\"@id\":\"https:\\\/\\\/www.copealcoy.es\\\/es\\\/#\\\/schema\\\/person\\\/e777c87fa024e57d40170af9df39882c\"},\"breadcrumb\":{\"@id\":\"https:\\\/\\\/www.copealcoy.es\\\/es\\\/manolo-gomicia-mi-objetivo-es-definir-un-nuevo-modelo-para-el-partido-socialista-de-alcoy\\\/#breadcrumb\"},\"inLanguage\":\"es\",\"potentialAction\":[{\"@type\":\"ReadAction\",\"target\":[\"https:\\\/\\\/www.copealcoy.es\\\/es\\\/manolo-gomicia-mi-objetivo-es-definir-un-nuevo-modelo-para-el-partido-socialista-de-alcoy\\\/\"]}]},{\"@type\":\"ImageObject\",\"inLanguage\":\"es\",\"@id\":\"https:\\\/\\\/www.copealcoy.es\\\/es\\\/manolo-gomicia-mi-objetivo-es-definir-un-nuevo-modelo-para-el-partido-socialista-de-alcoy\\\/#primaryimage\",\"url\":\"https:\\\/\\\/www.copealcoy.es\\\/wp-content\\\/uploads\\\/2025\\\/01\\\/unnamed-1-25-scaled.jpg\",\"contentUrl\":\"https:\\\/\\\/www.copealcoy.es\\\/wp-content\\\/uploads\\\/2025\\\/01\\\/unnamed-1-25-scaled.jpg\",\"width\":1920,\"height\":945},{\"@type\":\"BreadcrumbList\",\"@id\":\"https:\\\/\\\/www.copealcoy.es\\\/es\\\/manolo-gomicia-mi-objetivo-es-definir-un-nuevo-modelo-para-el-partido-socialista-de-alcoy\\\/#breadcrumb\",\"itemListElement\":[{\"@type\":\"ListItem\",\"position\":1,\"name\":\"Portada\",\"item\":\"https:\\\/\\\/www.copealcoy.es\\\/es\\\/\"},{\"@type\":\"ListItem\",\"position\":2,\"name\":\"Manolo Gomicia: &#8220;mi objetivo es definir un nuevo modelo para el Partido Socialista de Alcoy&#8221;\"}]},{\"@type\":\"WebSite\",\"@id\":\"https:\\\/\\\/www.copealcoy.es\\\/es\\\/#website\",\"url\":\"https:\\\/\\\/www.copealcoy.es\\\/es\\\/\",\"name\":\"COPE Alcoy\",\"description\":\"Emisora COPE de radio local con emisi\u00f3n online. Pont de Sant Jordi 8-10 03803 Alcoy\",\"potentialAction\":[{\"@type\":\"SearchAction\",\"target\":{\"@type\":\"EntryPoint\",\"urlTemplate\":\"https:\\\/\\\/www.copealcoy.es\\\/es\\\/?s={search_term_string}\"},\"query-input\":{\"@type\":\"PropertyValueSpecification\",\"valueRequired\":true,\"valueName\":\"search_term_string\"}}],\"inLanguage\":\"es\"},{\"@type\":\"Person\",\"@id\":\"https:\\\/\\\/www.copealcoy.es\\\/es\\\/#\\\/schema\\\/person\\\/e777c87fa024e57d40170af9df39882c\",\"name\":\"Cope Alcoy\",\"image\":{\"@type\":\"ImageObject\",\"inLanguage\":\"es\",\"@id\":\"https:\\\/\\\/secure.gravatar.com\\\/avatar\\\/bb65d0283347e303893ba14f0692005417c1e0e690a325a4c5d8bb2b3943ee14?s=96&d=mm&r=g\",\"url\":\"https:\\\/\\\/secure.gravatar.com\\\/avatar\\\/bb65d0283347e303893ba14f0692005417c1e0e690a325a4c5d8bb2b3943ee14?s=96&d=mm&r=g\",\"contentUrl\":\"https:\\\/\\\/secure.gravatar.com\\\/avatar\\\/bb65d0283347e303893ba14f0692005417c1e0e690a325a4c5d8bb2b3943ee14?s=96&d=mm&r=g\",\"caption\":\"Cope Alcoy\"}}]}<\/script>\n<!-- \/ Yoast SEO plugin. -->","yoast_head_json":{"title":"Manolo Gomicia: \"mi objetivo es definir un nuevo modelo para el Partido Socialista de Alcoy\" - COPE Alcoy","robots":{"index":"index","follow":"follow","max-snippet":"max-snippet:-1","max-image-preview":"max-image-preview:large","max-video-preview":"max-video-preview:-1"},"canonical":"https:\/\/www.copealcoy.es\/es\/manolo-gomicia-mi-objetivo-es-definir-un-nuevo-modelo-para-el-partido-socialista-de-alcoy\/","og_locale":"es_ES","og_type":"article","og_title":"Manolo Gomicia: \"mi objetivo es definir un nuevo modelo para el Partido Socialista de Alcoy\" - COPE Alcoy","og_description":"El Partido Socialista de Alcoy, al igual que le est\u00e1 sucediendo a la formaci\u00f3n pol\u00edtica en otros territorios de Espa\u00f1a,...","og_url":"https:\/\/www.copealcoy.es\/es\/manolo-gomicia-mi-objetivo-es-definir-un-nuevo-modelo-para-el-partido-socialista-de-alcoy\/","og_site_name":"COPE Alcoy","article_published_time":"2025-01-22T17:14:36+00:00","og_image":[{"width":1920,"height":945,"url":"https:\/\/www.copealcoy.es\/wp-content\/uploads\/2025\/01\/unnamed-1-25-scaled.jpg","type":"image\/jpeg"}],"author":"Cope Alcoy","twitter_misc":{"Escrito por":"Cope Alcoy","Tiempo de lectura":"3 minutos"},"schema":{"@context":"https:\/\/schema.org","@graph":[{"@type":"Article","@id":"https:\/\/www.copealcoy.es\/es\/manolo-gomicia-mi-objetivo-es-definir-un-nuevo-modelo-para-el-partido-socialista-de-alcoy\/#article","isPartOf":{"@id":"https:\/\/www.copealcoy.es\/es\/manolo-gomicia-mi-objetivo-es-definir-un-nuevo-modelo-para-el-partido-socialista-de-alcoy\/"},"author":{"name":"Cope Alcoy","@id":"https:\/\/www.copealcoy.es\/es\/#\/schema\/person\/e777c87fa024e57d40170af9df39882c"},"headline":"Manolo Gomicia: &#8220;mi objetivo es definir un nuevo modelo para el Partido Socialista de Alcoy&#8221;","datePublished":"2025-01-22T17:14:36+00:00","mainEntityOfPage":{"@id":"https:\/\/www.copealcoy.es\/es\/manolo-gomicia-mi-objetivo-es-definir-un-nuevo-modelo-para-el-partido-socialista-de-alcoy\/"},"wordCount":425,"commentCount":0,"image":{"@id":"https:\/\/www.copealcoy.es\/es\/manolo-gomicia-mi-objetivo-es-definir-un-nuevo-modelo-para-el-partido-socialista-de-alcoy\/#primaryimage"},"thumbnailUrl":"https:\/\/www.copealcoy.es\/wp-content\/uploads\/2025\/01\/unnamed-1-25-scaled.jpg","keywords":["Alcoy","Candidatura","Manolo Gomicia","PSPV","Secretar\u00eda General"],"articleSection":["Actualidad","Alcoy","Noticias","Pol\u00edtica y Econom\u00eda","Portada"],"inLanguage":"es"},{"@type":"WebPage","@id":"https:\/\/www.copealcoy.es\/es\/manolo-gomicia-mi-objetivo-es-definir-un-nuevo-modelo-para-el-partido-socialista-de-alcoy\/","url":"https:\/\/www.copealcoy.es\/es\/manolo-gomicia-mi-objetivo-es-definir-un-nuevo-modelo-para-el-partido-socialista-de-alcoy\/","name":"Manolo Gomicia: \"mi objetivo es definir un nuevo modelo para el Partido Socialista de Alcoy\" - COPE Alcoy","isPartOf":{"@id":"https:\/\/www.copealcoy.es\/es\/#website"},"primaryImageOfPage":{"@id":"https:\/\/www.copealcoy.es\/es\/manolo-gomicia-mi-objetivo-es-definir-un-nuevo-modelo-para-el-partido-socialista-de-alcoy\/#primaryimage"},"image":{"@id":"https:\/\/www.copealcoy.es\/es\/manolo-gomicia-mi-objetivo-es-definir-un-nuevo-modelo-para-el-partido-socialista-de-alcoy\/#primaryimage"},"thumbnailUrl":"https:\/\/www.copealcoy.es\/wp-content\/uploads\/2025\/01\/unnamed-1-25-scaled.jpg","datePublished":"2025-01-22T17:14:36+00:00","author":{"@id":"https:\/\/www.copealcoy.es\/es\/#\/schema\/person\/e777c87fa024e57d40170af9df39882c"},"breadcrumb":{"@id":"https:\/\/www.copealcoy.es\/es\/manolo-gomicia-mi-objetivo-es-definir-un-nuevo-modelo-para-el-partido-socialista-de-alcoy\/#breadcrumb"},"inLanguage":"es","potentialAction":[{"@type":"ReadAction","target":["https:\/\/www.copealcoy.es\/es\/manolo-gomicia-mi-objetivo-es-definir-un-nuevo-modelo-para-el-partido-socialista-de-alcoy\/"]}]},{"@type":"ImageObject","inLanguage":"es","@id":"https:\/\/www.copealcoy.es\/es\/manolo-gomicia-mi-objetivo-es-definir-un-nuevo-modelo-para-el-partido-socialista-de-alcoy\/#primaryimage","url":"https:\/\/www.copealcoy.es\/wp-content\/uploads\/2025\/01\/unnamed-1-25-scaled.jpg","contentUrl":"https:\/\/www.copealcoy.es\/wp-content\/uploads\/2025\/01\/unnamed-1-25-scaled.jpg","width":1920,"height":945},{"@type":"BreadcrumbList","@id":"https:\/\/www.copealcoy.es\/es\/manolo-gomicia-mi-objetivo-es-definir-un-nuevo-modelo-para-el-partido-socialista-de-alcoy\/#breadcrumb","itemListElement":[{"@type":"ListItem","position":1,"name":"Portada","item":"https:\/\/www.copealcoy.es\/es\/"},{"@type":"ListItem","position":2,"name":"Manolo Gomicia: &#8220;mi objetivo es definir un nuevo modelo para el Partido Socialista de Alcoy&#8221;"}]},{"@type":"WebSite","@id":"https:\/\/www.copealcoy.es\/es\/#website","url":"https:\/\/www.copealcoy.es\/es\/","name":"COPE Alcoy","description":"Emisora COPE de radio local con emisi\u00f3n online. Pont de Sant Jordi 8-10 03803 Alcoy","potentialAction":[{"@type":"SearchAction","target":{"@type":"EntryPoint","urlTemplate":"https:\/\/www.copealcoy.es\/es\/?s={search_term_string}"},"query-input":{"@type":"PropertyValueSpecification","valueRequired":true,"valueName":"search_term_string"}}],"inLanguage":"es"},{"@type":"Person","@id":"https:\/\/www.copealcoy.es\/es\/#\/schema\/person\/e777c87fa024e57d40170af9df39882c","name":"Cope Alcoy","image":{"@type":"ImageObject","inLanguage":"es","@id":"https:\/\/secure.gravatar.com\/avatar\/bb65d0283347e303893ba14f0692005417c1e0e690a325a4c5d8bb2b3943ee14?s=96&d=mm&r=g","url":"https:\/\/secure.gravatar.com\/avatar\/bb65d0283347e303893ba14f0692005417c1e0e690a325a4c5d8bb2b3943ee14?s=96&d=mm&r=g","contentUrl":"https:\/\/secure.gravatar.com\/avatar\/bb65d0283347e303893ba14f0692005417c1e0e690a325a4c5d8bb2b3943ee14?s=96&d=mm&r=g","caption":"Cope Alcoy"}}]}},"_links":{"self":[{"href":"https:\/\/www.copealcoy.es\/es\/wp-json\/wp\/v2\/posts\/146469","targetHints":{"allow":["GET"]}}],"collection":[{"href":"https:\/\/www.copealcoy.es\/es\/wp-json\/wp\/v2\/posts"}],"about":[{"href":"https:\/\/www.copealcoy.es\/es\/wp-json\/wp\/v2\/types\/post"}],"author":[{"embeddable":true,"href":"https:\/\/www.copealcoy.es\/es\/wp-json\/wp\/v2\/users\/1"}],"replies":[{"embeddable":true,"href":"https:\/\/www.copealcoy.es\/es\/wp-json\/wp\/v2\/comments?post=146469"}],"version-history":[{"count":0,"href":"https:\/\/www.copealcoy.es\/es\/wp-json\/wp\/v2\/posts\/146469\/revisions"}],"wp:featuredmedia":[{"embeddable":true,"href":"https:\/\/www.copealcoy.es\/es\/wp-json\/wp\/v2\/media\/146473"}],"wp:attachment":[{"href":"https:\/\/www.copealcoy.es\/es\/wp-json\/wp\/v2\/media?parent=146469"}],"wp:term":[{"taxonomy":"category","embeddable":true,"href":"https:\/\/www.copealcoy.es\/es\/wp-json\/wp\/v2\/categories?post=146469"},{"taxonomy":"post_tag","embeddable":true,"href":"https:\/\/www.copealcoy.es\/es\/wp-json\/wp\/v2\/tags?post=146469"}],"curies":[{"name":"wp","href":"https:\/\/api.w.org\/{rel}","templated":true}]}}