{"id":146458,"date":"2025-01-22T12:48:08","date_gmt":"2025-01-22T11:48:08","guid":{"rendered":"https:\/\/www.copealcoy.es\/?p=146458"},"modified":"2025-01-22T13:16:01","modified_gmt":"2025-01-22T12:16:01","slug":"la-provincia-de-alicante-vuelve-a-promocionarse-en-fitur","status":"publish","type":"post","link":"https:\/\/www.copealcoy.es\/es\/la-provincia-de-alicante-vuelve-a-promocionarse-en-fitur\/","title":{"rendered":"La provincia de Alicante vuelve a promocionarse en FITUR"},"content":{"rendered":"<p style=\"text-align: justify;\">El <a href=\"https:\/\/www.costablanca.org\/ESP\/Paginas\/default.aspx\" target=\"_blank\" rel=\"noopener\"><span style=\"color: #0000ff;\"><strong>Patronato Costa Blanca<\/strong><\/span><\/a> ya ha desembarcado en Madrid p<strong>ara promocionar a la provincia de Alicante en FITUR<\/strong>. Durante los pr\u00f3ximos d\u00edas <strong>se van a suceder las actividades<\/strong> en IFEMA, lugar donde se lleva a cabo la Feria Internacional del Turismo, pero tambi\u00e9n en algunos puntos emblem\u00e1ticos de la capital de Espa\u00f1a.<\/p>\n<p style=\"text-align: justify;\">Por una parte <strong>destaca una curiosa iniciativa<\/strong>, en la Plaza del Callao, donde se ha instalado un gran cubo LED que sirve como plataforma para proyectar v\u00eddeos promocionales y llevar a cabo diversas presentaciones, desfiles y actuaciones en vivo. La inauguraci\u00f3n tuvo lugar en la jornada de ayer<strong> en presencia del presidente de la Diputaci\u00f3n de Alicante<\/strong> &#8220;<em>adem\u00e1s de nuestra presencia en el recinto ferial de IFEMA, hemos decidido salir a la calle para acercar a los miles de viandantes que pasan por la Plaza del Callao la rica y variada oferta tur\u00edstica que atesoran nuestros municipios<\/em>&#8220;, afirm\u00f3 <strong>Toni P\u00e9rez<\/strong>. La iniciativa busca no solo captar visitantes, sino tambi\u00e9n <strong>evocar sensaciones y emociones<\/strong> que despierten el inter\u00e9s por la belleza y cultura de la Costa Blanca.<\/p>\n<p style=\"text-align: justify;\">Durante los pr\u00f3ximos d\u00edas <strong>se pondr\u00e1n en valor atractivos tur\u00edsticos de la provincia<\/strong> como Les Fogueres de Sant Joan, el Benidorm Fest, el Carnaval de Torrevieja, e incluso tradiciones como la Semana Santa en Calp y Crevillent, y las Fiestas de Moros y Cristianos en localidades como Elda, Sax o Xixona. Tambi\u00e9n se dar\u00e1 visibilidad a la gastronom\u00eda de Santa Pola y su industria salinera, el Festival de Cine de L\u2019Alf\u00e0s del Pi, y otras festividades populares como el Chupinazo de Catral o la Feria de Ganado de Dolores. Todo ello sin dejar de lado la difusi\u00f3n de entorno natural de monta\u00f1a, los atractivos de la costa y muchas cosas m\u00e1s.<\/p>\n<p style=\"text-align: justify;\">La participaci\u00f3n del Patronato Costa Blanca en FITUR <strong>contempla tambi\u00e9n<\/strong> diversas reuniones profesionales, ruedas de prensa y presentaciones del destino. Adem\u00e1s, se realizar\u00e1n catas gastron\u00f3micas y showcookings para mostrar lo mejor de la cocina alicantina.<\/p>\n","protected":false},"excerpt":{"rendered":"<p>El Patronato Costa Blanca ya ha desembarcado en Madrid para promocionar a la provincia de Alicante en FITUR. Durante los&#8230;<\/p>\n","protected":false},"author":1,"featured_media":146459,"comment_status":"open","ping_status":"open","sticky":false,"template":"","format":"standard","meta":{"footnotes":""},"categories":[6909,98,75],"tags":[6999,596,19119,454,2815],"class_list":["post-146458","post","type-post","status-publish","format-standard","has-post-thumbnail","hentry","category-actualidad","category-comarcas","category-noticias","tag-atractivos-turisticos","tag-fitur","tag-patronato-costa-blanca","tag-promocion","tag-provincia-de-alicante"],"yoast_head":"<!-- This site is optimized with the Yoast SEO plugin v27.3 - https:\/\/yoast.com\/product\/yoast-seo-wordpress\/ -->\n<title>La provincia de Alicante vuelve a promocionarse en FITUR - COPE Alcoy<\/title>\n<meta name=\"description\" content=\"El Patronato Costa Blanca ya ha desembarco en Madrid para promocionar a la provincia de Alicante en FITUR\" \/>\n<meta name=\"robots\" content=\"index, follow, max-snippet:-1, max-image-preview:large, max-video-preview:-1\" \/>\n<link rel=\"canonical\" href=\"https:\/\/www.copealcoy.es\/es\/la-provincia-de-alicante-vuelve-a-promocionarse-en-fitur\/\" \/>\n<meta property=\"og:locale\" content=\"es_ES\" \/>\n<meta property=\"og:type\" content=\"article\" \/>\n<meta property=\"og:title\" content=\"La provincia de Alicante vuelve a promocionarse en FITUR - COPE Alcoy\" \/>\n<meta property=\"og:description\" content=\"El Patronato Costa Blanca ya ha desembarco en Madrid para promocionar a la provincia de Alicante en FITUR\" \/>\n<meta property=\"og:url\" content=\"https:\/\/www.copealcoy.es\/es\/la-provincia-de-alicante-vuelve-a-promocionarse-en-fitur\/\" \/>\n<meta property=\"og:site_name\" content=\"COPE Alcoy\" \/>\n<meta property=\"article:published_time\" content=\"2025-01-22T11:48:08+00:00\" \/>\n<meta property=\"article:modified_time\" content=\"2025-01-22T12:16:01+00:00\" \/>\n<meta property=\"og:image\" content=\"https:\/\/www.copealcoy.es\/wp-content\/uploads\/2025\/01\/012025-costa-blanca-cubo-callao-scaled.jpg\" \/>\n\t<meta property=\"og:image:width\" content=\"1620\" \/>\n\t<meta property=\"og:image:height\" content=\"1080\" \/>\n\t<meta property=\"og:image:type\" content=\"image\/jpeg\" \/>\n<meta name=\"author\" content=\"Cope Alcoy\" \/>\n<meta name=\"twitter:label1\" content=\"Escrito por\" \/>\n\t<meta name=\"twitter:data1\" content=\"Cope Alcoy\" \/>\n\t<meta name=\"twitter:label2\" content=\"Tiempo de lectura\" \/>\n\t<meta name=\"twitter:data2\" content=\"2 minutos\" \/>\n<script type=\"application\/ld+json\" class=\"yoast-schema-graph\">{\"@context\":\"https:\\\/\\\/schema.org\",\"@graph\":[{\"@type\":\"Article\",\"@id\":\"https:\\\/\\\/www.copealcoy.es\\\/es\\\/la-provincia-de-alicante-vuelve-a-promocionarse-en-fitur\\\/#article\",\"isPartOf\":{\"@id\":\"https:\\\/\\\/www.copealcoy.es\\\/es\\\/la-provincia-de-alicante-vuelve-a-promocionarse-en-fitur\\\/\"},\"author\":{\"name\":\"Cope Alcoy\",\"@id\":\"https:\\\/\\\/www.copealcoy.es\\\/es\\\/#\\\/schema\\\/person\\\/e777c87fa024e57d40170af9df39882c\"},\"headline\":\"La provincia de Alicante vuelve a promocionarse en FITUR\",\"datePublished\":\"2025-01-22T11:48:08+00:00\",\"dateModified\":\"2025-01-22T12:16:01+00:00\",\"mainEntityOfPage\":{\"@id\":\"https:\\\/\\\/www.copealcoy.es\\\/es\\\/la-provincia-de-alicante-vuelve-a-promocionarse-en-fitur\\\/\"},\"wordCount\":362,\"commentCount\":0,\"image\":{\"@id\":\"https:\\\/\\\/www.copealcoy.es\\\/es\\\/la-provincia-de-alicante-vuelve-a-promocionarse-en-fitur\\\/#primaryimage\"},\"thumbnailUrl\":\"https:\\\/\\\/www.copealcoy.es\\\/wp-content\\\/uploads\\\/2025\\\/01\\\/012025-costa-blanca-cubo-callao-scaled.jpg\",\"keywords\":[\"atractivos tur\u00edsticos\",\"FITUR\",\"Patronato Costa Blanca\",\"Promoci\u00f3n\",\"provincia de Alicante\"],\"articleSection\":[\"Actualidad\",\"Comarcas\",\"Noticias\"],\"inLanguage\":\"es\"},{\"@type\":\"WebPage\",\"@id\":\"https:\\\/\\\/www.copealcoy.es\\\/es\\\/la-provincia-de-alicante-vuelve-a-promocionarse-en-fitur\\\/\",\"url\":\"https:\\\/\\\/www.copealcoy.es\\\/es\\\/la-provincia-de-alicante-vuelve-a-promocionarse-en-fitur\\\/\",\"name\":\"La provincia de Alicante vuelve a promocionarse en FITUR - COPE Alcoy\",\"isPartOf\":{\"@id\":\"https:\\\/\\\/www.copealcoy.es\\\/es\\\/#website\"},\"primaryImageOfPage\":{\"@id\":\"https:\\\/\\\/www.copealcoy.es\\\/es\\\/la-provincia-de-alicante-vuelve-a-promocionarse-en-fitur\\\/#primaryimage\"},\"image\":{\"@id\":\"https:\\\/\\\/www.copealcoy.es\\\/es\\\/la-provincia-de-alicante-vuelve-a-promocionarse-en-fitur\\\/#primaryimage\"},\"thumbnailUrl\":\"https:\\\/\\\/www.copealcoy.es\\\/wp-content\\\/uploads\\\/2025\\\/01\\\/012025-costa-blanca-cubo-callao-scaled.jpg\",\"datePublished\":\"2025-01-22T11:48:08+00:00\",\"dateModified\":\"2025-01-22T12:16:01+00:00\",\"author\":{\"@id\":\"https:\\\/\\\/www.copealcoy.es\\\/es\\\/#\\\/schema\\\/person\\\/e777c87fa024e57d40170af9df39882c\"},\"description\":\"El Patronato Costa Blanca ya ha desembarco en Madrid para promocionar a la provincia de Alicante en FITUR\",\"breadcrumb\":{\"@id\":\"https:\\\/\\\/www.copealcoy.es\\\/es\\\/la-provincia-de-alicante-vuelve-a-promocionarse-en-fitur\\\/#breadcrumb\"},\"inLanguage\":\"es\",\"potentialAction\":[{\"@type\":\"ReadAction\",\"target\":[\"https:\\\/\\\/www.copealcoy.es\\\/es\\\/la-provincia-de-alicante-vuelve-a-promocionarse-en-fitur\\\/\"]}]},{\"@type\":\"ImageObject\",\"inLanguage\":\"es\",\"@id\":\"https:\\\/\\\/www.copealcoy.es\\\/es\\\/la-provincia-de-alicante-vuelve-a-promocionarse-en-fitur\\\/#primaryimage\",\"url\":\"https:\\\/\\\/www.copealcoy.es\\\/wp-content\\\/uploads\\\/2025\\\/01\\\/012025-costa-blanca-cubo-callao-scaled.jpg\",\"contentUrl\":\"https:\\\/\\\/www.copealcoy.es\\\/wp-content\\\/uploads\\\/2025\\\/01\\\/012025-costa-blanca-cubo-callao-scaled.jpg\",\"width\":1620,\"height\":1080},{\"@type\":\"BreadcrumbList\",\"@id\":\"https:\\\/\\\/www.copealcoy.es\\\/es\\\/la-provincia-de-alicante-vuelve-a-promocionarse-en-fitur\\\/#breadcrumb\",\"itemListElement\":[{\"@type\":\"ListItem\",\"position\":1,\"name\":\"Portada\",\"item\":\"https:\\\/\\\/www.copealcoy.es\\\/es\\\/\"},{\"@type\":\"ListItem\",\"position\":2,\"name\":\"La provincia de Alicante vuelve a promocionarse en FITUR\"}]},{\"@type\":\"WebSite\",\"@id\":\"https:\\\/\\\/www.copealcoy.es\\\/es\\\/#website\",\"url\":\"https:\\\/\\\/www.copealcoy.es\\\/es\\\/\",\"name\":\"COPE Alcoy\",\"description\":\"Emisora COPE de radio local con emisi\u00f3n online. Pont de Sant Jordi 8-10 03803 Alcoy\",\"potentialAction\":[{\"@type\":\"SearchAction\",\"target\":{\"@type\":\"EntryPoint\",\"urlTemplate\":\"https:\\\/\\\/www.copealcoy.es\\\/es\\\/?s={search_term_string}\"},\"query-input\":{\"@type\":\"PropertyValueSpecification\",\"valueRequired\":true,\"valueName\":\"search_term_string\"}}],\"inLanguage\":\"es\"},{\"@type\":\"Person\",\"@id\":\"https:\\\/\\\/www.copealcoy.es\\\/es\\\/#\\\/schema\\\/person\\\/e777c87fa024e57d40170af9df39882c\",\"name\":\"Cope Alcoy\",\"image\":{\"@type\":\"ImageObject\",\"inLanguage\":\"es\",\"@id\":\"https:\\\/\\\/secure.gravatar.com\\\/avatar\\\/bb65d0283347e303893ba14f0692005417c1e0e690a325a4c5d8bb2b3943ee14?s=96&d=mm&r=g\",\"url\":\"https:\\\/\\\/secure.gravatar.com\\\/avatar\\\/bb65d0283347e303893ba14f0692005417c1e0e690a325a4c5d8bb2b3943ee14?s=96&d=mm&r=g\",\"contentUrl\":\"https:\\\/\\\/secure.gravatar.com\\\/avatar\\\/bb65d0283347e303893ba14f0692005417c1e0e690a325a4c5d8bb2b3943ee14?s=96&d=mm&r=g\",\"caption\":\"Cope Alcoy\"}}]}<\/script>\n<!-- \/ Yoast SEO plugin. -->","yoast_head_json":{"title":"La provincia de Alicante vuelve a promocionarse en FITUR - COPE Alcoy","description":"El Patronato Costa Blanca ya ha desembarco en Madrid para promocionar a la provincia de Alicante en FITUR","robots":{"index":"index","follow":"follow","max-snippet":"max-snippet:-1","max-image-preview":"max-image-preview:large","max-video-preview":"max-video-preview:-1"},"canonical":"https:\/\/www.copealcoy.es\/es\/la-provincia-de-alicante-vuelve-a-promocionarse-en-fitur\/","og_locale":"es_ES","og_type":"article","og_title":"La provincia de Alicante vuelve a promocionarse en FITUR - COPE Alcoy","og_description":"El Patronato Costa Blanca ya ha desembarco en Madrid para promocionar a la provincia de Alicante en FITUR","og_url":"https:\/\/www.copealcoy.es\/es\/la-provincia-de-alicante-vuelve-a-promocionarse-en-fitur\/","og_site_name":"COPE Alcoy","article_published_time":"2025-01-22T11:48:08+00:00","article_modified_time":"2025-01-22T12:16:01+00:00","og_image":[{"width":1620,"height":1080,"url":"https:\/\/www.copealcoy.es\/wp-content\/uploads\/2025\/01\/012025-costa-blanca-cubo-callao-scaled.jpg","type":"image\/jpeg"}],"author":"Cope Alcoy","twitter_misc":{"Escrito por":"Cope Alcoy","Tiempo de lectura":"2 minutos"},"schema":{"@context":"https:\/\/schema.org","@graph":[{"@type":"Article","@id":"https:\/\/www.copealcoy.es\/es\/la-provincia-de-alicante-vuelve-a-promocionarse-en-fitur\/#article","isPartOf":{"@id":"https:\/\/www.copealcoy.es\/es\/la-provincia-de-alicante-vuelve-a-promocionarse-en-fitur\/"},"author":{"name":"Cope Alcoy","@id":"https:\/\/www.copealcoy.es\/es\/#\/schema\/person\/e777c87fa024e57d40170af9df39882c"},"headline":"La provincia de Alicante vuelve a promocionarse en FITUR","datePublished":"2025-01-22T11:48:08+00:00","dateModified":"2025-01-22T12:16:01+00:00","mainEntityOfPage":{"@id":"https:\/\/www.copealcoy.es\/es\/la-provincia-de-alicante-vuelve-a-promocionarse-en-fitur\/"},"wordCount":362,"commentCount":0,"image":{"@id":"https:\/\/www.copealcoy.es\/es\/la-provincia-de-alicante-vuelve-a-promocionarse-en-fitur\/#primaryimage"},"thumbnailUrl":"https:\/\/www.copealcoy.es\/wp-content\/uploads\/2025\/01\/012025-costa-blanca-cubo-callao-scaled.jpg","keywords":["atractivos tur\u00edsticos","FITUR","Patronato Costa Blanca","Promoci\u00f3n","provincia de Alicante"],"articleSection":["Actualidad","Comarcas","Noticias"],"inLanguage":"es"},{"@type":"WebPage","@id":"https:\/\/www.copealcoy.es\/es\/la-provincia-de-alicante-vuelve-a-promocionarse-en-fitur\/","url":"https:\/\/www.copealcoy.es\/es\/la-provincia-de-alicante-vuelve-a-promocionarse-en-fitur\/","name":"La provincia de Alicante vuelve a promocionarse en FITUR - COPE Alcoy","isPartOf":{"@id":"https:\/\/www.copealcoy.es\/es\/#website"},"primaryImageOfPage":{"@id":"https:\/\/www.copealcoy.es\/es\/la-provincia-de-alicante-vuelve-a-promocionarse-en-fitur\/#primaryimage"},"image":{"@id":"https:\/\/www.copealcoy.es\/es\/la-provincia-de-alicante-vuelve-a-promocionarse-en-fitur\/#primaryimage"},"thumbnailUrl":"https:\/\/www.copealcoy.es\/wp-content\/uploads\/2025\/01\/012025-costa-blanca-cubo-callao-scaled.jpg","datePublished":"2025-01-22T11:48:08+00:00","dateModified":"2025-01-22T12:16:01+00:00","author":{"@id":"https:\/\/www.copealcoy.es\/es\/#\/schema\/person\/e777c87fa024e57d40170af9df39882c"},"description":"El Patronato Costa Blanca ya ha desembarco en Madrid para promocionar a la provincia de Alicante en FITUR","breadcrumb":{"@id":"https:\/\/www.copealcoy.es\/es\/la-provincia-de-alicante-vuelve-a-promocionarse-en-fitur\/#breadcrumb"},"inLanguage":"es","potentialAction":[{"@type":"ReadAction","target":["https:\/\/www.copealcoy.es\/es\/la-provincia-de-alicante-vuelve-a-promocionarse-en-fitur\/"]}]},{"@type":"ImageObject","inLanguage":"es","@id":"https:\/\/www.copealcoy.es\/es\/la-provincia-de-alicante-vuelve-a-promocionarse-en-fitur\/#primaryimage","url":"https:\/\/www.copealcoy.es\/wp-content\/uploads\/2025\/01\/012025-costa-blanca-cubo-callao-scaled.jpg","contentUrl":"https:\/\/www.copealcoy.es\/wp-content\/uploads\/2025\/01\/012025-costa-blanca-cubo-callao-scaled.jpg","width":1620,"height":1080},{"@type":"BreadcrumbList","@id":"https:\/\/www.copealcoy.es\/es\/la-provincia-de-alicante-vuelve-a-promocionarse-en-fitur\/#breadcrumb","itemListElement":[{"@type":"ListItem","position":1,"name":"Portada","item":"https:\/\/www.copealcoy.es\/es\/"},{"@type":"ListItem","position":2,"name":"La provincia de Alicante vuelve a promocionarse en FITUR"}]},{"@type":"WebSite","@id":"https:\/\/www.copealcoy.es\/es\/#website","url":"https:\/\/www.copealcoy.es\/es\/","name":"COPE Alcoy","description":"Emisora COPE de radio local con emisi\u00f3n online. Pont de Sant Jordi 8-10 03803 Alcoy","potentialAction":[{"@type":"SearchAction","target":{"@type":"EntryPoint","urlTemplate":"https:\/\/www.copealcoy.es\/es\/?s={search_term_string}"},"query-input":{"@type":"PropertyValueSpecification","valueRequired":true,"valueName":"search_term_string"}}],"inLanguage":"es"},{"@type":"Person","@id":"https:\/\/www.copealcoy.es\/es\/#\/schema\/person\/e777c87fa024e57d40170af9df39882c","name":"Cope Alcoy","image":{"@type":"ImageObject","inLanguage":"es","@id":"https:\/\/secure.gravatar.com\/avatar\/bb65d0283347e303893ba14f0692005417c1e0e690a325a4c5d8bb2b3943ee14?s=96&d=mm&r=g","url":"https:\/\/secure.gravatar.com\/avatar\/bb65d0283347e303893ba14f0692005417c1e0e690a325a4c5d8bb2b3943ee14?s=96&d=mm&r=g","contentUrl":"https:\/\/secure.gravatar.com\/avatar\/bb65d0283347e303893ba14f0692005417c1e0e690a325a4c5d8bb2b3943ee14?s=96&d=mm&r=g","caption":"Cope Alcoy"}}]}},"_links":{"self":[{"href":"https:\/\/www.copealcoy.es\/es\/wp-json\/wp\/v2\/posts\/146458","targetHints":{"allow":["GET"]}}],"collection":[{"href":"https:\/\/www.copealcoy.es\/es\/wp-json\/wp\/v2\/posts"}],"about":[{"href":"https:\/\/www.copealcoy.es\/es\/wp-json\/wp\/v2\/types\/post"}],"author":[{"embeddable":true,"href":"https:\/\/www.copealcoy.es\/es\/wp-json\/wp\/v2\/users\/1"}],"replies":[{"embeddable":true,"href":"https:\/\/www.copealcoy.es\/es\/wp-json\/wp\/v2\/comments?post=146458"}],"version-history":[{"count":0,"href":"https:\/\/www.copealcoy.es\/es\/wp-json\/wp\/v2\/posts\/146458\/revisions"}],"wp:featuredmedia":[{"embeddable":true,"href":"https:\/\/www.copealcoy.es\/es\/wp-json\/wp\/v2\/media\/146459"}],"wp:attachment":[{"href":"https:\/\/www.copealcoy.es\/es\/wp-json\/wp\/v2\/media?parent=146458"}],"wp:term":[{"taxonomy":"category","embeddable":true,"href":"https:\/\/www.copealcoy.es\/es\/wp-json\/wp\/v2\/categories?post=146458"},{"taxonomy":"post_tag","embeddable":true,"href":"https:\/\/www.copealcoy.es\/es\/wp-json\/wp\/v2\/tags?post=146458"}],"curies":[{"name":"wp","href":"https:\/\/api.w.org\/{rel}","templated":true}]}}